{"id":29020,"date":"2022-01-27T09:15:22","date_gmt":"2022-01-27T08:15:22","guid":{"rendered":"https:\/\/www.hohenlohe-ungefiltert.de\/?p=29020"},"modified":"2022-01-27T09:15:22","modified_gmt":"2022-01-27T08:15:22","slug":"fortschritt-fuer-die-demokratie-fortschritt-fuer-die-europaeische-gemeinschaft-und-fortschritt-fuer-die-deutsche-sicherheit-erste-rede-des-hohenlohischen-abgeordneten-kevi","status":"publish","type":"post","link":"https:\/\/www.hohenlohe-ungefiltert.de\/?p=29020","title":{"rendered":"\u201eFortschritt f\u00fcr die Demokratie, Fortschritt f\u00fcr die Europ\u00e4ische Gemeinschaft und Fortschritt f\u00fcr die deutsche Sicherheit\u201c \u2013 Erste Rede des hohenlohischen Abgeordneten Kevin Leiser (SPD) im Deutschen Bundestag"},"content":{"rendered":"\n<p><strong>\u00dcber die Verteidigungs- und Sicherheitspolitik der Bundesregierung hat der hohenlohische Bundestagsabgeordnete Kevin Leiser (SPD) seine erste Rede im Deutschen Bundestag gehalten. Kevin Leiser ist Mitglied des Verteidigungsausschusses des Bundestags. Hohenlohe-ungefiltert ver\u00f6ffentlicht die Rede von Kevin Leiser in voller L\u00e4nge. Die Rede ist im Internet auch auf der Seite des Bundestags im Plenarprotokoll 20\/12 Deutscher Bundestag Stenografischer Bericht 12. Sitzung Berlin, Freitag, den 14. Januar 2022 zu finden.<\/strong><\/p>\n\n\n\n<p><em>Informationen zusammengestellt von Hohenlohe-ungefiltert<\/em><\/p>\n\n\n\n<p><strong>Nunmehr hat das Wort f\u00fcr die SPD-Fraktion zu seiner ersten Rede im Deutschen Bundestag Kevin Leiser. (Beifall bei der SPD, dem B\u00dcNDNIS 90\/DIE GR\u00dcNEN und der FDP sowie bei Abgeordneten der CDU\/CSU). <\/strong><\/p>\n\n\n\n<p>Kevin Leiser (SPD): Sehr geehrte Frau Pr\u00e4sidentin! Liebe Kolleginnen und Kollegen! Liebe Mitb\u00fcrgerinnen und Mitb\u00fcrger! Unsere Fortschrittsregierung macht auch in der Verteidigungs- und Sicherheitspolitik ihrem Namen alle Ehre. Wir schaffen Fortschritt f\u00fcr die Demokratie, Fortschritt f\u00fcr die Europ\u00e4ische Gemeinschaft und Fortschritt f\u00fcr die deutsche Sicherheit. (Beifall bei der SPD sowie bei Abgeordneten des B\u00dcNDNISSES 90\/DIE GR\u00dcNEN und der FDP).<\/p>\n\n\n\n<p><strong>&#8222;Umbr\u00fcche des 21. Jahrhunderts lassen sich nicht allein national bew\u00e4ltigen&#8220;<\/strong><\/p>\n\n\n\n<p>Auf internationaler Ebene bekennen wir uns zu unseren B\u00fcndnispartnern. Wir wollen sowohl in der NATO als auch in der EU weiterhin als verl\u00e4sslicher und ernstzunehmender Partner agieren; Ministerin Lambrecht hat dies bereits eindr\u00fccklich geschildert. Da mein Kollege Wolfgang Hellmich bereits auf die NATO eingegangen ist, werde ich mich auf die EU fokussieren. Die Regierungskoalition handelt im europ\u00e4ischen Selbstverst\u00e4ndnis, eingebettet in das historische Friedens- und Freiheitsprojekt der Europ\u00e4ischen Union. Denn die Umbr\u00fcche des 21. Jahrhunderts lassen sich nicht allein national bew\u00e4ltigen, auch wenn die AfD das noch immer nicht begreifen will. (Beifall bei der SPD sowie bei Abgeordneten des B\u00dcNDNISSES 90\/DIE GR\u00dcNEN \u2013 Zuruf von der AfD: Ist doch Bl\u00f6dsinn, was Sie erz\u00e4hlen!) Als EU werden wir uns k\u00fcnftig entschlossener als starker und eigenst\u00e4ndiger Akteur im Systemkonflikt zwischen freiheitlichen Demokratien und totalit\u00e4ren Regimen positionieren. Uns vereinen die Prinzipien des V\u00f6lkerrechts, der Menschenrechte und der europ\u00e4ischen Friedensordnung. Sie sind uns Auftrag, Orientierung und gemeinsame Wertebasis. So schaffen wir Fortschritt f\u00fcr die Demokratie. (Beifall bei der SPD sowie bei Abgeordneten des B\u00dcNDNISSES 90\/DIE GR\u00dcNEN und der FDP)<\/p>\n\n\n\n<p><strong>&#8222;Die Bundeswehr ist eine Parlamentsarmee&#8220;<\/strong><\/p>\n\n\n\n<p>Innerhalb der EU liegt die Herausforderung darin, unterschiedliche Interessen zu einer gemeinsamen Position zusammenzubringen. Wir k\u00f6nnen als europ\u00e4ische Staatengemeinschaft nur dann ein Garant von Sicherheit sein, wenn wir auch koh\u00e4rent agieren. Wir werden die Arbeiten am Strategischen Kompass konstruktiv mitgestalten. In einer europ\u00e4ischen Sicherheitsstruktur ist es zu begr\u00fc\u00dfen, dass wir als EU gemeinsame Handlungsleitlinien formulieren. So schaffen wir Fortschritt f\u00fcr die Europ\u00e4ische Gemeinschaft. (Beifall bei der SPD sowie bei Abgeordneten des B\u00dcNDNISSES 90\/DIE GR\u00dcNEN und der FDP) Die Bundeswehr ist eine Parlamentsarmee. Sie besteht aus Menschen, f\u00fcr deren Bed\u00fcrfnisse, Arbeitsbedingungen und Sicherheit wir im Deutschen Bundestag die Verantwortung tragen. Die Sicherheit in Deutschland h\u00e4ngt von einer gut aufgestellten Bundeswehr ab. Im Koalitionsvertrag haben wir vereinbart, was dabei zu tun ist: Die Ausr\u00fcstung der Bundeswehr muss auf den Pr\u00fcfstand gestellt und modernisiert werden. Gleichzeitig werden wir die Attraktivit\u00e4t der Bundeswehr als Arbeitgeberin verbessern. Auch dies hat Ministerin Lambrecht bereits geschildert.<\/p>\n\n\n\n<p><strong>&#8222;Ich bin neu im Deutschen Bundestag und neu im Verteidigungsausschuss&#8220;<\/strong><\/p>\n\n\n\n<p>Die Anzahl von Cyberangriffen gegen Deutschland und unsere Verb\u00fcndeten in NATO und EU steigt. Dem treten wir mit einer ehrgeizigen Cybersicherheitspolitik entgegen. Der Schutz vor Cyberangriffen ist elementarer Bestandteil der Sicherheit unserer Gesellschaft. (Beifall bei der SPD, dem B\u00dcNDNIS 90\/DIE GR\u00dcNEN und der FDP) Ich bin neu im Deutschen Bundestag und neu im Verteidigungsausschuss. In den bisherigen Gremiensitzungen und Gespr\u00e4chsrunden ist mir die hohe Einsatzbereitschaft, die Leistungsst\u00e4rke und Motivation der Angeh\u00f6rigen unserer Bundeswehr positiv aufgefallen. (Florian Hahn [CDU\/CSU]: 16 Jahre gute Arbeit!) Dieser Eindruck gibt mir zus\u00e4tzlichen Antrieb, unserer politischen Verantwortung gegen\u00fcber den Streitkr\u00e4ften gerecht zu werden.<\/p>\n\n\n\n<p><strong>&#8222;Strategische Souver\u00e4nit\u00e4t Europas&#8220;<\/strong><\/p>\n\n\n\n<p>Die Angeh\u00f6rigen der Bundeswehr riskieren ihre Sicherheit f\u00fcr die unseres Landes. Es liegt in unserer Verantwortung, alles daf\u00fcr zu tun, damit die Armee ihrer Arbeit sicher, effektiv und effizient nachkommen kann. Mit einer verbesserten Ausstattung der Bundeswehr, einer ehrgeizigen Cybersicherheitspolitik und einem vertrauensvollen Austausch mit den Angeh\u00f6rigen der Bundeswehr schaffen wir Fortschritt f\u00fcr die Sicherheit in Deutschland. (Beifall bei der SPD sowie bei Abgeordneten des B\u00dcNDNISSES 90\/DIE GR\u00dcNEN und der FDP) Die Ausf\u00fchrungen der Union waren leider gepr\u00e4gt von Selbstgerechtigkeit und Vergesslichkeit. Die 4,9\u2011Prozent-Partei Die Linke tut sich immer noch schwer, ad\u00e4quat mit den Realit\u00e4ten der internationalen Ebene umzugehen. (Florian Hahn [CDU\/CSU]: Ihr habt vergessen, dass ihr die letzten acht Jahre mit an der Regierung wart! \u2013 Ali Al-Dailami [DIE LINKE]: Wir halten uns an das Grundgesetz!) Im Gegensatz dazu schafft die Fortschrittsregierung Fortschritt f\u00fcr die Demokratie, Fortschritt f\u00fcr die Europ\u00e4ische Gemeinschaft und Fortschritt f\u00fcr die Sicherheit in Deutschland. Ich freue mich auf die Umsetzung dieser Ziele zusammen mit allen staatstragenden Fraktionen dieses Hauses und unserer Ministerin Christine Lambrecht \u2013 f\u00fcr eine starke Bundeswehr, die strategische Souver\u00e4nit\u00e4t Europas sowie eine enge und vertrauensvolle Zusammenarbeit mit unseren B\u00fcndnispartnern. Vielen Dank an meine Verteidiger in der SPD-Fraktion. Ihr seid klasse! Vielen Dank f\u00fcr Ihre Aufmerksamkeit. (Beifall bei der SPD sowie bei Abgeordneten des B\u00dcNDNISSES 90\/DIE GR\u00dcNEN und der FDP) Vizepr\u00e4sidentin Aydan \u00d6zo\u011fuz: Vielen Dank, Herr Kollege Leiser.<\/p>\n\n\n\n<p><strong>Link zur ersten Rede von Kevin Leiser (SPD) im Plenarprotokoll 20\/12 Deutscher Bundestag Stenografischer Bericht 12. Sitzung Berlin, Freitag, den 14. Januar 2022. Hinweis der Redaktion Hohenlohe-ungefiltert: Die Rede im Plenarprotokoll am besten mit der Suchfunktion und Eingabe des Names Kevin Leiser suchen: <\/strong><\/p>\n\n\n\n<p><a href=\"https:\/\/www.bundestag.de\/resource\/blob\/877504\/457594d2a376f9efb1bfca1f936ba9d5\/20012-data.xml\" target=\"_blank\" rel=\"noreferrer noopener\">https:\/\/www.bundestag.de\/resource\/blob\/877504\/457594d2a376f9efb1bfca1f936ba9d5\/20012-data.xml<\/a><\/p>\n\n\n\n<p><strong>Eine Pressemitteilung zur ersten Rede von Kevin Leiser hat dessen Abgeordnetenb\u00fcro am 17. Januar 2022 an Medien geschickt:<\/strong><\/p>\n\n\n\n<p>Kevin Leiser, Mitglied des Deutschen Bundestages, Pressemitteilung<\/p>\n\n\n\n<p><strong>Leiser: \u201eDie Bundesregierung wird auch f\u00fcr Fortschritt in der Bundeswehr sorgen.\u201c<\/strong><\/p>\n\n\n\n<p>In seiner ersten Rede im Deutschen Bundestag lobt das ordentliche Mitglied des Verteidigungsausschusses Kevin Leiser die Vorhaben der Ampel-Koalition. \u201eWir bekennen uns zu unseren internationalen B\u00fcndnispartnern in NATO und EU. Wir agieren in der Verteidigungspolitik eingebettet im europ\u00e4ischen Selbstverst\u00e4ndnis in das historische<br>Friedens- und Freiheitsprojekt der Europ\u00e4ischen Union\u201c, so Leiser.<\/p>\n\n\n\n<p><strong>Die Herausforderungen werden sich nur zusammen meistern lasse<\/strong><\/p>\n\n\n\n<p>\u201eAls EU werden wir uns k\u00fcnftig entschlossener als starker und eigenst\u00e4ndiger Akteur im Systemkonflikt zwischen freiheitlichen Demokratien und diktatorischen Regimen positionieren. Uns vereinen die Prinzipien des V\u00f6lkerrechts, der Menschenrechte und der europ\u00e4ischen Friedensordnung. Sie sind uns Auftrag, Orientierung und gemeinsame Wertebasis. So schaffen wir Fortschritt f\u00fcr die Demokratie.\u201c \u201eWir werden die Arbeiten am \u201eStrategischen Kompass\u201c konstruktiv mitgestalten. In einer europ\u00e4ischen Sicherheitsstruktur ist es zu begr\u00fc\u00dfen, dass wir als EU gemeinsame Handlungsleitlinien formulieren, denn die Herausforderungen werden sich nur zusammen meistern lassen. So<br>schaffen wir Fortschritt f\u00fcr die Europ\u00e4ische Gemeinschaft\u201c, erl\u00e4utert Leiser.<\/p>\n\n\n\n<p><strong>Armee muss ihrer Arbeit sicher, effizient und effektiv nachkommen k\u00f6nnen<\/strong><\/p>\n\n\n\n<p>\u201eDie Koalitionsfraktionen wird unserer politischen Verantwortung gegen\u00fcber den Streitkr\u00e4ften gerecht. Die<br>Angeh\u00f6rigen der Bundeswehr riskieren ihre Sicherheit, um die unseres Landes zu sch\u00fctzen und es liegt in unserer Verantwortung, alles daf\u00fcr zu tun, dass die Armee ihrer Arbeit sicher, effizient und effektiv nachkommen kann\u201c, betont Kevin Leiser.<\/p>\n\n\n\n<p><strong>Der Schutz vor Cyberangriffen ist elementarer Bestandteil unserer Sicherheit<\/strong><\/p>\n\n\n\n<p>Vor dem Hintergrund der steigenden Anzahl von Cyberangriffen h\u00e4lt Kevin Leiser fest: \u201eDen Cyberangriffen gegen uns und unsere Verb\u00fcndete in NATO und EU treten wir mit einer ehrgeizigen Cybersicherheitspolitik entgegen. Der Schutz vor Cyberangriffen ist elementarer Bestandteil der Sicherheit unseres gesellschaftlichen Zusammenlebens.\u201c<\/p>\n\n\n\n<p><strong>Weitere Informationen und Kontakt:<\/strong><\/p>\n\n\n\n<p>Kevin Leiser, MdB, Platz der Republik 1, 11011 Berlin \/ Berlin, Montag, 17. Januar 2022<br><br>E-Mail: kevin.leiser@bundestag.de<\/p>\n\n\n\n<p>Telefon: +49 30 227 781 08<\/p>\n\n\n\n<p>Facebook.com\/KevinLeiserHohenlohe<\/p>\n\n\n\n<p>Instagram.com\/KevinLeiserHohenlohe<\/p>\n\n\n\n<p>Twitter.com\/KLHohenlohe<\/p>\n\n\n\n<p>Twitch.tv\/KevinLeiserHohenlohe<\/p>\n\n\n\n<p><strong>Internet:<\/strong><\/p>\n\n\n\n<p><a href=\"https:\/\/kevin-leiser.de\/\" target=\"_blank\" rel=\"noreferrer noopener\">https:\/\/kevin-leiser.de\/<\/a><\/p>\n\n\n\n<p><\/p>\n\n\n\n<p><strong>Weitere Informationen im Internet \u00fcber den SPD-Bundestagsabgeordnten Kevin Leiser:<\/strong><\/p>\n\n\n\n<p><a href=\"https:\/\/www.bundestag.de\/abgeordnete\/biografien\/L\/leiser_kevin-860222\" target=\"_blank\" rel=\"noreferrer noopener\">https:\/\/www.bundestag.de\/abgeordnete\/biografien\/L\/leiser_kevin-860222<\/a><\/p>\n\n\n\n<p><a rel=\"noreferrer noopener\" href=\"https:\/\/www.bundestag.de\/abgeordnete\/biografien\/L\/leiser_kevin-860222\" target=\"_blank\">https:\/\/kevin-leiser.de\/category\/veroeffentlichungen\/<\/a><\/p>\n\n\n\n<p><a href=\"https:\/\/www.swp.de\/lokales\/crailsheim\/junger-spd-bundestagsabgeordneter-kevin-leiser-im-grossen-interview_-olaf-scholz-hat-schon-geliefert-60529525.html\" target=\"_blank\" rel=\"noreferrer noopener\">https:\/\/www.swp.de\/lokales\/crailsheim\/junger-spd-bundestagsabgeordneter-kevin-leiser-im-grossen-interview_-<em>olaf-scholz-hat-schon-geliefert<\/em>-60529525.html<\/a><\/p>\n\n\n\n<p><a href=\"https:\/\/www.stimme.de\/leben\/wahlen\/bundestagswahl2021\/kandidatenvorstellung\/kevin-leiser-spd-wahlkreis-schwaebisch-hall-hohenlohe-art-4526612\" target=\"_blank\" rel=\"noreferrer noopener\">https:\/\/www.stimme.de\/leben\/wahlen\/bundestagswahl2021\/kandidatenvorstellung\/kevin-leiser-spd-wahlkreis-schwaebisch-hall-hohenlohe-art-4526612<\/a><\/p>\n\n\n\n<p><a href=\"\/\/de.wikipedia.org\/wiki\/Kevin_Leiser\" target=\"_blank\" rel=\"noreferrer noopener\">Khttps:\/\/de.wikipedia.org\/wiki\/Kevin_Leiser<br><\/a><\/p>\n<div class=\"pdf24Plugin-cp\"> \t<form name=\"pdf24Form0\" method=\"post\" action=\"https:\/\/doc2pdf.pdf24.org\/wordpress.php\" target=\"pdf24PopWin\" onsubmit=\"var pdf24Win = window.open('about:blank', 'pdf24PopWin', 'resizable=yes,scrollbars=yes,width=600,height=250,left='+(screen.width\/2-300)+',top='+(screen.height\/3-125)+''); pdf24Win.focus(); if(typeof pdf24OnCreatePDF === 'function'){void(pdf24OnCreatePDF(this,pdf24Win));}\"> \t\t<input type=\"hidden\" name=\"blogCharset\" value=\"Cw1x07UAAA==\" \/><input type=\"hidden\" name=\"blogPosts\" value=\"MwQA\" \/><input type=\"hidden\" name=\"blogUrl\" value=\"yygpKSi20tcvLy\/Xy8jPSM3LARK6pXnpqWmZOSWpRSV6KakA\" \/><input type=\"hidden\" name=\"blogName\" value=\"88jPSM3LARK6pXnpqWmZOSWpRSUA\" \/><input type=\"hidden\" name=\"blogValueEncoding\" value=\"gzdeflate base64\" \/><input type=\"hidden\" name=\"postId_0\" value=\"M7I0MDIAAA==\" \/><input type=\"hidden\" name=\"postTitle_0\" value=\"bY4xDsJADAS\/siVIfAJEoIACwQsCt8lZkDvkc6jzB1pExTPo8pO8hCO0NJZXO9710D1XUS2dvIoZqv6tcEIs2cSzliac4S9QtBqv\/UuyQazZUEJey8rQBvf\/xLG1ET9InuopNnQPDN0dhSYj9nRfKsFHz3CJfkwPmB9rRnWBlsWGNwnYUhIVk8NuOYU0+d9fdsAi9zNZWX8A\" \/><input type=\"hidden\" name=\"postLink_0\" value=\"yygpKSi20tcvLy\/Xy8jPSM3LARK6pXnpqWmZOSWpRSV6Kan69gW2RpYGRgYA\" \/><input type=\"hidden\" name=\"postAuthor_0\" value=\"S0zJzcwDAA==\" \/><input type=\"hidden\" name=\"postDateTime_0\" value=\"MzIwMtI1MNQ1MlcwsLQyMLQyMgIA\" \/><input type=\"hidden\" name=\"postContent_0\" value=\"5VrdbtzGFb7PU4xdoIjR\/dFuLMtSFKOyJduqZUWI4hhIUBhDcUhOyB1uh0NtvVd5haJAr4LmRs\/gK99tnyRP0u+cIXe5K64kq3YboAXq2Ety5sw53\/nOdw752e740W7hbG7iR7OfA2VFqJX4TlmndKjj0sRFV5QmFKf6LFE2UdoV4zzTTqcixN2PcU0VVsVaWdwsEun49yRPlMnyRBd4rLrLybiQQaxyGxrllHihzrURR0oXeODz05P9e6JQ2iihbIHL36hQCT0S+6p0tIpZLCNilcjMKdNbXkQXTrzULs60CmFGsXwQWRZYB3\/gAl1cWNUTzyt7VRd3qkhjcevEubKzd1GkjMtwfMe+YbPOc7Oys8FvWYa\/Hc0usEJP7Nf3klE4xqHBkji3kOVZgj8i9tMpHKpWrKG7TzJlpB3b3OUp1hXDjf5gOHeFbbjiFG7IYysjXV1Rlm0dDHsImptSVPBbpk1HPLXYTsYdbGjE4H5P\/EmaUlqsPhyKaSkijVVNb7dfIWK3P370Gf5HIFGjR4cmyu1IOp0bPD8tCzkaKRwW0coyx05p9eNuHw8316qWPy7NSCXWg0YW4nUOn0ez9x6EAET3qZUpbUfGMTasB4e5Eh3NyPTE54+VjiR8GCjtfX6yTx4Yicezn4\/3jw9PxfZGf\/\/wQDz7Bj8cHDPe6can+yeiyCewhR7dW0DX8OUn+6\/6T05f3euJNoddRvcOoo3Txgp\/Iug4WylO7Oyi0HC60+aOONIqQF4QkGJtyMlkiv+3ml8HwgM4KUag5\/csfrsjXhlsifXhTXjGaucaCTqSBA7GoPbHuFmy68TCY8cSARdwphIH+KEnXmsrsImkJGnuuAjjvhrlqQVoVKf9hoPS5uPZhWeKZ2qEMPOKjk1pfSSsgt4wtD3O68NXzKN\/enAVAO71WoD7+989HA6HX74aBXb2nuyg9YYDyqfEJoRDGC0yCaoxooCNwnBOkuPgdcMpJMnSyewicxrB5SU3vmxD0h64QjN7VM\/BsoNAGTpXqhgCE4ShNAWlScnRRzrM3pvQ6GIsrUPeGB+rCWHJkFvyJKsRcLz37dewrViCxcErMSFysok2fBFkmAGsRcY+Zx9h2YIYRiWABT104jcTkuCmzJfAJUxwhFRxJOEuRW7gfNdwGeoNYUzAKSF5MqW1kSCIrc7IiaBRKQgRdRKAI7IolgDyc3DOiG6vF2FKRbD5NHgkVnQfDgsDOjiLJcLA\/fxQfTNOGeUpagLbW7N2lSxFmktCP\/gnkThfxkSuGng1SOksKNw5sRKInxze8ZsHyjmwPXkT1IZC6HLrMf7UojwpU+UacbLPNJv\/qFJfPg+W9nhlYAJsQ6zZ6I+Ju44P+qReey\/aZ4NNTlAAv9tqjUDFsDRisGXZR023X3\/6u\/i+tAgJlRBaC1bsiEMUzpDMeJzN3oUFyA5hhGmnmiTCdHaRAMp37ok9gJPRasNGKqTAf4QjCnAr3Jjl5BSCJu5GlbBpjWHygg8e\/oatU4cIU6BP3wK5ozQ3UaYRl+mkCkdURYwTwTQIzlOxyx2hZnZhuUzFmihznBcMpApmoGjKJ6po3u0nyJCpHuvKWd\/N3mUwkNOl6LBLXirD2\/Nvak5Ry2isoUWeB4B77Ct4LmSXgEicpfL\/NW5DxfEVgVaKPe2C3cVrKgeBLDRU0Wm+IHfy6zUE\/8k4eD0FU776wj+h2kpaiyUkiCijWuUKaUdKXcGuhyBQCzUZ1KwH8Rh7qfdcoUQX0Dyh91QoLamokriYKEqFDAEv7RQnHQjYy5SFR404qYI\/l0zTMrDEERUpp7N3zOIEzWY8oe2kdKSwGkXRAJyhRLZSRj+TVhqvvBalkJVSx6c0RY0TPM0TRqSrubmqBz5pOPNtQHwPMwB94MQBuh5VL\/LRGJyCNZAotoQiOweLOhJ+lQo\/NNWxV8hxoSP8g2UVIq5UxCiz97NfiIRCWp+N9cncAORzUG9GbJxxzhnKEdKhZVad40YoXasyPhloxQ2x6ZM0IBXNyqyYp3qnMt\/XcxXiHxEKTAEl5YNVBCoEjkouc8vCjT2xRh9XLR6QM4GrCNlEC3X5a6yhTf18hiCIhFobj7YK5CUZHNUdwHwTPq8MgIsRwFPV0AKER\/uglgZVpDwFBhANntlDSQ4HNGAU+WuHDdorC+CkYEMXPSfvMULlrnopQ1r6fYQDMp9VPQk5ZZTjKfhNU0vnAd8Tz4Cms2SKU6JENEoHZ4Jz3HecE4u71T0Jod79VORJ2eAYAaU\/iaw9SjYWN6RyWuVPLViaOmc9wx2SxKHircp18aRDVpfbG94r6I8dbKYSapDi+uRtQMCIreZ0iqnvWMJA6WsJNRjYKyCRyYkBC1l40XXkLw6tY5JvaBqc5TvIu2CNmigSNCt6SsXXb1pc7jmQImwALYOsxFHcFFbaVSs5szJFKSUtt8CMApiQ+XxeINqbbsEABfBxFQPcuEW8Jz5GiJhDCYSBLmAs++UZWi6wXeG7+CrFYfkYTeNZUlha3Z9+VCGXxi7igIjTTSuY8RE7fJWaUcqiguQOBJDvHHMAnYWhV17YKJm98wbU3mqg3wuZc5\/25DMKz+dPM4hbifZfJkb8UDXGf94RgwcsTRUxRV1h7jAzUld8QLK\/PEtFrAN\/BhRIZNy0UlZ7xkGoBJ25HR4Y3rfLBMY4mb3nARYVHkdnT+GnyDGMfeaBWar8X59vzdKH0lLSDOjCeCbgIiKvT6eGC1fIAy1AymWLG+omMueVyh+2AGHQUz1xUFSSRC8CsnT4Dut7Yk9ew9MnlVTKNl\/ZUWZ4Q1vFQPhsQ6uCBOJ6zlI4ipCRpBGMPEvSnKSKSKE1ejRfqBJ3TnbkWFAz4O1aqLnzAXnuZbhBuvkSUQLz575RxQYOOcJtm+PQXuXd62XA2uL2aWUAjgETEuvTmC5xT4eiR1BAKQpZMlJiVwXW95UVcHWcevIKKfKoG9yEpzz2oOXvd7Z\/\/elvJzafInhdasJhMF040gZp7kof8Lqfo54Kx54QAGQ4u\/hLKd3cv98o373UU67lyYOpJg\/laFoiDlcm\/yGP9gIeo8YsjyudByRyMDLlpiw4KTc9T5AV0m88b8PJS+4Od4l7GQKRdfelhoLS4gdy+tHh8YsDbEdy1k+FudmRvvF+RiyJ3bEViAd65BkxBfEjLtNUkSHj86R9YvZfm2pdgU2qMGg7S7U8vXg1onNx8nlG\/V6jDs7bDO9NP\/ChTqLwMi\/kRtEPVr32p4n4c6QZ\/rOo77apXp7A1sKRel3oGAoIG8+q1vfUSwxAJhbX02mVZH70jwRhG1aYQHxfnUl6\/hrNa3nbpOs7cgNcKE1KOBjx0vO668f1VYbPR8w9xitap1CkPEG5s7QMH\/SQIIouGlmUwpz0U84dsfuUCaEeD4u9t+j7xOwf0\/xfv5TTnaZ5HepV7XxIVo2+W4ocEQLwsTxGv\/Q2w7+M+Z+8huiJ59pMYEbFAWH1AqD1xcJO4y3LZWPRx3JXZSpuQ2QgzqPS+BVZqaJ7Qs\/BcaHZdrHsh6IkqbHTOt\/flQJoiL66mzg3Lnb6\/clk0gtqf\/RC1UcRz0t7pvpBlgf9h1tbmxv3+\/c3tza374dD+cXWg2hbRcEgiM7kINr+4kEgt8PN\/nBjYzDshtLJ3l9H2V2BtIqV++rumwBUkN4VVmVf3TU5tqb5ELF5PqbB1t1Hn9SQ3b5se4VzwA0tDz\/gZFLcFOhrAeZfE\/LEpJkf9Aojp7gNtpbfTQH3L9HqspSjpuksdTvXvXTpLL8KbFHlquhcsr0tZ3i5HfDdPxct\/aI+QGuEfsbCHNGkdn1ZoeSWGppff\/q5fRb1AW+5EEv\/2ozmU\/4Npbrh28+lWPA0ILe+K+cWYDRWWXfet\/fo4FRc528bVt40rCqEVT5e6Q394KmaQrW+hJr3f805+vWD95ZZ+25gH91u3I4IdRCtK6h0\/\/KEkJSnHyX44XtpG7VYcS01fjzfFn24+Tc2yg5xs6x9+f82zAYCauSvmZLiauuglJ78Tc5KueKattn2zZHLA1fKq\/9g5srJxa8TS\/7OYn2S+daVx3zr+teqZa0aWN\/NNvtXP1xfk3CUxIsJZbRQxczqH2nuwE0auexWk4EOmq2WwYDwzcvsvZtW2apuPSiAd6+fE1znZ2k8aYKwc9y39BFGG33eeqRXn23horbgoqTxBO85l6fY1hzDk0nfBK2feyb0enS5TEaK5tEEGbVmTEqs1D4eXZ2O\/vYmojyNnk9Eq3JQ91wZirApvGi5FMfX\/JEAvQRrfhzkv1vB7jcTauFjKLGMm3JW\/eMyQKESg44YDDYGg6pzEP15C\/GS1gagV4QiJRn9\/6D7UupsR6S0TS\/jbf7Y1MQNU76Fo6IcKv8P97fFFxtiONwSWw8HYuNh46an8kwFeZ72zvJRn433ts\/bkiUVR5tYObrJzd9OSHpaf+vRujvOkp47v26pOiL1l2Y7N2pb2EVd7yJqFm7Tcayusdos3BQ1zc\/kGqSKLv3yF4SUQE0U7dyuSWt8kNgPtO9glekf9f1p3vijPXwAcA0\/SjP2IRuu+lGu3\/CTnnNtoM9I\/OT2bR\/6L1fzLyVZUPQvW3\/ZxmIypnWyPEXrUPTPLNK2AC+N+j\/SIrZbjMNu0Pb5qO02jenqUTe2LIy7TPjnWk3edPNMRl1wWp5Nu+g5+a+mGyvUSTjQdR9sbA63N4ebvcTdvtf+xGegLy+vOQd\/YLl8mBs539FAmG0nhu9PJH1R01+YSj+AVgd9FPdQh\/QtAooNv1rFyZbQwIek+1MooIIMnEgVkGaCwVnWTebzG3SF3fubwwcPBrdOqP+54eu82++HqjfRqR6rUMsemv0+\/csz9xtPVB9y6Bf1qa9flktfbda\/AQ==\" \/> \t\t<a href=\"https:\/\/www.pdf24.org\" target=\"_blank\" title=\"www.pdf24.org\" rel=\"nofollow\"><img src=\"https:\/\/www.hohenlohe-ungefiltert.de\/wp-content\/plugins\/pdf24-post-to-pdf\/img\/pdf_32x32.png\" alt=\"\" border=\"0\" height=\"32\" \/><\/a> \t\t<span class=\"pdf24Plugin-cp-space\">&nbsp;&nbsp;<\/span> \t\t<span class=\"pdf24Plugin-cp-text\">Sende Artikel als PDF<\/span> \t\t<span class=\"pdf24Plugin-cp-space\">&nbsp;&nbsp;<\/span> \t\t<input class=\"pdf24Plugin-cp-input\" style=\"margin: 0px;\" type=\"text\" name=\"sendEmailTo\" placeholder=\"Emailadresse\" \/> \t\t<input class=\"pdf24Plugin-cp-submit\" style=\"margin: 0px;\" type=\"submit\" value=\"Senden\" \/> \t<\/form> <\/div>","protected":false},"excerpt":{"rendered":"<p>\u00dcber die Verteidigungs- und Sicherheitspolitik der Bundesregierung hat der hohenlohische Bundestagsabgeordnete Kevin Leiser (SPD) seine erste Rede im Deutschen Bundestag gehalten. Kevin Leiser ist Mitglied des Verteidigungsausschusses des Bundestags. Hohenlohe-ungefiltert ver\u00f6ffentlicht die Rede von Kevin Leiser in voller L\u00e4nge. Die Rede ist im Internet auch auf der Seite des Bundestags im Plenarprotokoll 20\/12 Deutscher Bundestag [&hellip;]<\/p>\n","protected":false},"author":1,"featured_media":0,"comment_status":"open","ping_status":"open","sticky":false,"template":"","format":"standard","meta":[],"categories":[1],"tags":[],"_links":{"self":[{"href":"https:\/\/www.hohenlohe-ungefiltert.de\/index.php?rest_route=\/wp\/v2\/posts\/29020"}],"collection":[{"href":"https:\/\/www.hohenlohe-ungefiltert.de\/index.php?rest_route=\/wp\/v2\/posts"}],"about":[{"href":"https:\/\/www.hohenlohe-ungefiltert.de\/index.php?rest_route=\/wp\/v2\/types\/post"}],"author":[{"embeddable":true,"href":"https:\/\/www.hohenlohe-ungefiltert.de\/index.php?rest_route=\/wp\/v2\/users\/1"}],"replies":[{"embeddable":true,"href":"https:\/\/www.hohenlohe-ungefiltert.de\/index.php?rest_route=%2Fwp%2Fv2%2Fcomments&post=29020"}],"version-history":[{"count":18,"href":"https:\/\/www.hohenlohe-ungefiltert.de\/index.php?rest_route=\/wp\/v2\/posts\/29020\/revisions"}],"predecessor-version":[{"id":29113,"href":"https:\/\/www.hohenlohe-ungefiltert.de\/index.php?rest_route=\/wp\/v2\/posts\/29020\/revisions\/29113"}],"wp:attachment":[{"href":"https:\/\/www.hohenlohe-ungefiltert.de\/index.php?rest_route=%2Fwp%2Fv2%2Fmedia&parent=29020"}],"wp:term":[{"taxonomy":"category","embeddable":true,"href":"https:\/\/www.hohenlohe-ungefiltert.de\/index.php?rest_route=%2Fwp%2Fv2%2Fcategories&post=29020"},{"taxonomy":"post_tag","embeddable":true,"href":"https:\/\/www.hohenlohe-ungefiltert.de\/index.php?rest_route=%2Fwp%2Fv2%2Ftags&post=29020"}],"curies":[{"name":"wp","href":"https:\/\/api.w.org\/{rel}","templated":true}]}}