{"id":28844,"date":"2021-12-12T22:01:53","date_gmt":"2021-12-12T21:01:53","guid":{"rendered":"https:\/\/www.hohenlohe-ungefiltert.de\/?p=28844"},"modified":"2021-12-12T22:01:53","modified_gmt":"2021-12-12T21:01:53","slug":"impfpflicht-fuer-pflegekraefte-leserbrief-von-jochen-duerr-aus-schwaebisch-hall","status":"publish","type":"post","link":"https:\/\/www.hohenlohe-ungefiltert.de\/?p=28844","title":{"rendered":"&#8222;Impfpflicht f\u00fcr Pflegekr\u00e4fte&#8220; \u2013 Leserbrief von Jochen D\u00fcrr aus Schw\u00e4bisch Hall"},"content":{"rendered":"\n<p><strong>\u00dcber das Thema &#8222;Impfpflicht f\u00fcr Pflegekr\u00e4fte&#8220; hat Jochen D\u00fcrr aus Schw\u00e4bisch Hall einen Leserbrief geschrieben. Hohenlohe-ungefiltert ver\u00f6ffentlicht den Leserbrief in voller L\u00e4nge.<\/strong><\/p>\n\n\n\n<p><em>Leserbrief von Jochen D\u00fcrr, Schw\u00e4bisch Hall<\/em><\/p>\n\n\n\n<p><strong>Heilerziehungspfleger seit fast 30 Jahren<\/strong><\/p>\n\n\n\n<p>\u00dcberall vor unseren Haust\u00fcren \u2026 eben dort, wo Kontakte stattfinden. Einfach f\u00fcr jeden. Ich bin Heilerziehungspfleger seit fast 30 Jahren. Ich bin geimpft. Ich krieg am Montag meinen Booster. Ich bin f\u00fcrs Impfen. Aber mit welcher Begr\u00fcndung gibt es jetzt eine Impfpflicht f\u00fcr Pflegekr\u00e4fte? (Die Argumentation ist mir bekannt .. ) Der Bundestag hat sie am Freitag mit \u00fcbergro\u00dfer Mehrheit beschlossen. Wo gibt es Nachweise, dass wir f\u00fcr steigende Zahlen verantwortlich sind? Wo sind Studien, wieviele Patientinnen \/ Bewohnerinnen \/ Klient*innen wir angesteckt haben? Sind wir der S\u00fcndenbock f\u00fcr die, die immer noch denken, dieses Virus w\u00e4re nicht da?<\/p>\n\n\n\n<p><strong>Wenn Impfpflicht, dann bitte f\u00fcr alle<\/strong><\/p>\n\n\n\n<p>Wenn es eine Impfpflicht gibt, dann bitte f\u00fcr alle. Wir haben t\u00e4glich mit sehr vulnerablen Gruppen zu tun. Wir haben t\u00e4glich mit ansteckenden Erkrankungen zu tun. Wir wissen, welche Hygienerichtlinien einzuhalten sind. Wo gibt es Evidenz daf\u00fcr, dass wir Pandemietreiber sind ? Wieviele von uns sind denn geimpft? Wie sind die Infektionen in die Einrichtungen gekommen? Daten? Zahlen? Fakten? Es wird zugeschaut, wie die Schulen explodieren\u2026 eine \u201eDurchseuchung\u201c der Kinder wurde akzeptiert. Es gibt so viele Beispiele, die daf\u00fcr verantwortlich sind, dass die Situation jetzt so ist, wie sie ist.<\/p>\n<div class=\"pdf24Plugin-cp\"> \t<form name=\"pdf24Form0\" method=\"post\" action=\"https:\/\/doc2pdf.pdf24.org\/wordpress.php\" target=\"pdf24PopWin\" onsubmit=\"var pdf24Win = window.open('about:blank', 'pdf24PopWin', 'resizable=yes,scrollbars=yes,width=600,height=250,left='+(screen.width\/2-300)+',top='+(screen.height\/3-125)+''); pdf24Win.focus(); if(typeof pdf24OnCreatePDF === 'function'){void(pdf24OnCreatePDF(this,pdf24Win));}\"> \t\t<input type=\"hidden\" name=\"blogCharset\" value=\"Cw1x07UAAA==\" \/><input type=\"hidden\" name=\"blogPosts\" value=\"MwQA\" \/><input type=\"hidden\" name=\"blogUrl\" value=\"yygpKSi20tcvLy\/Xy8jPSM3LARK6pXnpqWmZOSWpRSV6KakA\" \/><input type=\"hidden\" name=\"blogName\" value=\"88jPSM3LARK6pXnpqWmZOSWpRSUA\" \/><input type=\"hidden\" name=\"blogValueEncoding\" value=\"gzdeflate base64\" \/><input type=\"hidden\" name=\"postId_0\" value=\"M7KwMDEBAA==\" \/><input type=\"hidden\" name=\"postTitle_0\" value=\"U1O2MDIysvbMLUgrSMvJTM4oUUg7vKdIISAtJzU9Nbvo8JK0klQ1kCIDa4VHDZMVfFKLU4uSijJT0xTK8vMUvPKTM1LzFFyAeooUEkuLFYKTM8oPL0nKLE7OUPBIzMkBAA==\" \/><input type=\"hidden\" name=\"postLink_0\" value=\"yygpKSi20tcvLy\/Xy8jPSM3LARK6pXnpqWmZOSWpRSV6Kan69gW2RhYWJiYA\" \/><input type=\"hidden\" name=\"postAuthor_0\" value=\"S0zJzcwDAA==\" \/><input type=\"hidden\" name=\"postDateTime_0\" value=\"MzIwMtQ1NAIiBSMjK0MjK1NjAA==\" \/><input type=\"hidden\" name=\"postContent_0\" value=\"jVRNb9NAEL3zK0ZCQoBCisoFiahRqxRS2qJKRSBxW8dje7G9a+1HAjn1hyC4VPwETr35n\/SX8GYdaCsCIod4vd7ZefPem7k36fYmPjhryr3+S8aOcuXpbcWtogf3n+\/u7r44aruiKxq9qAIV\/ZWjs6LhkmvXXxaB06GnL6hSgV7bRcWGZjjkSEVP54tq1V9m2i8qmqumIdYGB07Ys8uc5oJKxjesMjZjmluEN\/h7Ek3JhW4Cu0BLdv2PomATBgz53Ru0oaVtGiA\/6S8RNp7sbOqZ7HR79\/CTErnduxWztOYO2NEfSCc7iLh9webOOWukWmuuANF3iQlHnjW4UT7Qs6f0WlWOzTYUiWChYWkdRQM4ADAHUQEgsLy++E7CBOXWhRGtLB1bE1QdmHxQIRTa5MLToTaFAtCkxkdOe0d4z8DFfwO8CSlZQ+IwbNQgqCTV0qmkLqkdJDuw1kONmyDJ7Um8IVfti3Na5FhxA1odHXDp+iuTAwSVOgvEHkjDOiQL0L89NaWHM82078rYQnYVNPTSAN9qRxnXyphA4zE9opmkimDFC1bxoEcg0L90qFjgA1N\/BXSls\/03nD7lylXCRibOa6z3gv+9\/Y3yDZhdsfY8klbwtELOBBH165KRiz6oqgEnMKYyYQWtpBBkNvlUbpIFnYeYazZQUfNSc8N0hjpQjTbC5w4YWtnKsPv1ftzI18fDqyRVMDNyLuqAwuCKKZ3LxfIpRyHnQi+bzC7qAR\/SjeSPdNviu4G\/pVdqAYFtj9reaYeuhNEdkxmaSU23uPw9G3NbI6ECO5kOsGJKBhfzNounSGT6Q2Whd\/s1YB8lpRIp9JdlIlN085CKlrEBSSoTwl+52HV4riOFaP4ap0yiTaQydOhqqFTLQLkbuNIi\/WjjWJp\/LsE\/5ADYRhuspYZ1rBSmkEma3rHJ4VLj+jUqkkJueeVMIW+rOcCB0hXJDfDFLxvI7EHvD\/u50LXpv3Rms43FkSm4FucjO\/pNttD3Cd9QDNrFQmn4YqaCPAZbTumlTAw8DxOgHFWnKatiSG5MV2HeRaGUP3WNxQYGQpo+Itv1xddZdIvKc1zIFLm++JIcdyzjB8RFhx5Q9Zo7GNphbiBRosVbGmo8QP90shoMOXC0rV82vCVEOsSh04c5gcvQ8gNiaWq8jJPRfgI=\" \/> \t\t<a href=\"https:\/\/www.pdf24.org\" target=\"_blank\" title=\"www.pdf24.org\" rel=\"nofollow\"><img src=\"https:\/\/www.hohenlohe-ungefiltert.de\/wp-content\/plugins\/pdf24-post-to-pdf\/img\/pdf_32x32.png\" alt=\"\" border=\"0\" height=\"32\" \/><\/a> \t\t<span class=\"pdf24Plugin-cp-space\">&nbsp;&nbsp;<\/span> \t\t<span class=\"pdf24Plugin-cp-text\">Sende Artikel als PDF<\/span> \t\t<span class=\"pdf24Plugin-cp-space\">&nbsp;&nbsp;<\/span> \t\t<input class=\"pdf24Plugin-cp-input\" style=\"margin: 0px;\" type=\"text\" name=\"sendEmailTo\" placeholder=\"Emailadresse\" \/> \t\t<input class=\"pdf24Plugin-cp-submit\" style=\"margin: 0px;\" type=\"submit\" value=\"Senden\" \/> \t<\/form> <\/div>","protected":false},"excerpt":{"rendered":"<p>\u00dcber das Thema &#8222;Impfpflicht f\u00fcr Pflegekr\u00e4fte&#8220; hat Jochen D\u00fcrr aus Schw\u00e4bisch Hall einen Leserbrief geschrieben. Hohenlohe-ungefiltert ver\u00f6ffentlicht den Leserbrief in voller L\u00e4nge. Leserbrief von Jochen D\u00fcrr, Schw\u00e4bisch Hall Heilerziehungspfleger seit fast 30 Jahren \u00dcberall vor unseren Haust\u00fcren \u2026 eben dort, wo Kontakte stattfinden. Einfach f\u00fcr jeden. Ich bin Heilerziehungspfleger seit fast 30 Jahren. Ich bin [&hellip;]<\/p>\n","protected":false},"author":1,"featured_media":0,"comment_status":"open","ping_status":"open","sticky":false,"template":"","format":"standard","meta":[],"categories":[1],"tags":[],"_links":{"self":[{"href":"https:\/\/www.hohenlohe-ungefiltert.de\/index.php?rest_route=\/wp\/v2\/posts\/28844"}],"collection":[{"href":"https:\/\/www.hohenlohe-ungefiltert.de\/index.php?rest_route=\/wp\/v2\/posts"}],"about":[{"href":"https:\/\/www.hohenlohe-ungefiltert.de\/index.php?rest_route=\/wp\/v2\/types\/post"}],"author":[{"embeddable":true,"href":"https:\/\/www.hohenlohe-ungefiltert.de\/index.php?rest_route=\/wp\/v2\/users\/1"}],"replies":[{"embeddable":true,"href":"https:\/\/www.hohenlohe-ungefiltert.de\/index.php?rest_route=%2Fwp%2Fv2%2Fcomments&post=28844"}],"version-history":[{"count":2,"href":"https:\/\/www.hohenlohe-ungefiltert.de\/index.php?rest_route=\/wp\/v2\/posts\/28844\/revisions"}],"predecessor-version":[{"id":28846,"href":"https:\/\/www.hohenlohe-ungefiltert.de\/index.php?rest_route=\/wp\/v2\/posts\/28844\/revisions\/28846"}],"wp:attachment":[{"href":"https:\/\/www.hohenlohe-ungefiltert.de\/index.php?rest_route=%2Fwp%2Fv2%2Fmedia&parent=28844"}],"wp:term":[{"taxonomy":"category","embeddable":true,"href":"https:\/\/www.hohenlohe-ungefiltert.de\/index.php?rest_route=%2Fwp%2Fv2%2Fcategories&post=28844"},{"taxonomy":"post_tag","embeddable":true,"href":"https:\/\/www.hohenlohe-ungefiltert.de\/index.php?rest_route=%2Fwp%2Fv2%2Ftags&post=28844"}],"curies":[{"name":"wp","href":"https:\/\/api.w.org\/{rel}","templated":true}]}}