{"id":28842,"date":"2021-12-12T12:47:04","date_gmt":"2021-12-12T11:47:04","guid":{"rendered":"https:\/\/www.hohenlohe-ungefiltert.de\/?p=28842"},"modified":"2021-12-12T12:47:04","modified_gmt":"2021-12-12T11:47:04","slug":"antisemitismus-in-zeiten-von-corona-wie-verschwoerungsmythen-digital-befeuert-werden-digitale-veranstaltung-aus-schwaebisch-hall-am-15-dezember-2021","status":"publish","type":"post","link":"https:\/\/www.hohenlohe-ungefiltert.de\/?p=28842","title":{"rendered":"\u201eAntisemitismus in Zeiten von Corona \u2013 Wie Verschw\u00f6rungsmythen digital befeuert werden\u201c \u2013 Digitale Veranstaltung aus Schw\u00e4bisch Hall am 15. Dezember 2021"},"content":{"rendered":"\n<p><strong>Der Kreisverband Schw\u00e4bisch Hall von B\u00fcndnis 90\/Die Gr\u00fcnen und der Crailsheimer Verein Ohne Rechtsau\u00dfen e.V. laden gemeinsam zu einer digitalen Veranstaltung mit Dr. Michael Blume, Antisemitismusbeauftragter der baden-w\u00fcrttembergischen Landesregierung, ein. Die Veranstaltung unter dem Titel \u201eAntisemitismus in Zeiten von Corona \u2013 Wie Verschw\u00f6rungsmythen digital befeuert werden\u201c findet am Mittwoch, den 15. Dezember 2021, um 19.30 Uhr statt.<\/strong><\/p>\n\n\n\n<p><em>Von David J\u00e4ger, Vorsitzender des Crailsheimer Vereins \u201eohne Rechtsau\u00dfen&#8220;<\/em><\/p>\n\n\n\n<p><strong>Antisemitische Beleidigungen in der Schule<\/strong><\/p>\n\n\n\n<p>Blume wird in seinem Vortrag auf aktuelle antisemitische Vorf\u00e4lle in Baden-W\u00fcrttemberg wie den Brandanschlag auf die Synagoge in Ulm im Mai und die Angriffe auf die Synagoge in Mannheim zwischen Mai und September eingehen. Zudem sind die Holocaustrelativierungen auf Querdenker-Demos, antisemitische Beleidigungen in der Schule und die antisemitische Hetze in sozialen Medien Themen, die der Beauftragte gegen Antisemitismus n\u00e4her beleuchten wird. Blume ist Ansprechpartner f\u00fcr die Belange j\u00fcdischer Gruppen, aber auch f\u00fcr den Landtag, f\u00fcr Kommunen, Kirchen- und Moscheegemeinden sowie Bildungseinrichtungen in Baden-W\u00fcrttemberg. Er koordiniert die Ma\u00dfnahmen der Landesregierung zur Bek\u00e4mpfung von Antisemitismus.<\/p>\n\n\n\n<p><\/p>\n\n\n\n<p>Seit 2003 arbeitet der Religions- und Politikwissenschaftler im baden-w\u00fcrttembergischen Staatsministerium. Er ist evangelischer Christ und Ehemann in einer christlich-islamischen Familie mit drei Kindern. Seit M\u00e4rz 2020 kl\u00e4rt Blume in seinem regelm\u00e4\u00dfigen Podcast \u201eVerschw\u00f6rungsfragen\u201c \u00fcber verschiedene Aspekte von Antisemitismus und Verschw\u00f6rungsmythen auf. \u201eWir freuen uns sehr, Dr. Michael Blume f\u00fcr eine Veranstaltung gewonnen zu haben \u2013 auch wenn diese aufgrund der aktuellen Corona-Situation nur digital stattfinden kann\u201c, erkl\u00e4ren die Gr\u00fcnen-Kreisvorsitzenden Laura Hecker und Sebastian Karg zusammen mit David J\u00e4ger, dem Vorsitzenden des Vereins Ohne Rechtsau\u00dfen e.V.<\/p>\n\n\n\n<p><strong>Der Link zur Videokonferenz ist auf folgenden Webseiten zu finden:<\/strong><\/p>\n\n\n\n<p><a href=\"http:\/\/www.gruene-sha.de\" target=\"_blank\" rel=\"noreferrer noopener\">www.gruene-sha.de<\/a><\/p>\n\n\n\n<p><a href=\"http:\/\/www.ohnerechtsaussen.de\" target=\"_blank\" rel=\"noreferrer noopener\">www.ohnerechtsaussen.de<\/a><\/p>\n<div class=\"pdf24Plugin-cp\"> \t<form name=\"pdf24Form0\" method=\"post\" action=\"https:\/\/doc2pdf.pdf24.org\/wordpress.php\" target=\"pdf24PopWin\" onsubmit=\"var pdf24Win = window.open('about:blank', 'pdf24PopWin', 'resizable=yes,scrollbars=yes,width=600,height=250,left='+(screen.width\/2-300)+',top='+(screen.height\/3-125)+''); pdf24Win.focus(); if(typeof pdf24OnCreatePDF === 'function'){void(pdf24OnCreatePDF(this,pdf24Win));}\"> \t\t<input type=\"hidden\" name=\"blogCharset\" value=\"Cw1x07UAAA==\" \/><input type=\"hidden\" name=\"blogPosts\" value=\"MwQA\" \/><input type=\"hidden\" name=\"blogUrl\" value=\"yygpKSi20tcvLy\/Xy8jPSM3LARK6pXnpqWmZOSWpRSV6KakA\" \/><input type=\"hidden\" name=\"blogName\" value=\"88jPSM3LARK6pXnpqWmZOSWpRSUA\" \/><input type=\"hidden\" name=\"blogValueEncoding\" value=\"gzdeflate base64\" \/><input type=\"hidden\" name=\"postId_0\" value=\"M7KwMDECAA==\" \/><input type=\"hidden\" name=\"postTitle_0\" value=\"JY3BCcJAFERbmQrEBCxAzMG7oOBt14zJh+xf2N0Y9JQevIona7ABO0klrvEyDMy8mWl8rjVJpJOsro8QxZGSqLh4xcYHrwbTeMdBiD1DPLXD5x16baK7pjb3amkkmQ6WZ\/YMCQNDTZ3Gx8xV\/3iGjcZsU4Zh8tfut\/WykjexNV0H41CsFqh4o7MMKJdl8QU=\" \/><input type=\"hidden\" name=\"postLink_0\" value=\"yygpKSi20tcvLy\/Xy8jPSM3LARK6pXnpqWmZOSWpRSV6Kan69gW2RhYWJkYA\" \/><input type=\"hidden\" name=\"postAuthor_0\" value=\"S0zJzcwDAA==\" \/><input type=\"hidden\" name=\"postDateTime_0\" value=\"MzIwMtQ1NAIiBUMjKyAyMAEA\" \/><input type=\"hidden\" name=\"postContent_0\" value=\"nVbNbhs3EL7nKQYu0JO0kh0UaFLbQGSnNeoISePEBnIpKO3sLisuKZBcCdEp79BrUV\/0DD35tm+SJ+k3XPlHttoCNWCAXnL+vvnmGz87nB8fhuidLY9P2dO5Zx0W7CfK5nQxrZbteqLDtKIzZQwtnKVRe2NzqwO9GA5ONdNPHh\/YUgODHB5OvNImVKxr\/HHJ8GfpbWWZ3vO0ikE17TVec3aZkVE5jiXXeBNUTauGcIJZrksdlcElHCgbcI6NLanWkU59RmM9rRQbGpmm5h69slEHxqUOdRMmrJoielVG8YTfiYTpL9sbHyPXE\/alVATnb1AkB8+lZg\/3PYmekRS1HbaxnauaPuiIsF+\/\/LkdklDjJ8adTRCdOOCp8Ox3uuqcBUHyLwkS6s9RYm9KpAkX3LCPtGSPNL9++YMKjbQiAZCxjnHpplWPBKj975Acr1IJdDA82O9RU9P+i+z5kD5WnpBvjNnhYNPOw8H8+Bl+pMNcH18isVO10Dn93K5L9j26dD7ouGKbp+rCrtYFKdY9bt+333x\/cDD84XAAvw\/DbCI\/AAc404gNa9SL6lEFoJJ44FZjeFeyqam01D6Xt0EYUUuu0lJCa0nNYsPGMKntOHhTtGu5gN0oNf3qQdPhkhOOI\/Q2R3unldl4zHFz8dmq0pXJ+KOpSQN+pTta4\/qVLb0uCt75fqysFdhotdxQ69b0guddeOFWybjK6FMjVAp64\/nMGTdVDYBgo6JedGSED4n0S5NoMWPfP+Xahd7jov8F3LvcH5mcMZqesHUrnaZszHhm6UOFUbS9ZCNuRveThCkV\/49ob9t1JQOGHBqwAw+kbVk3l6RDhEGYezBnrnyUyS7QkOQfeSukTL+1N3lKy0NJmvlc4ivBS8Hj5vlmVKPCiKYv566uGytPz7UXvPup1rETR9wJilgFJz0faZPL5OGjh3DEO6ieciSj155mzvlcWy1TKamOVXttVVVzB+4j1YBqCVKzdl3PC\/lbFGAbp+zhjNwfL6AYmOPhc1J+IuoRk\/\/3bKANzoauqHfOwM0MxAosnFVFNHgFsv2jrl1EpWKoUUKAcOmmTmVJO3ghoJsN4CeVl48S5TVaDxILKp0ET9OdAV59HYyqN65\/xMkAE1HiHAKBBoh8gNWpmnG79ivRpiHNDM7xlgp3gwzc2NTtur3W0oV3Lp8q5ACV2ZbJArTr5LC9ETos0q1mlIxhDHOegZRPoU7F7BRcUDmTMFcaLPTQXFlZAWlVkMInS6XjmaT8aBeUvHRW9h2WVQWi2iTziaxLtqLrHJJIlP52I97q1e1i6F\/o2GDSkbxt7pZdJ99FR9wZeoHasZF8wjEtjLtd2++29L18y3w0XmGyp1CKjfBMgKtWls6VF5JiwQqD0wrdWgN5J6\/3vmQV3Kr\/7s29Q\/Pln4c32s7SOFzqnN3M2QJe7CoxT8SscKbsQlzxJHT7EjB2Nb\/cubgUVZ6Lo70qxvnLwWC5XGYAFhzoh0plOe9RRHkcj\/Z+nUBQZnsgmDnasw5W7D2Sss5BVNjvHT8xPhyo\/womq89vypcB\/B8hd7i4C\/w3\" \/> \t\t<a href=\"https:\/\/www.pdf24.org\" target=\"_blank\" title=\"www.pdf24.org\" rel=\"nofollow\"><img src=\"https:\/\/www.hohenlohe-ungefiltert.de\/wp-content\/plugins\/pdf24-post-to-pdf\/img\/pdf_32x32.png\" alt=\"\" border=\"0\" height=\"32\" \/><\/a> \t\t<span class=\"pdf24Plugin-cp-space\">&nbsp;&nbsp;<\/span> \t\t<span class=\"pdf24Plugin-cp-text\">Sende Artikel als PDF<\/span> \t\t<span class=\"pdf24Plugin-cp-space\">&nbsp;&nbsp;<\/span> \t\t<input class=\"pdf24Plugin-cp-input\" style=\"margin: 0px;\" type=\"text\" name=\"sendEmailTo\" placeholder=\"Emailadresse\" \/> \t\t<input class=\"pdf24Plugin-cp-submit\" style=\"margin: 0px;\" type=\"submit\" value=\"Senden\" \/> \t<\/form> <\/div>","protected":false},"excerpt":{"rendered":"<p>Der Kreisverband Schw\u00e4bisch Hall von B\u00fcndnis 90\/Die Gr\u00fcnen und der Crailsheimer Verein Ohne Rechtsau\u00dfen e.V. laden gemeinsam zu einer digitalen Veranstaltung mit Dr. Michael Blume, Antisemitismusbeauftragter der baden-w\u00fcrttembergischen Landesregierung, ein. Die Veranstaltung unter dem Titel \u201eAntisemitismus in Zeiten von Corona \u2013 Wie Verschw\u00f6rungsmythen digital befeuert werden\u201c findet am Mittwoch, den 15. Dezember 2021, um 19.30 [&hellip;]<\/p>\n","protected":false},"author":1,"featured_media":0,"comment_status":"open","ping_status":"open","sticky":false,"template":"","format":"standard","meta":[],"categories":[1],"tags":[],"_links":{"self":[{"href":"https:\/\/www.hohenlohe-ungefiltert.de\/index.php?rest_route=\/wp\/v2\/posts\/28842"}],"collection":[{"href":"https:\/\/www.hohenlohe-ungefiltert.de\/index.php?rest_route=\/wp\/v2\/posts"}],"about":[{"href":"https:\/\/www.hohenlohe-ungefiltert.de\/index.php?rest_route=\/wp\/v2\/types\/post"}],"author":[{"embeddable":true,"href":"https:\/\/www.hohenlohe-ungefiltert.de\/index.php?rest_route=\/wp\/v2\/users\/1"}],"replies":[{"embeddable":true,"href":"https:\/\/www.hohenlohe-ungefiltert.de\/index.php?rest_route=%2Fwp%2Fv2%2Fcomments&post=28842"}],"version-history":[{"count":1,"href":"https:\/\/www.hohenlohe-ungefiltert.de\/index.php?rest_route=\/wp\/v2\/posts\/28842\/revisions"}],"predecessor-version":[{"id":28843,"href":"https:\/\/www.hohenlohe-ungefiltert.de\/index.php?rest_route=\/wp\/v2\/posts\/28842\/revisions\/28843"}],"wp:attachment":[{"href":"https:\/\/www.hohenlohe-ungefiltert.de\/index.php?rest_route=%2Fwp%2Fv2%2Fmedia&parent=28842"}],"wp:term":[{"taxonomy":"category","embeddable":true,"href":"https:\/\/www.hohenlohe-ungefiltert.de\/index.php?rest_route=%2Fwp%2Fv2%2Fcategories&post=28842"},{"taxonomy":"post_tag","embeddable":true,"href":"https:\/\/www.hohenlohe-ungefiltert.de\/index.php?rest_route=%2Fwp%2Fv2%2Ftags&post=28842"}],"curies":[{"name":"wp","href":"https:\/\/api.w.org\/{rel}","templated":true}]}}