{"id":28804,"date":"2021-11-08T23:17:01","date_gmt":"2021-11-08T22:17:01","guid":{"rendered":"https:\/\/www.hohenlohe-ungefiltert.de\/?p=28804"},"modified":"2021-11-08T23:22:17","modified_gmt":"2021-11-08T22:22:17","slug":"bilder-aus-175-jahren-tsv-crailsheim-ausstellung-auf-dem-marktplatz-und-schweinemarktplatz","status":"publish","type":"post","link":"https:\/\/www.hohenlohe-ungefiltert.de\/?p=28804","title":{"rendered":"&#8222;Merlins, TSV-Fu\u00dfballer, Rad- und Turnsport in den 1920er Jahren, Skispringen auf der Eichwald-Schanze, Judo vor 40 Jahren&#8220; \u2013 Ausstellung auf dem Marktplatz und Schweinemarktplatz zu &#8222;175 Jahre TSV Crailsheim&#8220;"},"content":{"rendered":"\n<p><strong>Marktplatz und Schweinemarktplatz in Crailsheim sind seit Kurzem Ausstellungsort f\u00fcr Bilder, die einen Einblick in die vergangenen 175 Jahre des TSV Crailsheim bieten. Das Stadtarchiv Crailsheim hat die Ausstellung gemeinsam mit dem Verein in dessen Jubil\u00e4umsjahr initiiert.<\/strong><\/p>\n\n\n\n<p><em>Von der Stadtverwaltung Crailsheim<\/em><\/p>\n\n\n\n<p><strong>Seit 175 Jahren vielf\u00e4ltiges sportliches Engagement<\/strong><\/p>\n\n\n\n<p>Eine Ausstellung auf dem Marktplatz und Schweinemarktplatz, die gemeinsam vom Stadtarchiv Crailsheim und dem TSV Crailsheim entwickelt wurde, zeigt Motive aus der 175-j\u00e4hrigen Geschichte des gr\u00f6\u00dften Crailsheimer Vereins. Die Bildtafeln wurden vom Baubetriebshof aufgestellt. Crailsheims Oberb\u00fcrgermeister Dr. Christoph Grimmer und Stadtarchivar Folker F\u00f6rtsch er\u00f6ffneten gemeinsam mit dem TSV-Vorsitzenden Klaus-J\u00fcrgen M\u00fcmmler und der stellvertretenden Vorsitzenden Manuela Mai die Ausstellung und begutachteten die zum Teil historischen Bilder. \u201eDie Ausstellung gibt wunderbar wieder, wie vielf\u00e4ltig sportliches Engagement seit 175 Jahren beim TSV Crailsheim betrieben wird\u201c, zeigte sich Grimmer von den Motiven beeindruckt. <\/p>\n\n\n\n<p><strong>Ausstellung ist mehrere Wochen zu sehen<\/strong><\/p>\n\n\n\n<p>Stadtarchivar F\u00f6rtsch betonte, dass die Ausstellung nur unter tatkr\u00e4ftiger Mithilfe der Abteilungen des Vereins m\u00f6glich war, die viele der Bilder beigesteuert haben. Die Bilder zeigen sowohl aktuelle Motive der Merlins oder der TSV-Fu\u00dfballer, zugleich gew\u00e4hrt die Ausstellung auch Einblicke in den Rad- und Turnsport in den 1920er Jahren, zeigt das Skispringen auf der Schanze im Eichwald oder Aufnahmen der Judoabteilung aus den 1980er Jahren. \u201eEs freut mich sehr, dass wir mit dieser Ausstellung im Jubil\u00e4umsjahr zumindest ein Ausrufezeichen setzen k\u00f6nnen, nachdem viele Planungen wegen der Corona-Pandemie nicht umgesetzt werden konnten\u201c, freute sich Klaus-J\u00fcrgen M\u00fcmmler und verriet, dass die Planungen f\u00fcr 2022 bereits laufen und ein Teil der Feierlichkeiten nachgeholt werden solle. Die Ausstellung \u201e175 Jahre TSV Crailsheim\u201c kann in den n\u00e4chsten Wochen auf dem Markplatz und Schweinemarktplatz besichtigt werden.<\/p>\n\n\n\n<p><strong>Weitere Informationen im Internet \u00fcber 175 Jahre TSV Crailsheim:<\/strong><\/p>\n\n\n\n<p><a href=\"https:\/\/sonderthemen.swp.de\/sportverein-tsv-crailsheim-jubilaeumsjahr-veranstaltungen-geschichte-ausstellung-vorsitzender-klaus-juergen-muemmler-123224\" target=\"_blank\" rel=\"noreferrer noopener\">https:\/\/sonderthemen.swp.de\/sportverein-tsv-crailsheim-jubilaeumsjahr-veranstaltungen-geschichte-ausstellung-vorsitzender-klaus-juergen-muemmler-123224<\/a><\/p>\n<div class=\"pdf24Plugin-cp\"> \t<form name=\"pdf24Form0\" method=\"post\" action=\"https:\/\/doc2pdf.pdf24.org\/wordpress.php\" target=\"pdf24PopWin\" onsubmit=\"var pdf24Win = window.open('about:blank', 'pdf24PopWin', 'resizable=yes,scrollbars=yes,width=600,height=250,left='+(screen.width\/2-300)+',top='+(screen.height\/3-125)+''); pdf24Win.focus(); if(typeof pdf24OnCreatePDF === 'function'){void(pdf24OnCreatePDF(this,pdf24Win));}\"> \t\t<input type=\"hidden\" name=\"blogCharset\" value=\"Cw1x07UAAA==\" \/><input type=\"hidden\" name=\"blogPosts\" value=\"MwQA\" \/><input type=\"hidden\" name=\"blogUrl\" value=\"yygpKSi20tcvLy\/Xy8jPSM3LARK6pXnpqWmZOSWpRSV6KakA\" \/><input type=\"hidden\" name=\"blogName\" value=\"88jPSM3LARK6pXnpqWmZOSWpRSUA\" \/><input type=\"hidden\" name=\"blogValueEncoding\" value=\"gzdeflate base64\" \/><input type=\"hidden\" name=\"postId_0\" value=\"M7KwMDABAA==\" \/><input type=\"hidden\" name=\"postTitle_0\" value=\"RY8xasNQEESvMmBQJYEsbOzgKpikELixRPqN\/8b66Gsl9uvboMp38AFymNwkJ7EUC9LOzrydiRbbLMt2B1Znxccoi4\/kPfx8f5JzrDGOZBIEMSiDiu9a7WEFhgXLlyxlRU6VssQoaus7tXIeTxS+RovizZ6qKzmTFKeKZOAYeTAtLq1ilc7JaCqQ7vB7u+M1eN+zc0HOM6PBgbTuO0f98FdjJF3ZCjf\/8hAQPVcsN+sndZqBvZJ1vmLbzD8e\" \/><input type=\"hidden\" name=\"postLink_0\" value=\"yygpKSi20tcvLy\/Xy8jPSM3LARK6pXnpqWmZOSWpRSV6Kan69gW2RhYWBiYA\" \/><input type=\"hidden\" name=\"postAuthor_0\" value=\"S0zJzcwDAA==\" \/><input type=\"hidden\" name=\"postDateTime_0\" value=\"MzIwMtQ1NNQ1sFAwMrYyNLQyMAQA\" \/><input type=\"hidden\" name=\"postContent_0\" value=\"zVZNb9tGEL3nVyx0DqVYbdE2kA04sR3EgdCgDpxjsRSH5JrLXWE\/JECn\/JCiufg3+OQb\/0l+Sd8sKUu2lfRaAYZk7u7MmzfvzfLFbHky88FZU53MpWvCUsuwEdEU4mpRr0kZanePlRFvnVTa16Ra4RV2eVJBfIhuQ604jd4H0jqaylsXRNndO\/FG6YLcS1EoEhzOiHNlcq0WDYfjpytylTQV8drRr7+IS1k7EgV58enqej9hriiQGYsz6cVVkEWQblGr1f6WWoYUcw+KqKhFYi9b0QJrAaDX5PAk5SfvkfYy5kp3t7H1N0iOBRWUIhfGs8lAzmyyPHmBD\/NF7cm15bOuh4EC1lIHzrWDMptg2\/6pIdAVE\/ZQphErRbrsbnVQFSr2SxAHcmr8PjeVZOwmHEIBFh+XKWOZivvPNva92LGysu336OQAHPNJIwBpjQaSDmIdXUEvxYZUFcTcBrUiIPGJHFSZ3XS3tUNpRrwjj\/CLOvS9rVx3131FP\/cC40zfGo8mAyNrJ8iStOnzmIT1jYw5Baco97UtuW4wxyyE8V4sL\/7IyeWQYEUOpWKHE2cOW4DHB7usxTunWs6ZaNoRIJ24sLrBwkV35wJQCwLYsjQsvwNyAjvZtXVehQ0ZRvlBg4LsMuU2Yt7dt60e8jAvCSxEExwH5AOPTs+liaQlvtUzLXOInKoYJBPJcHjHJgIEKS1qrgzlQT9mcN5YfPvyz9lTS6icW4d0Lke5a0XJo2t2406P31Fj7\/k9Ceesiade7TuE1bVyxbcvfw8aIYyNxY76VfKRGZTDocBt4eKiQTMPuGe\/CNQqWgICTIvPNpW8iQCHH4cM86TD29YCqDUBEi6k98\/4NpHbxtIJMjSuuy3Zp07MVaiVLin18zQPID\/yCEvSHjQs2u6uYvbEWg4DkMntz\/TNYeqSeCPUgOGVp\/E2KB\/LTBmCeru2tRayCRAGAgw+4x1zcppzWf6H\/1iMF7H7mkvsRNpNrDQxiIrW7MXn81FGrG6HMvVT0Yg\/ZZEluX2KziQhbFeOfp++QqK++VvrFzyTG+WXTiUe+mnkePxIs0HUFikwiqQueqynsTSybqmfo5exsHJL4zBAONNvu0xJyOdelI4iGs8lodduaBxU1vtRkU\/R93TSPp3v8AtUBt75RuK9Lpa0YZaYbGIjiqa7M4brM7Aau7zv3UcNd6YK11QN4N9aaE1mHyVitiDX8JQTsUVnEQtGozS7GmugJJO8kIoYvPCDaYEhAReFPXHu8qfbdfpqOoWIoLfgBeKUWOCDXFeaCIzvghSrZFE32IYNXFFFtdUP0LyFWHrl7TMHwncX8mODowrRSGO2ojDd7aL2HH2w4v519MOXipyYhcAi6tGMD\/j+MyMHiPemtK6VQVl+W0Bn37M5MZhFd5\/3V85BuK8PXuRSYGd5PKpDWPrXk4m3PBFDzWNu7NfLcUGTJP1VcnQW\/CpbPMTMblhVkgZVZdgkjQ\/9mwCZrHq48DK5IzVb7Wa9y5rU+xvYn0+0kVLvs6PpT9PpzyMMHTwPx6O\/crS9GQlH+nhkLEBDGCjXWLvEe5MbnfxPS5hNZM\/4vw==\" \/> \t\t<a href=\"https:\/\/www.pdf24.org\" target=\"_blank\" title=\"www.pdf24.org\" rel=\"nofollow\"><img src=\"https:\/\/www.hohenlohe-ungefiltert.de\/wp-content\/plugins\/pdf24-post-to-pdf\/img\/pdf_32x32.png\" alt=\"\" border=\"0\" height=\"32\" \/><\/a> \t\t<span class=\"pdf24Plugin-cp-space\">&nbsp;&nbsp;<\/span> \t\t<span class=\"pdf24Plugin-cp-text\">Sende Artikel als PDF<\/span> \t\t<span class=\"pdf24Plugin-cp-space\">&nbsp;&nbsp;<\/span> \t\t<input class=\"pdf24Plugin-cp-input\" style=\"margin: 0px;\" type=\"text\" name=\"sendEmailTo\" placeholder=\"Emailadresse\" \/> \t\t<input class=\"pdf24Plugin-cp-submit\" style=\"margin: 0px;\" type=\"submit\" value=\"Senden\" \/> \t<\/form> <\/div>","protected":false},"excerpt":{"rendered":"<p>Marktplatz und Schweinemarktplatz in Crailsheim sind seit Kurzem Ausstellungsort f\u00fcr Bilder, die einen Einblick in die vergangenen 175 Jahre des TSV Crailsheim bieten. Das Stadtarchiv Crailsheim hat die Ausstellung gemeinsam mit dem Verein in dessen Jubil\u00e4umsjahr initiiert. Von der Stadtverwaltung Crailsheim Seit 175 Jahren vielf\u00e4ltiges sportliches Engagement Eine Ausstellung auf dem Marktplatz und Schweinemarktplatz, die [&hellip;]<\/p>\n","protected":false},"author":1,"featured_media":0,"comment_status":"open","ping_status":"open","sticky":false,"template":"","format":"standard","meta":[],"categories":[1],"tags":[],"_links":{"self":[{"href":"https:\/\/www.hohenlohe-ungefiltert.de\/index.php?rest_route=\/wp\/v2\/posts\/28804"}],"collection":[{"href":"https:\/\/www.hohenlohe-ungefiltert.de\/index.php?rest_route=\/wp\/v2\/posts"}],"about":[{"href":"https:\/\/www.hohenlohe-ungefiltert.de\/index.php?rest_route=\/wp\/v2\/types\/post"}],"author":[{"embeddable":true,"href":"https:\/\/www.hohenlohe-ungefiltert.de\/index.php?rest_route=\/wp\/v2\/users\/1"}],"replies":[{"embeddable":true,"href":"https:\/\/www.hohenlohe-ungefiltert.de\/index.php?rest_route=%2Fwp%2Fv2%2Fcomments&post=28804"}],"version-history":[{"count":7,"href":"https:\/\/www.hohenlohe-ungefiltert.de\/index.php?rest_route=\/wp\/v2\/posts\/28804\/revisions"}],"predecessor-version":[{"id":28811,"href":"https:\/\/www.hohenlohe-ungefiltert.de\/index.php?rest_route=\/wp\/v2\/posts\/28804\/revisions\/28811"}],"wp:attachment":[{"href":"https:\/\/www.hohenlohe-ungefiltert.de\/index.php?rest_route=%2Fwp%2Fv2%2Fmedia&parent=28804"}],"wp:term":[{"taxonomy":"category","embeddable":true,"href":"https:\/\/www.hohenlohe-ungefiltert.de\/index.php?rest_route=%2Fwp%2Fv2%2Fcategories&post=28804"},{"taxonomy":"post_tag","embeddable":true,"href":"https:\/\/www.hohenlohe-ungefiltert.de\/index.php?rest_route=%2Fwp%2Fv2%2Ftags&post=28804"}],"curies":[{"name":"wp","href":"https:\/\/api.w.org\/{rel}","templated":true}]}}