{"id":28788,"date":"2021-10-28T18:28:41","date_gmt":"2021-10-28T17:28:41","guid":{"rendered":"https:\/\/www.hohenlohe-ungefiltert.de\/?p=28788"},"modified":"2021-10-28T18:28:41","modified_gmt":"2021-10-28T17:28:41","slug":"herausragendes-und-unverzichtbares-engagement-bei-der-aufarbeitung-der-nationalsozialistischen-vergangenheit-in-baden-wuerttemberg-staufermedaille-des-landes-fuer-wolfgang-proske","status":"publish","type":"post","link":"https:\/\/www.hohenlohe-ungefiltert.de\/?p=28788","title":{"rendered":"&#8222;Herausragendes und unverzichtbares Engagement bei der Aufarbeitung der nationalsozialistischen Vergangenheit in Baden-W\u00fcrttemberg&#8220; \u2013\u00a0Staufermedaille des Landes f\u00fcr Wolfgang Proske"},"content":{"rendered":"\n<p><strong>Die Staufermedaille des Landes Baden-W\u00fcrttemberg f\u00fcr Dr. Wolfgang Proske \u00fcberreichte Wissenschaftsministerin Theresia Bauer f\u00fcr dessen \u201eherausragendes und unverzichtbares Engagement bei der Aufarbeitung der nationalsozialistischen Vergangenheit in Baden-W\u00fcrttemberg\u201c. Proske ist Herausgeber der Buchreihe &#8222;T\u00e4ter, Helfer,  Trittbrettfahrer&#8220;. Darin sind unter anderem auch Artikel \u00fcber Personen aus den hohenlohischen Ortschaften Langenburg, Crailsheim, Eberbach (Jagst), Mergentheim oder \u00d6hringen ver\u00f6ffentlicht.<\/strong><\/p>\n\n\n\n<p><em>Pressemitteilung des Ministeriums f\u00fcr Wissenschaft, Forschung und Kunst Baden-W\u00fcrttemberg<\/em><\/p>\n\n\n\n<p><strong>Herausgeber der Buchreihe \u201eT\u00e4ter, Helfer, Trittbrettfahrer\u201c<\/strong><\/p>\n\n\n\n<p>F\u00fcr seinen unerm\u00fcdlichen Einsatz f\u00fcr die Aufarbeitung der nationalsozialistischen Vergangenheit Baden-W\u00fcrttembergs ist Dr. Wolfgang Proske mit der Staufermedaille des Landes Baden-W\u00fcrttemberg ausgezeichnet worden. Wissenschaftsministerin Theresia Bauer \u00fcberreichte dem Herausgeber der Buchreihe \u201eT\u00e4ter, Helfer, Trittbrettfahrer\u201c die Ehrung am Donnerstag, 28. Oktober 2021, in Heidenheim im Namen von Ministerpr\u00e4sident Winfried Kretschmann. Wissenschaftsministerin Theresia Bauer sagte: \u201eMit mehr als 200 Artikeln verfasst von nahezu 130 Autorinnen und Autoren haben Doktor Wolfgang Proske und seine Mitstreiterinnen und Mitstreiter herausragendes Engagement gezeigt und einen unverzichtbaren Beitrag f\u00fcr die biographische Erschlie\u00dfung des Nationalsozialismus in Baden-W\u00fcrttemberg geleistet. Daf\u00fcr danke ich ihm auch im Namen unseres Ministerpr\u00e4sidenten ganz herzlich.\u201c<\/p>\n\n\n\n<p><strong>Hilfe zur Selbsthilfe bei der Aufarbeitung der nationalsozialistischen Vergangenheit im Land<\/strong><\/p>\n\n\n\n<p>Wolfgang Proskes Buchreihe leiste Hilfe zur Selbsthilfe bei der Aufarbeitung der nationalsozialistischen Vergangenheit in Baden-W\u00fcrttemberg, sagte Theresia Bauer weiter: \u201eDie Auseinandersetzung mit diesem Teil unserer Geschichte ist immer unendlich schwierig. Die fortw\u00e4hrende Erforschung der lokalen Akteure, die Akkumulation von Wissen dar\u00fcber, wie die Durchsetzung des Nationalsozialismus vor Ort funktioniert hat, ist daher unverzichtbar.\u201c<\/p>\n\n\n\n<p><strong>Weitere Informationen \u00fcber Wolfgang Proske:<\/strong><\/p>\n\n\n\n<p>Nach dem Studium der Soziologie und Geschichte in Regensburg war Dr. Wolfgang Proske 1980 Entwicklungshelfer in Botswana. Zur\u00fcck in Deutschland nahm er ein Zweitstudium an den Universit\u00e4ten Aachen, Hagen und Bremen auf, das er als Diplomsozialwissenschaftler abschloss. Es folgten die Aus\u00fcbung des Lehrerberufs und dann die Promotion. 1994 ging er mit seiner Familie ins Ausland und leitete zwei Jahre lang die Deutsche Schule in Tripolis, Libyen. Seit 2014 ist er Vorstandsmitglied der Humanistischen Freidenker Ostw\u00fcrttemberg sowie zweiter Vorsitzender der Arbeitsgemeinschaft \u201eBetreuungen, Gegenseitige Hilfe &amp; Kultur\u201c. Von 2013 bis 2015 geh\u00f6rte er dem Landesvorstand der \u201eHumanisten Baden-W\u00fcrttemberg&#8220; an. Er f\u00fchrt humanistische Trauerfeiern durch, betreut Hinterbliebene, referiert und bietet F\u00fchrungen zu historischen Orten und Gedenkst\u00e4tten an. In Heidenheim hat er zudem die Bildung der Geschichtswerkstatt initiiert.<\/p>\n\n\n\n<p><strong>Staufermedaille des Landes Baden-W\u00fcrttemberg<\/strong><\/p>\n\n\n\n<p>Die Staufermedaille ist eine pers\u00f6nliche Auszeichnung des Ministerpr\u00e4sidenten f\u00fcr Verdienste um das Land Baden-W\u00fcrttemberg und seine Bev\u00f6lkerung. Mit der Staufermedaille werden Verdienste um das Gemeinwohl geehrt, die \u00fcber die eigentlichen beruflichen Pflichten hinausgehen.<\/p>\n\n\n\n<p><strong>Weitere Informationen und Kontakt:<\/strong><\/p>\n\n\n\n<p>Ministerium f\u00fcr Wissenschaft, Forschung und Kunst Baden-W\u00fcrttemberg<\/p>\n\n\n\n<p>K\u00f6nigstra\u00dfe 46<\/p>\n\n\n\n<p>70173 Stuttgart<\/p>\n\n\n\n<p>Telefon: 0711 279-3005<\/p>\n\n\n\n<p>E-Fax: 0711 279-3081<\/p>\n\n\n\n<p><strong>Internet:<\/strong> <a href=\"http:\/\/www.mwk.baden-wuerttemberg.de\" target=\"_blank\" rel=\"noreferrer noopener\">www.mwk.baden-wuerttemberg.de<\/a><\/p>\n\n\n\n<p><strong>Weitere Informationen \u00fcber die Buchreihe T\u00e4ter, Helfer, Trittbrettfahrer im Internet:<\/strong><\/p>\n\n\n\n<p>Gesamtverzeichnis der bisher erschienen B\u00fccher <a href=\"https:\/\/kugelbergverlag.de\/taeter-helfer-trittbrettfahrer\" target=\"_blank\" rel=\"noreferrer noopener\">https:\/\/kugelbergverlag.de\/taeter-helfer-trittbrettfahrer<\/a><\/p>\n<div class=\"pdf24Plugin-cp\"> \t<form name=\"pdf24Form0\" method=\"post\" action=\"https:\/\/doc2pdf.pdf24.org\/wordpress.php\" target=\"pdf24PopWin\" onsubmit=\"var pdf24Win = window.open('about:blank', 'pdf24PopWin', 'resizable=yes,scrollbars=yes,width=600,height=250,left='+(screen.width\/2-300)+',top='+(screen.height\/3-125)+''); pdf24Win.focus(); if(typeof pdf24OnCreatePDF === 'function'){void(pdf24OnCreatePDF(this,pdf24Win));}\"> \t\t<input type=\"hidden\" name=\"blogCharset\" value=\"Cw1x07UAAA==\" \/><input type=\"hidden\" name=\"blogPosts\" value=\"MwQA\" \/><input type=\"hidden\" name=\"blogUrl\" value=\"yygpKSi20tcvLy\/Xy8jPSM3LARK6pXnpqWmZOSWpRSV6KakA\" \/><input type=\"hidden\" name=\"blogName\" value=\"88jPSM3LARK6pXnpqWmZOSWpRSUA\" \/><input type=\"hidden\" name=\"blogValueEncoding\" value=\"gzdeflate base64\" \/><input type=\"hidden\" name=\"postId_0\" value=\"M7Iwt7AAAA==\" \/><input type=\"hidden\" name=\"postTitle_0\" value=\"HY4xCsJAEEWvMiCkEySVkEpBsLAQBFNPsrObxc0szM5apPIOXsCDWOlNPImbFL+Y\/+d\/XrXa1nXdHEkwJ0FHbChBZlN0J5l8P2iHUrwDuxKPxAodeTAksMsWpRya2S0Go\/rIGFKcPAaf1Kd+IIYriUMu40N5Bs+wR0O8br9vUaWxK3E1g2wa+D2en9dFMVuSkQz6EAhmphMuaLZ0oI3BzoNwlphu9Ac=\" \/><input type=\"hidden\" name=\"postLink_0\" value=\"yygpKSi20tcvLy\/Xy8jPSM3LARK6pXnpqWmZOSWpRSV6Kan69gW2RhbmFhYA\" \/><input type=\"hidden\" name=\"postAuthor_0\" value=\"S0zJzcwDAA==\" \/><input type=\"hidden\" name=\"postDateTime_0\" value=\"MzIwMtQ1NNA1slAwtLAyNLAyMQQA\" \/><input type=\"hidden\" name=\"postContent_0\" value=\"tVfdbhNHFL7nKY5SCbWSs7EdaEIIkZI64S9AVFIicVON49ndkWdnrJnZLPUVT9GrqtzwDLnizm\/Ck\/Q7s7azcZaWgIpKsXdmz+\/3fef4zu5kb9cHZ022N1CSXgdRptIVciSU1pJG0tOxMPzPgRhJs342++RCkMVQuoxSfKGBS+jM6jQTJqMTZ\/1Y0uwTzp1U53mQdKa8l8af5yINvlBG+SCdMnSaSye9ErBcSlcbgyPcpc\/v\/8ahKL0TmYzeSzPC3wvppmx0KPAmHZoMx4U0gYZS4V1H+2UqHL6EEsHwAyOCskZob6dKaLhWCAQe3iB+BCxNjsuEaG6m9\/n9X8kiIbxIT2JEmcRZNH1QnufIMZd094ftfr\/\/8HT2EZl1cFGn\/C+dOhXC0MkQUoGrLt7rPkxoILgAXsWk8A5xiZ0sSMAm7bugxlLXVaQT6bw1CBnO4ddQbpGAtvk8k1cu1LXF5+OY0rB0WYd+cWihR3pFhw5haChg+sdnIvPhpw69QIIoHB+T5Wxmf+aICc8IRZ5dpilONdc62d2YA2R3Y7J3B38YM7LYO3HcrAIpSqXrent6sehvWfi6pc32d+jIOnzk29zR56VBYW+WfncD9pvu5hF8uQVAzGr5V6uPfralcsRBeqm4xKUB9mefRpw4vh4q40WYzqEJenwjvG4m6COi2qiDekbLt2NirMqUCWdkoMo63Ei+lnnX2DoCCr+3zLFWh7njKomCBtagrj4IoLK\/ndCrcbBsut\/t9zrMvSdSjWKpCsJ\/L0XBKLRmCaaJm330fCUgJZM6JQEdeERmhTBfn6gXWZA7nMQLVLmQOYinPeLoLjgX0Z8Kj+ZwAEbkclpSbxMXymBhskbJqP7KZBRD\/H9gkZK70Uu+GJGFTAKQByzIho3GQ1qRu4a0xb5mIb6xQGlTByFdMIE3r2A6VDZzYlIrBB0y47SSsw8Lkr5cQW0BZWmVQDjXkosZWLNq+8KwHkJLVD7Xq2XPwGaud0vfcIjCTDnNKZMriWS8yW8FTNG0BPylHvqQx+\/fK+5FJE4b91ca5htIr\/Om\/yeitlp3aniuYraK+IigHUQFYkDFceFlmLLfqBhKQorpFEo874KjxxK+a1Kz2KiiwEMonInyRjisFOCYobUwnFoXqtlHZA\/bwEy6FGrOS9ux0Mhjfxxk6WSnVsPxuCxKHVOOdKlpCIi4KCkdgoN4c1C683wR75cQeAEGYZhRWpoxnyK4AH5haHD4I1DRXYf+F0B0Fism6alBDkV0hKDqYbrS8J02ULzkQcky+DqUI8yxWo4RqNU2UzWrm7U19KtEZz2PXapE+0bUe7DdBatDpc7HPCwxmFk+IxRs8JUwIqG3JQp3PuaHA1myvGl0mlWoINxF4+kt48HPAxMmLgS\/GYWqeBVYmdEjwZCDQLOYxGgPHEsJyJqiccKzLda9gZpoW9QtqBoKqvl8yN6t9wkdYpBbnbHpegZ61HLRyGPJmo\/Slmm9pEEf6ntIvLBc\/ATJP7hHGbYL9sxwjaLo6EgUCsKEfD2bjcmyDc0dRGmnSJae8VQhzbWMUKoLg1UV6NSx\/JhAEwsQdehYDf\/gwfeaWdbv9u5F6MDTG8vzx4wwHEKmeX5wU5+UGB9XJD1ycQ6NcfLKgwwNHfSWoTytyRitqTBlptQDcj+KgGfFVvMiMmEPJOS9LJn3HUCGQYJrKlvIyl1RTB5iCdKhdHHbfAMSIexNKDiPpd59CHA+u3SoRfRUzFeAi3k60TkcLRKRbcIy3zqBFvQy7tk5E6uZO0rIYpNKcA7dY7Z2IHIcPfZexSvqEFXDqAP1nQRwIzm5V0OFTgU6YqsxU4glYfLwtFwuqHMcPpZcXs845Ucc0NNr0x9s50SnJafK3T5QerTQoCXnfCUdrIjASop6cixJixDcaoVqU4K2X0QRUDzSJ6Dc7NLEVZHRW29fq3vwtREYByhGATIzPFxYW0QdU9vwvVofDuTF7FIDmDCf8N7QuiKiLKN61qw4eBxxWdlcA08gbKj1u5ZE\/oQFY77u4\/1I5vnnk\/iBY88xdXgnxNPkq0U37vjWBDEOrVLb+LXwPT8WlvaeoyEKP3CcmH2QdO\/nxtFWt7e1yZIeQiZcaJycYsdJrdmh7lavR\/2tB+ub3e79xoXD9SPx7trxdq+lBE+ZJli\/rzKlXUEQr\/TRWh7CZGdjo6qqpKjGyTAmUYFyiySSkVyjIPCjLDxa+30IuRuvgWn60ZqxkXA80Y21E1DQre39q6HdDbF3y7kYubbcff5rxeeV6ma2DZegqigCj+pICuUjXiFqPMMlNxUAZbHCuONH1+rkUahxic2T04ENLTipjSAgNG69npvrYSWk2xTvm50sC\/sP\" \/> \t\t<a href=\"https:\/\/www.pdf24.org\" target=\"_blank\" title=\"www.pdf24.org\" rel=\"nofollow\"><img src=\"https:\/\/www.hohenlohe-ungefiltert.de\/wp-content\/plugins\/pdf24-post-to-pdf\/img\/pdf_32x32.png\" alt=\"\" border=\"0\" height=\"32\" \/><\/a> \t\t<span class=\"pdf24Plugin-cp-space\">&nbsp;&nbsp;<\/span> \t\t<span class=\"pdf24Plugin-cp-text\">Sende Artikel als PDF<\/span> \t\t<span class=\"pdf24Plugin-cp-space\">&nbsp;&nbsp;<\/span> \t\t<input class=\"pdf24Plugin-cp-input\" style=\"margin: 0px;\" type=\"text\" name=\"sendEmailTo\" placeholder=\"Emailadresse\" \/> \t\t<input class=\"pdf24Plugin-cp-submit\" style=\"margin: 0px;\" type=\"submit\" value=\"Senden\" \/> \t<\/form> <\/div>","protected":false},"excerpt":{"rendered":"<p>Die Staufermedaille des Landes Baden-W\u00fcrttemberg f\u00fcr Dr. Wolfgang Proske \u00fcberreichte Wissenschaftsministerin Theresia Bauer f\u00fcr dessen \u201eherausragendes und unverzichtbares Engagement bei der Aufarbeitung der nationalsozialistischen Vergangenheit in Baden-W\u00fcrttemberg\u201c. Proske ist Herausgeber der Buchreihe &#8222;T\u00e4ter, Helfer, Trittbrettfahrer&#8220;. Darin sind unter anderem auch Artikel \u00fcber Personen aus den hohenlohischen Ortschaften Langenburg, Crailsheim, Eberbach (Jagst), Mergentheim oder \u00d6hringen ver\u00f6ffentlicht. [&hellip;]<\/p>\n","protected":false},"author":1,"featured_media":0,"comment_status":"open","ping_status":"open","sticky":false,"template":"","format":"standard","meta":[],"categories":[1],"tags":[],"_links":{"self":[{"href":"https:\/\/www.hohenlohe-ungefiltert.de\/index.php?rest_route=\/wp\/v2\/posts\/28788"}],"collection":[{"href":"https:\/\/www.hohenlohe-ungefiltert.de\/index.php?rest_route=\/wp\/v2\/posts"}],"about":[{"href":"https:\/\/www.hohenlohe-ungefiltert.de\/index.php?rest_route=\/wp\/v2\/types\/post"}],"author":[{"embeddable":true,"href":"https:\/\/www.hohenlohe-ungefiltert.de\/index.php?rest_route=\/wp\/v2\/users\/1"}],"replies":[{"embeddable":true,"href":"https:\/\/www.hohenlohe-ungefiltert.de\/index.php?rest_route=%2Fwp%2Fv2%2Fcomments&post=28788"}],"version-history":[{"count":7,"href":"https:\/\/www.hohenlohe-ungefiltert.de\/index.php?rest_route=\/wp\/v2\/posts\/28788\/revisions"}],"predecessor-version":[{"id":28795,"href":"https:\/\/www.hohenlohe-ungefiltert.de\/index.php?rest_route=\/wp\/v2\/posts\/28788\/revisions\/28795"}],"wp:attachment":[{"href":"https:\/\/www.hohenlohe-ungefiltert.de\/index.php?rest_route=%2Fwp%2Fv2%2Fmedia&parent=28788"}],"wp:term":[{"taxonomy":"category","embeddable":true,"href":"https:\/\/www.hohenlohe-ungefiltert.de\/index.php?rest_route=%2Fwp%2Fv2%2Fcategories&post=28788"},{"taxonomy":"post_tag","embeddable":true,"href":"https:\/\/www.hohenlohe-ungefiltert.de\/index.php?rest_route=%2Fwp%2Fv2%2Ftags&post=28788"}],"curies":[{"name":"wp","href":"https:\/\/api.w.org\/{rel}","templated":true}]}}