{"id":28773,"date":"2021-10-26T20:48:08","date_gmt":"2021-10-26T19:48:08","guid":{"rendered":"https:\/\/www.hohenlohe-ungefiltert.de\/?p=28773"},"modified":"2021-10-26T20:48:08","modified_gmt":"2021-10-26T19:48:08","slug":"impfung-fuer-unter-12-jaehrige-jugendliche-haben-viel-gravierende-probleme-als-corona-kommentar-des-buerger-und-patientenverbands-gesundheit-aktiv","status":"publish","type":"post","link":"https:\/\/www.hohenlohe-ungefiltert.de\/?p=28773","title":{"rendered":"&#8222;Impfung f\u00fcr unter 12-J\u00e4hrige? \u2013 Jugendliche haben viel gravierende Probleme als Corona&#8220; \u2013\u00a0Kommentar des &#8222;B\u00fcrger- und Patientenverbands Gesundheit Aktiv&#8220;"},"content":{"rendered":"\n<p><strong>Dass der Impfstoff von BioNTech\/Pfizer bereits an unter 12-j\u00e4hrigen Kindern bis hinab zum Alter von sechs Monate alten S\u00e4uglingen erprobt wird, ist bereits bekannt. Jetzt hat die Firma ihre Studienergebnisse f\u00fcr den Einsatz bei Kindern zwischen f\u00fcnf und elf Jahren ver\u00f6ffentlicht. Nat\u00fcrlich hat sich der Impfstoff als \u201egut vertr\u00e4glich\u201c erwiesen, hei\u00dft es in einer Pressemitteilung von BioNTech\/Pfizer. \u00dcberpr\u00fcfbare Fakten sind darin jedoch nicht enthalten.<\/strong><\/p>\n\n\n\n<p><em>Kommentar des &#8222;B\u00fcrger- und Patientenverbands Gesundheit Aktiv&#8220; auf seiner Internetseite<\/em><\/p>\n\n\n\n<p><strong>Notfallzulassung f\u00fcr Impfung bei 5- bis 11-J\u00e4hrigen eingereicht<\/strong><\/p>\n\n\n\n<p>In den USA haben BioNTech\/Pfizer gerade die Notfallzulassung f\u00fcr die Impfung bei 5- bis 11-J\u00e4hrigen eingereicht, wie der SPIEGEL berichtet. \u201eZu Thanksgiving sollte der Impfstoff verf\u00fcgbar sein\u201c, meint ein Sprecher des Wei\u00dfen Hauses, wie die Nachrichtenagentur Reuters schreibt. Die Firma k\u00fcndigte bereits an, in K\u00fcrze auch bei der Europ\u00e4ischen Arzneimittelbeh\u00f6rde EMA die Zulassungsunterlagen einzureichen.<\/p>\n\n\n\n<p><strong>Rabes Fazit: Kinder brauchen keine Covid-Impfstoffe<\/strong><\/p>\n\n\n\n<p>Steffen Rabe, Kinder- und Jugendarzt in M\u00fcnchen und Sprecher des Vorstands der \u201e\u00c4rztinnen und \u00c4rzte f\u00fcr individuelle Impfentscheidung\u201c (\u00c4FI) kommentiert dazu in seinem Blog coronoia.info: \u201eDie behauptete \u201aWirksamkeit\u2018 wird hier nicht einmal wie in den schon schlechten Zulassungsstudien bei Erwachsenen mit dem Schutz vor Covid-Erkrankungen oder gar schweren Verl\u00e4ufen nachgewiesen, sondern ausschlie\u00dflich mit der Bildung von Antik\u00f6rpern gegen das Originalvirus (!). Ob hier tats\u00e4chlich ein \u2013 f\u00fcr Kinder dieser Altersgruppe unn\u00f6tiger \u2013 Schutz vor schweren Erkrankungen unter der Delta-Variante entsteht, der Impfstoff also klinisch relevant wirksam ist, bleibt v\u00f6llig offen. Dies wird angesichts der extrem seltenen schweren Erkrankungen bei Kindern mutma\u00dflich auch kaum nachzuweisen sein. Und wenn das \u201aSicherheitsprofil\u2018 des Impfstoffs in dieser Altersgruppe, wie in der Pressemitteilung behauptet, dem \u201ain anderen \u00e4lteren Bev\u00f6lkerungsgruppen\u2018 entspricht, ist es f\u00fcr Kinder angesichts ihres minimalen Komplikationsrisikos bei der Erkrankung und des bei \u00e4lteren Jugendlichen erheblichen Komplikationsrisikos der Impfstoffe v\u00f6llig inakzeptabel.\u201c Rabes Fazit: Kinder brauchen keine Covid-Impfstoffe.<\/p>\n\n\n\n<p><strong>Risiko von 1 : 5000<\/strong><\/p>\n\n\n\n<p>Dies erscheint umso begr\u00fcndeter, als eine Herzmuskelentz\u00fcndung bei Jugendlichen und jungen Erwachsenen nach einer Impfung mit mRNA-Impfstoffen weitaus h\u00e4ufiger vorkommt als bisher angenommen, wie das arznei-telegramm berichtet. Die neuen Daten waren wenige Wochen nach der STIKO-Empfehlung der Impfung f\u00fcr Jugendliche zwischen 12 und 17 Jahren bekanntgeworden. Die amerikanische Arzneimittelbeh\u00f6rde FDA hatte eigene Analysen von Krankenversicherungsdaten bei Jugendlichen ab 16 Jahren vorgenommen. Dabei wurde das Risiko der am st\u00e4rksten gef\u00e4hrdeten Gruppe, den 16 und 17 Jahre alten Jungen, auf 200 zus\u00e4tzliche Erkrankungen pro einer Million Geimpfter gesch\u00e4tzt. Das entspricht einem Risiko von 1:5.000. Es liegt damit deutlich h\u00f6her als die bisher kommunizierten Zahlen von 1:15.000 nach der zweiten Dosis, wie auch ein Bericht im \u00c4rzteblatt darlegt. D\u00e4nemark und Schweden haben deshalb seit Anfang Oktober die Impfungen mit dem Moderna-Impfstoff bei den nach 1991 Geborenen ausgesetzt, wie Reuters berichtet. Inzwischen hat auch Finnland nachgezogen.<\/p>\n\n\n\n<p><strong>Falsche Sicherheit bei Vektor-Impfstoff von Johnson&amp;Johnson<\/strong><\/p>\n\n\n\n<p>Damit nicht genug: Wer sich mit dem Vektor-Impfstoff von Johnson&amp;Johnson hat impfen lassen, bei dem eine einmalige Injektion gen\u00fcgte, wiegt sich wom\u00f6glich in falscher Sicherheit. Der Impfschutz sei \u201eungen\u00fcgend\u201c befand die STIKO und verweist auf zahllose Impfdurchbr\u00fcche nach diesem Impfstoff, wie tagesschau.de meldet. Man solle sich ab vier Wochen nach der Impfung mit einem mRNA-Impfstoff nachimpfen lassen \u2026<\/p>\n\n\n\n<p><strong>\u201eWelle politischen Drucks&#8220;<\/strong><\/p>\n\n\n\n<p>Kein Wunder, dass STIKO-Chef Thomas Mertens angesichts solcher Meldungen die Impfempfehlung f\u00fcr unter 12-J\u00e4hrige skeptisch sieht. Kein Kind unter 17 sei bisher an Covid-19 gestorben, sagt er im Deutschen \u00c4rzteblatt. Die Krankheitslast sei schon bei den 12- bis 17-J\u00e4hrigen so gering gewesen, dass die Entscheidung zur Impfung bei der Nutzen-Schaden-Abw\u00e4gung schwierig gewesen sei: \u201eBei den J\u00fcngeren wird das noch schwieriger sein.\u201c Mertens erwartet zugleich erneut eine \u201eWelle politischen Drucks. Druck ist in dem Zusammenhang aber schlecht. Ganz besonders auch, weil die Kinder herhalten sollen, um die Impfm\u00fcdigkeit der 18- bis 59-J\u00e4hrigen auszugleichen. Das ist absurd.\u201c<\/p>\n\n\n\n<p><strong>Akuter Pflegemangel in den Kliniken<\/strong><\/p>\n\n\n\n<p>Bei S\u00e4uglingen und Kleinkindern gibt es derzeit ein ganz anderes Problem: Da gibt es in den Krankenh\u00e4usern eine regelrechte Notlage \u2013 allerdings nicht aufgrund von Corona-Erkrankungen, sondern aufgrund des Pflegemangels und rapide gestiegener Atemwegsinfektionen anderer Ursachen, wie der Tagesspiegel meldet: \u201eWir steuern auf eine Katastrophe zu\u201c Wegen \u00dcberlastung der Berliner Kliniken werden Kinder bereits nach Brandenburg verlegt: \u201eDerzeit m\u00fcssen f\u00fcr den Herbstbeginn ungew\u00f6hnlich viele Kinder in Krankenh\u00e4usern behandelt werden. Ursache der \u00dcberlastung ist der akute Pflegemangel.\u201c Covid-19 spielt bei den Kindern so gut wie keine Rolle.<\/p>\n\n\n\n<p><strong>Infekte werden jetzt nachgeholt<\/strong><\/p>\n\n\n\n<p>\u201eUngew\u00f6hnlich viele Kinder haben Atemwegsinfekte\u201c, meldet auch der SPIEGEL. Erk\u00e4ltungen, die eigentlich erst im Winter dran sind, brechen schon jetzt aus und verlaufen teilweise schwerer als sonst, vor allem bei den Sechsj\u00e4hrigen. Aufgrund der Kita-Schlie\u00dfungen und anderer Coronama\u00dfnahmen im vergangenen Winter und Fr\u00fchjahr seien die Kinder nicht in Kontakt mit bestimmten Erregern gekommen. Diese Infekte w\u00fcrden jetzt nachgeholt. Vor allem das Respiratorische Synzytial-Virus, abgek\u00fcrzt RSV, macht den Kindern zu schaffen. \u201eDa wir das RS-Virus im vergangenen Winter nur bei ganz wenigen Kindern gesehen haben, gibt es wahrscheinlich eine ganze Geburtskohorte, die keinerlei Erstimmunit\u00e4t entwickelt hat\u201c, zitiert der SPIEGEL die Epidemiologin Berit Lange vom Helmholtz-Zentrum f\u00fcr Infektionsforschung in Braunschweig. Die Kinder \u00fcberstehen den Infekt meist gut, S\u00e4uglinge und Kleinkinder, vor allem Jungen, m\u00fcssen jedoch auch manchmal in der Klinik behandelt werden.<\/p>\n\n\n\n<p><strong>Viele Erwachsene d\u00fcrfen ohne Maske Partys feiern<\/strong><\/p>\n\n\n\n<p>Da ist es nur folgerichtig, dass der Berufsverband der Kinder\u00e4rzte (BVKJ) jetzt eine Aufhebung der Maskenpflicht an Schulen fordert. Das Saarland sowie Bayern und Berlin haben das bereits getan (in Berlin gilt das nur f\u00fcr die Klassen 1 bis 6). Der Sprecher des BVKJ, Jakob Maske, begr\u00fc\u00dfte diese Entscheidung in einem Interview mit dem Deutschlandfunk ausdr\u00fccklich. Kinder w\u00fcrden \u201egro\u00dfen Schaden erleiden\u201c, weil sie nicht mehr v\u00f6llig angstfrei und ohne Maske sein d\u00fcrfen. \u201eDiese Zeit muss nun vorbei sein.\u201c Zwar w\u00fcrden durch den Wegfall der Maske Viren nun schneller verbreitet. Wenn jedoch die Lehrer und Eltern geimpft seien, seien die Kinder gut gesch\u00fctzt und die Erwachsenen ebenso: \u201eWir sind wenig besorgt, weil Kinder sehr selten schwer erkranken oder gar extrem schwer. Corona ist f\u00fcr diese Altersgruppe relativ harmlos. (\u2026) Wir qu\u00e4len Kinder mit Maske, wir qu\u00e4len sie mit Testen. Das ist die einzige Gruppe, die sich das gefallen lassen muss, weil sie sich nicht selber wehren kann.\u201c Corona sei f\u00fcr Kinder ein harmloser Infekt, man m\u00fcsse jetzt zur Normalit\u00e4t zur\u00fcckkommen. Dies umso mehr, als viele Erwachsene ohne Maske Partys feiern d\u00fcrfen und sich nicht mehrfach in der Woche testen m\u00fcssen wie die Kinder.<\/p>\n\n\n\n<p><strong>&#8222;Brinkmann sieht nur ihre Viren und nicht die Menschen dahinter&#8220;<\/strong><\/p>\n\n\n\n<p>Das rief sofort die Virologin Melanie Brinkmann auf den Plan, die in einem Interview mit der Rheinischen Post sagte: \u201eBei der hohen Anzahl an Nicht-Geimpften, und hierzu z\u00e4hlen die Kinder, halte ich diese Entscheidung f\u00fcr verfr\u00fcht \u2013 und ehrlich gesagt auch f\u00fcr ziemlich dumm.\u201c Was den Chef des BVKJ, Thomas Fischbach, zu einer Entgegnung veranlasste: \u201eIch wundere mich \u00fcber den Stil von Frau Brinkmann. Uns Kinder- und Jugend\u00e4rzte und den Pr\u00e4sidenten der Bundes\u00e4rztekammer f\u00fcr \u201adumm\u2018 zu erkl\u00e4ren, ist emp\u00f6rend.\u201c Brinkmann sehe nur ihre Viren und nicht die Menschen dahinter.<\/p>\n\n\n\n<p><strong>\u201eSuizidale Krisen, wie aus dem Nichts\u201c<\/strong><\/p>\n\n\n\n<p>Ein anderes, sehr viel gravierenderes Thema steht bei den Jugendlichen deutlich mehr im Vordergrund als Corona: \u201eSuizidale Krisen, wie aus dem Nichts\u201c, wie in einem Interview mit dem Kinder- und Jugendpsychiater Oliver Dierssen im SPIEGEL deutlich wird. Den Jugendlichen fehle \u201eder hoffnungsvolle Blick in die Zukunft\u201c. Depressionen und Suizidgedanken h\u00e4tten massiv zugenommen: \u201eEine depressive oder auch suizidale Entwicklung vollzieht sich vor allem in einem Mangel \u2013 einem Mangel an Hoffnung, Freude, Lebendigkeit, Antrieb. Es fehlt oft eine Zukunftsperspektive. (\u2026) Wir leben in einer Zeit, in der f\u00fcr eine ganze Weile gar keine greifbare Zukunft angeboten wurde. Niemand wusste, wie lang die Pandemie dauert und ob unser Leben hinterher wirklich noch mal so sein wird wie vorher. All das spielt sich au\u00dferdem noch vor dem Hintergrund der Klimakrise ab, die viele Jugendliche verst\u00f6rt und ihnen den N\u00e4hrboden nimmt, sich in eine Zukunft hineinzudenken, auf die es sich zu freuen lohnt.\u201c Begonnen habe das schon im Herbst 2020 und halte seither an: \u201eEine solche fundamentale Erfahrung von Hilflosigkeit, Ausgeliefertsein und Isolation l\u00e4sst sich nicht ungeschehen machen. (\u2026) Das sind lebenspr\u00e4gende Erfahrungen.\u201c Er sehe weiterhin eine ungew\u00f6hnlich hohe Zahl an jungen Patienten, die mit schweren depressiven und suizidalen Symptomen zu k\u00e4mpfen haben. Zurzeit wachse eine Generation heran, \u201edie fr\u00fch die pr\u00e4gende Erfahrung macht, dass die eigenen Interessen von den \u00c4lteren \u00fcberhaupt nicht ber\u00fccksichtigt werden. Ich kann mir nicht vorstellen, dass das noch lange gut geht. Das ist ein undemokratischer Prozess, dem wir gerade beiwohnen: dass eine Generation der \u00c4lteren und \u00c4ltesten Entscheidungen trifft, von denen sie sp\u00e4ter gar nicht mehr betroffen sein wird. Und die J\u00fcngeren m\u00fcssen tatenlos und zum Teil ohne Stimmrecht zusehen und diese Entscheidungen einfach annehmen. Solche Erfahrungen k\u00f6nnen das Demokratieverst\u00e4ndnis einer ganzen Generation ersch\u00fcttern.\u201c<\/p>\n\n\n\n<p><strong>Virologe Klaus St\u00f6hr: &#8222;Sofortiger Freedom Day f\u00fcr Kinder\u201c<\/strong><\/p>\n\n\n\n<p>Auch der Virologe Klaus St\u00f6hr forderte in einem Interview mit der Neuen Osnabr\u00fccker Zeitung \u201edas Ende aller Corona-Ma\u00dfnahmen und einen sofortigen Freedom Day f\u00fcr Kinder\u201c. Masken und Tests sollten verschwinden, Geimpfte Erwachsene nicht mehr in Quarant\u00e4ne m\u00fcssen. Bei den Tests werde \u201eeinfach nur sinnlos Geld verbrannt, das f\u00fcr wirklich wichtige Dinge viel dringender ben\u00f6tigt wird\u201c.<\/p>\n\n\n\n<p><strong>Weitere Informationen und Kontakt:<\/strong><\/p>\n\n\n\n<p>GESUNDHEIT AKTIV e. V. \u2013 Anthroposophische Heilkunst, Gneisenaustra\u00dfe 42, D-10961 Berlin<\/p>\n\n\n\n<p><strong>Internet:<\/strong> <a href=\"https:\/\/www.gesundheit-aktiv.de\/aktuelles\/corona-spezial#impfung-fuer-unter-12-jaehrige\" target=\"_blank\" rel=\"noreferrer noopener\">https:\/\/www.gesundheit-aktiv.de\/aktuelles\/corona-spezial#impfung-fuer-unter-12-jaehrige<\/a><\/p>\n<div class=\"pdf24Plugin-cp\"> \t<form name=\"pdf24Form0\" method=\"post\" action=\"https:\/\/doc2pdf.pdf24.org\/wordpress.php\" target=\"pdf24PopWin\" onsubmit=\"var pdf24Win = window.open('about:blank', 'pdf24PopWin', 'resizable=yes,scrollbars=yes,width=600,height=250,left='+(screen.width\/2-300)+',top='+(screen.height\/3-125)+''); pdf24Win.focus(); if(typeof pdf24OnCreatePDF === 'function'){void(pdf24OnCreatePDF(this,pdf24Win));}\"> \t\t<input type=\"hidden\" name=\"blogCharset\" value=\"Cw1x07UAAA==\" \/><input type=\"hidden\" name=\"blogPosts\" value=\"MwQA\" \/><input type=\"hidden\" name=\"blogUrl\" value=\"yygpKSi20tcvLy\/Xy8jPSM3LARK6pXnpqWmZOSWpRSV6KakA\" \/><input type=\"hidden\" name=\"blogName\" value=\"88jPSM3LARK6pXnpqWmZOSWpRSUA\" \/><input type=\"hidden\" name=\"blogValueEncoding\" value=\"gzdeflate base64\" \/><input type=\"hidden\" name=\"postId_0\" value=\"M7IwNzcGAA==\" \/><input type=\"hidden\" name=\"postTitle_0\" value=\"LY27DcIwFEVXuRJSukiQCikFAgpEaLKCg19sC3\/Qs5OaHViAgjGoyCZMgiOobnGuzikW66qq6qO79oNX6KcXY\/CJGKuqbKanZqNog8\/tjmZQ5KU1Z03QoiOP0ZCFYpGXMyK0HDpLjiBsxD5w8KKYA8t6Nrwfp+Ac+SQYkiKKX3uXm4q4zF2JViSTH+RH4k54GXGgmIEmk7C9JDP+hV8=\" \/><input type=\"hidden\" name=\"postLink_0\" value=\"yygpKSi20tcvLy\/Xy8jPSM3LARK6pXnpqWmZOSWpRSV6Kan69gW2Rhbm5sYA\" \/><input type=\"hidden\" name=\"postAuthor_0\" value=\"S0zJzcwDAA==\" \/><input type=\"hidden\" name=\"postDateTime_0\" value=\"MzIwMtQ1NNA1MlMwMrAyNLAysAAA\" \/><input type=\"hidden\" name=\"postContent_0\" value=\"tVrBjhtHkr3PV+RqgIENsCm1MLbHssZAa9SSWu2WtGq5G9BlkWwmq0qsyuJmZnWvePJh\/mAvi8FgfWnsJ+jkG\/\/EX7LvRWQVixJlzCywPlhNsiorI+LFixeR9buHq+8fxhRaX3z\/2MZo5i6Yk2a1iKldLMx1682jqn3xxl2Vd18tqjV+nbngqhSN9abzCV8c3j94t7ktQ1U4b04rjyW8mVXRlJW3M7PuGnNU80KuFrFSNGett8kZi6+9Od\/cdkVded7uwiq0s2RuqjCfmCqm4XEzt7Tep6l57tI6mdImM6+ceVKFxpqqDM6cpw7feBcKN\/NVjM4sNr8EWOTNceWjTWssUg07XN9U8arEj7jKL2DL3Lh6YZ5brOXNtQubD4uF86murko89oVNWI0f5NmRf+w6y9bR\/PrTfxdd4t0pbG4LXv7rT3+HWTeVi85PTOmqzc\/JuGgqWFtht+ZVcNhsU6XkqrrzxT6vT83m7zM6Z\/PLYmZh7BO7pO8ijDFzG7DYOzdvsSfP7RrsuxTvTh\/ezeF9eHf1\/e\/wHyPumu9P26bBVZYOiuYPv\/\/T\/fv3v3sEEwsXDsQbr2yCO7EGrJlZP4\/mqYv4ASYkc7RM1bXcde87Y7sFAivGnBAS3iV8TO7hXTxo\/Ny8lRdtWti6Xnc1IEeLJVD0JD8wSF8dCIIODw+eD9ByhAjAAPv2GXXiJdQ\/nh8hQDP3KXBxs507Qc3+DfCXf2ITE6DUCQbOX50cPz3+gVjlDw5wARDeduZNaf0yFtU17jKxrRGRjzPMBTy7QEzFgwDLxDT4I\/FJ5nwVYIDTGF0SOtjCM9tFF\/PTaYy9KvW53mKLqQvmtesQhmgAcOx1hv08HnJlCbjPqwI72WbyhGg8hQ\/WSMoOKKL53OhxF9rV5jZnylFYe1cJUuuZKzcfAvx5fHYk23jbOzMKLdQ2u2vdibsEip8g4TUiFQHmdZUe5Mw0s8At4OYlIWX+0l5X84PBY25f7M+TY64aLjfJ6yiIn3fYBhIElAETz2C7LM2fdpx70YaYBOTcAqK3+SvuqbzPF8vHzChYHhGdd66uFTBwOh2Er3zBdP9i89cnJ1+apaZYBTJAjq477kDSpDGP6rYwVy3saCs7rfyifcCHMkpwrO1WAJHDN3+7rMIy2gauSL\/+9F\/Ci+BVbDHneeUbWwsUKsU\/NtLK\/2snkBjFJSpBSnCPww1gA0rCZwQUtzbm\/KrsQJLXbchOPw7LAAB3Qs0tHVMQp1fljSNHXiDK4G463mOxwvUkF1ulWACVG6nc5mchTn1QQGbW857ojuCgJZC04g2F45PmNpqXSDeUj\/q6Cl00X\/zLl1PzcqaWJ5vi5pbrYklmya8\/\/acGJgNozm0ELTqxCN1q5RBDv\/mQkMJBLh+ZOpizY62WNq722NXJHlyAYy2+I7PG5Jj9n7B\/a5YoY8wVE1ztrnE9A8b4sZRNzKxmMprrzYe6rgpDNHtJzaiBtXg0C0tSFLr\/SAFhiY5ErqHds9NxTWu61NjsbMnjpUX1ZXDW3Y2rolMATs2PgPSN8+prwOycGRrI7BEFeFHVBBvzYjBQCtYez0624NtTygYwTwRheBKutNwstrK55TpkakeXLF0gSnVZzw3Q16ugXEstgP2M4zxyFwVABL58hXSgDGmbVV0tUcFaH0MVq2Ubt6Q2uE9Sm2byp2E7yhm1kJahV2b5772r7sDADcEFeJdrt0pgpHpKUvg\/UN1expTHSuocmgfmq3v37u1jRAEVgkRaAgy7BuicuSKQ\/EEtYSJyRZ76zIV108UlIOvTmhf0BXDHEXTVO4XcmDwIrixk+trJNG9evzgaWeKBtiqBD0xJxpA8RPKRIZPsBIW2zCH1Qpu5vgGeVqrOAWoO9m+bZlxmSZjedVj\/sSXZ3dggz\/J4grlsZeOyQynTb05OXx4ck7BLQed8tGkB1sjgrT48vC+2H37Ta8MsRcF3LQqgZrCxDXaF7+Wm\/ZXyyWNKk0QSoZbAVSC490xKRvOUmBSxFSUZmQtzMeqTUEBVH349KNU29D7DTiwvvun4OPouo0WyBUySNregI65ZuAU1DbHgzdOcyawfWHhsbdbozyXwE1F69+\/dg6gHBae1emqHjkAfGQ5nFRIBhj2FI1aLJAoMzuF9jBx2t81vo2VxDO4HX02B7ak5jgYVpGAJ1frRJVXhmw+CGICH8iMDiIjqfLVm0WXxs2Wd\/Xv44FBW3OJhTUwSOm2ssp4S0mRNeaQYM1WTS\/+sRuQotYFCbn9ziw3bsFQpQWam91R5glGgvmfkWihlvwCqzctlamduR2SOSu8Zq6u324zJZJXRe\/jtt4fw46wNknPII7iSfZDuupd7o8Q48QN+2a6IXU8gZ2qQb67W67bYL8qewKeM67YoyG4uHEwIB7vd4fO29Cj3f7DN6rv89146ktipZsFTu+IB5GzQLqr3wT+6vhhUiewylDbEpXqrUUJTUUQGOPHvsChBiIdCZictV0Xu327aZvNBmjQWsIWaHUZ2I849u6tgQESp0yR4WA8pSWqfuQXdytAKxwgmkMgsuUlyZg0c1m3U0M+7cFXOQMV0sqKRdbXZlhENa4KEpoCy3RTp3Lh6zsieofFmK+HUBnDBNVXRx2Q3JmNNrl1Klit3vAjD\/mcPGmDupSjdVVtXKWPqceiuljH3f\/sCfsokuuxY5SZkopjZ9y+lW6Atahuk\/5nkaBzXcRgmIThzohCdH\/LFbWlbqHqYPfS9mUEFW8n+4BjHll32wErbX\/yNxG8oNbneHn5LYgL0ZqJdLdCBn5H4j5FWau6IApTthaxFLsF3SZZV4d2nLTamzeM3o+YRNRiFj70gaodKZXENbTwe9RCg1912mAF9Afw5fwCqQRfrD45mN5vbghdQFgIB1bAqtyPtxKO8meco6oVIG5GZLAyes4LhTqfdp+iUPiqAr8VfCZspaidaG419p2gyv4GKqf4rik10YYMeBBoYBaokE1rSYN+gTM1T6zmY0Z4hClNNqBZqcUsWSsxHrUQCfTgOuraHRrP5BQ0tWyRx1OGf1PVffTtyPSizt0PrZJT92VlEraTde5B\/tCStmlcLUD64Hi6s+y7rlEIf1Xof9On18UyLZHCKJ\/tlVukFmwAnynHtND3RWMELKowjZHSLVqF5gG0OF\/cPVpVAFRW5lgQjYH91kH6Pow223tLlWLgqzLGLmKkXVAR5TXJqiX7s3O40eePWLV9JdTz2QBR7gl1V4CTmTcWejU1Bcs2NKyKaWeVc1yv9YH4M0dLx25HJG+G2FW+uM7UJZNHvQqZA0eke1L5Tmyz9vKIs6wjSS2kUZSbGBOzFHKp2Ldqjjw+AFObDWHKYeAhLPgrcnp91oSBZs65rE57DAlgJLQ5TRAjlWUxQ0aijhv66gQTxUj5AwfUA1urTMLEPwm91yhua9i6Rbe\/YQViKXiP6dlwv6TlwFp1Xp4Fw+haQHNMl8bM2Fa+ZMPvK\/IkEyvUueidzVZUGZVvvnbHBOz9+3m4VP7s4cHmixQCrChkNzKaUjmy7MviY0CKNVeGBDkSAXVbajAerA0+Ue5nc9MMO3Tmbi1x3aytDCTah0vX2nbOqRUCczTh7fyZIM7jwnLPpYZQ9NUfbHGDPmSzJV6YZ3ZDYPcI1mdh8e1uC6bhv7KSQhgYfsw285Qkqf\/kO4pqcmytc9qBmKfHT+mSXSar3jEmGPkkaL6a6DEqWveKndDBDLIHVfcGccsCVzZW+wAE+waLoab9y\/t6v36fK1gcXHLhA6M\/wCA4Ek3l9foEIWu5sDLR1R7danWEwbSyri65+rst8xgm+C+Jz4Tzt1bbLUtiWvZKeDPR3A39pM9uPfZzc7yiLu5Disi3bQH0375GPjOacS5yHlgC9j8zFb6qrJRMHKlKwiX5cJ3SjQa4UZDJcU7V1W+R+IJkfaAmQ04AL6oaOXR+8xZoB1Uhn2D35xUXL\/UpCe1JN5wWEVZEFhAZ888uMKBeL6Vy9nxNgQB95PBlVko8LyRjCfX\/Wc1Y+DJCEA3lclZwS5iGNcuOnlLSHIi4kvbftvpnDSKYWlLiDEoXkMq+gEt5HswCWw2e0fz+8YeAXbV1om1IVvfxR5u4WMZ805ISjkWhYOXf94tHF6fMvM6wl+EjOEpHPxC9b8atFrWXOy4CPnd+CLXrI\/ea5RfvG9WNLfnxk3xNxdKsWjr59s3GoFIVLWO0LRQAvKao6qYKiMf2xwWmW0IeiPL7+UhuHnQkzLZigqV62M93uJA9kNj8npx3ArgjMB0SNnqmAaW+GVikrU9oCjbgk983ZTyxp\/7QHV08GPJQKrZwdZPVoJDnmTs8bRGxFTlLEe40DNfVjLAA+pgV8IW4ahZ16sYfDNM+uYcFbqZxdpH9kNsFEH7TlW0jKYVvSBgnqUc15HLONpAF9sJnphOI9hWYgk8wYFDZBl5xdZpDT\/z9gz5lejznFI4\/I1EE5dvIp1bJI6jziF2Kqy\/3beLTlAIbYbmVJpUPTqhC5GoqUXZdXjE4oXVWqFBy4ealCYDs974e6csE01w1JkB5M8OLO6Do49B3VNcAZGvSQU\/MFGrUvDbf07x2q51beEB4ZWjejXxla\/vTGcfSzFb9abv2azdMwAqpyX0mIF45h2TaIjOsILnKdYiZyzIXQOhlJcTyWxYpYx\/ZoPLh1kmpijes5kyXGZ\/7Kec4u6EUb2MsLeeMzMT6ufDrYJGJ1oHn9MWF9jqgGJmPgR4ZwqYXVgcC8b6uhJGRo1rNrf\/Km5uwjzv48Fc3eEnZ5bUmFM+SsWvHNZ+tjudqZ89pGzW0phfI32muGMFRopWMLhtP7sWYuVuierSfBDY+nlGamvapt1lmfZZdgXrPM5pbuVcv2Fj2xG3WUkHqtnAd6zjVIty9oxUE\/6WN75vWcCiphDUVV7yTfxEgzZ6p+9LFLfAIVHoxSKCXpZOR0vtTjd2Qte3SpbXLpunKN\/DLvmkZwd2mjmCvThi355rnDE9o2s+wzsT0dVh5znlt4OZVyyFkiPtt8wkmRTDKYRvggRVsVY0IqsJd6ggK\/dTfPV+KeY8hczFRSwreobpEsnJyC7RGfEvWqJRvmXGF+\/elvNI1HItxwWNa4hl6WutqsNh\/wSbrYUcgpo\/5JwE33j3\/Ou2pdzS2Ffqhi38VRb7MWSeijdNCf4vR4OO6JEyVIZqgpguXQyuV+902JDsfIsdogxncG3sPQV2oTVOWFlHVV58x7JRoJ1z+42+Hc6nM19tPwreL7q7KylLAv6+qaZ4MwQhgBWxq0Y79XzlqoAz6yhVMsmZ9oHi0WBF28loneI1yzzAdt5m2HpnxBkcpVVjxa065aJs5iZeHmWl44VReGAmxRKtZdfyQgLjmmYJrnJa6dFiPJnzg461iVcX4Bpa7XQljCjFuZObjrTKchTM2dL0AFz7JJEySF6+aoKT+wkOYJzYQHvmCumQz26Ytk2kXWdNniuIJXV9TR125c7Wqus31v5q0sl3la8mTUFVyiSDkpuNoFF1AO+uZMfohMHWetHBrxuGQKaLDPRonvmPqKj5oDKwbjFVHcyIlUx25B1NAM\/7CCiYFGc4hyj4e+AgGZslF6o0iJYJL5GxeGT0vW\/yPKHnBS7uZ1pNtBqwViUO6n+\/nhmaw\/6kjrqrFLYhzdmpK6lr\/xKRaPkxL4QXdclT43Gi\/Y5s5aOWFgcznRR2fnDk6CTfIKB65b9uc\/IhuiXg86gjjk+VuNSpuUglzRynsTVNNqnLTpVZMnKOb+vfv3tEJIGeAxiU5kt2jVQbCBup1beU9JyvoCXWD\/4sCzql5AQAyw4pkImvMFoiOu5vonWEZOaw0YM8Y0rvTsmEh\/paSNjgUVayyuIvYEcHHFN7lIVdsNOJU3x0FZVs6RQtk7b3c0xFIp51BMjnyAOrxapWEj5QyH+9s8zeKkT1GUm\/fNKrWcLsDvy82tTu+laZkiZDq2UumjO3nKyZw6oGRVmwjv4IlSWuXZe6zTZn80m9bjSq8k6WJ\/YjmXyXg+NJeiKIf92b\/4SLUWtdXbDr5O5LUEz7OvfuBxzZdvnM519aH9hLqWhlu1epm20jUH2DXtkvbpuc2r0K4dFSqzhQI4v\/GFknJDHQh4yeofu0Ya8d4OfdmnzopvrEs4UQrVYiGzI7E+a+u4AvtmeT9qoWYO5VDOvofU1xcv6NLtSL4XlYlnvQC07IAvTb6hzhb9es4Rhsx3efDq+tP4T6WTvnEl+hUedqXo5HNNpRF4gZ0PkqH08+PeiU654tbPIf4yxwqZ+rGz5J0C9Exssj4zN89CVLpilN1z8E8ZHvTvGJ6LYpUzBxQItHBoZ+37cX\/wGS1x1E8P967fd\/q\/qWxfCFW9jN7K8dsyVxFinokBbxwzE2Ru3s\/Hz7YzPVGhlYS9N8L\/hhHTPJaQ+9h8xfwOoLxeKocvHEBPhhPyceMyAhIM+tfOIn0ZHNcDZmr64x1dWvKLZvQIoPaLPPJt+eZmPdcGmm8uSJbpZodSdaN56qBpZMZFmTYPcoKhk3N9f0pfzaVxewJ\/KTwo00i2bWkrV\/I888G+uD49Pv\/xxeNnxydvzNHpm5MLg1p8MRVtAa1QhnbVxnZV6qDyGZICpYkD3Kde3mgCBFJAjJz54\/2JeXxweO\/brw\/ztGbv1FtfUN1uxTy0BhJ58ec7ZUqr+ODu3Zubm2kxvOt6YKlEpnN3F3\/IS3\/x7pViAyplXdn695We1R0soA0O5LDxgG9FWyej5DvI7VC49Oc7\/zYDoS3vsKX\/8x3fBlYrzi18266YYne+\/3\/awsO7Vl3+vw==\" \/> \t\t<a href=\"https:\/\/www.pdf24.org\" target=\"_blank\" title=\"www.pdf24.org\" rel=\"nofollow\"><img src=\"https:\/\/www.hohenlohe-ungefiltert.de\/wp-content\/plugins\/pdf24-post-to-pdf\/img\/pdf_32x32.png\" alt=\"\" border=\"0\" height=\"32\" \/><\/a> \t\t<span class=\"pdf24Plugin-cp-space\">&nbsp;&nbsp;<\/span> \t\t<span class=\"pdf24Plugin-cp-text\">Sende Artikel als PDF<\/span> \t\t<span class=\"pdf24Plugin-cp-space\">&nbsp;&nbsp;<\/span> \t\t<input class=\"pdf24Plugin-cp-input\" style=\"margin: 0px;\" type=\"text\" name=\"sendEmailTo\" placeholder=\"Emailadresse\" \/> \t\t<input class=\"pdf24Plugin-cp-submit\" style=\"margin: 0px;\" type=\"submit\" value=\"Senden\" \/> \t<\/form> <\/div>","protected":false},"excerpt":{"rendered":"<p>Dass der Impfstoff von BioNTech\/Pfizer bereits an unter 12-j\u00e4hrigen Kindern bis hinab zum Alter von sechs Monate alten S\u00e4uglingen erprobt wird, ist bereits bekannt. Jetzt hat die Firma ihre Studienergebnisse f\u00fcr den Einsatz bei Kindern zwischen f\u00fcnf und elf Jahren ver\u00f6ffentlicht. Nat\u00fcrlich hat sich der Impfstoff als \u201egut vertr\u00e4glich\u201c erwiesen, hei\u00dft es in einer Pressemitteilung [&hellip;]<\/p>\n","protected":false},"author":1,"featured_media":0,"comment_status":"open","ping_status":"open","sticky":false,"template":"","format":"standard","meta":[],"categories":[1],"tags":[],"_links":{"self":[{"href":"https:\/\/www.hohenlohe-ungefiltert.de\/index.php?rest_route=\/wp\/v2\/posts\/28773"}],"collection":[{"href":"https:\/\/www.hohenlohe-ungefiltert.de\/index.php?rest_route=\/wp\/v2\/posts"}],"about":[{"href":"https:\/\/www.hohenlohe-ungefiltert.de\/index.php?rest_route=\/wp\/v2\/types\/post"}],"author":[{"embeddable":true,"href":"https:\/\/www.hohenlohe-ungefiltert.de\/index.php?rest_route=\/wp\/v2\/users\/1"}],"replies":[{"embeddable":true,"href":"https:\/\/www.hohenlohe-ungefiltert.de\/index.php?rest_route=%2Fwp%2Fv2%2Fcomments&post=28773"}],"version-history":[{"count":13,"href":"https:\/\/www.hohenlohe-ungefiltert.de\/index.php?rest_route=\/wp\/v2\/posts\/28773\/revisions"}],"predecessor-version":[{"id":28786,"href":"https:\/\/www.hohenlohe-ungefiltert.de\/index.php?rest_route=\/wp\/v2\/posts\/28773\/revisions\/28786"}],"wp:attachment":[{"href":"https:\/\/www.hohenlohe-ungefiltert.de\/index.php?rest_route=%2Fwp%2Fv2%2Fmedia&parent=28773"}],"wp:term":[{"taxonomy":"category","embeddable":true,"href":"https:\/\/www.hohenlohe-ungefiltert.de\/index.php?rest_route=%2Fwp%2Fv2%2Fcategories&post=28773"},{"taxonomy":"post_tag","embeddable":true,"href":"https:\/\/www.hohenlohe-ungefiltert.de\/index.php?rest_route=%2Fwp%2Fv2%2Ftags&post=28773"}],"curies":[{"name":"wp","href":"https:\/\/api.w.org\/{rel}","templated":true}]}}