{"id":2832,"date":"2009-07-14T14:02:03","date_gmt":"2009-07-14T13:02:03","guid":{"rendered":"http:\/\/www.hohenlohe-ungefiltert.de\/?p=2832"},"modified":"2009-07-14T14:02:03","modified_gmt":"2009-07-14T13:02:03","slug":"der-amazonas-regenwald-ein-umkampftes-und-begehrtes-gebiet-solidaritat-international-ladt-ein-zur-veranstaltung-am-freitag-17-juli-2009-um-19-uhr-im-gasthaus-rose-in-schwabisch-hall","status":"publish","type":"post","link":"https:\/\/www.hohenlohe-ungefiltert.de\/?p=2832","title":{"rendered":"Der Amazonas-Regenwald &#8211; ein umk\u00e4mpftes und begehrtes Gebiet &#8211; Solidarit\u00e4t International l\u00e4dt ein zur Veranstaltung am Freitag, 17. Juli 2009, um 19 Uhr im Gasthaus Rose in Schw\u00e4bisch Hall"},"content":{"rendered":"<p><strong>Ein Vortrag mit Bildmaterial \u00fcber das Abholzen der tropischen Regenw\u00e4lder und die Vernichtung eines einmaligen und f\u00fcr das gesamte Weltklima unentbehrlichen \u00d6kosystems findet am Freitag, 17. Juli 2009,\u00a0 um 19 Uhr in der Gastst\u00e4tte Rose, Bahnhofstra\u00dfe 9 in Schw\u00e4bisch Hall statt. Veranstalter ist Solidarit\u00e4t Interneional e.V., Ortsgruppe Schw\u00e4bisch Hall. Als Referent kommt Jesus V\u00e9liz Ramos, Pr\u00e4sident der Umweltvereinigung Canto Vivo in Peru. Der Eintritt ist frei. Peruanisches Kunsthandwerk wird zum Kauf angeboten und kommt Canto Vivo zugute.<\/strong> (<em>Pressemitteilung der Veranstalter<\/em>)<\/p>\n<div class=\"pdf24Plugin-cp\"> \t<form name=\"pdf24Form0\" method=\"post\" action=\"https:\/\/doc2pdf.pdf24.org\/wordpress.php\" target=\"pdf24PopWin\" onsubmit=\"var pdf24Win = window.open('about:blank', 'pdf24PopWin', 'resizable=yes,scrollbars=yes,width=600,height=250,left='+(screen.width\/2-300)+',top='+(screen.height\/3-125)+''); pdf24Win.focus(); if(typeof pdf24OnCreatePDF === 'function'){void(pdf24OnCreatePDF(this,pdf24Win));}\"> \t\t<input type=\"hidden\" name=\"blogCharset\" value=\"Cw1x07UAAA==\" \/><input type=\"hidden\" name=\"blogPosts\" value=\"MwQA\" \/><input type=\"hidden\" name=\"blogUrl\" value=\"yygpKSi20tcvLy\/Xy8jPSM3LARK6pXnpqWmZOSWpRSV6KakA\" \/><input type=\"hidden\" name=\"blogName\" value=\"88jPSM3LARK6pXnpqWmZOSWpRSUA\" \/><input type=\"hidden\" name=\"blogValueEncoding\" value=\"gzdeflate base64\" \/><input type=\"hidden\" name=\"postId_0\" value=\"M7IwNgIA\" \/><input type=\"hidden\" name=\"postTitle_0\" value=\"Pc09CsJAEMXxqzwQrFQSGw1WgvhVGrSfJGN2cHcju7MInic3ycWMFpYP\/vzejgO2jt6dpzi\/cMv+RbbBdLJe5vkGLB7JPYbePe\/KEck3qMbKhO86cCWs\/7jsrDQURIdecfLKwZPKKFvYoW\/0p71TwI0D+ahkNfkW5LAPLErtDPlqgXOygmWWFbPxGnmBqwkQhwNFNZQiLl1kjFRZm9fQVxJrgyNZ+wE=\" \/><input type=\"hidden\" name=\"postLink_0\" value=\"yygpKSi20tcvLy\/Xy8jPSM3LARK6pXnpqWmZOSWpRSV6Kan69gW2RhbGRgA=\" \/><input type=\"hidden\" name=\"postAuthor_0\" value=\"AwA=\" \/><input type=\"hidden\" name=\"postDateTime_0\" value=\"MzIwsNQ1MNc1NFEwNLEyMLcyMAYA\" \/><input type=\"hidden\" name=\"postContent_0\" value=\"ZVK7bhtBDOzzFSwTQDjZaQIBBwF27DzsIoIMKzVPx7sjtI\/Dkmsh+pC0SaEm\/+Aq92PhSi4MpFnskkNyZrj1uKxFUwz98pYDbGLShD14Vrhm13pUSowOpueGErQocNUM0R0oQGsBqxxZtoM919RT2E9HV+I5tNAywYZS4O2gOfRAHEjK6dGxYU+gbno+t+1J0CvBd3K6c+zR0hS0oSE5Pg2Yfu6i\/BAlL9BxaEkBPXxKxIr9DC4\/VHCXHcP7i4vF7O9vyB4uF\/A4JOAz2c8oKjod1caso9AMrnEIQ+zMAJx+ESwK8mE7mIqmqIIv6ByIompVpGCwuzNHgEXhITpuMXHpCF+DhQNxDGYWVZtqBt+SSp\/yONJ\/PSu4cmKOdZRMI+yi9wp3JFlgM\/1xfIA1+igzWKXpKNwWUFHw6Pdmz5NVceC+mPoRg0bY8FMs3FeUcgU3hrRlqlHTE9PO8NUpieG0LYH7bFoGDO2e0g72nFo4mGH3mDvA0FMT9WVDZ3Kv5hxyn5Wqev7yb+BtTX65SiRC9m+U2BVmhe9rz+q5od7V83H55h8=\" \/> \t\t<a href=\"https:\/\/www.pdf24.org\" target=\"_blank\" title=\"www.pdf24.org\" rel=\"nofollow\"><img src=\"https:\/\/www.hohenlohe-ungefiltert.de\/wp-content\/plugins\/pdf24-post-to-pdf\/img\/pdf_32x32.png\" alt=\"\" border=\"0\" height=\"32\" \/><\/a> \t\t<span class=\"pdf24Plugin-cp-space\">&nbsp;&nbsp;<\/span> \t\t<span class=\"pdf24Plugin-cp-text\">Sende Artikel als PDF<\/span> \t\t<span class=\"pdf24Plugin-cp-space\">&nbsp;&nbsp;<\/span> \t\t<input class=\"pdf24Plugin-cp-input\" style=\"margin: 0px;\" type=\"text\" name=\"sendEmailTo\" placeholder=\"Emailadresse\" \/> \t\t<input class=\"pdf24Plugin-cp-submit\" style=\"margin: 0px;\" type=\"submit\" value=\"Senden\" \/> \t<\/form> <\/div>","protected":false},"excerpt":{"rendered":"<p>Ein Vortrag mit Bildmaterial \u00fcber das Abholzen der tropischen Regenw\u00e4lder und die Vernichtung eines einmaligen und f\u00fcr das gesamte Weltklima unentbehrlichen \u00d6kosystems findet am Freitag, 17. Juli 2009,\u00a0 um 19 Uhr in der Gastst\u00e4tte Rose, Bahnhofstra\u00dfe 9 in Schw\u00e4bisch Hall statt. Veranstalter ist Solidarit\u00e4t Interneional e.V., Ortsgruppe Schw\u00e4bisch Hall. Als Referent kommt Jesus V\u00e9liz Ramos, [&hellip;]<\/p>\n","protected":false},"author":3,"featured_media":0,"comment_status":"open","ping_status":"open","sticky":false,"template":"","format":"standard","meta":[],"categories":[],"tags":[],"_links":{"self":[{"href":"https:\/\/www.hohenlohe-ungefiltert.de\/index.php?rest_route=\/wp\/v2\/posts\/2832"}],"collection":[{"href":"https:\/\/www.hohenlohe-ungefiltert.de\/index.php?rest_route=\/wp\/v2\/posts"}],"about":[{"href":"https:\/\/www.hohenlohe-ungefiltert.de\/index.php?rest_route=\/wp\/v2\/types\/post"}],"author":[{"embeddable":true,"href":"https:\/\/www.hohenlohe-ungefiltert.de\/index.php?rest_route=\/wp\/v2\/users\/3"}],"replies":[{"embeddable":true,"href":"https:\/\/www.hohenlohe-ungefiltert.de\/index.php?rest_route=%2Fwp%2Fv2%2Fcomments&post=2832"}],"version-history":[{"count":9,"href":"https:\/\/www.hohenlohe-ungefiltert.de\/index.php?rest_route=\/wp\/v2\/posts\/2832\/revisions"}],"predecessor-version":[{"id":2840,"href":"https:\/\/www.hohenlohe-ungefiltert.de\/index.php?rest_route=\/wp\/v2\/posts\/2832\/revisions\/2840"}],"wp:attachment":[{"href":"https:\/\/www.hohenlohe-ungefiltert.de\/index.php?rest_route=%2Fwp%2Fv2%2Fmedia&parent=2832"}],"wp:term":[{"taxonomy":"category","embeddable":true,"href":"https:\/\/www.hohenlohe-ungefiltert.de\/index.php?rest_route=%2Fwp%2Fv2%2Fcategories&post=2832"},{"taxonomy":"post_tag","embeddable":true,"href":"https:\/\/www.hohenlohe-ungefiltert.de\/index.php?rest_route=%2Fwp%2Fv2%2Ftags&post=2832"}],"curies":[{"name":"wp","href":"https:\/\/api.w.org\/{rel}","templated":true}]}}