{"id":28281,"date":"2021-06-22T08:04:20","date_gmt":"2021-06-22T07:04:20","guid":{"rendered":"http:\/\/www.hohenlohe-ungefiltert.de\/?p=28281"},"modified":"2021-06-22T08:05:59","modified_gmt":"2021-06-22T07:05:59","slug":"krisenursache-ist-der-kapitalismus-informationen-zugesandt-von-der-mlpd-im-wahlkreis-schwaebisch-hall-hohenlohe","status":"publish","type":"post","link":"https:\/\/www.hohenlohe-ungefiltert.de\/?p=28281","title":{"rendered":"&#8222;Krisenursache ist der Kapitalismus&#8220; \u2013 Informationen zugesandt von der MLPD im Wahlkreis Schw\u00e4bisch Hall-Hohenlohe"},"content":{"rendered":"\n<p><strong>Einen Erfolg f\u00fcr den Wahlkampf meldet die Internationalistische Liste\/MLPD. Die Informationen hat Willi Maier, MLPD-Aktivist aus Schw\u00e4bisch Hall an Hohenlohe-ungefiltert geschickt. Hohenlohe-ungefiltert ver\u00f6ffentlicht die Pressemitteilung der MLPD in voller L\u00e4nge. Bei der Bundestagswahl 2017 trat die MLPD auch im Wahlkreis Schw\u00e4bisch Hall-Hohenlohe mit einem eigenen Kandidaten an.<\/strong><\/p>\n\n\n\n<p><em>Informationen zugesandt von Willi Maier, MLPD-Mitglied, Schw\u00e4bisch Hall<\/em><\/p>\n\n\n\n<p><strong>&#8222;Undemokratische Wahlbehinderungen&#8220;<\/strong><\/p>\n\n\n\n<p>L\u00e4ngst \u00fcberf\u00e4llig hat der Bundestag im Mai 2021 eine Senkung der Unterschriftenzahlen f\u00fcr die Wahlzulassung beschlossen, die alle Parteien, die nicht bereits mit f\u00fcnf Abgeordneten im Bundes- oder einem Landtag vertreten sind, sammeln m\u00fcssen. Das ist ein wichtiger Erfolg im Kampf gegen diese undemokratische Wahlbehinderungen. Die Internationalistische Liste\/MLPD hatte das schon seit Herbst letzten Jahres gefordert, zugleich aber die ganze Zeit, trotz der gro\u00dfen Widrigkeiten, systematisch Unterschriften gesammelt. Daher haben wir das Gros der urspr\u00fcnglich notwendigen zirka 50.000 Unterschriften schon zusammen.<\/p>\n\n\n\n<p><strong>F\u00fcnf-Prozent-Klausel aufheben<\/strong><\/p>\n\n\n\n<p>Wir freuen uns, dass uns die Senkung der Unterschriftenquoren die M\u00f6glichkeit zur Aufstellung weiterer Direktkandidaten gab. Die Sammlung von Unterst\u00fctzungsunterschriften mit einem f\u00fcrchterlichen b\u00fcrokratischen Aufwand ist nur eine von vielen H\u00fcrden im Verbund mit Ausgrenzung aus den Massenmedien, die vor allem fortschrittliche und revolution\u00e4re kleine Parteien behindern soll, als Sprachrohr der Arbeiter- und Volksbewegung ins Parlament einzuziehen. Wir fordern weiterhin die Aufhebung der F\u00fcnf-Prozent-Klausel bei der Bundestagswahl.<\/p>\n\n\n\n<p><strong>Krisenursache ist der Kapitalismus<\/strong><\/p>\n\n\n\n<p>Bundesweite Spitzenkandidatin der Internationalistischen Liste\/MLPD ist Gabi Fechtner, gelernte Werkzeugmechanikerin. Seit 2017 ist sie Vorsitzende der MLPD, als erste Arbeiterin an der Spitze einer revolution\u00e4ren Partei. Politik f\u00fcr Arbeiterinnen und Arbeiter statt f\u00fcr Milliard\u00e4re. Krisen \u00fcber Krisen erleben wir, die Ursache ist der Kapitalismus. Gabi Fechtner steht in Wort und Tat f\u00fcr die sozialistische Alternative. Internationalismus, Kampfgeist, Mut und die F\u00e4higkeit zur F\u00fchrung komplexer Prozesse auch unter schwierigsten Bedingungen bewies Gabi Fechtner, als sie 2015 eine der ICOR-Brigaden zum Aufbau eines Gesundheitszentrums in Kobane\/Nordsyrien leitete. Das Team um Gabi Fechtner wird erg\u00e4nzt durch Erhan Akt\u00fcrk, Anna V\u00f6hringer und Fritz Ullmann. Erhan Akt\u00fcrk repr\u00e4sentiert im Spitzenteam die fortschrittlichen und revolution\u00e4ren Migrantinnen und Migranten der Internationalistischen Liste\/MLPD.<\/p>\n\n\n\n<p><strong>Wachsenden Rassismus und staatliche Kriminalisierung bek\u00e4mpfen<\/strong><\/p>\n\n\n\n<p>Die gemeinsame Bek\u00e4mpfung des wachsenden Rassismus und staatlicher Kriminalisierung ist ihm besonderes Anliegen des Wahlkampfs. Anna V\u00f6hringer wohnt in Bochum und ist gelernte Krankenschwester. \u201eAndere Parteien interessiert nur das Wahlrecht, von dem viele ausgeschlossen sind. F\u00fcr uns z\u00e4hlt, dass immer mehr Menschen selbst aktiv werden. Deshalb wenden wir uns auch besonders an Jugendliche und Kinder.\u201c Fritz Ullmann, aktiver Antifaschist und langj\u00e4hriger Stadtrat in Radevormwald betont: \u201eIch stehe f\u00fcr eine Politik vor Ort, die mit den Menschen f\u00fcr ihre Interessen k\u00e4mpft gegen das Finanzdiktat von Bund und Land\u201c. Diese vier Kandidaten stehen stellvertretend f\u00fcr hunderte neue Politikerinnen und Politiker, die auf den Landeslisten oder als Direktkandidaten f\u00fcr die Internationalistische Liste\/MLPD kandidieren.<\/p>\n\n\n\n<p><strong>Keine pers\u00f6nlichen Privilegien annehmen<\/strong><\/p>\n\n\n\n<p>W\u00e4hrend sich b\u00fcrgerliche Politiker an Maskengesch\u00e4ften, Aufsichtsratsposten und vielem mehr bereichern, haben sich unsere Kandidaten verpflichtet, keine pers\u00f6nlichen Privilegien anzunehmen, jeden Cent abzuf\u00fchren und regelm\u00e4\u00dfig Rechenschaft abzulegen. Wir laden herzlich ein, die Kandidatinnen und Kandidaten kennen zu lernen und sich an den W\u00e4hlerinitiativen zur Unterst\u00fctzung des Wahlkampfs der Internationalistischen Liste\/MLPD zu beteiligen.<\/p>\n\n\n\n<p><strong>Weitere Informationen und Kontakt:<\/strong><\/p>\n\n\n\n<p>T\u00fclay Lewin, Ulja Serway, Fritz UllmannZentrale Koordinierungsgruppe Internationalistisches B\u00fcndnis fortschrittlicher und revolution\u00e4rer Kr\u00e4fte in Deutschland<\/p>\n\n\n\n<p><strong>Kontakt:<\/strong> InterB\u00fcndnis, Schmalhorststr. 1C, 45899 Gelsenkirchen<\/p>\n\n\n\n<p><strong>E-Mail:<\/strong> info@inter-buendnis.de<\/p>\n\n\n\n<p><strong>Internet:<\/strong> <a rel=\"noreferrer noopener\" href=\"http:\/\/www.inter-buendnis.de\/\" target=\"_blank\">www.inter-buendnis.de\/<\/a> <\/p>\n\n\n\n<p><strong>Weitere Informationen im Internet:<\/strong><\/p>\n\n\n\n<p><a href=\"https:\/\/www.mlpd.de\/mlpd-vor-ort\/schwaebisch-hall\" target=\"_blank\" rel=\"noreferrer noopener\">https:\/\/www.mlpd.de\/mlpd-vor-ort\/schwaebisch-hall<\/a><\/p>\n\n\n\n<p><a href=\"https:\/\/www.rf-news.de\/mlpd\/collection_view?b_start:int=20\" target=\"_blank\" rel=\"noreferrer noopener\">https:\/\/www.rf-news.de\/mlpd\/collection_view?b_start:int=20<\/a><\/p>\n\n\n\n<p><a href=\"http:\/\/www.inter-buendnis.de\/\" target=\"_blank\" rel=\"noreferrer noopener\">http:\/\/www.inter-buendnis.de\/<\/a><\/p>\n\n\n\n<p><a rel=\"noreferrer noopener\" href=\"https:\/\/www.rf-news.de\/2021\/kw25\/210617-pressemitteilung-interbuendnis_erfolg-fuer-wahlkampf.pdf\" target=\"_blank\">https:\/\/www.rf-news.de\/2021\/kw25\/210617-pressemitteilung-interbuendnis_erfolg-fuer-wahlkampf.pdf<\/a><\/p>\n\n\n\n<p><strong>Zitat aus der Hohenloher Zeitung (Online-Ausgabe vom 30. Mai 2021), ganzer Artikel nachzulesen auf folgender Internetseite<\/strong><\/p>\n\n\n\n<p><a rel=\"noreferrer noopener\" href=\"https:\/\/www.stimme.de\/hohenlohe\/nachrichten\/sonstiges\/bundestagswahl-in-hohenlohe-fast-alle-kandidaten-sind-schon-nominiert;art140018,4483063\" target=\"_blank\">https:\/\/www.stimme.de\/hohenlohe\/nachrichten\/sonstiges\/bundestagswahl-in-hohenlohe-fast-alle-kandidaten-sind-schon-nominiert;art140018,4483063<\/a><\/p>\n\n\n\n<p><strong>Auszug aus dem Artikel der Hohenloher Zeitung (Online-Aktualisierung vom 30. Mai 2021:<\/strong><\/p>\n\n\n\n<p><strong>Hohenlohekreis managt diesmal die Bundestagswahl<\/strong><\/p>\n\n\n\n<p>Bei der letzten Bundestagswahl am 24. September 2017 hatten sich insgesamt neun Direktkandidaten um die Erststimme beworben: neben den im Bundesparlament vertretenen Parteien waren dies Vertreter der Piraten, der \u00d6DP und der MLPD. Noch bis 19. Juli 2021 k\u00f6nnen Kandidatenvorschl\u00e4ge f\u00fcr den Wahlkreis Schw\u00e4bisch Hall-Hohenlohe offiziell eingereicht werden, bisher hat dies erst Die Linke getan. Die anderen Parteien werden wohl bald nachziehen.<\/p>\n\n\n\n<p>Diese offizielle Anmeldung ist vor jeder Wahl erforderlich, damit der Kreiswahlausschuss \u00fcber die formelle Zulassung der Kandidaten entscheiden kann. Dies wird am 30. Juli 2021 geschehen. Um die Zweitstimmen (Landesliste\/Parteistimmen) k\u00e4mpften vor vier Jahren 21 Parteien in Baden-W\u00fcrttemberg. Die Bundestagswahl in Hall-Hohenlohe organisiert diesmal der Hohenlohekreis. Kreiswahlleiter ist Landrat Matthias Neth.<\/p>\n\n\n\n<p><strong>Artikel in Hohenlohe-ungefiltert vom 16. Juni 2017:<\/strong><\/p>\n\n\n\n<p><strong>\u201eWilli Maier will in den Bundestag\u201c \u2013 Der Mann aus Schw\u00e4bisch Hall kandidiert f\u00fcr die Marxistisch-Leninistische Partei Deutschlands (MLPD)<\/strong><a rel=\"noreferrer noopener\" href=\"https:\/\/www.hohenlohe-ungefiltert.de\/?p=22344\" target=\"_blank\"> <\/a><a href=\"https:\/\/www.hohenlohe-ungefiltert.de\/?p=22344\">https:\/\/www.hohenlohe-ungefiltert.de\/?p=22344 <\/a><\/p>\n<div class=\"pdf24Plugin-cp\"> \t<form name=\"pdf24Form0\" method=\"post\" action=\"https:\/\/doc2pdf.pdf24.org\/wordpress.php\" target=\"pdf24PopWin\" onsubmit=\"var pdf24Win = window.open('about:blank', 'pdf24PopWin', 'resizable=yes,scrollbars=yes,width=600,height=250,left='+(screen.width\/2-300)+',top='+(screen.height\/3-125)+''); pdf24Win.focus(); if(typeof pdf24OnCreatePDF === 'function'){void(pdf24OnCreatePDF(this,pdf24Win));}\"> \t\t<input type=\"hidden\" name=\"blogCharset\" value=\"Cw1x07UAAA==\" \/><input type=\"hidden\" name=\"blogPosts\" value=\"MwQA\" \/><input type=\"hidden\" name=\"blogUrl\" value=\"yygpKSi20tcvLy\/Xy8jPSM3LARK6pXnpqWmZOSWpRSV6KakA\" \/><input type=\"hidden\" name=\"blogName\" value=\"88jPSM3LARK6pXnpqWmZOSWpRSUA\" \/><input type=\"hidden\" name=\"blogValueEncoding\" value=\"gzdeflate base64\" \/><input type=\"hidden\" name=\"postId_0\" value=\"M7IwsjAEAA==\" \/><input type=\"hidden\" name=\"postTitle_0\" value=\"U1O2MDIysvYuyixOzSstKk5MzkhVyCwuUUhJLVLwTizILEnMySzOLS1WAyk0sFZ41DBZwTMvLb8oN7EkMz8vNU+hqjQ9tTgxL6VEoSw\/D6zP1yfARSEzVyE8MSMnuyg1s1ghODmj\/PCSpMzi5AwFj8ScHF2P\/IzUvBwgAQA=\" \/><input type=\"hidden\" name=\"postLink_0\" value=\"yygpKSi20tcvLy\/Xy8jPSM3LARK6pXnpqWmZOSWpRSV6Kan69gW2RhZGFoYA\" \/><input type=\"hidden\" name=\"postAuthor_0\" value=\"S0zJzcwDAA==\" \/><input type=\"hidden\" name=\"postDateTime_0\" value=\"MzIwMtQ1MNM1MlIwsLAyMLMyMgAA\" \/><input type=\"hidden\" name=\"postContent_0\" value=\"xVnNctRIEr7PU1SwERsQ0eq2jWH4MZ61BxhmbIODP0dwIaqtklSoVOopleihT7zDRuxpY+fiZ+DErd+EJ9kvsyT1n4xhIjaWA9CtUmZW5peZX2b\/sDfZ36u8K226\/0hbZcUjl5QmFcn8sxMxPp\/JzOSymCSiUCZWXsRaiV+tV85Kr0srja68rs4zJY7xPzU6OT59OBQP+VRSuoJPQVAmvTjTxmhxIrVyA0EHo4Pc6\/d4T8i6Ei\/Os+n8YkzSxBNpjJBWPCkzZQ3+imqbqkQbaPYiVTijz3M\/vOTAe+Xmn5JEWW\/0eRasPnWqqlShvVfa4DDu59gKoa14XxqDj8fzC0gZikOl+fFhbWNVeZlWUzhC7Gxt\/yi8k0EgvytrWKuL4Cin9OY1os5EAeVCwc8F\/k4VueVI2ljH0uO\/0g73Rk0w9kaT\/R\/wh+Kjiv1VV85q3B\/v4Zql7XHqifap0SoebJiyN4KwZdmNur\/\/7c7Ozs79V7hsUea4X4go3WmsMo2vHXnX8rmt+31msucQyPnnsXLJ\/AJGpRz0FTeSp2AqHLmzzZ4QL5TN22C8IlxBs9MJHDKDdtw2QFEHa2a1kVVF58cEAVMionbAj3E9xFg6RLf9ynLsYY\/SvmLnQ5hNxME4VaWLrSK3w6JgXiRKMiLE55j8C3sBJO\/4XAU3DEQlCySCFcX8M6kG0mUlCMB4TUxJHwLr2jSC7CNOnlTBe2RTpUR9lZfb9Pl6kpFzvRIx9OMJgFDhluKJcmNYY5SfkdG\/yQyoh3rgB+L9gMBjFOwUEn5hL6XSzpR4g7cHwHbpZxyL1JXzP6kA6NjpNMdT8mr1AeqLYPlauCgp2TmenJJBRAYV5BTHRv7iyool166aOMQhpdQUtvRThRwg\/8y0y6W4tTXc2tpalx7uOKtZB2XKBogfU2yjU1fOkPbRkUFJUaghdZIp2NGH2TOYljhVQ3xtqwGZWdH\/2C2XA\/P3unQhmuJk\/omvQf6BcU4c1Ak8ZLi+TMlpDq8\/1E7lPl+keirHIcgvcBs+S5kctPj5Zz\/DV0D5igMWtYMyAkBTjjTjyRifF3iyZMMUuhiWtg6IZgXvtaKMeoLzcUD+a8AFeGThB3WV4l6km8sxHTmRhPJCxV1OvS8dpxrMKJ1n8zwXWQa2cAqVtCbQzi+cErlh5W1aihbniCcK7gCSUC8nTkJMmTn29YEbs98ilve6NHk1VlOVklkasYEsIwEB9sasnmmVUcpwLBnktnE8NLHFB4yANpT9KBn31vs+lB05DY8Aw5KuTC6m947kRHtK06Ku+pAW5LJduK\/2UN7CgayEhN50t8v5Trp+kWMtHitE31K5TxFPhxfFmXL5TNVpgUfS6lw5DZ+8IFRyz6J3K\/jidekq1h6rrv2FKBDyVOd8Te2ITwRrGUNuLbq2ietQnJZGe52HWr2QYTmx4u4bAc96H06dUNuSLiZBQxG8GppH+wH4Vk0BCdB79RWnD1ddA00KpR\/XOANK2YiX0i96SVXO9FJVPTCN89\/DlrVIQPggVPEU3R018qQOAknO4\/lFFqojZz\/AlVENF3lZTIz6A4Yw0pBEgShwTlMtm6Jda\/RL3O8Q2WVTrvzAIR5U62Gm+FD0EMpbIZsZMT8\/ex4dQoqMmRQUhPSxrPkEZChUkDij1kdQd3VRkT+OyrG0avQUqVJ9cJSThmLjVWhlL5UsBEStehMhiBGPFD1+Bt\/XKD9ocUCaAIGDT\/OBOLBWitfzT6gHljogeegxasNMvDKmkBZwXHkDWEIXuECgvSbGhmLUJIYnE8i56wXG9lQYlCidOgkhHdqaL9Q35lVfkp8BZxUliRXPUQEZBCwbAJZNtQNKC80yNfdtxC6fXwAm\/b2Gqn2qCsQGHUwh6OFwKEuVmF6t0W2qpEzQWUFkqKSyCkEHFtSPyQY+dOwd+bEeoGmZWc6Qw\/I8Q8TrpmN0NeUIXsyVJbCiJCo3FF8+\/ueA1SwKuib3At8cQ2o21OpJrSPsDLjtgO6E1kNtJV3wNqZUQ0oax113hmQyvmnDGm3eYehAVzhhI+i8MkRuJA0NKPLUxIBaVWXSjMU0eI\/oBgnjdGv9UlE1+w202caLVnXEnWj45eO\/V4E6CAqoFQFWiaRRowopb6RN38FKxyTvhZcxDwOaghYDl66YShNDrS+tv0f++hVWUC1SofaEbthUS2qlz4iTEdipA3PHbS\/L5zXoW4CwYo8F0PiWT8LXjwEIO4t1jtLK3qZWw8YShcXlmGig\/iACbnncYKv4H2M6lhsHtRm1K0RYWJCj1t7lit591XDvOmHjSaWqKM3wgdk0la4N+tOV4Ss5bngJlvdTviP25wQBnn+yTY04dZgojUo1j1RWZcUl5I\/iSDeuiIYSh0obRrW4HcEGFAhZwLCdXyTMgonkEdWvEPxqUvJtySsM8iKAlqcOylqcD0SY9QCalD9LcYDvJwlPqQpQyK+8EfgZ32kg3iny+c9EheR4VifUfLoiiTQu5hfzPzGFPVckBvbLJJw0Km0pk+HmATNnzMahPUT0qGMnbciXTIY\/whwqqFQ0z\/l6TBrQdCmTCS9wI3dVy+1xleCuVahvZEFQivTCBE8TQ2\/tDqx7bf3AN0BSIrXv9aHh5fyzkR\/EMfovPPDKvJNgT24qPwxWi8MbaqUSpeyoRAfFBbkQgzjXk8kleK7EIThnbHW10dFcT0ejMs9Ao7LyUNX0AupO3Af\/9QsFA1p1PP8X0mQgfR4nhmL754HYvXXn7l2wA4N6kmtH\/u0R\/SjCmG6WJGu48x9c7aMxBiaSP4xVz5vBB2rZqj2JO5oH1yzmpkQ5uqMty4kCtbgmgNnkwbXM+8m90Wg6nQ43lIyuCS+Rnf7BtbdjuCK\/tt9\/bm8koexbIQHGsWnr8ttyybaqMa4wk5hU0b8RCniEiI6oRUrFa5YIvchs2Hv59fe\/Wzhd8iorXRJZNa1aWaNz2m6d073fokZNfxq\/Ba1w\/h5c+GBn66+a+31avmb3t0f+CtMuFbSp\/VsQ2XNT2lyN8unOrdHO9tbt7R+jydpaMWLlre63ijdBUVLDoGlb7IaTONkE9f9a47oPGsi\/0UQdwsTvFvtUxyshqtPXn6ETWRXRggCdDCyjEDe3ht0i78Yg7JBo9KO2aYQFm6U2Q5SFuAEZRPTMdRlHyyp1SdZ9T2RQY0EUyU1Za\/iItDtuqHYE\/lfRSq4ajVdGe\/gs6t6IQPJ8RFuNaMFSImKnEa+dIlsWXOr9feB5e3dra\/vOYHf3zs2t2ze\/Hsb\/u3mXxByhnNXtmqfo4nYVAHJfL00f6zjor6LNV53YsCRHL5Upr9ErdCimHKu7l94tSrOlabeba9t5jI07u7T1mHhV0CKBVx+8Jm3YF4Yv3lJ6IrZ2k5jWYfB8xP2SIkcDeenA3u7hjbEK7KbbGE+6VVRHoLulCI0islkTVrRn4+dhxXWqnWQiSR\/m\/3p4GvYJzT5mKJ6WxEjhpe27Q4wtptmX56CEq78ZoEcQO5hfpGrtJ5urfokok0TPQFcNUb40cFXfzFQD0h0WuCFCvBzifeWxxkiI6cPLZksteR5cvjSLoOnSiDENQ1wLwpJudRyulqxQmLXoB6Z2qKXRiOit49sIKmm02iPSRPNhGJaIKeGaFHsAGZfEX80KqVkfFCz6TfejQbw6AiFyRNA0GZzzioLMCtsOGbC98D5PAGHX+CrA5A3t8wJOrLi+NPuMgjeaRzfaqY3IPu7Fgxgv5q2A3KVRWhwSG4\/OEEkfIJwGL68BHSfXw+lQgXWYwrucWk5mBsRw4TATFnLkazKcptgTJEqmMVI+VT7rY9ZtldCX\/SxHBWH7NjnNak6+r1YETMdLv13B64ZFx8uJTcP5l4\/\/BA9GbiBC\/b8TdlPi0obvRLo\/GgYeHSuL+tiOl8Hhy9S6Etcp8W4srP2+JpT1eYOK\/k+TBzs7N3d3N5uE4MIs\/5Kw\/e86LroW8F8=\" \/> \t\t<a href=\"https:\/\/www.pdf24.org\" target=\"_blank\" title=\"www.pdf24.org\" rel=\"nofollow\"><img src=\"https:\/\/www.hohenlohe-ungefiltert.de\/wp-content\/plugins\/pdf24-post-to-pdf\/img\/pdf_32x32.png\" alt=\"\" border=\"0\" height=\"32\" \/><\/a> \t\t<span class=\"pdf24Plugin-cp-space\">&nbsp;&nbsp;<\/span> \t\t<span class=\"pdf24Plugin-cp-text\">Sende Artikel als PDF<\/span> \t\t<span class=\"pdf24Plugin-cp-space\">&nbsp;&nbsp;<\/span> \t\t<input class=\"pdf24Plugin-cp-input\" style=\"margin: 0px;\" type=\"text\" name=\"sendEmailTo\" placeholder=\"Emailadresse\" \/> \t\t<input class=\"pdf24Plugin-cp-submit\" style=\"margin: 0px;\" type=\"submit\" value=\"Senden\" \/> \t<\/form> <\/div>","protected":false},"excerpt":{"rendered":"<p>Einen Erfolg f\u00fcr den Wahlkampf meldet die Internationalistische Liste\/MLPD. Die Informationen hat Willi Maier, MLPD-Aktivist aus Schw\u00e4bisch Hall an Hohenlohe-ungefiltert geschickt. Hohenlohe-ungefiltert ver\u00f6ffentlicht die Pressemitteilung der MLPD in voller L\u00e4nge. Bei der Bundestagswahl 2017 trat die MLPD auch im Wahlkreis Schw\u00e4bisch Hall-Hohenlohe mit einem eigenen Kandidaten an. Informationen zugesandt von Willi Maier, MLPD-Mitglied, Schw\u00e4bisch Hall [&hellip;]<\/p>\n","protected":false},"author":1,"featured_media":0,"comment_status":"open","ping_status":"open","sticky":false,"template":"","format":"standard","meta":[],"categories":[1],"tags":[],"_links":{"self":[{"href":"https:\/\/www.hohenlohe-ungefiltert.de\/index.php?rest_route=\/wp\/v2\/posts\/28281"}],"collection":[{"href":"https:\/\/www.hohenlohe-ungefiltert.de\/index.php?rest_route=\/wp\/v2\/posts"}],"about":[{"href":"https:\/\/www.hohenlohe-ungefiltert.de\/index.php?rest_route=\/wp\/v2\/types\/post"}],"author":[{"embeddable":true,"href":"https:\/\/www.hohenlohe-ungefiltert.de\/index.php?rest_route=\/wp\/v2\/users\/1"}],"replies":[{"embeddable":true,"href":"https:\/\/www.hohenlohe-ungefiltert.de\/index.php?rest_route=%2Fwp%2Fv2%2Fcomments&post=28281"}],"version-history":[{"count":6,"href":"https:\/\/www.hohenlohe-ungefiltert.de\/index.php?rest_route=\/wp\/v2\/posts\/28281\/revisions"}],"predecessor-version":[{"id":28287,"href":"https:\/\/www.hohenlohe-ungefiltert.de\/index.php?rest_route=\/wp\/v2\/posts\/28281\/revisions\/28287"}],"wp:attachment":[{"href":"https:\/\/www.hohenlohe-ungefiltert.de\/index.php?rest_route=%2Fwp%2Fv2%2Fmedia&parent=28281"}],"wp:term":[{"taxonomy":"category","embeddable":true,"href":"https:\/\/www.hohenlohe-ungefiltert.de\/index.php?rest_route=%2Fwp%2Fv2%2Fcategories&post=28281"},{"taxonomy":"post_tag","embeddable":true,"href":"https:\/\/www.hohenlohe-ungefiltert.de\/index.php?rest_route=%2Fwp%2Fv2%2Ftags&post=28281"}],"curies":[{"name":"wp","href":"https:\/\/api.w.org\/{rel}","templated":true}]}}