{"id":28261,"date":"2021-06-21T07:18:50","date_gmt":"2021-06-21T06:18:50","guid":{"rendered":"http:\/\/www.hohenlohe-ungefiltert.de\/?p=28261"},"modified":"2021-06-21T07:20:31","modified_gmt":"2021-06-21T06:20:31","slug":"gruene-in-hohenlohe-wollen-bei-bundestagswahl-fuer-politikwechsel-sorgen-wahlkampfauftakt-in-schwaebisch-hall","status":"publish","type":"post","link":"https:\/\/www.hohenlohe-ungefiltert.de\/?p=28261","title":{"rendered":"&#8222;Gr\u00fcne in Hohenlohe wollen bei Bundestagswahl f\u00fcr Politikwechsel sorgen&#8220; \u2013 Wahlkampfauftakt in Schw\u00e4bisch Hall"},"content":{"rendered":"\n<p><strong>F\u00fcr einen Politikwechsel am 26. September 2021 will die Partei von B\u00fcndnis 90\/Die Gr\u00fcnen bei der Bundestagswahl sorgen. &#8222;Nur eine \u00f6kologisch intakte Welt kann eine sozial gerechte und friedliche Welt sein&#8220;, schreiben die Gr\u00fcnen. Am Samstag, 26. Juni 2021, ab 15 Uhr laden die Gr\u00fcnen-Kreisverb\u00e4nde Schw\u00e4bisch Hall und Hohenlohe zum \u00f6ffentlichen Wahlkampfauftakt mit Sommerfest auf der Kleincomburg, Kleincomburger Weg 50, in Schw\u00e4bisch Hall-Steinbach ein.<\/strong><\/p>\n\n\n\n<p><em>Von den Gr\u00fcnen-Kreisverb\u00e4nden Schw\u00e4bisch Hall und Hohenlohe<\/em><\/p>\n\n\n\n<p><strong>Spitzenkandidatin Franziska Brantner online zugeschaltet<\/strong><\/p>\n\n\n\n<p>Die baden-w\u00fcrttembergische Spitzenkandidatin Franziska Brantner wird live zugeschaltet, um alle auf den bevorstehenden Wahlkampf einzustimmen. Bundestagskandidat Harald Ebner sowie die Gr\u00fcnen-Kandidatin f\u00fcr die Oberb\u00fcrgermeisterwahl in Schw\u00e4bisch Hall, Kathinka Kaden, sind ebenfalls dabei.<\/p>\n\n\n\n<p><strong>Die Gr\u00fcnen-Kreisverb\u00e4nde Hall und Hohenlohe auf ihrer Internetseite:<\/strong><\/p>\n\n\n\n<p>Besuchen Sie\/ besucht uns an diesem Tag, um zu erfahren, wie die Gr\u00fcnen um die Regierungsverantwortung sowie das Kanzlerinnenmandat k\u00e4mpfen wollen. Ob beim Klimaschutz, sozialer Gerechtigkeit oder einem starken Europa. Eine breite Mehrheit der Gesellschaft ist viel weiter als die Politik der gro\u00dfen Koalition. Daher unser konsequenter Kurs f\u00fcr echte Ver\u00e4nderung, f\u00fcr nachfolgende Generationen.<\/p>\n\n\n\n<p><strong>Gespr\u00e4ch mit Abgeordneten und KandidatInnen<\/strong><\/p>\n\n\n\n<p>Nach den Redebeitr\u00e4gen haben Sie\/ habt Ihr die M\u00f6glichkeit, mit dem Bundestagskandidaten Harald Ebner, Kathinka Kaden, unseren Landtagsabgeordneten Jutta Niemann und Catherine Kern sowie weiteren Mandatstr\u00e4gerInnen und Gr\u00fcn-Aktiven ins Gespr\u00e4ch zu kommen.<\/p>\n\n\n\n<p><strong>Live-Musik und Kinderprogramm <\/strong><\/p>\n\n\n\n<p>F\u00fcrs Kulinarische sorgen \u201eTischlein Deck Dich\u201c aus Gaildorf. Kinder erwartet ein Programm mit Regenmacher-Bastelaktion und Rollenrutsche. Ganz besonders freut uns, Ihnen\/ Euch endlich wieder einmal einen Live-Musik-Act pr\u00e4sentieren zu k\u00f6nnen: Michael Breitschopf (Gitarre) und Christian Herzberger (Geige) aus Niedernhall werden uns musikalisch durch den Nachmittag begleiten.<\/p>\n\n\n\n<p><strong>Auf der Kleincomburg<\/strong><\/p>\n\n\n\n<p>Wir w\u00fcrden uns sehr freuen, Sie\/ Euch an diesem Tag auf der Kleincomburg begr\u00fc\u00dfen zu d\u00fcrfen. Die Veranstaltung findet unter Einhaltung der aktuell geltenden Corona-Verordnung statt. Wir bitten um Verst\u00e4ndnis \u2013 Neuinfektionen wollen wir dringend vermeiden. Bitte lesen Sie dringend unser Hygienekonzept der Gr\u00fcnen-Webseite <a href=\"https:\/\/gruene-sha.de\/home\/\" target=\"_blank\" rel=\"noreferrer noopener\">https:\/\/gruene-sha.de\/home\/ <\/a><\/p>\n\n\n\n<p><strong>N\u00e4here und aktuelle Informationen zu den Corona-Vorschriften gibt es im Internet auch auf der Seite des Landkreises Schw\u00e4bisch Hall unter<\/strong><\/p>\n\n\n\n<p><a href=\"https:\/\/www.lrasha.de\/de\/aktuelles\/landkreis-aktuell\" target=\"_blank\" rel=\"noreferrer noopener\">https:\/\/www.lrasha.de\/de\/aktuelles\/landkreis-aktuell<\/a><\/p>\n\n\n\n<p>&#8222;Mit Gr\u00fcnen Gr\u00fc\u00dfen&#8220;<\/p>\n\n\n\n<p>Anita Neher, Kreisvorsitzende KV Hohenlohe<br>Willi Griese, Kreisvorsitzender KV Hohenlohe<br>Sebastian Karg, Kreisvorsitzender KV Schw\u00e4bisch Hall<br>Laura Hecker, Kreisvorsitzende KV Schw\u00e4bisch Hall<br>Harald Ebner MdB, Bundestagskandidat Schw\u00e4bisch Hall-Hohenlohe<br>Kathinka Kaden, Kandidatin Oberb\u00fcrgermeisterin Schw\u00e4bisch Hall<\/p>\n\n\n\n<p><strong>Weitere Informationen im Internet auf der Gr\u00fcnen-Webseite:<\/strong><\/p>\n\n\n\n<p><a rel=\"noreferrer noopener\" href=\"https:\/\/gruene-sha.de\/home\/\" target=\"_blank\">https:\/\/gruene-sha.de\/home\/<\/a><\/p>\n<div class=\"pdf24Plugin-cp\"> \t<form name=\"pdf24Form0\" method=\"post\" action=\"https:\/\/doc2pdf.pdf24.org\/wordpress.php\" target=\"pdf24PopWin\" onsubmit=\"var pdf24Win = window.open('about:blank', 'pdf24PopWin', 'resizable=yes,scrollbars=yes,width=600,height=250,left='+(screen.width\/2-300)+',top='+(screen.height\/3-125)+''); pdf24Win.focus(); if(typeof pdf24OnCreatePDF === 'function'){void(pdf24OnCreatePDF(this,pdf24Win));}\"> \t\t<input type=\"hidden\" name=\"blogCharset\" value=\"Cw1x07UAAA==\" \/><input type=\"hidden\" name=\"blogPosts\" value=\"MwQA\" \/><input type=\"hidden\" name=\"blogUrl\" value=\"yygpKSi20tcvLy\/Xy8jPSM3LARK6pXnpqWmZOSWpRSV6KakA\" \/><input type=\"hidden\" name=\"blogName\" value=\"88jPSM3LARK6pXnpqWmZOSWpRSUA\" \/><input type=\"hidden\" name=\"blogValueEncoding\" value=\"gzdeflate base64\" \/><input type=\"hidden\" name=\"postId_0\" value=\"M7IwMjMEAA==\" \/><input type=\"hidden\" name=\"postTitle_0\" value=\"FcyxDcIwEEbhVX4JKTVyhZSOhpRIFNQXc44tH2dkO3LLDqzAGOmyCZOQNK96+rrDyRjTX\/K6KCMohuRZZQtaEmHFyAHnWR9cKk2lkRe4dcm4Jgk1xMbWFxaUlCfWbueOPX7vD+7bGun5cjS7SrHu+s36tn7HUKzHQCJ\/\" \/><input type=\"hidden\" name=\"postLink_0\" value=\"yygpKSi20tcvLy\/Xy8jPSM3LARK6pXnpqWmZOSWpRSV6Kan69gW2RhZGZoYA\" \/><input type=\"hidden\" name=\"postAuthor_0\" value=\"S0zJzcwDAA==\" \/><input type=\"hidden\" name=\"postDateTime_0\" value=\"MzIwMtQ1MNM1MlQwMLcyMLMyNQAA\" \/><input type=\"hidden\" name=\"postContent_0\" value=\"nVZNb9w2EL3nVwxcoEiB\/XAMJGgdx4AdJ3birBNkU\/tYUKuRREgityTlRfeU\/9Br0V78G3LKbf9JfknfUNp6bctpG8OwdyVyOHzvzZt5sDff3\/PBWZPvv1x9dsTasKF3ttJBlwueFZ4rUjXtPBnRlOeB64Qd7WzvPKKFripKNdM75QJrurSGDlefTWq0p5+2x0d4dezwAAETvE+x8bAxKfugcr9QRUXeupzNiL7\/7sednZ2nZ02bAK0+lbayufazgrQJqgxMF1wFKpUx7RJvl1pVlLNDkniNwJQ5zWmlZ0W32mNlDL39dECI5VgnSCa9TmxEBzVNVS0pDeIlXzdGx\/sNSCX06DH9XDiqVHpz3\/AUsfwlu2R1hRvRdFYsVldJTPhEARdJ58QWbCr8oWVT405ZxibE9Axd4PqlqueZajK5H9U60NTWNbsMABEeR8BOK9xhZuukcUhw8xteXnBOj7cHgOhOAsMpKDGJwlf8H+2NO5L3xvP9B\/gR3rnePwdncrX+a5l\/udfeGCE2I3aHTOc6LNmArFSnKiC9l06ZpfalokN8CgbJW1MJj8smZ0RXVeDQl6WoKBH4hwvoM7QCjMoA6v\/lnIV2KVX68uZRAwIluBB3SItEL63zgXG3dJMgwW\/Z+KDBDfRyreD1sQDGqSqlF4kc5+0CGd+QynV6mZSYvHubCMafhcUaiAd2sR56iATpKhQal8QHJAYha3DAEHKG155SheIa9bBwdL9ceyQqMGhUiKNXBukYDqiewLt9nByyb6KKp5rHAE6+BcTzpGKVeK7pgxQUMF42BEkrREbqt6CR9\/L1PeeaXWNySRG0LawL+LbGUnlc3SwrdtpgVw08gXq5ugI7CLKwoBHMvE3EZmoUia4V4GvCctDZBG513BqFzktci6zUlvhITeDSlQjzonF2rkb0QlSZOLk8TbhwhaxPYwR4YSUCygKBM7rU8MaFLHSQkm+9sHXOuCF3dvUXIp9aJQ8tcjxSBV4AKfwtLf792rDATaeN8608Wjs7ZxepElQG7QuDYs5slYs+kQzEpiQomz7ykewcESAiMZaDJGfrUpAqoIP3tSZfCaB9FJ+Jc0gdvOcUWtMBwXAyFSpZ846PgV4VraAnq0+5WJugO4hnpsD2brFg82a53FV3xAar3mCDbFSbqb9uQlB0prmWPiAXeY7togumU4i2U0zLCdZPolR8m7yLl427ov6GB2WALRhUnadrvCDY0sZa74H1DTYMJ40HwxFGLRTNnc2dqmvqA1K6KvTbwOyUa22r7Xr05eOfH+SBeDod8aykIwD45eMfqEUkpHSVWpeNukNILAJ9Nohs6d36SEEa5SNVgdBueKhgJhUaCpQRU3wfq8M1QY4eIaxZSsVaiQnFOW5i5Q7AJNAZowykZZjYRqVeu0Kp0Wvb2eAaguHBLJCg5qFhHQEX8FafBOddmiCCQoUcSi3hdAsvfXisUW6Of2jJK4BI0DCNE3ZL8XUc9vCYdY4FAsJZPN8UYlcLdmmkz1Mtp6OmxCPTxnVKFckCDogGF8wr0UAvhwc9rbWPuQuN5gH21qd6mEEETGQaKyBidcPyevu2pAPBRS8AQCliZmJYYtDnYniokCoaXiZUCx9iCTCionsuEcFpA\/\/BxIP+FVvUc4uU1RAhpECiYQYVwogk8wRItA6L9z6Imchc9uXj73TGjTYZl617dP4pfZJSVJL4C13GvpTGhieBqMINY91fr2ld7OQ3eLdhmNkS42FrlF3TueAk9hDaUwT\/z55tFSHM\/e54nDuAyENfqFHK48LWPN4iCCPn8Gzrl6RSptwix9WzLWOxkZ30JWPtXFxva\/8rYVCDqm8kOVtdoTzaMbFDktHpMuvqzkUjNRuoYhjAxKgzQTHXsDr2hO6y7o5gWsjv6J7Ge8Lrom+V0m3xuWd6wubeWew2QovFYlQ51V0Nv+uk\/bhanzDsnn0LdP8n\/i1Iu2F9AudZ9\/HjTt7dsL2x+MBocWxMVeL1cQoBsHFsQxc7Pd8YJhOHkqsqjWhST3eXuzvrp5yo1kBOVZyP+3bcZkE2vlGNU3CdWXlfXn27bgx6k\/Rw0DcN3pnEb2R8u91tDId3Z8KecbBH2hdtt7ul5ptSzXoLc\/ceKd4rn28o468V6z\/C+hs=\" \/> \t\t<a href=\"https:\/\/www.pdf24.org\" target=\"_blank\" title=\"www.pdf24.org\" rel=\"nofollow\"><img src=\"https:\/\/www.hohenlohe-ungefiltert.de\/wp-content\/plugins\/pdf24-post-to-pdf\/img\/pdf_32x32.png\" alt=\"\" border=\"0\" height=\"32\" \/><\/a> \t\t<span class=\"pdf24Plugin-cp-space\">&nbsp;&nbsp;<\/span> \t\t<span class=\"pdf24Plugin-cp-text\">Sende Artikel als PDF<\/span> \t\t<span class=\"pdf24Plugin-cp-space\">&nbsp;&nbsp;<\/span> \t\t<input class=\"pdf24Plugin-cp-input\" style=\"margin: 0px;\" type=\"text\" name=\"sendEmailTo\" placeholder=\"Emailadresse\" \/> \t\t<input class=\"pdf24Plugin-cp-submit\" style=\"margin: 0px;\" type=\"submit\" value=\"Senden\" \/> \t<\/form> <\/div>","protected":false},"excerpt":{"rendered":"<p>F\u00fcr einen Politikwechsel am 26. September 2021 will die Partei von B\u00fcndnis 90\/Die Gr\u00fcnen bei der Bundestagswahl sorgen. &#8222;Nur eine \u00f6kologisch intakte Welt kann eine sozial gerechte und friedliche Welt sein&#8220;, schreiben die Gr\u00fcnen. Am Samstag, 26. Juni 2021, ab 15 Uhr laden die Gr\u00fcnen-Kreisverb\u00e4nde Schw\u00e4bisch Hall und Hohenlohe zum \u00f6ffentlichen Wahlkampfauftakt mit Sommerfest auf [&hellip;]<\/p>\n","protected":false},"author":1,"featured_media":0,"comment_status":"open","ping_status":"open","sticky":false,"template":"","format":"standard","meta":[],"categories":[1],"tags":[],"_links":{"self":[{"href":"https:\/\/www.hohenlohe-ungefiltert.de\/index.php?rest_route=\/wp\/v2\/posts\/28261"}],"collection":[{"href":"https:\/\/www.hohenlohe-ungefiltert.de\/index.php?rest_route=\/wp\/v2\/posts"}],"about":[{"href":"https:\/\/www.hohenlohe-ungefiltert.de\/index.php?rest_route=\/wp\/v2\/types\/post"}],"author":[{"embeddable":true,"href":"https:\/\/www.hohenlohe-ungefiltert.de\/index.php?rest_route=\/wp\/v2\/users\/1"}],"replies":[{"embeddable":true,"href":"https:\/\/www.hohenlohe-ungefiltert.de\/index.php?rest_route=%2Fwp%2Fv2%2Fcomments&post=28261"}],"version-history":[{"count":6,"href":"https:\/\/www.hohenlohe-ungefiltert.de\/index.php?rest_route=\/wp\/v2\/posts\/28261\/revisions"}],"predecessor-version":[{"id":28267,"href":"https:\/\/www.hohenlohe-ungefiltert.de\/index.php?rest_route=\/wp\/v2\/posts\/28261\/revisions\/28267"}],"wp:attachment":[{"href":"https:\/\/www.hohenlohe-ungefiltert.de\/index.php?rest_route=%2Fwp%2Fv2%2Fmedia&parent=28261"}],"wp:term":[{"taxonomy":"category","embeddable":true,"href":"https:\/\/www.hohenlohe-ungefiltert.de\/index.php?rest_route=%2Fwp%2Fv2%2Fcategories&post=28261"},{"taxonomy":"post_tag","embeddable":true,"href":"https:\/\/www.hohenlohe-ungefiltert.de\/index.php?rest_route=%2Fwp%2Fv2%2Ftags&post=28261"}],"curies":[{"name":"wp","href":"https:\/\/api.w.org\/{rel}","templated":true}]}}