{"id":28244,"date":"2021-06-17T06:40:24","date_gmt":"2021-06-17T05:40:24","guid":{"rendered":"http:\/\/www.hohenlohe-ungefiltert.de\/?p=28244"},"modified":"2021-06-17T06:40:24","modified_gmt":"2021-06-17T05:40:24","slug":"stefan-engel-klagt-an-gegen-politisch-motivierte-einstufung-als-gefaehrder-informationen-von-der-mlpd-schwaebisch-hall","status":"publish","type":"post","link":"https:\/\/www.hohenlohe-ungefiltert.de\/?p=28244","title":{"rendered":"\u201eStefan Engel klagt an: Gegen politisch motivierte Einstufung als \u201aGef\u00e4hrder\u2018\u201c \u2013 Informationen von der MLPD Schw\u00e4bisch Hall"},"content":{"rendered":"\n<p><strong>Die MLPD hat eine Presseerkl\u00e4rung mit dem Titel \u201eStefan Engel klagt an \u2013  gegen politisch motivierte Einstufung als \u201aGef\u00e4hrder\u2018\u201c ver\u00f6ffentlicht. Willi Maier von der MLPD Schw\u00e4bisch Hall hat die Informationen an Hohenlohe-ungefiltert weiter geleitet. Hohenlohe-ungefiltert ver\u00f6ffentlicht die Pressemitteilung der MLPD in voller L\u00e4nge.<\/strong><\/p>\n\n\n\n<p><em>Informationen zugesandt von Willi Maier, MLPD Schw\u00e4bisch Hall<\/em><\/p>\n\n\n\n<p><strong>Gerichtsverhandlung am 3. August 2021<\/strong><\/p>\n\n\n\n<p>Am Dienstag, 3. August 2021, wird vor dem Verwaltungsgericht Meiningen (2 K 863\/18 Me) ab 10 Uhr, die Klage von Stefan Engel gegen seine Einstufung als \u201eGef\u00e4hrder\u201c durch die Polizeidirektion Saalfeld in Th\u00fcringen verhandelt.<\/p>\n\n\n\n<p><strong>\u201eDie Krise der b\u00fcrgerlichen Ideologie und des Antikommunismus\u201c<\/strong><\/p>\n\n\n\n<p>Stefan Engel ist Leiter des theoretischen Organs der MLPD, REVOLUTION\u00c4RER WEG, und Autor der Neuerscheinung \u201eDie Krise der b\u00fcrgerlichen Ideologie und des Antikommunismus\u201c. Der Prozess verspricht zu einem bundesweiten Politikum zu werden. Denn Stefan Engel klagt auch Innenminister Horst Seehofer (CSU), den Chef des Inlandsgeheimdienstes in Th\u00fcringen, Stephan Cramer (SPD) und den verantwortlichen Polizeidirektor Dirk L\u00f6ther als Drahtzieher dieser Ma\u00dfnahme an. Damit steht aber auch die Rolle der Landesregierung unter Ministerpr\u00e4sident Bodo Ramelow (Die Linke) im Raum, der Herrn L\u00f6ther danach sogar noch bef\u00f6rderte.<\/p>\n\n\n\n<p><strong>&#8222;Rebellisches Musikfestival&#8220;<\/strong><\/p>\n\n\n\n<p>Rechtsanwalt Frank Jasenski erl\u00e4utert: \u201eStefan Engel war im Fr\u00fchjahr 2018 anl\u00e4sslich des Rebellischen Musikfestivals neben vier Organisatoren zum \u201aGef\u00e4hrder\u2018 erkl\u00e4rt worden. Der vorgeschobene Anlass war der Auftritt der bekannten t\u00fcrkischen Band Group Yorum, die angeblich Bestandteil einer \u201aterroristischen Organisation\u2018 sei. Diesen haneb\u00fcchenen Vorwurf hatten die Gerichte damals sofort zur\u00fcckgewiesen. Dennoch wird bis heute an der Gef\u00e4hrder-Einstufung von Stefan Engel festgehalten, obwohl er ein unbescholtener B\u00fcrger ist. Er war auch nur einer von zehn Schirmherren des Festivals, die anderen \u2013 darunter Konstantin Wecker \u2013 wurden nicht belangt. Hier geht es eindeutig um die Diffamierung und Kriminalisierung von Herrn Engel wegen seiner Weltanschauung und seiner Rolle als international bekannter marxistisch-leninistischer Theoretiker.\u201c<\/p>\n\n\n\n<p><strong>Demokratische Rechte willk\u00fcrlich eingeschr\u00e4nkt<\/strong><\/p>\n\n\n\n<p>Stefan Engel weist darauf hin: \u201eIch akzeptiere grunds\u00e4tzlich nicht, dass ich aus rein antikommunistischen Gr\u00fcnden in meiner \u00f6ffentlichen Reputation derma\u00dfen herabgesetzt und auf eine Stufe mit faschistischen Terroristen gestellt werde. V\u00f6llig willk\u00fcrlich werden dadurch meine demokratischen Rechte eingeschr\u00e4nkt und \u00f6ffentlich L\u00fcgen \u00fcber mich verbreitet. Das kann die Polizei heute mit einem Federstrich machen, w\u00e4hrend man es mir drei Jahre lang verweigerte, juristisch dagegen vorzugehen. Wir werden im Prozess auch umfassende Beweise zu den wirklichen Hintergr\u00fcnden vorlegen.\u201c<\/p>\n\n\n\n<p><strong>Antikommunistische Willk\u00fcr \u00e4chten<\/strong><\/p>\n\n\n\n<p>Stefan Engel erg\u00e4nzt: \u201eIch sehe meine Klage nicht als rein pers\u00f6nliche Angelegenheit. Wenn ich die ganze Riege reaktion\u00e4rer Politiker und Beamte anklage, dann soll das dazu beitragen, im gesellschaftlichen Klima die antikommunistische Willk\u00fcr zu \u00e4chten. Ich sehe das als Beitrag gegen Vorbeugejustiz und antikommunistisches Gesinnungs-Polizeirecht, zum Kampf um Erhalt und Erweiterung der demokratischen Rechte und Freiheiten und gegen die zunehmende Faschisierung des Staatsapparats.\u201c<\/p>\n\n\n\n<p><strong>Kundgebung in Meiningen, Demonstration in Erfurt<\/strong><\/p>\n\n\n\n<p>Die Rote Fahne Redaktion hat erfahren, dass vor dem Prozess, am Morgen bereits in Meiningen, ab 9 Uhr, eine Kundgebung stattfinden soll. Gegen 16 Uhr ist dann in Erfurt eine Kundgebung und Demonstration geplant, die auch der Th\u00fcringer Wahlkampfauftakt der Internationalistischen Liste\/MLPD sein wird.<\/p>\n\n\n\n<p><strong>Link zum Artikel \u201eStefan Engel klagt an \u2013 gegen politisch motivierte Einstufung als \u201aGef\u00e4hrder\u2018\u201c in der Internetausgabe der Rote Fahne News:<\/strong><\/p>\n\n\n\n<p><a href=\"https:\/\/www.rf-news.de\/2021\/kw24\/stefan-engel-klagt-an-gegen-politisch-motivierte-einstufung-als-gefaehrder\" target=\"_blank\" rel=\"noreferrer noopener\">https:\/\/www.rf-news.de\/2021\/kw24\/stefan-engel-klagt-an-gegen-politisch-motivierte-einstufung-als-gefaehrder<\/a><\/p>\n<div class=\"pdf24Plugin-cp\"> \t<form name=\"pdf24Form0\" method=\"post\" action=\"https:\/\/doc2pdf.pdf24.org\/wordpress.php\" target=\"pdf24PopWin\" onsubmit=\"var pdf24Win = window.open('about:blank', 'pdf24PopWin', 'resizable=yes,scrollbars=yes,width=600,height=250,left='+(screen.width\/2-300)+',top='+(screen.height\/3-125)+''); pdf24Win.focus(); if(typeof pdf24OnCreatePDF === 'function'){void(pdf24OnCreatePDF(this,pdf24Win));}\"> \t\t<input type=\"hidden\" name=\"blogCharset\" value=\"Cw1x07UAAA==\" \/><input type=\"hidden\" name=\"blogPosts\" value=\"MwQA\" \/><input type=\"hidden\" name=\"blogUrl\" value=\"yygpKSi20tcvLy\/Xy8jPSM3LARK6pXnpqWmZOSWpRSV6KakA\" \/><input type=\"hidden\" name=\"blogName\" value=\"88jPSM3LARK6pXnpqWmZOSWpRSUA\" \/><input type=\"hidden\" name=\"blogValueEncoding\" value=\"gzdeflate base64\" \/><input type=\"hidden\" name=\"postId_0\" value=\"M7IwMjEBAA==\" \/><input type=\"hidden\" name=\"postTitle_0\" value=\"HcxBCsIwEEbhq\/zncG2pgoLQE8Q6SYPTiSTTdps7uBERV71Jb5KTGNy+B1\/J307JGkEjjhh3Nk5hZIeWHAkegb361A8Yg\/rZU1RC4yXpZCdxMJxQ8rslu61DvFEs+VXyp7YnjmJDHI36IFWag6B+nE+XPbp+WLb1+ocPhvkH\" \/><input type=\"hidden\" name=\"postLink_0\" value=\"yygpKSi20tcvLy\/Xy8jPSM3LARK6pXnpqWmZOSWpRSV6Kan69gW2RhZGJiYA\" \/><input type=\"hidden\" name=\"postAuthor_0\" value=\"S0zJzcwDAA==\" \/><input type=\"hidden\" name=\"postDateTime_0\" value=\"MzIwMtQ1MNM1NFcwMLMCIiMTAA==\" \/><input type=\"hidden\" name=\"postContent_0\" value=\"vVfLbhvJFd3PVxQUILABPmxNMHA8sgDJpB6RZBuSH8gqKKpvd5e7upqoqjYDrrzIH8xmMBhMNvoGrbTjn\/hLcu6tJkVaNLxIEAMy2I+6j3PPPff2D3vT\/b0QfeOK\/ZEhdXH+ZqRKHRUZR+qNpxCIfGUXN751hapNVBnV6q2JZNWXz39cRcq1U2NX4LqyuogKl18+\/6JUQQU5NW2siSZcl6puovlkyEdSY+NCbHO2qG3A678dU764KX1G\/svnX798\/l19Ir+4zXNy0ZrrMg7UB2OtURcaFtSnxiEMn6K9ui5ni5uJ+DjR1kr4GXI5dXnjax1N4xAIwjppSnIW\/\/XhmXJjI6JRM0IyHuFa\/gFP21\/7KiDxkPABKJGM5WxWQRmHIK3F5fniBlYGe8MO5b3hdP8H\/GPgqd7fDHLeFhS0y6KkuJZyb3uue0OYWLfYOTkmz0EGBF3CnMSma\/XjQB20RRui2n2y+3RbSAe1Ag1QHV30vnq9p2bGZwjMCwXek59pG2E5FMmbugBpjOOqP9pVZ+rZTz8Onz7D3cdKT9TTJ+pdiTwYtzMQhSTFDf4kxgSh3gOK\/LFOkd9V1npgIEUAw+ZkMuOpYhjVldY2J5txEd6WizufYuqwIBsHWxCDA+b\/mTeBpIwTHERiXGwcPs2osU2BN1qX4XlQBy6aqqnr1plQtwExbcNzIz8DJM8T29hCLKnxJM0BD699oV1YMainLsfvX5+\/e3v6+tXiX5fjS\/VhfNwT7wdtlBp49Ypa8nzcOAbqf5DDQI1w7o1v5mA2QxamqbbzViShVhMcpiBN4wR7mGhrfj4jFMexBfdVYTthaFGxUwee1+BJYBhOGg9MrojKJsflo5dX7x6DIrD8sqRcYjx1FlUDx5BlnQk3cXejtD32NkVx1Uuva7Zz9Wb0uMtSCq9dnDU+dkBsMAZQjoyv0Ke3KIgXto28LuPcEF\/DZeCa6MW\/nS5rgpAgRc1KiEiAjJ7wqbZj4yV3vYB\/zmQLngC4aGfrOOOLLvWpX9wEg\/CiOmyyRl0icNvM1COu4LlxFbrG1Ljd1j0xd0Leu1WUmXYaHkNTaK9cg58TtMctd0ekbfz+85+e7e7u\/nxJE4KoMGeCumiDqXIK0GVt5YUnP28j8SWxlmjH\/a6OAGal\/qYDKlEZBXYtblpWyOcP5sEMsSGHI7+4Kz\/q0kNGoAfa4UQIXAsp8FpIbjOkoByeoYCs+dIfJmgUTISyfjA2VDeoIOnNkok8K9ACMN7AEoHxVoPYHBmDetDm0UO+U7dQpZ1jWkcwq+oiOkQZ1bFv2qn6e+OlGoZJUNBEUjhEsKzYmADSIZ7jAh6+QRtuNDcHD33iSKFxAxZagIhxhSwXd\/wert43ftb6nIcYR8K+OjEHq3TNoIQGI4M7ErheVwXNxE7qO2aCyDRmhCoJheHBx9ndQ9Vf09YHGszYo9dQae6rZjJrSuTlOTUweCJI8jPcOkzqwrI2UGMvoEofuNZ3ULD5OZWOB5fxNZjLxeOqHy1rvMQTgVHaHDLtU6+cNTyIoFEYhXRdCbS\/KMDDXe1ElkAdlIKHtpEZjlswDucZcjdoulrMj0yeo2WXjZixRkKENGjX3eRIU4t13L2fRR7eLeJA6rpdGuiepHbnqhgO2UmFtV1xyata+392ROhbctL+wgoPBUsDAJkNZH486NoR1U3ldTqgpA8J9bW2AvZCP2IFxFPIiavid0cQdBuCC4R1C44ZJ017Cju6mtM0AgxSBQDJwuImzsWDAI0qcd\/wtW6D8kwHvTY9lkQ\/BicdlwfP6wTR2taE+5c0baOgxKysoarcAlDoCdKgOI+CLkcna8AVeEqyduYaHu4dvV12GH7jJNZRG9MEGqj3i1sISrEJVJpOSCNtDhIcLzL3+LolwJuYSkBrSUCD75gbizsW\/prvYMJMfLc9jnRQXPv13aTrRE4jDdEjQvIoFR+uNfvGdsXtSfBVo1ogcW2gUbAKrcV9xTxnR6hgwSLfUx\/bpcIgq7Q7Qex4hSxZDj7gfJc0RHg50qVB2xpoQjMygnwxJYjnN78J7ai6Sp0Io4tlQWHaso9vMPXgARlkfWX41eKGYXXfJSe8AfF5XJEyIJOuUmllTE3P7SYMnALExa2TgCHtvMIjQiwK\/L3AW4jppjLUd47+MXiMk1r2REwKXnXSBoNfXOZD0rVIJm8sxKSHkYAeZ\/rjDyhNYN1r2ToAK5PWWlaGfMnwM2tq3YnatzGBpQ6WgVqlyk44ucPko1uIMRImhKp+xCZu5qk\/HlgOEPhgHO+Bod\/RzpN0Ls\/KM11Pc1bDsWdtFyNjnz59lh8u25uB3zwC2mXa+PgyhcUZzltH2ImYSEepP83SXkDvao21YTqF2sTwDd6cwSBGKZ9BQVdfED3F0gf590kr8Gzs89ZvVbiR7F2RYygdy2SWKpw+ZH3O\/eM6BVt+vnT90OPPogteERwqyz0cvooDny5\/TV8uiYf38WI2xZgb6Q7myAAlYDtPf+L3VRJatxb7AwsM5maeBU3R6LEbirJUyqDoVl2MIl3aiosJiYxIU56frs+ee408Z3kcyocjjytZDLbthrxuCksOPLfCdz7s\/7vveuPWIqaIYVJggZZ7ayV8RbPwfOsns1YoZv5ip4xxGp4Ph7PZbODzvsOBQUZD\/lAdVrPdv+AsJ9AnTqAvCfRxKcH3V8H374Pv0yr4PoLHm7kmiXxHRQ2CxBc7\/5igONUOJMS+2HGY3TkvNLyAN1NeiXb2\/49h7Q11QuY\/\" \/> \t\t<a href=\"https:\/\/www.pdf24.org\" target=\"_blank\" title=\"www.pdf24.org\" rel=\"nofollow\"><img src=\"https:\/\/www.hohenlohe-ungefiltert.de\/wp-content\/plugins\/pdf24-post-to-pdf\/img\/pdf_32x32.png\" alt=\"\" border=\"0\" height=\"32\" \/><\/a> \t\t<span class=\"pdf24Plugin-cp-space\">&nbsp;&nbsp;<\/span> \t\t<span class=\"pdf24Plugin-cp-text\">Sende Artikel als PDF<\/span> \t\t<span class=\"pdf24Plugin-cp-space\">&nbsp;&nbsp;<\/span> \t\t<input class=\"pdf24Plugin-cp-input\" style=\"margin: 0px;\" type=\"text\" name=\"sendEmailTo\" placeholder=\"Emailadresse\" \/> \t\t<input class=\"pdf24Plugin-cp-submit\" style=\"margin: 0px;\" type=\"submit\" value=\"Senden\" \/> \t<\/form> <\/div>","protected":false},"excerpt":{"rendered":"<p>Die MLPD hat eine Presseerkl\u00e4rung mit dem Titel \u201eStefan Engel klagt an \u2013 gegen politisch motivierte Einstufung als \u201aGef\u00e4hrder\u2018\u201c ver\u00f6ffentlicht. Willi Maier von der MLPD Schw\u00e4bisch Hall hat die Informationen an Hohenlohe-ungefiltert weiter geleitet. Hohenlohe-ungefiltert ver\u00f6ffentlicht die Pressemitteilung der MLPD in voller L\u00e4nge. Informationen zugesandt von Willi Maier, MLPD Schw\u00e4bisch Hall Gerichtsverhandlung am 3. August [&hellip;]<\/p>\n","protected":false},"author":1,"featured_media":0,"comment_status":"open","ping_status":"open","sticky":false,"template":"","format":"standard","meta":[],"categories":[1],"tags":[],"_links":{"self":[{"href":"https:\/\/www.hohenlohe-ungefiltert.de\/index.php?rest_route=\/wp\/v2\/posts\/28244"}],"collection":[{"href":"https:\/\/www.hohenlohe-ungefiltert.de\/index.php?rest_route=\/wp\/v2\/posts"}],"about":[{"href":"https:\/\/www.hohenlohe-ungefiltert.de\/index.php?rest_route=\/wp\/v2\/types\/post"}],"author":[{"embeddable":true,"href":"https:\/\/www.hohenlohe-ungefiltert.de\/index.php?rest_route=\/wp\/v2\/users\/1"}],"replies":[{"embeddable":true,"href":"https:\/\/www.hohenlohe-ungefiltert.de\/index.php?rest_route=%2Fwp%2Fv2%2Fcomments&post=28244"}],"version-history":[{"count":2,"href":"https:\/\/www.hohenlohe-ungefiltert.de\/index.php?rest_route=\/wp\/v2\/posts\/28244\/revisions"}],"predecessor-version":[{"id":28246,"href":"https:\/\/www.hohenlohe-ungefiltert.de\/index.php?rest_route=\/wp\/v2\/posts\/28244\/revisions\/28246"}],"wp:attachment":[{"href":"https:\/\/www.hohenlohe-ungefiltert.de\/index.php?rest_route=%2Fwp%2Fv2%2Fmedia&parent=28244"}],"wp:term":[{"taxonomy":"category","embeddable":true,"href":"https:\/\/www.hohenlohe-ungefiltert.de\/index.php?rest_route=%2Fwp%2Fv2%2Fcategories&post=28244"},{"taxonomy":"post_tag","embeddable":true,"href":"https:\/\/www.hohenlohe-ungefiltert.de\/index.php?rest_route=%2Fwp%2Fv2%2Ftags&post=28244"}],"curies":[{"name":"wp","href":"https:\/\/api.w.org\/{rel}","templated":true}]}}