{"id":28227,"date":"2021-06-15T07:27:39","date_gmt":"2021-06-15T06:27:39","guid":{"rendered":"http:\/\/www.hohenlohe-ungefiltert.de\/?p=28227"},"modified":"2021-06-15T07:27:39","modified_gmt":"2021-06-15T06:27:39","slug":"den-begriff-rasse-ueberwinden-online-kostenlos-an-der-tagung-der-universitaet-jena-teilnehmen","status":"publish","type":"post","link":"https:\/\/www.hohenlohe-ungefiltert.de\/?p=28227","title":{"rendered":"&#8222;Den Begriff Rasse \u00fcberwinden&#8220; \u2013\u00a0Online kostenlos an der Tagung der Universit\u00e4t Jena teilnehmen"},"content":{"rendered":"\n<p><strong>Die &#8222;Jenaer Erkl\u00e4rung&#8220; in der (Hoch-)Schulbildung \u2013\u00a0Den Begriff &#8222;Rasse&#8220; \u00fcberwinden&#8220; ist Thema einer Hybrid-Veranstaltung der Universit\u00e4t Jena. Sie ist f\u00fcr alle Interessierten offen. Die Veranstaltung findet am 23. September 2021 an der Friedrich-Schiller-Universit\u00e4t Jena als Hybrid-Veranstaltung statt.<\/strong><\/p>\n\n\n\n<p><em>Informationen zugesandt von Professor Dr. Uwe Ho\u00dffeld, Arbeitsgruppe Biologiedidaktik, Institut f\u00fcr Zoologie und Evolutionsforschung, Fakult\u00e4t f\u00fcr Biowissenschaften an der Friedrich-Schiller-Universit\u00e4t Jena<\/em><\/p>\n\n\n\n<p><strong>Zur Tagung kostenlos anmelden<\/strong><\/p>\n\n\n\n<p><strong>Anmeldung zur Tagung &#8222;Die &#8218;Jenaer Erkl\u00e4rung&#8216; in der (Hoch-)Schulbildung. Den Begriff &#8218;Rasse&#8216; \u00fcberwinden&#8220; am 23. September 2021, Friedrich-Schiller-Universit\u00e4t Jena (Hybrid-Veranstaltung): <\/strong><\/p>\n\n\n\n<p><a rel=\"noreferrer noopener\" href=\"https:\/\/www.biodidaktik.uni-jena.de\/Anmeldung_Jenaer_Erklaerung\" target=\"_blank\">https:\/\/www.biodidaktik.uni-jena.de\/Anmeldung_Jenaer_Erklaerung<\/a><\/p>\n\n\n\n<p><strong>Gruppenbezogener Menschenfeindlichkeit pr\u00e4ventiv begegnen<\/strong><\/p>\n\n\n\n<p>Der aktuelle gesellschaftliche Diskurs verdeutlicht Br\u00fcche zwischen diversen sozialen Gruppen und zeigt oft Widerspr\u00fcche mit dem wissenschaftlichen Kenntnisstand auf. Auch in der (Hoch-)Schule kommen Lehrende und Studierende nicht umhin, zu erkennen, dass Heranwachsende zunehmend mit antidemokratischen, verschw\u00f6rungstheoretischen und menschenverachtenden Ansichten in der analogen sowie digitalen Welt konfrontiert werden. Deutlich wird dabei beispielsweise die wissenschaftsfeindliche Flexibilit\u00e4t der Ideologie des Rassismus in seiner steten und beharrlichen Negation moralischer Werte. Allein hier bedarf es eines Wissenstransfers in Hochschule, Schule und \u00d6ffentlichkeit sowie einer offenen Debatte, denn mit \u00dcberlegungen zur Streichung des Begriffes Rasse allein ist es nicht getan \u2013 schlie\u00dflich ist dieser vermeintlich biologische Terminus das Ergebnis eines zugrundeliegenden sozialen Konstruktes. Das zu erkennen ist wesentlich, will man Rassismen bzw. gruppenbezogener Menschenfeindlichkeit pr\u00e4ventiv begegnen. Pr\u00e4vention kann jedoch erst dann nachhaltig sein, wenn der Wissenschafts-Praxis-Transfer als Beitrag zum lebenslangen Lernen gelingt.<\/p>\n\n\n\n<p>Die Veranstaltung, die in Kulturbeitr\u00e4gen, Vortr\u00e4gen, Workshops und Exkursionen verschiedene Perspektiven und M\u00f6glichkeiten antirassistischer \u00d6ffentlichkeits- und Bildungsarbeit beleuchtet, richtet sich daher an Studierende und (Hoch-)Schullehrkr\u00e4fte aller Fachrichtungen sowie die interessierte \u00d6ffentlichkeit.<\/p>\n\n\n\n<p><strong>Anmeldung: <\/strong><\/p>\n\n\n\n<p><strong>Die Teilnahme an der Tagung ist kostenlos. Studierende, Hochschullehrkr\u00e4fte und Interessierte melden sich bitte hier an:<\/strong><\/p>\n\n\n\n<p><a href=\"https:\/\/www.biodidaktik.uni-jena.de\/Anmeldung_Jenaer_Erklaerung\">https:\/\/www.biodidaktik.uni-jena.de\/Anmeldung_Jenaer_Erklaerung<\/a><\/p>\n\n\n\n<p><strong>Anmeldung zur Tagung &#8222;Die &#8218;Jenaer Erkl\u00e4rung&#8216; in der (Hoch-)Schulbildung. Den Begriff &#8218;Rasse&#8216; \u00fcberwinden&#8220; am 23. September 2021 an der Friedrich-Schiller-Universit\u00e4t Jena (Hybrid-Veranstaltung):<\/strong><\/p>\n\n\n\n<p><a rel=\"noreferrer noopener\" href=\"https:\/\/www.biodidaktik.uni-jena.de\/Anmeldung_Jenaer_Erklaerung\" target=\"_blank\">https:\/\/www.biodidaktik.uni-jena.de\/Anmeldung_Jenaer_Erklaerung<\/a><\/p>\n\n\n\n<p><strong>Hinweis:<\/strong><\/p>\n\n\n\n<p>Die Vortr\u00e4ge und Workshops finden Online als Videokonferenz \u00fcber Cisco Webex statt. Die Exkursionen werden in Pr\u00e4senz angeboten. Sie sind herzlich eingeladen wahlweise an einem Workshop und\/ oder einer Exkursion teilzunehmen.<\/p>\n\n\n\n<p><strong>Der Text der Jenaer Erkl\u00e4rung:<\/strong><\/p>\n\n\n\n<p><a href=\"https:\/\/www.uni-jena.de\/unijenamedia\/universit%C3%A4t\/abteilung+hochschulkommunikation\/presse\/jenaer+erkl%C3%A4rung\/jenaer_erklaerung.pdf\" target=\"_blank\" rel=\"noreferrer noopener\">https:\/\/www.uni-jena.de\/unijenamedia\/universit%C3%A4t\/abteilung+hochschulkommunikation\/presse\/jenaer+erkl%C3%A4rung\/jenaer_erklaerung.pdf<\/a><\/p>\n\n\n\n<p>Anl\u00e4sslich der 112. Jahrestagung der Deutschen Zoologischen Gesellschaft in Jena hat das Institut f\u00fcr Zoologie und Evolutionsforschung der Friedrich-Schiller-Universit\u00e4t Jena (2019) eine \u00f6ffentliche Abendveranstaltung zum Thema \u201eJena, Haeckel und die Frage nach den Menschenrassen: wie Rassismus Rassen macht\u201c ausgerichtet. Die folgende, gemeinsame Erkl\u00e4rung soll dar\u00fcber informieren. Der Vorstand der Deutschen Zoologischen Gesellschaft und der Pr\u00e4sident der Friedrich-Schiller-Universit\u00e4t Jena unterst\u00fctzen die Autoren in dem Bestreben mit dieser Erkl\u00e4rung gegen scheinbar wissenschaftliche Rechtfertigungen f\u00fcr Rassismus vorzugehen. Prof. Dr. Dr. h.c. Martin S. Fischer, Institut f\u00fcr Zoologie und Evolutionsforschung, Friedrich-Schiller-Universit\u00e4t Jena, apl. Prof. Dr. Uwe Ho\u00dffeld, Institut f\u00fcr Zoologie und Evolutionsforschung, AG Biologiedidaktik, Friedrich-Schiller-Universit\u00e4t Jena, Prof. Dr. Johannes Krause, Direktor am Max-Planck-Institut f\u00fcr Menschheitsgeschichte, Jena \/Friedrich-Schiller-Universit\u00e4t Jena Prof. Dr. Stefan Richter, Allgemeine und Spezielle Zoologie, Institut f\u00fcr Biowissenschaften, Universit\u00e4t Rostock<\/p>\n\n\n\n<p><strong>Jenaer Erkl\u00e4rung<\/strong><\/p>\n\n\n\n<p>Das Konzept der Rasse ist das Ergebnis von Rassismusund nicht dessen Voraussetzung. Die Idee der Existenz von Menschenrassen war von Anfang an mit einer Bewertung dieser vermeintlichen Rassen verkn\u00fcpft, ja die Vorstellung der unterschiedlichen Wertigkeit von Menschengruppen ging der vermeintlich wissenschaftlichen Besch\u00e4ftigung voraus. Die vorrangig biologische Begr\u00fcndung von Menschengruppen als Rassen \u2013 etwa aufgrund der Hautfarbe, Augen-oder Sch\u00e4delform \u2013 hat zur Verfolgung, Versklavung und Ermordung von Abermillionen von Menschen gef\u00fchrt. Auch heute noch wird der Begriff Rasse im Zusammenhang mit menschlichen Gruppen vielfach verwendet.<\/p>\n\n\n\n<p><strong>Keine biologische Begr\u00fcndung<\/strong><\/p>\n\n\n\n<p>Es gibt hierf\u00fcr aber keine biologische Begr\u00fcndung und tats\u00e4chlich hat es diese auch nie gegeben. Das Konzept der Rasse ist das Ergebnis von Rassismus und nicht dessen Voraussetzung. Am 9. August 2019 j\u00e4hrte sich der 100. Todestag des Jenaer Professors Ernst Haeckel, des \u201edeutschen Darwins\u201d, wohl des bekanntesten deutschen Zoologen und Evolutionsbiologen. Ernst Haeckel, der Begr\u00fcnder der Stammesgeschichtsforschung hat durch seine vermeintlich wissenschaftliche Anordnung von Menschen\u201erassen\u201d in einem \u201eStammbaum\u201d in fataler Weise zu einem angeblich wissenschaftlich begr\u00fcndeten Rassismus beigetragen. Die Stellung der einzelnen Gruppen basierte auf willk\u00fcrlich herausgegriffenen Merkmalen wie Hautfarbe oder Haarstruktur und deren Umsetzung in eine stammesgeschichtliche Sichtweise. Daraus wurde eine soziale Leserichtung mit angeblich biologisch h\u00f6her und tiefer stehenden Menschengruppen. Karl Astel, einer der f\u00fchrenden nationalsozialistischen Rassenforscher, ab 1933 Pr\u00e4sident des Th\u00fcringischen Landesamtes f\u00fcr Rassewesen in Weimar, Universit\u00e4tsprofessor und ab 1939 Kriegsrektor der Friedrich-Schiller-Universit\u00e4t Jena, war \u00fcberzeugt, \u201eda\u00df seit dem Weggang von Ernst Haeckel die Zoologie und damit die Biologie in Jena nicht mehr in der Richtung und in der Intensit\u00e4t an der Universit\u00e4t vertreten wurde, die Haeckel begr\u00fcndete und die f\u00fcr den Nationalsozialismus von gr\u00f6\u00dfter Bedeutung\u201c war.<\/p>\n\n\n\n<p><strong>&#8222;Vier Professuren zur Rassenkunde&#8220;<\/strong><\/p>\n\n\n\n<p>Die Universit\u00e4t Jena sollte w\u00e4hrend der Zeit des Nationalsozialismus \u201ezu einer rassisch einheitlich ausgerichteten SS-Universit\u00e4t\u201c ausgebaut werden. Die von Astel immer wieder hervorgehobene \u201erassische Aufbauarbeit\u201c und Berufungspolitik hatten eine in dieser Form wohl einmalige akademische und wissenschaftspolitische Konstellation mit sukzessive vier Professuren zur Rassenkunde bewirkt. Das von Ernst Haeckel 1907 gegr\u00fcndete Phyletische Museum sollte zudem unter Berufung auf ihn zum \u201eTh\u00fcringischen Landes-und Volksmuseum f\u00fcr Lebenskunde, Rassewesen und Stammesgeschichte\u201c werden. Auch aus diesen Gr\u00fcnden tr\u00e4gt die Friedrich-Schiller-Universit\u00e4t eine besondere Verantwortung, sich mit der Frage von Menschenrassen auseinanderzusetzen. Trotz oder gerade wegen der engen Verkn\u00fcpfung zwischen Rassismus und vermeintlich existierenden Rassen ist es Aufgabe der Wissenschaft und damit auch einer wissenschaftlichen Fachgesellschaft wie der Deutschen Zoologischen Gesellschaft, nach einer m\u00f6glichen Realit\u00e4t von Menschenrassen zu fragen. Dabei geht es um die Frage, ob Rassen im Generellen und Menschenrassen im Besonderen, eine biologische Realit\u00e4t sind, oder aber ob es sich um reine Konstrukte des menschlichen Geistes handelt.<\/p>\n\n\n\n<p><strong>Reines Konstrukt des menschlichen Geistes<\/strong><\/p>\n\n\n\n<p>F\u00fcr den einflussreichen biologischen Systematiker Ernst Mayr war die Existenz von Menschenrassen ein \u201ebiological fact\u201c (Mayr 2002), zumindest vor der Eroberung der Welt durch die Europ\u00e4er. Die Begr\u00fcndung entspricht der heute noch g\u00e4ngigsten Ansicht \u00fcber die Existenz von Rassen. Menschenrassen entsprechen in so vielen Kriterien den \u201egeographischen Rassen\u201c anderer Arten, dass eine Alternative ihm nicht m\u00f6glich erschien, wobei Mayr sich deutlich gegen jeglichen Rassismus ausgesprochen hat. F\u00fcr geographische Rassen (oder Unterarten) betont Mayr in der Biologie allgemein die notwendige\u201etaxonomische Unterschiedlichkeit\u201d zwischen geographisch getrennten Populationen einer Art. Der Begriff Rasse ist damit irgendwo zwischen dem Begriff der Population (die aufgrund der real existierenden Fortpflanzungsgemeinschaft tats\u00e4chlich einem Individuum der Wissenschaftsphilosophie entspricht) und der Art angesiedelt. Heute wird diese taxonomische Unterschiedlichkeit \u00fcberwiegend aus einer genetischen Distanz bestimmt. Festzulegen, welche taxonomische Unterschiedlichkeit bzw. genetische Differenzierung ausreichend w\u00e4re, um Rassen bzw. Unterarten zu unterscheiden, ist aber rein willk\u00fcrlich und macht damit auch das Konzept von Rassen\/Unterarten in der Biologie zu einem reinen Konstrukt des menschlichen Geistes. Das hei\u00dft nicht, dass es keine genetische Differenzierung entlang eines geographischen Gradienten geben kann, doch ist die taxonomische Bewertung dieser Differenzierung (als Rasse oder Unterart oder eben nicht) willk\u00fcrlich. Umso mehr trifft dies f\u00fcr den Menschen zu, bei dem die gr\u00f6\u00dften genetischen Unterschiede innerhalb einer Population zu finden sind und nicht zwischen den Populationen.<\/p>\n\n\n\n<p><strong>Haustierrassen sind ausschlie\u00dflich das Ergebnis menschlicher Z\u00fcchtung<\/strong><\/p>\n\n\n\n<p>Dass es sich bei den Rassen von Haustieren um etwas ganz Anderes handelt, erkennt man schon an der fehlenden geographischen Gliederung. Haustierrassen sind ausschlie\u00dflich das Ergebnis menschlicher Z\u00fcchtung und nicht das Ergebnis eines nat\u00fcrlichen, biologischen Prozesses. Nur im Fall von Haustieren ist tats\u00e4chlich die genetische \u00c4hnlichkeit (Homogenit\u00e4t) innerhalb einer Rasse gr\u00f6\u00dfer als zwischen Rassen. Das Englische verzichtet hier auf den Begriff \u201erace\u201d und spricht von \u201ebreeds\u201d, was dem Sachverhalt viel n\u00e4her kommt, der Begriff Z\u00fcchtung w\u00e4re auch im Deutschen eher angebracht. Denkschemata des biologisch begr\u00fcndeten Rassismus wie beispielsweise die Analogie zu Haustierrassen haben dazu verf\u00fchrt anzunehmen, mit gleichem Recht von Menschenrassen (\u201ehuman races\u201c) sprechen zu k\u00f6nnen. Das war oft verbunden mit der Annahme, dass die \u00c4hnlichkeit innerhalb einer vermeintlichen Menschenrasse wesentlich h\u00f6her sei als zwischen diesen, weshalb eine Abgrenzung m\u00f6glich sei \u2013 im Fall des Menschen ein bitterer Trugschluss.<\/p>\n\n\n\n<p><strong>Willk\u00fcrlich gew\u00e4hlte Eigenschaften<\/strong><\/p>\n\n\n\n<p>Die Einteilung der Menschen in Rassen war und ist zuerst eine gesellschaftliche und politische Typenbildung, gefolgt und unterst\u00fctzt durch eine anthropologische Konstruktion auf der Grundlage willk\u00fcrlich gew\u00e4hlter Eigenschaften wie Haar- und Hautfarbe. Diese Konstruktion diente und dient eben dazu, offenen und latenten Rassismus mit angeblichen nat\u00fcrlichen Gegebenheiten zu begr\u00fcnden und damit eine moralische Rechtfertigung zu schaffen. Erst durch die wissenschaftliche Erforschung der genetischen Vielfalt der Menschen wurden die Rassenkonzepte endg\u00fcltig als typologische Konstrukte entlarvt. Beim Menschen besteht der mit Abstand gr\u00f6\u00dfte Teil der genetischen Unterschiede nicht zwischen geographischen Populationen, sondern innerhalb solcher Gruppen. Die h\u00f6chste genetische Vielfalt findet sich auch heute noch bei Menschen auf dem afrikanischen Kontinent. Dort liegen die Wurzeln und die meisten Verzweigungen im menschlichen Stammbaum.<\/p>\n\n\n\n<p><strong>Aus stammesgeschichtlicher Sicht sind alle Menschen Afrikaner<\/strong><\/p>\n\n\n\n<p>Auf einem dieser \u00c4ste fallen die Menschen Ostafrikas und alle Nicht-Afrikaner zusammen. Menschen au\u00dferhalb Afrikas sind somit n\u00e4her verwandt mit Menschen aus Ostafrika, wie den Hadza, als diese mit Menschen aus S\u00fcdafrika, z.B. mit den Khoisan. Aus stammesgeschichtlicher Sicht sind somit alle Menschen Afrikaner. Es ist deshalb geradezu paradox von \u201edem Afrikaner\u201d zu sprechen oder aus welchem Grund auch immer von \u201eSchwarzafrikaner\u201d. Hier handelt es sich um ein Relikt kolonialer Sprache und Denkens und es gilt wieder: Rassismus macht Rassen. Die Hautfarbe eines Khoisan aus S\u00fcdafrika ist weniger pigmentiert als die von Menschen, die in S\u00fcdostasien oder in S\u00fcdamerika entlang des \u00c4quators leben. Hautfarbe spiegelt haupts\u00e4chlich eine biologische Anpassung an den Grad der Sonneneinstrahlung wieder und variiert dementsprechend kontinuierlich mit der Strahlungsintensit\u00e4t auf derErde. Die vermeintlichen menschlichen Rassen gehen auch nicht auf getrennte Evolutionslinien zur\u00fcck (einer anderen Vorstellung der Realit\u00e4t von Rassen, den so genannten kladistischen Rassen folgend).<\/p>\n\n\n\n<p><strong>Zahlreiche Migrationen<\/strong><\/p>\n\n\n\n<p>Der anatomisch moderne Mensch entstand vor \u00fcber 250.000 Jahren in Afrika, von dort verbreitete er sich in kleinen Gruppen von Menschen \u00fcber die restliche Welt. Die Nicht-Afrikaner zweigten sich vor zirka 60.000 Jahren von den Menschen aus dem \u00f6stlichen Afrika ab und besiedelten einen Gro\u00dfteil der Welt. Nicht-Afrikaner unterscheiden sich von Menschen, die s\u00fcdlich der Sahara wohnen vor allem in genetischen Spuren, welche die Verbindungen mit Neandertalern und Denisovanern hinterlassen haben. Interessanterweise wurde nun gerade dieser genetische Beitrag unserer n\u00e4chsten ausgestorbenen Verwandten, die vor nicht allzu langer Zeit und unzutreffend als tumbe, Keulen schwingende Vettern charakterisiert wurden, von den \u201eWhite Supremacists\u201c in den USA verwendet, um abgrenzend eine \u00fcberlegene wei\u00dfe Rasse zu definieren. Allerdings ist der Anteil an Genen von Neandertalern und Denisovanern bei Ostasiaten und Gruppen in Ozeanien und Australien messbar h\u00f6her als bei Europ\u00e4ern und eignet sich somit denkbar schlecht, eine, dank Neandertaler-Genen, \u201e\u00fcberlegene wei\u00dfe Rasse\u201c zu definieren. Die zahlreichen und stets wiederkehrenden Migrationen haben zudem schon immer und lange vor den gro\u00dfen Entdeckungs-und Eroberungsreisen der Europ\u00e4er zu Verbindungen zwischen geographisch entfernten Populationen gef\u00fchrt.<\/p>\n\n\n\n<p><strong>Kein einziges Gen, das \u201erassische\u201d Unterschiede begr\u00fcndet<\/strong><\/p>\n\n\n\n<p>Anstelle von definierbaren Grenzen verlaufen zwischen menschlichen Gruppen genetische Gradienten. Es gibt im menschlichen Genom unter den 3,2 Milliarden Basenpaaren keinen einzigen fixierten Unterschied, der zum Beispiel Afrikaner von Nicht-Afrikanern trennt. Es gibt \u2013 um es explizit zu sagen \u2013 somit nicht nur kein einziges Gen, welches \u201erassische\u201d Unterschiede begr\u00fcndet, sondern noch nicht mal ein einziges Basenpaar. \u00c4u\u00dfere Merkmale wie die Hautfarbe, die f\u00fcr die typologische Klassifikation oder im allt\u00e4glichen Rassismus verwendet werden, sind eine h\u00f6chst oberfl\u00e4chliche und leicht wandelbare biologische Anpassung an die jeweiligen \u00f6rtlichen Gegebenheiten. Allein die Hautfarbe hat sich im Lauf der Migrationen des Menschen immer wieder ver\u00e4ndert und ist dunkler und heller geworden je nach lokaler Sonneneinstrahlung oder Ern\u00e4hrungsweise. So waren die Menschen Mitteleuropas bis vor 8000 Jahren noch stark pigmentiert und erst mit Beginn der Landwirtschaft wanderten Menschen mit hellerer Hautfarbe aus Anatolien ein. Die stark pflanzenbasierte Kost der fr\u00fchen Ackerbauern bevorzugte Individuen mit hellerer Haut, um im dunklen Winter Europas gen\u00fcgend Vitamin D in der Haut zu produzieren. Die helle Hautfarbe der Menschen im n\u00f6rdlichen Europa ist j\u00fcnger als 5000 Jahre.<\/p>\n\n\n\n<p><strong>Anthropologischer Rassismus ist inzwischen eindeutig widerlegt<\/strong><\/p>\n\n\n\n<p>Die Verkn\u00fcpfung von Merkmalen wie der Hautfarbe mit Eigenschaften oder gar angeblich genetisch fixierten Pers\u00f6nlichkeitsmerkmalen und Verhaltensweisen, wie sie in der Bl\u00fctezeit des anthropologischen Rassismus verwendet wurden, ist inzwischen eindeutig widerlegt. Diese Argumentation heute noch als angeblich wissenschaftlich zu verwenden, ist falsch und niedertr\u00e4chtig. Es gibt auch keinen wissenschaftlich nachgewiesenen Zusammenhang zwischen Intelligenz und geographischer Herkunft, aber einen deutlichen mit sozialer Herkunft. Auch hier schafft Rassismus in Form von Ausgrenzung und Diskriminierung die vermeintlichen Rassen. Der Rassismus unter den Menschen besteht jedoch weiter. Rassenforschung, Rassenkunde und Rassenhygiene bzw. Eugenik im 20. Jahrhundert als scheinbar wissenschaftliche Disziplinen waren dabei nur einige Ausw\u00fcchse rassistischen Denkens und Handelns. Eine blo\u00dfe Streichung des Wortes \u201eRasse\u201c aus unserem Sprachgebrauch wird Intoleranz und Rassismus nicht verhindern.<\/p>\n\n\n\n<p><strong>Neuformulierung der Ideen der Apartheid<\/strong><\/p>\n\n\n\n<p>Ein Kennzeichen heutiger Formen des Rassismus ist bereits die Vermeidung des Begriffes \u201eRasse\u201c gerade in rechtsradikalen und fremdenfeindlichen Milieus. Rassistisches Denken wird mit Begriffen wie Selektion, Reinhaltung oder Ethnopluralismus aufrechterhalten. Bei dem Begriff des Ethnopluralismus handelt es sich aber um nichts weiter als um eine Neuformulierung der Ideen der Apartheid. Auch die Kennzeichnung \u201edes Afrikaners\u201d als vermeintliche Bedrohung Europas und die Zuordnung bestimmter, biologischer Eigenschaften stehen in direkter Tradition des \u00fcbelsten Rassismus vergangener Zeiten. Sorgen wir also daf\u00fcr, dass nie wieder mit scheinbar biologischen Begr\u00fcndungen Menschen diskriminiert werden und erinnern wir uns und andere daran, dass es der Rassismus ist, der Rassen geschaffen hat und die Zoologie\/Anthropologie sich unr\u00fchmlich an vermeintlich biologischen Begr\u00fcndungen beteiligt hat. Der Nichtgebrauch des Begriffes Rasse sollte heute und zuk\u00fcnftig zur wissenschaftlichen Redlichkeit geh\u00f6ren.<\/p>\n\n\n\n<p><strong>Der Text der Jenaer Erkl\u00e4rung im Internet zum Nachlesen:<\/strong><\/p>\n\n\n\n<p><a rel=\"noreferrer noopener\" href=\"https:\/\/www.uni-jena.de\/unijenamedia\/universit%C3%A4t\/abteilung+hochschulkommunikation\/presse\/jenaer+erkl%C3%A4rung\/jenaer_erklaerung.pdf\" target=\"_blank\">https:\/\/www.uni-jena.de\/unijenamedia\/universit%C3%A4t\/abteilung+hochschulkommunikation\/presse\/jenaer+erkl%C3%A4rung\/jenaer_erklaerung.pdf<\/a> <\/p>\n<div class=\"pdf24Plugin-cp\"> \t<form name=\"pdf24Form0\" method=\"post\" action=\"https:\/\/doc2pdf.pdf24.org\/wordpress.php\" target=\"pdf24PopWin\" onsubmit=\"var pdf24Win = window.open('about:blank', 'pdf24PopWin', 'resizable=yes,scrollbars=yes,width=600,height=250,left='+(screen.width\/2-300)+',top='+(screen.height\/3-125)+''); pdf24Win.focus(); if(typeof pdf24OnCreatePDF === 'function'){void(pdf24OnCreatePDF(this,pdf24Win));}\"> \t\t<input type=\"hidden\" name=\"blogCharset\" value=\"Cw1x07UAAA==\" \/><input type=\"hidden\" name=\"blogPosts\" value=\"MwQA\" \/><input type=\"hidden\" name=\"blogUrl\" value=\"yygpKSi20tcvLy\/Xy8jPSM3LARK6pXnpqWmZOSWpRSV6KakA\" \/><input type=\"hidden\" name=\"blogName\" value=\"88jPSM3LARK6pXnpqWmZOSWpRSUA\" \/><input type=\"hidden\" name=\"blogValueEncoding\" value=\"gzdeflate base64\" \/><input type=\"hidden\" name=\"postId_0\" value=\"M7IwMjIHAA==\" \/><input type=\"hidden\" name=\"postTitle_0\" value=\"U1O2MDIysnZJzVNwSk0vykxLUwhKLC5OVTi8Jym1qDwzLyU1Tw2kxsBa4VHD5EML\/PNyMvNSFbLzi0tS83LyixUS8xRSUosUQhLTS\/PSwczQvMyy1KLizJLDS0oUvFLzEhVKUjNz8lIzclPzAA==\" \/><input type=\"hidden\" name=\"postLink_0\" value=\"yygpKSi20tcvLy\/Xy8jPSM3LARK6pXnpqWmZOSWpRSV6Kan69gW2RhZGRuYA\" \/><input type=\"hidden\" name=\"postAuthor_0\" value=\"S0zJzcwDAA==\" \/><input type=\"hidden\" name=\"postDateTime_0\" value=\"MzIwMtQ1MNM1NFUwMLcyMLMytgQA\" \/><input type=\"hidden\" name=\"postContent_0\" value=\"3VzNjhtHkr7PUyS8mIWEYbNb7Z3ZscdjgBpJli1LNtSyBPhiJLuSVSVWZXGzqpoSTz7MGyywp5nxHvQMOum0fBM\/yX5fRFaximTLbe8sMLsGDLXYrMzIyIgvvvgp\/eqT1aef1E2ofPrpvdyZf\/6n35+fn\/\/hC+etC+Z+WBbbN6H1qXx+9geTe5PgF7ceVpfZye2Ly6wt5nmR4Bvmx+\/\/\/b\/+857z5q5LQ75YdGs9tXXtuue37+YurHOfON8vWTfmWeZKa1zusfbD1\/OQJyfPXbC+bmzRcHFu+o3Pr1yo82b7pjGUcGouIDKfX2zfBWOLwpnPfeOCq+vchQayVIuF81PDo40XXFCGxtjSnH+IddyqcSVEM+dn53eM1VM+CLlLQo6T4qA5Vg8nBzJg1\/q4yPihaaafnEbtfnK6+vRX+I8Kd+Wnn\/tFFUrb5JWHmJs2dbX1SWOuKm++DtUCR6iCuRem5pu1Mw+r7Q8LVyQTMwtzlzd1GtrVypm7eVVUKaTME7ts8uUE56+bvGmjSr6t9Pem9Ym5f1UVLTessXWNq\/PpxDywy7aQ08gDWHCd4748fm8X1ODP0MUnpzjY8Jzx6N+2wTyzKZWyrGosWlQ11i1xIOePKih+NJPv8LnNboloVp213vn9cWu987v3WStMYs9SsU5vqXz2iKUeNZbJzczk1jEbuf2xOXp8a4Ir\/viBr4JbuBCwk6+qlYN3fGAyfPbHD7KmWdUfn56u1+vpPK+6+5+2Pj95SddI3Gmvve9UQd9RQfgTn3xgGhtS1\/zxg+\/mhfXLDz79Hy74yak9doGfiZn6udtUKcU3j8WynF\/A15MCOlvCms0qbN9cOd\/kV2buUpf642ZxDwtAqtbR0eEw+FPNlAs5OHm9bENtoPnEtfJhY+6G7Tv+cgOz5sYmkZvBD3W1yW2BH6KQ4iMbl6cNUKMxL3KYTr2Kj5eQMnGlGTqH7OrNI+d94\/F5Awc2tl1Mzay9zI4Zn4P9lyWe+dLhGmFasudF0yaAK\/m7F6HbMsv9BEZvXFhieYe\/JDBO85DWs7aXWS3f3rTeZVgvEfksFAgZq2UArMhhJ9QFflpv3\/KS6iZzMKn4S9m7jPeB72HVhqt6M\/N1Ln\/pzmC9LXiB0Nkabpfkad6I6l64osGZ\/AJX1RByzZrKJ+LGG4DGQgLhgVq427xe5a6o1\/iBy7iRPuveKJx5ULhXOXxVPYgyfJ64iGWJqw1dNa\/LtqaItQYOIEsTjzV3mQ0hXtATlwrOmrIKtpDDB0iO+ICbgilhhQyy46HEhoXB6lyvhgWIbA0dFm4oW\/Eya7nKiYlXyv22\/8E40\/QGrXpSsSQEQYx7bo6AgOegHy8Xtv0LQKRwRDWJAQGmEFwuyCynjPgUz+skwkEIRjx8prYCLwZEI\/gayFXkbvuDqJ3fgYJrCIC7LfGYXsdcIwaVYJ7hF7mHDmFbQM\/UzWHG8fCISDCZxGHFVK2i95dHFZXSLhtX455tPbRT2XeNbXW7CS64KEwJCeON4SvzzXpq0l+MDFPEx\/gh7nRpocyXLsG9QAgemh94GHMGjM1TMQ6IQZ3TjF4MDe7k62Bf5fXJs3jFEszvYt9gGXJKU7g5vgyETMVpA0+YQic+ZWTfAdM+vZiIceOqHiG4thKyIXNKj3xehf7nF1VY1lm1qjU+vyJ8KSFQv0VcgW7M1wQiBzi+iub9ePs27VQkIbrJg6i3ida9Z4\/1iTx2V2NfbUUgKLRwLf28mZggDg\/DpY0kNhOnHyETFxhiWQEIW+IgIAlil6AIULqso\/bcYQX1MOBk+7JN3xf3r4mPA8L6zOWFtwDBjqhElkA77MnGdHiSyc6Jh2fg+Ubk0Sg\/UZXMc7iuwoT1H18TtP8+ofl\/KRT\/X+BSP4t4X8Oo\/n8Tqoe5Z\/A8ekpBoQ5dxJ53+CLpjjdfeWCXE5h7Dq5QMXTTKzZ6ReZPwI8KsXHuXsX8RVKnITJpgKc5EIZrPkt4nFcNoZkJWY29DBBkIwEH8AvEtHxmbbNCQz\/umWGm7CWkuKem4uVr1Oy3NA08vCM6x8CCrPCZe6Us4cB8b+6rw4vBz\/yxRGJl+Rc1vV\/\/6cNfz\/6lObVzyoTFf5N1SEJeh+8thWicrggi7vSlCPMbxMZCH6VA8dPvXH\/V01WyOLCf6w32038YofdsdOah87qWW+dd3LlzPjVfWGgappR2WTyJofLPmJzqXz4b0Hkal7h4ZhvhJj8vqf0ZEHJ+duej22JxZvu2D0vOzBD2k6tROk86oGWKH7\/\/G59GHLHucukKkYNx7gFogxPuQY7XMxqGZuc\/NgyHO94qAAkeSNr94\/d\/QeJQpy6GYfW6RVWkGrBSRwJX42oHlo0AC2oFyqqum0tBQWIcATkQCjQluanW2\/hd8Wugg29ursmWkbNutu+ajeRYUGHbwHhjClEiPMANyaY0lVJmOjhM6oQzQKrcz204TLTMUwfdwBlA6pRgiDHsFHpVBZZRMmWIFdIwVk\/4fza9nJrHFk+C0kzNAyVJv6BWcgNNTIxdFUMBxuWbn7vl7LMjNZ6bybET4YsqAykGqX8UYGWwp3t5AJ2sAqPwY\/vq5GtAzuXyZCycmm8m1SZHMkrTnOh1n97IKHYSXDRuwRxA1oDmkXapTccMeOU2uWT1nUb2NXVQl5qMy4FPQfWqy+WR8HAQEY6GToAM0poN2IjYvKZbkkMNUyMW53qDo+CagiVOXBkOB\/XWrtkoKcK9Iml1suB9pBkNYyWXGAMDwmKQj2ceOkoZG+kiGgbvOsRbrYAeJnPOdyiCT5d++261AJV\/acX\/xP2h0w4Q1UMlp4jPvhBfkjRrKFXMzEyaxydH+eORAshdWgdJtDgm\/RBq0PPjZ2BoijRsmHeSKm7f+US\/fbgz6Uk8GPNa16wt6yqSkIpED23bLJjFwJLg8v5EiMMFpUDGShyUBxk+SHbBEIml4lD4uUYMu+Le4nWhrEIvCXAfGFoUMQkbyAaAgiFmoYnVnQyACqyv+gqHXJZS4Gg9pfm2BWaDtmS8V16qllui3rq60xVMf8GgAUWvCfhHc6JH4i3XqPGYTd+vcYXzRpIWrY8zTCzft4xoBLSv3r5RKUWFAA4xPtwBPvG5E7CeS5z5BX5jfspxZqX5iFpOW6zDCG1ebt9kzMjqnlqcnU3NM9w6mYWUSqKb96Vz7g4E6WL0RL6EyJ30gfCeZUpS\/\/j9XydmXWWFfGPuWFBoHJ3VJHtBM2bfO6BWNVIRB5uFXq\/4UayzoSnsoHTAV4TmtAFnk0rWTzgccAIW6\/edB2dTPMGBGHSVX+NT2Xhu2zL+YmFZu2MFjEyctRv5ppD4ozuy8qInadzwHucuB2Ml54kdlosh3mDVjSv8wM7nNibW8GWpCy1hlWplLgj90WqXF+4UlqVUm8iaen\/XDOGhtUErUG3oWAu++U0ZTag7PlOYkc5Vfxf8UfIQGjB3NusWSU18Rstc5kvCbaxmxPJqp6Cd95hs+zZzKkSTk6qzCplpwWwP1qbmkQ2FmRGVJxHeeRqBFX3CCxMH\/IkMXTmnQ3k1GIZPOzd3PvrwwzFTq0FPoVCgdnzqS5A\/BwCCNe+4kpPiHDWE+y9tGMfRetW3nngk3ecj8IbcpXXkDDflhBMJbEJON65NEZnofnb7A61cq+kvXJraaMcjD5IINmJHiY28sedDfZagWFK6LHRFiqfdvfHJ+BlrOz6KF8sMI5HxEwgqLVyMQSt4nTgDD+jZvqiUt\/Zk79aUjCJihO3b7Q+NQAGhBAKR6EMrx\/A9lmKe5zsUa0MsC+v9L1mPjfWT6\/L\/QxLGLAFSrwmhLsbPb\/UC6qOi45YiKASjVUXN4skExfyHmQoEvLgY3X2fywByBu0AIQNerR+hsXSk+I7CwKJBE0DcqzmLnRHHNDbN2gWW0XolF5YqJvLPBcuYq6rIwYcJn5RDvDf3HVF6QBYguI5fAEqAVcYuLcxOl+ZSo+6DLie\/kwo3sCy2DVjQb5cbFgavHMP1e28IxgJGsGw0Oh6a9p2Pzv6VEbQ3qK+z10VsypjH4OdINOOlbVp6iTC3\/tiCnnnmJSGFso46\/QlP97wqlrxRLijG+qVUs0XIyRAMtAk1hkonphpvTxgPcVJ0S0QX2b2RWlMTk9\/3Q4LyDldXjIixXN6sq6Dlcons2mQLMY8+wpSZveSeJ0SqR7CncM9C1Ww0MMAsccEQO3Xq4U4SxecdO5Y8fj0A1R0hGcVcR7Yey8U9x45dF5hkCiZ10EwYoJTwJHWgI3SZZfJh81Ii3A1z9IlWF3TtMnYBKKKzsVV2RGvw5kUXpaUPB1+To8Au+rLFxFTz\/qQlNsUOzMhiw2G8Yi75vN6kn5gDSrkTh7XAiV6O0E9sgo3ltrF7kCd3\/STBpDFHdsybavg4e1FHifFTbVj1q1y7yDHMfNCBOBZZFCCh0n8jWckHV3DxGs9zWGMpmSS9+bF9HSTAJVIfvT67Y8MObhrXu7QFCNilgNktWeP87Oz8Nnu9JUu0NW9QY+z9AEAMHZ2STquSRNmxDdVq+8YFhdYhhwcbQBiP\/DoME5V0+4a5mHDb2OONdd+DQ6glTA8OI2s7UQobr5UkL+wJhhwglYvbyXlTV6XBrrIRg5HYIFYTzCw0fVtbzGAGxAtkQMDYPCu7sB6N3MTklb28ikYsyosJQWw1aw3ppUsHybF6uAQkkhv5HAFjauTmR1J25n+rUnIAcSyFvA3Yaiof7zzSiZ6F2K6UIUr0VcMUDsEGOmjsq8pXMd58M86\/lxLR\/rqDo6EobOoGjhXg86+rVVt0c0Lq+DNmofcOE05JuwhAeWDhcF0Nph6kBKfflhpfv6q5RblH6XWA++5hIKJps1oU1pNf17EeqfA1yhc1l\/gcGrjKk5YAs99zxQmLqq7whxuY6u2++ojDCdWuyQ7g8eahGLAm2ZKG\/pRau3aTNK4lbKna2GfuGPW9nLXRDQNSAzZCe8BPm7Zw0phdu4KL\/+RO2sru18WyC+2n5Oq52DwCSkIGFgCz0Em0M3l4Z2bE6a5I40jqJ3KjApsEynHKJMMbVpx8F3OSQTq+8+LTwR771tunfwLF\/gYoqrQGEoLaqo92TlzH4sJ79MECOwm\/QvYeRnyG4A0Hb8QZWClmKo7Fq904w\/hGDopj+9vd6itJZuTTsdHEPbxa31C3U2aSlSYUDT1G69U7wt\/XhDbthFmweBel6xi\/H9nawHBIUGGKmS3m0SgHjsg4rW066aDtyiQDLx7jwbFwiFxZ\/DYitizF6spwOGRUnBlcMjIDjjs111dJ6z5867l3FUgcoNuapKGUsh3umF42E8zvo\/gkjos0MhiCzat+zHDhskIRZ984CskWpED0dzrisBB1OACDSBTtgZ44ogMg\/0wG6AtPwP3Bhh4gCuyrgCY7wkaxkJ1vbP+c+R5Ibj2sSlaShDXdPrAStWE1rzimMuKxXS3uvk91wIl8dhNnOnRqoV3IdXVBQNKsS8cQRDV0jIFnIFsJziWxNIZlad8XAJsrEaqRoG88MkoWFCvA52RU\/9xpWDBPsQla2hFcpwMmULiMnckEwZK\/AsmyWojb1ViuKT+RNh+ZKJvJrJpC256hZJYen1j85kpqopnEmq65PJEEJC0EsEvtNx1jdLegoKyl6VKD0NJfbpueFWHt5fat992NkCJynBAbzlsx7C7LmXmZW4noSdFHFrFvAnuF\/5FMg4mrriKFRGlsJpq6MbTV\/apmNk8Jl1Li6ogWn2T1vDNr3kaPeIxDMgtDCvcstCn9Cq53DIleDONV6liBYFJ7H+Sob+NcV8e4z5mhvC8m9vvnPeBQsVLeqVnkl9GvGH3250L5rUFy\/+w15850dIWtVbYGNHsbNDE7ri1LIlHNQLd3+U0fJQnb6lmBZU6fFMxc10cPHsYnj4VNG3Q2qy9xCqGv9\/bQuNiVngCcrrPkST9fyF8iMGgA3bnJqHSpNcYe1xDTJdJmOkcG2+19zQ\/yWVHCbnhyrxPLx+RQCy2E18M85bB6fT+MG\/XDSPlcOiFFM75zqccpvY5lFqU45I9Jun0nY3609eb1sTtyyjrCFWDmroNV9wuT\/LmYJvGcs7k2zLswLsNlB0KOwvlegN4LWsNYPTGaMPuBZ9dVISHps65CTNOHA19mEGwYK3rFxNcWaq3DjftQkhV1Z1OrLI1dhBw8Kgr0iGO6EIaIC0ZvdLpTVPuiDazX9+XNUuieFE82QNfYc4f6RqSwby4cHeOD+R0twQetwcfIzb5vL\/dM5XXhGDLMcCilq5Hwbf9MRS2sFCoodb\/OV9hYltLyjmzyhJue9DvAcLU9Nx2qjQFWLmcWHxch64oGEkMe+3TysgY\/Gzxa73adxKoOGUGy4VRA0XXRDh662L5Luqc207vTGCFwW1mV11bqbzdRpMp4jTrhmbWy6Ij\/WiuD764sfqhedaGfRtM\/JRlqu4tuWshh8JUEqVTQ6wI8i7pxlYvLDAC9sYOFwNtIRCIHHJaBGFSeuiJfcmSzqHwu\/amLFbmBgh7pAY4kPzNxyIsmlo8\/HkKd5EM9Hxo1jmKRSDW6p\/Y4tOwBz8Gs8rR0cZg9XtqIBPSjvXy+wq3UeaeY+KGFHrhql+wwgG7\/\/G+tbdiWLLRzupOMBCalRjLbrvZS6VFVbeZXOFqrIwJJTJi0t1iRcDAlb4LNJGrG4rqUNm3I5Ti42kEBJ+HgPtCgxe+KYfn1olukzoc9Ew1z94HFsZw\/JiQjWIgxWqZxurYx74aL9LWNQSO1yH2ulXRQx6W5pZRHS0X+YJRhXO3UvWSsngUpoJTVysmyQD6510PrhqpuH8Orb3FsTdfN4zwNEbivfRMFkVQzUcRGAnvndlLWkEDCUp4W2M5\/ezY9OzvTcTihMbPo8TxCQiwmQwwMxIxYsbSV8xSamffTAsOhhF31jkN2GmBfSNWEN3SAd8TxphtppnCbPMBQfzeSTQQaZrlS+Ievb9\/W3WXrmuwP6tsWsVgTK1QUtmIAjdFTJdqXZlTr6ETa97Ma\/tQPFF7YDFjFpo5OZ+grfyW1NAzQF6s2DIo4iQ7nz3Mpj0YC\/sSJcUkn3HcQk9fVFUXj+yAUrhikDdN+ONzyT803tG3sW991HmJYGkTu7m2C1tfCmT39WwKr1iSBCXOhb89jUOlOzuNFpykKYLC8hBBbd0pWNy0ciawrUfbTlhyIeeTaQifp1py8ZUPquSNh9+aS6luyTlvruzpCrCb9jQO3X2QwQHPRAiOApvAepjdaNQLzuZjtZlSkkmU1f6AIOkT5Tt9oYSNvzRJRpGwMIolb0MtlPpGv3YQE8nUxiemQ2Iv10ntQM\/yJWyLh+UoQ2HYv\/nReAom\/2uDpPH6OCNqQvwpQ1TUnDGOiRNVxob6irg\/AU3xHtDSwQgNLPkeUc1L24pGZvvnlSNITOYC0u6\/TB5W6pxI67KYHIBWCbzTVEcqXrpsSGGBTTGm1T6iFFA3Dmgz41MV2ArvRcEn8ed83ibtcEt5PdAAqthlYqaxj36xXBqUcOc\/xejUQD\/nAYb26H5q6ZqBJpkQQdmteumTCo\/4v6ceIbu9KAUfpoXZtXTRo1S2uTABJzJTmWyAIDQ9ydCZr4MG7sqRwKJmp2qfBkL7qGrVU9oeTc1xTUeRWUpe7FopdWZFkqQgZD46AlL+K7yoPTqr1FHZ478YKx46TqWeMwZSdWMbUnYTM4EmtauNerYp8kzdC5NgG1JfFlNAKwPhW58L2bkPx88Y3sktwJBuJ7Rsr\/ffdyr0qpuBEQrZdP+xjuheGBvN9u0kLVn9HCR7hOV\/E8fXIwEqiJajBYQuoB67Y1Z4oaRbYiimXoScsio6BKfWUchAeEtpKY3oPJ4OILx38vJCb3b4NzbE8u3\/rcHRUmQLToF+aL7uiwtDXR4WY0QgFzrZ9I\/jTl0TgrssiAkHm5P2s1K0rMceXcUi9qJbKtA\/pY6UdSCY8gg1xXOqiYt1lP9d6zIJQ4YgZlpU7mcU2vx9wCrEIIHVYjvi1AC0LBrTFuy7N40t6HGJY56HpGuSKrUNOwgf0WMNxUKEqM\/IyQXqcSHE17iz9K+f7ObRHVYw9C5iw0JrLJQGj1eCiA+WN69tZx\/aVMIgbU31780KYgwIoy9\/Ob99JH+p5jgQOl36v68HwafrkKlRJuxlEAVl\/cKhxAawEhXgbuhle3Udu\/CXcMI0B7be97o+\/XjeuZw2n6LkSfLUDR76M6VoWWNZ8HxqhrLn21aPhlIUyueEM32huV\/Q4LofpAIcNgzm7HoQHIMl3Ibdv+zJpXfabyMiLFqixrBis1zS81oRNStTF9l3jNt38035l7xrAiDzpp3XTFe9mIW1p5QpNgxoNL+c9k5ZamZZt434Ly1pmbFXQ2TlyA0DK0x3WS4IV48rBkl7GTdZS\/eVoyXAkuT8KuW0hqLWRrUZ1rMDXzkEYOH4i3UjdqWu7R6+Ic5O7L3eD0kz6tT7YjF\/blgktGQoDE+7K0ELy8noZ8lLCd+zuHZ971y74cJCnC8AHNb74ivCaCIzYM5yolDrwcICLMujfs9dpTu4mrdr7HDXPl3TB8zN9sylrFXV5re97dwUn2uSrQm9IAVQmcRh58RBn06CENfsmsJ7hu7x+VPt4KFHI11MWyCFWQU63\/9b4C2STGrZ7rmlFOcxAylhXkdZL202v4\/6rghNZm\/7wqlGN4uz75BLbj8HJE9dy5L4t8t24Cl98UI+brWxomOQdnVHP9d9P2ETSm4k\/xem9GPLG2AT7o9t3WR1sIjl8W3549JiZYSOWPZqabG7ZA8YCGkkGL51LNMNB+ALD08E11PEaVF0xXOm0skDMBeKflOphSZyVjC+NaRhtMl+tijZ0E5YI7iJLB1ZSl94b0agPH9uvnIkvtnFQpo6mLaaoNTVnbngz0VOp0v4yvP6TPn+jJD3NZEdQNhh5I8dbQyXm14W9roj8bduNqneDFhxfHhCo\/aaITk\/rGCfnjaXLhBvTLggLacioirrZR+pUXtGP+bG8iMqRUrkuClzB38giY7PNS2fCdXX\/neeO2ryDoaohoiQDdOrIZGQyUtnXTdvosVrD4mt61u8GJZL9mDvZvT7B5KPrpwgp7JUZ56FPh\/E7vhTRelKYUudz\/bX\/5MP+oeauEbba6EwU0VQyix4djv0rFHE4VaOa\/KMp7RJL8v0fmYU9MvP4dDAzkzrQ7fBL3uUl8koVhpk5k6Mnlrk4X678O7z1\/Y\/1\/u8\/1lu+RtT63w==\" \/> \t\t<a href=\"https:\/\/www.pdf24.org\" target=\"_blank\" title=\"www.pdf24.org\" rel=\"nofollow\"><img src=\"https:\/\/www.hohenlohe-ungefiltert.de\/wp-content\/plugins\/pdf24-post-to-pdf\/img\/pdf_32x32.png\" alt=\"\" border=\"0\" height=\"32\" \/><\/a> \t\t<span class=\"pdf24Plugin-cp-space\">&nbsp;&nbsp;<\/span> \t\t<span class=\"pdf24Plugin-cp-text\">Sende Artikel als PDF<\/span> \t\t<span class=\"pdf24Plugin-cp-space\">&nbsp;&nbsp;<\/span> \t\t<input class=\"pdf24Plugin-cp-input\" style=\"margin: 0px;\" type=\"text\" name=\"sendEmailTo\" placeholder=\"Emailadresse\" \/> \t\t<input class=\"pdf24Plugin-cp-submit\" style=\"margin: 0px;\" type=\"submit\" value=\"Senden\" \/> \t<\/form> <\/div>","protected":false},"excerpt":{"rendered":"<p>Die &#8222;Jenaer Erkl\u00e4rung&#8220; in der (Hoch-)Schulbildung \u2013\u00a0Den Begriff &#8222;Rasse&#8220; \u00fcberwinden&#8220; ist Thema einer Hybrid-Veranstaltung der Universit\u00e4t Jena. Sie ist f\u00fcr alle Interessierten offen. Die Veranstaltung findet am 23. September 2021 an der Friedrich-Schiller-Universit\u00e4t Jena als Hybrid-Veranstaltung statt. Informationen zugesandt von Professor Dr. Uwe Ho\u00dffeld, Arbeitsgruppe Biologiedidaktik, Institut f\u00fcr Zoologie und Evolutionsforschung, Fakult\u00e4t f\u00fcr Biowissenschaften an [&hellip;]<\/p>\n","protected":false},"author":1,"featured_media":0,"comment_status":"open","ping_status":"open","sticky":false,"template":"","format":"standard","meta":[],"categories":[1],"tags":[],"_links":{"self":[{"href":"https:\/\/www.hohenlohe-ungefiltert.de\/index.php?rest_route=\/wp\/v2\/posts\/28227"}],"collection":[{"href":"https:\/\/www.hohenlohe-ungefiltert.de\/index.php?rest_route=\/wp\/v2\/posts"}],"about":[{"href":"https:\/\/www.hohenlohe-ungefiltert.de\/index.php?rest_route=\/wp\/v2\/types\/post"}],"author":[{"embeddable":true,"href":"https:\/\/www.hohenlohe-ungefiltert.de\/index.php?rest_route=\/wp\/v2\/users\/1"}],"replies":[{"embeddable":true,"href":"https:\/\/www.hohenlohe-ungefiltert.de\/index.php?rest_route=%2Fwp%2Fv2%2Fcomments&post=28227"}],"version-history":[{"count":15,"href":"https:\/\/www.hohenlohe-ungefiltert.de\/index.php?rest_route=\/wp\/v2\/posts\/28227\/revisions"}],"predecessor-version":[{"id":28242,"href":"https:\/\/www.hohenlohe-ungefiltert.de\/index.php?rest_route=\/wp\/v2\/posts\/28227\/revisions\/28242"}],"wp:attachment":[{"href":"https:\/\/www.hohenlohe-ungefiltert.de\/index.php?rest_route=%2Fwp%2Fv2%2Fmedia&parent=28227"}],"wp:term":[{"taxonomy":"category","embeddable":true,"href":"https:\/\/www.hohenlohe-ungefiltert.de\/index.php?rest_route=%2Fwp%2Fv2%2Fcategories&post=28227"},{"taxonomy":"post_tag","embeddable":true,"href":"https:\/\/www.hohenlohe-ungefiltert.de\/index.php?rest_route=%2Fwp%2Fv2%2Ftags&post=28227"}],"curies":[{"name":"wp","href":"https:\/\/api.w.org\/{rel}","templated":true}]}}