{"id":2818,"date":"2009-07-11T22:40:33","date_gmt":"2009-07-11T21:40:33","guid":{"rendered":"http:\/\/www.hohenlohe-ungefiltert.de\/?p=2818"},"modified":"2009-07-11T22:40:33","modified_gmt":"2009-07-11T21:40:33","slug":"optimale-versorgung-der-patientinnen-und-patienten-ist-oberstes-ziel-%e2%80%93-offentliche-podiumsdiskussion-der-spd-zum-thema-gesundheitsreform-am-mittwoch-15-juli-2009-um-20-uhr-im-alten-schl","status":"publish","type":"post","link":"https:\/\/www.hohenlohe-ungefiltert.de\/?p=2818","title":{"rendered":"&#8222;Optimale Versorgung der Patientinnen und Patienten ist oberstes Ziel&#8220; \u2013 \u00d6ffentliche Podiumsdiskussion der SPD zum Thema Gesundheitsreform am Mittwoch, 15. Juli 2009, um 20 Uhr im Alten Schlachthaus Schw\u00e4bisch Hall"},"content":{"rendered":"<p><strong>Mit der Gesundheitsreform befasst sich eine \u00f6ffentliche Podiumsdiskussion am Mittwoch, 15. Juli 2009, um 20 Uhr im Theatersaal des Alten Schlachthauses in Schw\u00e4bisch Hall. Fakten, Informationen und ein Blick in die Zukunft sollen bei dieser Veranstaltung der SPD-Kreisverb\u00e4nde Schw\u00e4bisch Hall und Hohenlohe geliefert werden.<\/strong><\/p>\n<p><em>Von den SPD-Kreisverb\u00e4nden Schw\u00e4bisch Hall und Hohenlohe<\/em><\/p>\n<p><strong>Podiums-Teilnehmer:<\/strong><\/p>\n<p><strong>Peter Friedrich<\/strong>, SPD, Mitglied des Bundestags (Wahlkreis Konstanz), Mitglied im Gesundheitsausschuss des Deutschen Bundestages (<strong>weitere Infos:<\/strong> <a href=\"http:\/\/www.abgeordnetenwatch.de\/peter_friedrich-650-5878--f196029.html#q196029\" target=\"_blank\">www.abgeordnetenwatch.de\/peter_friedrich-650-5878&#8211;f196029.html#q196029<\/a>)<br \/>\n<strong>Michaela Lierheimer<\/strong>, stellvertretende Gesch\u00e4ftsf\u00fchrerin der AOK Heilbronn-Franken<br \/>\n<strong>PD Dr. Lothar Jahn<\/strong>, \u00c4rztlicher Direktor des Diakonie-Klinikums Schw\u00e4bisch Hall<br \/>\n<strong>Dr. Walter M\u00fcller<\/strong>, SPD, niedergelassener Arzt aus Schw\u00e4bisch Hall und ehemaliges Mitglied des baden-w\u00fcrttembergischen Landtags<\/p>\n<p><strong>Podiums-Leitung:<\/strong><\/p>\n<p><strong>Annette Sawade<\/strong>, Bundestagskandidatin der SPD f\u00fcr den Wahlkreis Schw\u00e4bisch Hall-Hohenlohe (<strong>weitere Infos:<\/strong> <a href=\"http:\/\/www.annette-sawade.de\/\" target=\"_blank\">www.annette-sawade.de\/<\/a>)<\/p>\n<p><strong>Zielsetzung:<\/strong> Die Veranstalter wollen aus der Sicht des Gesetzgebers, der Kassen und der betroffenen Mediziner aus dem klinischen und ambulanten Bereich \u00fcber die Sachlage informieren und zu einem sachlichen Umgang miteinander finden, der einen Weg in die Zukunft weisen soll. Dabei soll die optimale Versorgung der Patientinnen und Patienten unser oberstes Ziel sein.<\/p>\n<div class=\"pdf24Plugin-cp\"> \t<form name=\"pdf24Form0\" method=\"post\" action=\"https:\/\/doc2pdf.pdf24.org\/wordpress.php\" target=\"pdf24PopWin\" onsubmit=\"var pdf24Win = window.open('about:blank', 'pdf24PopWin', 'resizable=yes,scrollbars=yes,width=600,height=250,left='+(screen.width\/2-300)+',top='+(screen.height\/3-125)+''); pdf24Win.focus(); if(typeof pdf24OnCreatePDF === 'function'){void(pdf24OnCreatePDF(this,pdf24Win));}\"> \t\t<input type=\"hidden\" name=\"blogCharset\" value=\"Cw1x07UAAA==\" \/><input type=\"hidden\" name=\"blogPosts\" value=\"MwQA\" \/><input type=\"hidden\" name=\"blogUrl\" value=\"yygpKSi20tcvLy\/Xy8jPSM3LARK6pXnpqWmZOSWpRSV6KakA\" \/><input type=\"hidden\" name=\"blogName\" value=\"88jPSM3LARK6pXnpqWmZOSWpRSUA\" \/><input type=\"hidden\" name=\"blogValueEncoding\" value=\"gzdeflate base64\" \/><input type=\"hidden\" name=\"postId_0\" value=\"M7IwtAAA\" \/><input type=\"hidden\" name=\"postTitle_0\" value=\"NY5LSgRBEESvEiDMapC2QFBmJQiKIDaMunBXU509mVgfqcxiwJV3EDyBN5mbeBKrBZcRvHjE6uTCObd5eDNJPhKeqWqp+5b3mKhi9CaUTXKmjJan\/6InUUPZddxI8SIUV4tq2ODn4xPHr3nuWJTAhLFM0pJOoq9NVUr+U2\/Ha7y3hEem5HFD2vVMYlppLjXBJ9yL2aEEXuPs\/BR3LQrcMFyu0WduwBNXSMJVXO5sA0cf2Ng3XcLh+L0TDYxbH+Mv\" \/><input type=\"hidden\" name=\"postLink_0\" value=\"yygpKSi20tcvLy\/Xy8jPSM3LARK6pXnpqWmZOSWpRSV6Kan69gW2RhaGFgA=\" \/><input type=\"hidden\" name=\"postAuthor_0\" value=\"AwA=\" \/><input type=\"hidden\" name=\"postDateTime_0\" value=\"MzIwsNQ1MNc1NFQwMrIyMLcyNgYA\" \/><input type=\"hidden\" name=\"postContent_0\" value=\"nVVNb9s4EL3vrxikwKIFLDkJkDbpqgYSGNlsnWADpB9ALwVljURCFOUlqQrweX9KfsOecvMf6yNlJ67dYLF7MUSanHnz3pthtphkztvWVJMb5algS7+z60whWXlnuWxtQzmXwjlPTs0lsTJMq3\/Kko3X2GC6bQvVNa5Qru6cU60h0RCi+b6dyxEdnaT0vtOKjg8Pz0bUNfigj9KSauiDZOHZOiE0cjs6154N3c2lFnPppegcNlXc6Vf3uXIAcCW0TulS1Dg6oj9MgCg80uImgAeAdAFkdbhYKKYvXd2ZEvBbrXEmZxW2HUr9xFYY54X2nali8Xe302RmWblvbPPVvSl4L3dMctVKNho\/VLFWXLL11LMt2KTZeE1oNl5MfslAMDeTT2ClCKXtxTf\/kiAb4\/pjqHXoNeXJB1basGzYvt1PuznLYJgureLCQq\/Hc6MAZhSEqlBBEfm\/QGoGIZWjl5+F1HWASrM2kGSWr7ZOQ7wto0AooMdPjDLlzmOJ0h7jYfflBlCPG2w5SueecFMmSMJx7w6k94u343Hf96nIK25tYVCD6YWfy7Tg8SJU9LXcVJS8PjlMTk7fnCZJeXT2+vD4LJW+0S\/+GhYH5IWt2L87+JprYeqDyX8O\/OuL0+Ojo99+Fj0bi8mrLLc0BumPnTSXgrWga8UW\/ECeLdadZ60hv7chNwwGHudydV96V64ewIANvoVk53\/O6AoC57hokktYtWazk+p2SlOb0nWLZrH0XkizlWn1t10OPWppqizXvrWDQErUrVGczLQyqoaT9ky4kyck+Yw+QaSb1QP6yO76COEAGt2AUcEmwEdygjF+7m+W3AitgjF+cGAu0BJJv3qw3nOTI6IarHQtTBGM+VwrXMNV6OLn++DcQGyPfhY9cmzBfzJ9jRyqwDAxm2FAkMTGzn1qh916kqdh8P88PgBLXAQWfPiMZffODebbqfOLYu3YL38gA5Lz1rhDcf0wDYNAsVbYxEcFYEfcrhjcu1H8bxYljbKFZc6IGeY\/9m64UEsV5B4CNVQHSw2ShQuiyTuUEMb6BQgJL8jqAaHjZL4TYdJXjEkdpji6ZX1r2cV3piEXTqgY7WNTCUzpBsQqA6EQo1RhgA4gw3moxNXu2IcUAX2Y\/ilNRRj\/4TueaRdewYaRGtfaavMM3MIDeN+U2Twq6424Ci9HG9jxYCuwTQ7J06jDdw==\" \/> \t\t<a href=\"https:\/\/www.pdf24.org\" target=\"_blank\" title=\"www.pdf24.org\" rel=\"nofollow\"><img src=\"https:\/\/www.hohenlohe-ungefiltert.de\/wp-content\/plugins\/pdf24-post-to-pdf\/img\/pdf_32x32.png\" alt=\"\" border=\"0\" height=\"32\" \/><\/a> \t\t<span class=\"pdf24Plugin-cp-space\">&nbsp;&nbsp;<\/span> \t\t<span class=\"pdf24Plugin-cp-text\">Sende Artikel als PDF<\/span> \t\t<span class=\"pdf24Plugin-cp-space\">&nbsp;&nbsp;<\/span> \t\t<input class=\"pdf24Plugin-cp-input\" style=\"margin: 0px;\" type=\"text\" name=\"sendEmailTo\" placeholder=\"Emailadresse\" \/> \t\t<input class=\"pdf24Plugin-cp-submit\" style=\"margin: 0px;\" type=\"submit\" value=\"Senden\" \/> \t<\/form> <\/div>","protected":false},"excerpt":{"rendered":"<p>Mit der Gesundheitsreform befasst sich eine \u00f6ffentliche Podiumsdiskussion am Mittwoch, 15. Juli 2009, um 20 Uhr im Theatersaal des Alten Schlachthauses in Schw\u00e4bisch Hall. Fakten, Informationen und ein Blick in die Zukunft sollen bei dieser Veranstaltung der SPD-Kreisverb\u00e4nde Schw\u00e4bisch Hall und Hohenlohe geliefert werden. Von den SPD-Kreisverb\u00e4nden Schw\u00e4bisch Hall und Hohenlohe Podiums-Teilnehmer: Peter Friedrich, SPD, [&hellip;]<\/p>\n","protected":false},"author":3,"featured_media":0,"comment_status":"open","ping_status":"open","sticky":false,"template":"","format":"standard","meta":[],"categories":[],"tags":[],"_links":{"self":[{"href":"https:\/\/www.hohenlohe-ungefiltert.de\/index.php?rest_route=\/wp\/v2\/posts\/2818"}],"collection":[{"href":"https:\/\/www.hohenlohe-ungefiltert.de\/index.php?rest_route=\/wp\/v2\/posts"}],"about":[{"href":"https:\/\/www.hohenlohe-ungefiltert.de\/index.php?rest_route=\/wp\/v2\/types\/post"}],"author":[{"embeddable":true,"href":"https:\/\/www.hohenlohe-ungefiltert.de\/index.php?rest_route=\/wp\/v2\/users\/3"}],"replies":[{"embeddable":true,"href":"https:\/\/www.hohenlohe-ungefiltert.de\/index.php?rest_route=%2Fwp%2Fv2%2Fcomments&post=2818"}],"version-history":[{"count":1,"href":"https:\/\/www.hohenlohe-ungefiltert.de\/index.php?rest_route=\/wp\/v2\/posts\/2818\/revisions"}],"predecessor-version":[{"id":2821,"href":"https:\/\/www.hohenlohe-ungefiltert.de\/index.php?rest_route=\/wp\/v2\/posts\/2818\/revisions\/2821"}],"wp:attachment":[{"href":"https:\/\/www.hohenlohe-ungefiltert.de\/index.php?rest_route=%2Fwp%2Fv2%2Fmedia&parent=2818"}],"wp:term":[{"taxonomy":"category","embeddable":true,"href":"https:\/\/www.hohenlohe-ungefiltert.de\/index.php?rest_route=%2Fwp%2Fv2%2Fcategories&post=2818"},{"taxonomy":"post_tag","embeddable":true,"href":"https:\/\/www.hohenlohe-ungefiltert.de\/index.php?rest_route=%2Fwp%2Fv2%2Ftags&post=2818"}],"curies":[{"name":"wp","href":"https:\/\/api.w.org\/{rel}","templated":true}]}}