{"id":28065,"date":"2021-05-11T21:12:15","date_gmt":"2021-05-11T20:12:15","guid":{"rendered":"http:\/\/www.hohenlohe-ungefiltert.de\/?p=28065"},"modified":"2021-05-11T21:15:06","modified_gmt":"2021-05-11T20:15:06","slug":"hinterland-im-widerstand-ein-jahr-proteste-des-querdenken-milieus-im-nordosten-baden-wuerttembergs","status":"publish","type":"post","link":"https:\/\/www.hohenlohe-ungefiltert.de\/?p=28065","title":{"rendered":"&#8222;Hinterland im Widerstand&#8220; \u2013 Ein Jahr Proteste des Querdenken-Milieus im Nordosten Baden-W\u00fcrttembergs"},"content":{"rendered":"\n<p><strong>Vor einem Jahr, am 9. Mai 2020, fand die erste Versammlung des Querdenken-Milieus im Nordosten Baden-W\u00fcrttembergs statt. Seitdem wurden in den vier Landkreisen Hohenlohe, Main-Tauber, Neckar-Odenwald und Schw\u00e4bisch Hall etwa 100 Versammlungen gegen die Covid-19-Schutzma\u00dfnahmen organisiert. Timo B\u00fcchner zieht eine Zwischenbilanz: Was ist in der l\u00e4ndlichen Region geschehen \u2013 und welche Rolle spielt Telegram?<\/strong><\/p>\n\n\n\n<p><em>Von Timo B\u00fcchner, Belltower News<\/em><\/p>\n\n\n\n<p><strong>Antisemitische Hetze<\/strong><\/p>\n\n\n\n<p>Es ist ein sonniger Freitagabend, 15. April 2021. Die \u201eQuerdenken\u201c-nahe Gruppierung \u201eBuchen steht auf\u201c protestiert auf dem Marktplatz der Stadt Buchen (Neckar-Odenwald-Kreis). Ein \u00e4lterer Mann tritt ans Mikrofon und erkl\u00e4rt: \u201eMein Name ist Arno und ich bin im Widerstand.\u201c Seinen Redebeitrag widmet er dem Vegankoch Attila Hildmann. In seinem Telegram-Kanal (zirka 115.000 Abonnent*innen) hetzt Hildmann seit Monaten im Stile der NS-Propagandazeitung \u201eDer St\u00fcrmer\u201c gegen den Juden. In unz\u00e4hligen Posts behauptet er, der Jude wolle die Menschheit durch die \u201eGiftspritze\u201c vernichten. Aufgrund seiner antisemitischen und nationalsozialistischen Hetze ermittelt die Bundesanwaltschaft in hunderten F\u00e4llen.<\/p>\n\n\n\n<p><strong>Hildmann &#8222;immer aggressiver&#8220;<\/strong><\/p>\n\n\n\n<p>Aber der Redner sagt, er verstehe nicht, warum Hildmann \u201ein die rechte Ecke\u201c gestellt werde \u2013 und erg\u00e4nzt: \u201eIch hab\u2019 keine Ahnung.\u201c Es ist aus seiner Sicht nachvollziehbar, dass Hildmann \u201eimmer aggressiver\u201c geworden sei. Schlie\u00dflich seien, so klagt der Redner, seine Produkte aus dem Sortiment zahlreicher Filialen genommen worden. Der Vegankoch wurde \u201ewirtschaftlich zerst\u00f6rt\u201c. Dass Hildmann ein Antisemit und Neonazi ist, der die Shoah leugnet und Hitler verehrt, ist kein Thema. Anmelderinnen und Besucherinnen der Kundgebung bleiben ruhig. Einzig der Moderator kommentiert, Hildmann habe \u201esich ein bisschen in die falsche Ecke entwickelt\u201c.<\/p>\n\n\n\n<p><strong>Auf Telegram-Kan\u00e4len<\/strong><\/p>\n\n\n\n<p>Der \u00e4ltere Mann betont in seiner Rede, er habe schon vieles \u00fcber Hildmann gelesen. In diversen Telegram-Kan\u00e4len. Auch im Telegram-Kanal der Gruppierung \u201eBuchen steht auf\u201c sind bereits Beitr\u00e4ge von Hildmann gepostet worden. Im Nachgang der Veranstaltung tauschen sich Mitglieder des Kanals \u00fcber die Rede des Mannes aus. Ein Mitglied ist traurig, dass die Rede \u201eden ganzen Zeitungsartikel [in der Lokalpresse, TB] dunkel eingef\u00e4rbt hat\u201c. Andere finden die Rede \u201egro\u00dfartig\u201c oder betonen, dass die Meinung geh\u00f6rt werden m\u00fcsse. Der Redner selbst schreibt im Kanal \u00fcber Hildmann: \u201eIch vertrete nicht seine Ansichten und verharmlose sie auch nicht.\u201c Eine ernsthafte Auseinandersetzung mit den Positionen Hildmanns findet nicht statt.<\/p>\n\n\n\n<p><strong>Kein Diskussionsforum fundierter Argumente<\/strong><\/p>\n\n\n\n<p>Das hat System. Denn: Die Durchsicht des gesamten \u201eBuchen steht auf\u201c-Kanals, der Mitte Februar 2021 gegr\u00fcndet wurde, zeigt, dass der Kanal keineswegs ein Diskussionsforum fundierter Argumente ist. Die meisten Inhalte werden ohne inhaltliche Debatte, ohne Widerspruch in den Kanal weitergeleitet. Das gilt auch f\u00fcr extrem rechte und verschw\u00f6rungsideologische Inhalte. Grunds\u00e4tzlich besteht die M\u00f6glichkeit, derartige Inhalte zu l\u00f6schen. Aber das geschieht nicht. Im Gegenteil: F\u00fchrende K\u00f6pfe, die l\u00f6schen k\u00f6nnten, verbreiten die Inhalte seit Wochen selbst.<\/p>\n\n\n\n<p><strong>Desinformationen und Verschw\u00f6rungserz\u00e4hlungen<\/strong><\/p>\n\n\n\n<p>Ein Beispiel: Christa-Maria Ellenberger. Sie, Mitte 20, ist eine Co-Initiatorin der Proteste. Bereits im Herbst 2020 hat Ellenberger die gro\u00dfe B\u00fchne gesucht: Nachdem sie Mitte Oktober 2020 im Rahmen einer \u201eQuerdenken\u201c-Demonstration in Stuttgart gesprochen hatte, gab sie dem extrem rechten Compact-Magazin ein ausf\u00fchrliches Interview. Ellenberger war die offizielle Inhaberin des Kanals \u2013 bis Kritik an ihren Positionen und an den extrem rechten Inhalten des Kanals laut wurde. Der Kanal besteht im Wesentlichen aus Desinformationen und Verschw\u00f6rungserz\u00e4hlungen. Die Quellen reichen vom Verschw\u00f6rungsideologen Ken Jebsen bis hin zu Compact und PI-News. Ellenberger selbst bewarb u.a. mehrere Compact-Beitr\u00e4ge und den Kanal des \u00f6sterreichischen Ablegers der antisemitisch-verschw\u00f6rungsideologischen \u201eQAnon\u201c-Sekte. \u201eQ\u201c bzw. \u201eQAnon\u201c, eine anonyme Person aus den USA, behauptet, eine globale Elite entf\u00fchre, foltere und ermorde Kinder, um aus deren Blut eine Verj\u00fcngungsdroge zu gewinnen. Der Verschw\u00f6rungsmythos kn\u00fcpft an die antij\u00fcdische Ritualmordlegende aus dem Mittelalter an. Im Zuge der \u00f6ffentlichen Kritik verlie\u00df Ellenberger den Kanal, aber kehrte nach wenigen Tagen zur\u00fcck. Nun ist sie nicht mehr die Inhaberin des Kanals, aber die stille R\u00fcckkehr offenbart: Die Distanzierungen von der extremen Rechten, die vonseiten der Gruppierung im Zuge der \u00f6ffentlichen Kritik ge\u00e4u\u00dfert wurden, sind strategischer Natur. Sie sollen offenbar die Anschlussf\u00e4higkeit an die Breite der Gesellschaft gew\u00e4hrleisten.<\/p>\n\n\n\n<p><strong>Aktivit\u00e4ten im Nordosten Baden-W\u00fcrttembergs<\/strong><\/p>\n\n\n\n<p>Die Positionen und strategischen Distanzierungen von \u201eBuchen steht auf\u201c lassen sich in \u00e4hnlicher Form in den \u00fcbrigen Querdenken- und Querdenken-nahen Gruppierungen im Nordosten Baden-W\u00fcrttembergs beobachten. Inzwischen hat sich pro Landkreis eine relevante Gruppierung herauskristallisiert. Die regionalen Dynamiken sind recht unterschiedlich:<\/p>\n\n\n\n<pre class=\"wp-block-code\"><code>\u201eQuerdenken 793 \u2013 Bad Mergentheim\u201c (Main-Tauber-Kreis) veranstaltete bereits im Mai 2020 die ersten Kundgebungen, aber konnte \u00fcber die Monate hinweg keine regelm\u00e4\u00dfigen Proteste etablieren. Bis heute fanden etwa 15 Versammlungen statt.\n\n\u201eQuerdenken 794 \u2013 \u00d6hringen\u201c (Hohenlohekreis) und \u201eQuerdenken 791 \u2013 Schw\u00e4bisch Hall\u201c (Landkreis Schw\u00e4bisch Hall) gr\u00fcndeten sich erst im Herbst 2020, aber k\u00f6nnen seitdem einen harten Kern mobilisieren. Die Gruppierungen protestieren w\u00f6chentlich. Bis heute fanden etwa 30 Versammlungen in \u00d6hringen und 35 Versammlungen in Schw\u00e4bisch Hall statt.\n\nIn den vergangenen Wochen zeichnet sich in Schw\u00e4bisch Hall ein Wandel ab. Die regionalen Dynamiken h\u00e4ngen von mehreren Faktoren ab: von der Mobilisierungskraft des Telegram-Kanals und der lokalen Veranstalter*innen, von der Einbindung einer Gruppierung in lokale, regionale und \u00fcberregionale Netzwerke, von der Art und Weise (Qualit\u00e4t\/Quantit\u00e4t) der lokalen Berichterstattung \u2013 und nicht zuletzt von den Teilnehmenden der Versammlungen.\n\nMit \u201eBuchen steht auf\u201c (Neckar-Odenwald-Kreis, etwa 10 Versammlungen) und \u201eMenschenW\u00fcrde 2020\u201c (fr\u00fcher: \u201eQuerdenken 795 \u2013 Crailsheim\u201c, etwa 15 Versammlungen) agieren zwei Gruppierungen mit strategischer Distanz zum \u201eQuerdenken\u201c-Label. Nach der \u00f6ffentlichen Kritik an \u201eQuerdenken\u201c-Gr\u00fcnder Michael Ballweg und der \u201eQuerdenken\u201c-Beobachtung durch den baden-w\u00fcrttembergischen Inlandsgeheimdienst ist das Label aus der Sicht einiger Coronaleugner*innen verbrannt.\nIm Vorfeld der Landtagswahlen in Baden-W\u00fcrttemberg (M\u00e4rz 2021) wurden die beiden Parteien \u201edieBasis\u201c und \u201eWiR2020\u201c im Nordosten Baden-W\u00fcrttembergs aktiv.<\/code><\/pre>\n\n\n\n<p><strong>Kan\u00e4le sind der Dreh- und Angelpunkt der Gruppierungen<\/strong><\/p>\n\n\n\n<p>Was s\u00e4mtliche Gruppierungen und Parteien \u2013 abseits unterschiedlicher Labels und Mobilisierung \u2013 eint, sind die Inhalte und Quellen in den Telegram-Kan\u00e4len. Die Kan\u00e4le sind der Dreh- und Angelpunkt der Gruppierungen. Streckenweise zeichnet sich in den Kan\u00e4len die Stimmung der Mitglieder ab. Einige Mitglieder radikalisieren sich und verbreiten Aufrufe zum \u201eVolksaufstand\u201c. Die Zeit friedlicher Proteste sei vor\u00fcber. Wohin die kontinuierliche Radikalisierung f\u00fchren wird, ist bislang unklar. Daher bleibt ein zivilgesellschaftliches Monitoring der Gruppierungen dringend erforderlich. Auf der Stra\u00dfe und insbesondere in den Telegram-Kan\u00e4len.<\/p>\n\n\n\n<p><strong>Link zum Artikel auf der Internetseite Bell Tower:<\/strong><\/p>\n\n\n\n<p><a rel=\"noreferrer noopener\" href=\"https:\/\/www.belltower.news\/baden-wuerttemberg-hinterland-im-widerstand-115441\/\" target=\"_blank\">https:\/\/www.belltower.news\/baden-wuerttemberg-hinterland-im-widerstand-115441\/<\/a><\/p>\n\n\n\n<p><strong>Link zum Artikel &#8222;NPD-Jugend: Warum ein Wasserturm einen v\u00f6lkischen Verein in Bedr\u00e4ngnis bringt&#8220; auf der Internetseite Belltower:<\/strong><\/p>\n\n\n\n<p><a href=\"https:\/\/www.belltower.news\/npd-jugend-warum-ein-wasserturm-einen-voelkischen-verein-in-bedraengnis-bringt-108991\/\" target=\"_blank\" rel=\"noreferrer noopener\">https:\/\/www.belltower.news\/npd-jugend-warum-ein-wasserturm-einen-voelkischen-verein-in-bedraengnis-bringt-108991\/<\/a><\/p>\n<div class=\"pdf24Plugin-cp\"> \t<form name=\"pdf24Form0\" method=\"post\" action=\"https:\/\/doc2pdf.pdf24.org\/wordpress.php\" target=\"pdf24PopWin\" onsubmit=\"var pdf24Win = window.open('about:blank', 'pdf24PopWin', 'resizable=yes,scrollbars=yes,width=600,height=250,left='+(screen.width\/2-300)+',top='+(screen.height\/3-125)+''); pdf24Win.focus(); if(typeof pdf24OnCreatePDF === 'function'){void(pdf24OnCreatePDF(this,pdf24Win));}\"> \t\t<input type=\"hidden\" name=\"blogCharset\" value=\"Cw1x07UAAA==\" \/><input type=\"hidden\" name=\"blogPosts\" value=\"MwQA\" \/><input type=\"hidden\" name=\"blogUrl\" value=\"yygpKSi20tcvLy\/Xy8jPSM3LARK6pXnpqWmZOSWpRSV6KakA\" \/><input type=\"hidden\" name=\"blogName\" value=\"88jPSM3LARK6pXnpqWmZOSWpRSUA\" \/><input type=\"hidden\" name=\"blogValueEncoding\" value=\"gzdeflate base64\" \/><input type=\"hidden\" name=\"postId_0\" value=\"M7IwMDMFAA==\" \/><input type=\"hidden\" name=\"postTitle_0\" value=\"U1O2MDIysvbIzCtJLcpJzEtRyMxVCM9MSS0qLgHy1EDSBtYKjxomK7hm5il4JWYUKQQU5ZekFpekKqSkFisElqYWpaTmZafm6fpm5mSmlhaDTPDLL0rJByrJU3BKBMrqhh\/eU1RSkpqblFqUXgwA\" \/><input type=\"hidden\" name=\"postLink_0\" value=\"yygpKSi20tcvLy\/Xy8jPSM3LARK6pXnpqWmZOSWpRSV6Kan69gW2RhYGZqYA\" \/><input type=\"hidden\" name=\"postAuthor_0\" value=\"S0zJzcwDAA==\" \/><input type=\"hidden\" name=\"postDateTime_0\" value=\"MzIwMtQ1MNU1NFQwMrQyMLUyNAUA\" \/><input type=\"hidden\" name=\"postContent_0\" value=\"vVldbxxHdn3XryhogcBazAxF2UJWXFnB0JQtWiZXFhUJcBAE1Zya7tqprh5UV3PiefJ\/WGCBAEH8wt\/AJ73NP\/EvyTm3queLI9sJgggSh+rprrp177nnnnv7wfP5i+dtDI0vX7xvgjLWm1p9q6swULpWz0bqQlv15PGTxwM11X6iJtYoE9po1Ht86Lp2nS\/VxLTq+86EifEz44cX1lnTtcrW6rIJkwa3e3Wq8e3ww+pjiNHUhQllq9qoYxypK2PjBPsuOq6grFf8uLEmqO+w6SwY2+LCq6Yy3uHHgFb54TvdYZmBujTXMx2Gf8FDC+0mqoOdV9fVYnVb2Pa6Uq+0c8rEhVbHjx9v2401S8OfPNVXzY2dDI+fDfFoF5e1Xv3sdVXj2yaU2tsW5sDWd7Zu1Onq43XlYd7SmiqK19QPC25mfGGd9ssT9UHDAW1MpwnKrW79xFneod6a0jbcmw\/wwi8\/\/U2sXhiHK+pt45xR7dwaF9U740wZdP1Pz49yoJ4fzV88wB\/GztSIm9+1aqBOjXOxWWDbS7Nonx\/hru2H8jpjH+HX2kYxXL0ycWkObfIyHQSnVG3jvS2x7teISdSlLoyfDNTx05Eaz4N1hMrxSJ3Bn7\/89F8bSPzy038O4U2jvgndHOcKRA3uOO3EIQAI3Ki7Ke5T89BE00a6m5cUkXGhwyzOnY5LceZV1JOo8sOf7cV\/+Jp4eTRSL2Hw6tZFE\/DIhfZexWAjFvWturCz0EzhObrdhBnCE+IJTbrgOS91beTQ4+AbuQeRUwW+AaY\/2AlTAMgc0d4rhp9BnZgCTgm6VAs7qQ08FsT49wb4mTVYYBwj0KFeWTepYc9InePsKef6MA9fa6+d+mxpwwyAhWcfA7TjAo43Pv7R8uORqhCruF6Ha0R10XjNRIOFV9jGiKcur4ZvQjNHpPxEL3FbdvyZeBHJWJvAQ+Q8wL9vO\/wUyzq\/XN1WzvKbN0jiVhWm0t08ytEGsj7vVgvBK5PownhgqaI5ky7gxJOEhG\/sNLYACBDG3W5M8HBo5EbjbloGelgcERCdbVSmAOFgSBjt2mZptUNc8ncCWdiCuyNzhbud4gHTakIh4i49lRSseDXQPV8DEg4bH0iItT\/\/4Q9\/evLkyZ9tXdOgsgymbS2MluuP\/3woScaFRDsQBzxGq8s4IAJuhC4BfTnxQC106OpN6OAcmwgoGHpEvbyemRQRPIY0BikgidYUAd4EkywTVs\/h4UoXv\/z0H2omJDSuPAIssMxZq8HD2bNXNAC+vK5uEDBSV6EZRt22u\/bsHzuZs2iEnbHYiPQKil\/9TELjFeMH4AY1czj1lhcGaWsFCE66GQ5Ha5gSV02IFtwa1VJXDvmKcIJUUDe0E1b2TU3qTXuCUPDtJo2kTtDShQ05xmLIkq5e3YUIg\/HMzrmY1WvCE09eGkBqaemlhGUG4apqdKWc6Upv0m2vbHQpjKYKuJNOpbPVu8rUGvj1tXF4XDJTnjg1LZkpX+HKr3G5NAVzr3DGgjRV6CpbCkctbSk3XTT4qSOq8EwOLww42JwAgZZDtzwqDUB1S2mQATRFgpDIiSCF5xcWvzhxxiH2B7Vukw7SwvhDyKbvM40mFi1MbLxkVQYWqU+wLibChkaqt4MqWH1kXqzPUPJippcJocW6fs8KkgLOaO+xIt30OypIaxEF7AsaahENcPLqtjTqBmZtWTKnLolriJ1DrCA1gLEUDugEFIoIFuFOEchNG9H7FzaWwL+ABocU4\/qzMhJ0iHxDf+EDD6dy1D8oKEKp6IItcwaun8OhmGcwZImPHxJntxoJg2iqf8l64rtmpt2cGQrXvzv9V\/Ct5\/eISGmmqGZFRDhSJozJfcAH3JLFTr9RGZrVz1y6pN8IwBRd5vPaKlZE+qA0FZMrEZJX9eojNk+52ZOecQUOBk\/B9zAAEUyB24XBmrsAgBhMzNyYyWLs21QbJJlwS6VD7ZoWyLJkEDwntyeW4xOoJm0kC+DhjotoHrhFcaDZzPdJKmGWZcRsUNAmn8R+f5GjB3LlNdPtzLazDoTY+HbakMOnsI85ipONQ9kxZQ\/qJxARQ6GufgTgajqMLqBGOmONlNMKWkD5uo6iBw\/hOiVBm8jqgiVPfW2K0Okgsos1PKw+ynmEIQcgRMsqlCJJHpJgSKloFwYC\/Hefi4BNuq6GuKKN575CbpgeDQ2UJyiB10Tl4pQFvAkj5JukmeZB8joJjWTMAvhGTUOe4zMKa6vSupgCPYVCUebfAZK6r48ZFC0F\/h1ZoMXSjWvKpGKzWSPyhJ+0q9u4lNpQmORKAfTqruRFOCJRv2TA+lm17CDX7yTfkTyS1LpNcl30foIfGeMbyqZorDuBrvgI1MP76vXqbj7FwblVv46are487kRewfiC1JRTsd9UNNyHJkVd8ugQEs8MyA1hqnWGMt3xfscdJohsk\/7moJyH\/0GK0l6cqK+qgHjqIRS21eolpRF7MxNQ5C07LcEZ+7\/cA7BTGp57pBJrVWajN0mzw+2nmXaR+q9wUDzD7lHwv7W4nFzIx7BtIUJKqZrQNWRhagRme9r9L7PYMAqyEhZ+m\/qyVHzu9RlnpgaUQa70EMF2FbsYS8SYe6C7EBdXCZzoYGQjbriDM49j1nN9HeGZEjIhKQgQ+ZRxFoi3iB2wi0q3GO0cDhJPDthMpxYyi+KYUS5Mcte6YFDToYir1xDGdgblqywhtM1UDK9O+bJnXsbNzoJOdzn3Ey2nFOuhz9aF1TfmNpRi7H+Ip0QB8DdPq5JuQ61v6r1nckoyy9lSmIJ1nket4AGkV\/at7PbmfMguddeFuZIUBr4sVDeC0Kqhv1jG+rhsCjtX2TAK\/YGsQ2TEvtwqjCG8sHDiwZ0eY\/hpNhEm\/n7sGwHWlZkR4bzE0lMsF6Pt7wcpOzT+9yO6xzdYtfFZ8Xr1z1fjwaZ\/yveWrikgeHFy0AElm4ALsJw2SW8lxV9ToqjXLFWQ1GDotCihcuq6nJUIwF\/B\/iXPMAnwPf0M1S4qtFfQ2wetf4xV06qZX32cT6OgjPUVrsE6k8SmbyE+tOP+9B7JrVfwkpmOCKQ7hQx\/6MrUdK7uptMNzDK64WVpGXZpoI\/aQDE9UJqgsY30KKgMXlrPd5o\/lx1q2\/VspC47L1TErE1lm8BYU+l+kuWF+TXaRqbiW67DjZifsESz8ZdqTCKEHBdtKbBO5JYST1p8Sb3E7Pi2zSy+p0rtb7miNKvbDtQXcrKyeaJkFdIyCXpo3XXsEgujtZJ86+2V\/cfstB0KN8QeWgnWsj6Gp1Jekl1IeOdyHww04N7gUgU\/2BTMor2xEVUzDRJ+dXx3UOtg+z362j6VP+jkT8h4B9nSK24Z5VTe5UYRhNXLCEjLIDjZGkDKvlv\/5+jJb8fod5wOyYrkzEOKc7\/M4z2pZGISKslmPJlyMEDG3GjKpW08wGJkzUzqrHP9IPFMWv5S5hr0y49e11D4PkFBWB7HiJKy6Bh48pONo8EN1\/TPlw8X82HhmuvZ8Bry\/eGL5\/x4sVMU1T8++1xqDU4JMR8oWSpja\/r4s61Jah6cMVNz50NpXmwKej8L3kyB\/VZrSxinJG6odLbaoTSZIvdDdOZJBY5uXL26Xf2c5ktZQCgTdQGeCPT6KQuG6aKR2TNLoAxxn+7NcJNsf\/Bg\/9BfyKFXf4fC4X1y3PUMeZbOSqDsP3csz+1PkOXxTbz3v36kevHdQ5YO2pNBvYOoBdMoRebeaYCINkccim5G1U1hE1L6mrsL3s2MlEOS1R2RKSTzKad9vj\/4ZkL1nhEvfP70\/h33pui9q8\/ziN5wNI6b8XuWrkvWXM5O+rS9P4nHxQ80zcEbv5IH1ep2zRC59nv1tYYW5C+6OFkT9MXaW6xrs0CuYwXYnR60WScE5dg7Y41Ni29CmqwO1mtCJRdIROZv0pk7DO\/zGoON6bK6YH5z6RItKPqjmdmsOw5J9XzgOw312fcor8K3R\/gNpZe\/PtoxEoJa2uEgvk9TjzQKTNVv2TkZBqcNOE2xzhsK5EmuTTthRfBQuj9FuYdn6YP+7cnuUuvsSVNf48mfEyNIl8WmyAiQ38m9DHsqZ\/gqaOvazESDw8n9SOkyoRyOtHtZwM5+t2bm6gKn1Pcbg++QfG4k\/cWna7P29x\/8JmU2m24UUuD2FDgmlfWAuvfEaa4d8nIsDcIpgKXKLLaqTK4p594hIdrS0BlgTE\/mwD+2nWJ1r\/jyDBeIlLcwXzVBgMZpZUZwai81GHj0AJrsfROmxiUrSV5Rl+1CVy7l9\/2yh4Kwug1LGSg86l\/IkcMLY2WIQpKySRjj8qlubctYZyR8sG\/76P9mfdXUGhAhUrBQ2YK5N3ZJ88BUEXmCs2CqVNzHAICbd34W9+XX4aaXb+Pa1W2dhxO7OJIuZHOwv4FcWql5e\/VXfIhoJCbZYR15DGGJWcptd\/ZZjDi3ebd5YORJHvxfHhgiEQr1GthbCKvc4+Ass2WnNOaOtq67POncmmaSkF8KuLavBj2xM93Xo7RqHsP0k4xxNw3d1PSJ975xsxacIm\/J0jQeu3KWqaZh48111Ye7QWBB6HOEUlLlkTakRLS+syZ13Oj8N5bQ\/NQvoQTaMEkTChQaxxEuPOV04DyJG8nUPb3CXELgunJLFudeHiLFykCjvO9gNUmFks3YlM1YSLV2LK8n+SYtaI4y5EWhb9FwN2nk+slwH9De31k\/E\/+N86hX59VlyoBwSrsh73bVO77cPTn4RlhThX750KNKTlmLgvJNM0eJDg8VfDX98mEV47w9OTpaLBajon9TPPLowY8yQ4HL+jwdIhTYnvw0tPVwsX73OTw+fvrFF8dHD1XUkJTxy4f\/VuCu2cMX\/7frPz\/SL36Pt\/I7u8s3Z8NvO8aKr+A5zkx6A61EQD\/Vi62b1Z2bZfZ9T4Wb+NBMAlWHh4YqGPKY3\/j9Sizir4XiNx3u55PhX8XcobwYHMIS\/NZbOxRrhzeN6a3ltIL34G8Ba7URa4fJ2uHx4z89e3YgJp\/GxIv\/d+PWAf1v\" \/> \t\t<a href=\"https:\/\/www.pdf24.org\" target=\"_blank\" title=\"www.pdf24.org\" rel=\"nofollow\"><img src=\"https:\/\/www.hohenlohe-ungefiltert.de\/wp-content\/plugins\/pdf24-post-to-pdf\/img\/pdf_32x32.png\" alt=\"\" border=\"0\" height=\"32\" \/><\/a> \t\t<span class=\"pdf24Plugin-cp-space\">&nbsp;&nbsp;<\/span> \t\t<span class=\"pdf24Plugin-cp-text\">Sende Artikel als PDF<\/span> \t\t<span class=\"pdf24Plugin-cp-space\">&nbsp;&nbsp;<\/span> \t\t<input class=\"pdf24Plugin-cp-input\" style=\"margin: 0px;\" type=\"text\" name=\"sendEmailTo\" placeholder=\"Emailadresse\" \/> \t\t<input class=\"pdf24Plugin-cp-submit\" style=\"margin: 0px;\" type=\"submit\" value=\"Senden\" \/> \t<\/form> <\/div>","protected":false},"excerpt":{"rendered":"<p>Vor einem Jahr, am 9. Mai 2020, fand die erste Versammlung des Querdenken-Milieus im Nordosten Baden-W\u00fcrttembergs statt. Seitdem wurden in den vier Landkreisen Hohenlohe, Main-Tauber, Neckar-Odenwald und Schw\u00e4bisch Hall etwa 100 Versammlungen gegen die Covid-19-Schutzma\u00dfnahmen organisiert. Timo B\u00fcchner zieht eine Zwischenbilanz: Was ist in der l\u00e4ndlichen Region geschehen \u2013 und welche Rolle spielt Telegram? Von [&hellip;]<\/p>\n","protected":false},"author":1,"featured_media":0,"comment_status":"open","ping_status":"open","sticky":false,"template":"","format":"standard","meta":[],"categories":[1],"tags":[],"_links":{"self":[{"href":"https:\/\/www.hohenlohe-ungefiltert.de\/index.php?rest_route=\/wp\/v2\/posts\/28065"}],"collection":[{"href":"https:\/\/www.hohenlohe-ungefiltert.de\/index.php?rest_route=\/wp\/v2\/posts"}],"about":[{"href":"https:\/\/www.hohenlohe-ungefiltert.de\/index.php?rest_route=\/wp\/v2\/types\/post"}],"author":[{"embeddable":true,"href":"https:\/\/www.hohenlohe-ungefiltert.de\/index.php?rest_route=\/wp\/v2\/users\/1"}],"replies":[{"embeddable":true,"href":"https:\/\/www.hohenlohe-ungefiltert.de\/index.php?rest_route=%2Fwp%2Fv2%2Fcomments&post=28065"}],"version-history":[{"count":9,"href":"https:\/\/www.hohenlohe-ungefiltert.de\/index.php?rest_route=\/wp\/v2\/posts\/28065\/revisions"}],"predecessor-version":[{"id":28074,"href":"https:\/\/www.hohenlohe-ungefiltert.de\/index.php?rest_route=\/wp\/v2\/posts\/28065\/revisions\/28074"}],"wp:attachment":[{"href":"https:\/\/www.hohenlohe-ungefiltert.de\/index.php?rest_route=%2Fwp%2Fv2%2Fmedia&parent=28065"}],"wp:term":[{"taxonomy":"category","embeddable":true,"href":"https:\/\/www.hohenlohe-ungefiltert.de\/index.php?rest_route=%2Fwp%2Fv2%2Fcategories&post=28065"},{"taxonomy":"post_tag","embeddable":true,"href":"https:\/\/www.hohenlohe-ungefiltert.de\/index.php?rest_route=%2Fwp%2Fv2%2Ftags&post=28065"}],"curies":[{"name":"wp","href":"https:\/\/api.w.org\/{rel}","templated":true}]}}