{"id":28003,"date":"2021-04-27T17:13:02","date_gmt":"2021-04-27T16:13:02","guid":{"rendered":"http:\/\/www.hohenlohe-ungefiltert.de\/?p=28003"},"modified":"2021-04-30T19:06:24","modified_gmt":"2021-04-30T18:06:24","slug":"1-mai-2021-solidaritaet-ist-zukunft-demonstration-und-maikundgebung-des-dgb-in-schwaebisch-hall","status":"publish","type":"post","link":"https:\/\/www.hohenlohe-ungefiltert.de\/?p=28003","title":{"rendered":"&#8222;1. Mai 2021: Solidarit\u00e4t ist Zukunft&#8220; \u2013 Demonstration und Kundgebung des DGB in Schw\u00e4bisch Hall"},"content":{"rendered":"\n<p><strong>Der 1. Mai 2021 in Baden-W\u00fcrttemberg: k\u00e4mpferisch und corona-konform. Der 1. Mai steht 2021 unter dem Motto \u201eSolidarit\u00e4t ist Zukunft\u201c. In Schw\u00e4bisch Hall trifft man sich am Tag der Arbeit um 10.30 Uhr zum Auftakt an der Agentur f\u00fcr Arbeit Schw\u00e4bisch Hall. Nach einer Demonstration durch die Stadt, beginnt die DGB-Kundgebung um 11.30 Uhr vor dem Globe-Theater.<\/strong><\/p>\n\n\n\n<p><em>Vom Deutschen Gewerkschaftsbund (DGB), Region Nordw\u00fcrttemberg<\/em><\/p>\n\n\n\n<p><strong>Starker, handlungsf\u00e4higer Sozialstaat wird gebraucht<\/strong><\/p>\n\n\n\n<p>Unser Land kann eine der schwersten Krisen der Nachkriegsgeschichte gut bew\u00e4ltigen, wenn der soziale Zusammenhalt gest\u00e4rkt wird und ein starker, handlungsf\u00e4higer Sozialstaat den Menschen Sicherheit gibt. <\/p>\n\n\n\n<p><strong>Im Aufruf des DGB zum Tag der Arbeit hei\u00dft es:<\/strong><\/p>\n\n\n\n<p>\u201eNiemand bew\u00e4ltigt diese Krise allein. Nur als Wir, nur wenn wir gemeinsam handeln, finden wir den Weg in eine gute Zukunft. Mit guten Arbeitsbedingungen f\u00fcr alle in einer gesunden Umwelt. Nur gemeinsam mit allen Besch\u00e4ftigten und mit Unternehmen, die ihrer gesellschaftlichen Verantwortung gerecht werden und nicht auf schnelle Profite setzen, wird es uns gelingen, rasch die Krise zu \u00fcberwinden.\u201c<\/p>\n\n\n\n<p><strong>Verm\u00f6gende und Superreiche st\u00e4rker beteiligen<\/strong><\/p>\n\n\n\n<p>Der DGB grenzt sich bewusst ab von allen, die in der Corona-Krise die Spaltung vertiefen wollen. Er appelliert an die Wirtschaft, ihrer Verantwortung gerecht zu werden, ebenso wie an Bundes- und Landesregierungen, die Kosten der Pandemie gerecht zu verteilen. Nicht der Markt hat uns durch die Krise geholfen, sondern ein starker Sozialstaat. Verm\u00f6gende und Superreiche m\u00fcssen deutlich st\u00e4rker an der Finanzierung des Gemeinwesens beteiligt werden.<\/p>\n\n\n\n<p><strong>35 Kundgebungen in Baden-W\u00fcrttemberg geplant<\/strong><\/p>\n\n\n\n<p>Zum zweiten Mal steht der Tag der Arbeit im Zeichen der Corona-Pandemie. Der Deutsche Gewerkschaftsbund (DGB) begeht den 1. Mai 2021 deshalb verantwortungsbewusst und mit den notwendigen Schutzma\u00dfnahmen, aber selbstverst\u00e4ndlich trotzdem sichtbar und k\u00e4mpferisch. In Baden-W\u00fcrttemberg sind 35 Kundgebungen geplant: mit Abstand und entsprechenden Hygienekonzepten. Die OrganisatorInnen stehen in engem Austausch mit den Ordnungs\u00e4mtern vor Ort. Die Mobilisierung zu den Kundgebungen richtet sich am Infektionsgeschehen aus.<\/p>\n\n\n\n<p><strong>Verantwortungsbewusst verhalten<\/strong><\/p>\n\n\n\n<p>Silvia Wagner, Regionssekret\u00e4rin des DGB Region Nordw\u00fcrttemberg: \u201eWir wissen, wie es auf den Intensivstationen aussieht und was die Pflegkr\u00e4fte seit mehr als einem Jahr leisten. Deshalb werden wir alles vermeiden, was das Infektionsgeschehen weiter verst\u00e4rken k\u00f6nnte und appellieren an unsere KollegInnen, sich verantwortungsbewusst zu verhalten.\u201c<\/p>\n\n\n\n<p><strong>Siegfried Hubele und Robert Wei\u00dfenbrunner sprechen in Hall<\/strong><\/p>\n\n\n\n<p>In Schw\u00e4bisch Hall trifft man sich am Tag der Arbeit um 10:30 Uhr zum Auftakt an der Agentur f\u00fcr Arbeit Schw\u00e4bisch Hall. Nach einer Demonstration durch die Stadt, beginnt die DGB Kundgebung um 11:30 Uhr vor dem Globe-Theater. Nach der Begr\u00fc\u00dfung durch den DGB-Kreisvorsitzenden Siegfried Hubele wird Robert Wei\u00dfenbrunner, 1. Bevollm\u00e4chtigter der IG Metall Hanau-Fulda, die diesj\u00e4hrige Mairede halten.<\/p>\n\n\n\n<p><strong>Videostreams<\/strong><\/p>\n\n\n\n<p>Aus Infektionsschutzgr\u00fcnden wird dieses Jahr auf das traditionelle Maifest und Musikbegleitung verzichtet. F\u00fcr alle, die nicht auf die Pl\u00e4tze kommen k\u00f6nnen oder wollen, wird es Videostreams geben. So wird die Hauptkundgebung mit Martin Kunzmann aus Reutlingen von 11 Uhr an live \u00fcbertragen auf YouTube unter <a rel=\"noreferrer noopener\" href=\"https:\/\/youtu.be\/g5WX8uSGAHQ\" target=\"_blank\">https:\/\/youtu.be\/g5WX8uSGAHQ<\/a><br>und auf Facebook unter <a rel=\"noreferrer noopener\" href=\"https:\/\/fb.me\/e\/244Ux4iwC\" target=\"_blank\">https:\/\/fb.me\/e\/244Ux4iwC<\/a><br>Aus Berlin wird es vom DGB-Bundesvorstand um 14 Uhr einen Livestream geben, an dem sich KollegInnen aus ganz Deutschland beteiligen.<\/p>\n\n\n\n<p><strong>Hashtag #Solidarit\u00e4tIstZukunft<\/strong><\/p>\n\n\n\n<p>Unter dem Hashtag <strong>#Solidarit\u00e4tIstZukunft<\/strong> wird es im Netz vielf\u00e4ltige Aktionen geben.<\/p>\n\n\n\n<p><strong>Weitere Informationen im Interet:<\/strong><\/p>\n\n\n\n<p>Informationen zu allen Veranstaltungen der DGB-Region Nordw\u00fcrttemberg sind auf der Internetseite <a href=\"http:\/\/www.nordwuerttemberg.dgb.de\" target=\"_blank\" rel=\"noreferrer noopener\">www.nordwuerttemberg.dgb.de<\/a> abrufbar.<\/p>\n\n\n\n<p><strong>Weitere Informationen und Kontakt:<\/strong><\/p>\n\n\n\n<p>Silvia Wagner, DGB-Regionssekret\u00e4rin, DGB-Bezirk Baden-W\u00fcrttemberg, B\u00fcro Schw\u00e4bisch Hall, Schlichtweg 4, 74523 Schw\u00e4bisch Hall<\/p>\n\n\n\n<p>Telefon: 0791 9561 4482<\/p>\n\n\n\n<p>Mobil: 0170 8514009<\/p>\n\n\n\n<p>E-Mail: silvia.wagner@dgb.de<\/p>\n\n\n\n<p><strong>Internet<\/strong>:<\/p>\n\n\n\n<p><a href=\"http:\/\/www.nordwuerttemberg.dgb.de\" target=\"_blank\" rel=\"noreferrer noopener\">www.nordwuerttemberg.dgb.de<\/a><\/p>\n\n\n\n<p><a href=\"http:\/\/www.bw.dgb.de\" target=\"_blank\" rel=\"noreferrer noopener\">www.bw.dgb.de<\/a><\/p>\n\n\n\n<p><a href=\"http:\/\/www.facebook.com\/bw.dgb\" target=\"_blank\" rel=\"noreferrer noopener\">www.facebook.com\/bw.dgb<\/a><\/p>\n\n\n\n<p>www.twitter.com\/dgb.bw<\/p>\n\n\n\n<p><strong>Mitglied in einer DGB Gewerkschaft werden:<\/strong><\/p>\n\n\n\n<p><a href=\"https:\/\/www.dgb.de\/service\/mitglied-werden\/index.html\" target=\"_blank\" rel=\"noreferrer noopener\">https:\/\/www.dgb.de\/service\/mitglied-werden\/index.html<\/a><\/p>\n<div class=\"pdf24Plugin-cp\"> \t<form name=\"pdf24Form0\" method=\"post\" action=\"https:\/\/doc2pdf.pdf24.org\/wordpress.php\" target=\"pdf24PopWin\" onsubmit=\"var pdf24Win = window.open('about:blank', 'pdf24PopWin', 'resizable=yes,scrollbars=yes,width=600,height=250,left='+(screen.width\/2-300)+',top='+(screen.height\/3-125)+''); pdf24Win.focus(); if(typeof pdf24OnCreatePDF === 'function'){void(pdf24OnCreatePDF(this,pdf24Win));}\"> \t\t<input type=\"hidden\" name=\"blogCharset\" value=\"Cw1x07UAAA==\" \/><input type=\"hidden\" name=\"blogPosts\" value=\"MwQA\" \/><input type=\"hidden\" name=\"blogUrl\" value=\"yygpKSi20tcvLy\/Xy8jPSM3LARK6pXnpqWmZOSWpRSV6KakA\" \/><input type=\"hidden\" name=\"blogName\" value=\"88jPSM3LARK6pXnpqWmZOSWpRSUA\" \/><input type=\"hidden\" name=\"blogValueEncoding\" value=\"gzdeflate base64\" \/><input type=\"hidden\" name=\"postId_0\" value=\"M7IwMDAGAA==\" \/><input type=\"hidden\" name=\"postTitle_0\" value=\"U1O2MDIysjbUU\/BNzFQwMjAytFIIzs\/JTEksyiw5vKREIbO4RCGqNLs0L61EDaTWwFrhUcNkBZfU3Py84pKixJLM\/DyF0rwUBW8gkZ6aVJqXrpCSWqzg4u6kkJmnEJycUX54SVJmcXKGgkdiTg4A\" \/><input type=\"hidden\" name=\"postLink_0\" value=\"yygpKSi20tcvLy\/Xy8jPSM3LARK6pXnpqWmZOSWpRSV6Kan69gW2RhYGBsYA\" \/><input type=\"hidden\" name=\"postAuthor_0\" value=\"S0zJzcwDAA==\" \/><input type=\"hidden\" name=\"postDateTime_0\" value=\"MzIwMtQ1MNE1MlcwNLcyMLEyMAIA\" \/><input type=\"hidden\" name=\"postContent_0\" value=\"xVhNc9tGEr3nV0xpL7tVFCjK0tpmyaq14lhSHMne0Ip2fdkaCA1wlsAMa2ZAJDzlh2ytL\/oNOfnGf5Jfsq9nAJKWIMfOHuIql0RwPrpfv379oK+O5sdHzluji+MXZMUoERdSif29\/ZFQWpzIjPTu9eqD9Z6qlGwxFrPVbTXPySp3MxW1zsSNwXa5OzM6N7ZKxNY5ztPUx9Nq7fE8o0pcGO+N+PXn\/05MqTJplV\/deqGcF+\/qWa1z\/+vP\/0nEuRaTm2mzuk3DRWeyLIW3Ks+9qKQWTuGhrMRbWeBQK57blJQXdSVGe8mjPXE1tWKJT8\/r3MuZF9gSlhWkfW1FjpS6PXevScSlxK+kNDa8oMpoACS9MjiitvgmUyQmXmZ+IFIqlNY+PHpxerL7CoAUlNa6CKGMulAWJuZ+WpqUdt9OSQKN5GjYQn80nB9\/hX9cDaqOfzAVLq49IiItTqkhO8PvMvcuZcT\/jKv+MhDf43IEdWls1myV6GiII7ZPbC9ByHZGdiCmUmclQnT56naqCmQ5MUslS+el9KJRNhPIwcr6Zur7QrzSDnu+wyliJrUOSAV0ESNCRdG1eAV+UMSc0ZxZRYUrCCtQOE+iqD3AA+6lRwR6IBrScbkLsRDI4GRVkZ7K0iMeB5bYWRseg4Bbwa\/PSgkkFhekI5wTBEB2ypUvVOoT0QPVeSCOrXNsdVzYwKU7XMMRq\/dekBv3gQR+XyqqGKR1noEnjiI4AlRDDmAb+IhIxbVCIhofAhTIE1lXWAEYQn5UAqZcac6Gv+Wf11Rwn4YKAFLqWgjtx\/nVXIoYrkspU7oARngU6M\/3d5v5LleHo6+qhkofw9oEUOE43gBN4CKubnPOBx+5FPzlFfe3pmnFxeR2UFMbj6WyjOQtVSjAD2Sl9o2xntsEtSIwAknbrD1OM0WEBPrYp4nDfGNNrpCeI78MbGEWoDS1djihVDpwyErXtmdEeFmL1Qe0RBNAS6ArPbVGONXqF+zPKNw+qedkLXGsIpIOaaTkSZXM1L5as+IxSQpLeumjNqHotYOmyRTNryN2LTCR519H2YyRBkmZg+kMyYKsV5RzmQ1vS8Q3qNZ8DiQUvgpahvXgi4\/ADlqw+5EFChHcgaAUXWCAHvEhJ1xwtxuy5m4mZ6EoZOuIZsDRhG7meN\/wigrPts7lSIELh3gZisYLLyT36RR9x9XZSGbMtKCpKXM+3xkcaPV2I293bSI+VZlq9cFFgakDrzalapX+pdJSL2M2oYtPA5cb8BFRdfXseJf0EOPRodjIOa7qnYfIZ14C9D5avINmLBv0HsuPLNtpyMHdURJViXcUm2OLGR3gcaJ28+ChccCjKB6vP5riSB0KmnKpNtxwHTu77uVd2ngoT8Yk55lY+2UlV++1jC0tU9ZmKlPnF6zxq1soLgOPtP2SZxvT3qfShkO3XUIY5j3QObSluItyi+c4hPUct7GCBr3X3s2ZeRRk6uwnUFUTXMeS5p4Z+AIce20LqZWT3thzrUkHzGPtCMezrOPEmmWiS\/u1zTRDgoBZwcKofm19PO\/CpKCJa2kExvOOj+K1YZ75tSE51znN2CzEaRdux4VJv\/L0lATo8sjrV5qJKhdKimtZaB570QGgEWaWmP9BWuLAesAcjNl4QTmgAdw\/g6AF2CLDrNMIHzc7tQBKnEQMHvlPI1ca6UIvv8lLKmaWxwCLMqCsaBrHGI+TSnwr8RHzzcXStCRsRZ6nFwui42TRlUGbwtH43wdgaCIrWuKhzTUI9guMVxSGtTZyuDxD4E9Yu3BFEWgwiOXp74GoYxHzB2bEBO4lh4XJxFmdUhlv\/R5WDmp8zTaAdAqG8BztOMqUYzfZV8X\/w9uO\/zBvK+562\/EnvW28iOM6ocKuPqzeByGOlwCe4JYh5g7bneKpngVzdgfoMOh7kR6wzJ3QAlWuVrdoQvYjNtx4fgq75xnVM6llvfuyLjMZBxobsH\/DI1rIHIukJQyXtvZ9LQpuYgRakpXrqyTkZIuwLqgmZ9uZtCw6Phf7ITQZKA7IMxXai70Nosip1eKL2qkZgEfndFZgGQUmES870xYz2bik0JAlXqKWJGaGPXPsDvw0DEd0ERvTtJ0UO33u0IlZhwvQ6rmfbarNSomh7lWQPkwFHVQBEsOzN6ggW5zRKNABbCzVgqLzQqZF0JBc\/NPUb1HT9kXwSApL5bMdbSycjmX3oo2ZQ9HtjoCZyZ\/tTL2fu\/Fw+JOpfZ2kNCwOr\/\/xpJ6cPj\/7+46AYSjIP9v5V4pxMds5\/tTqo6E8PkrtcdAKhPJS3lBqzOzLY8nTpKIhDfcPDq5+PFDN1w8Hcm9pFwVz5oQskFtXZMEvfGiI6Mi4I+LYQ5sdBFC5YbX4DrjGusWyDWLrx9G7rXehPJiEy842lPE9pDOxfVQ\/k27qoTh\/2n4tP3e+faPofxHs3um7zd1hv3XIOnNYn0t4erFQVObt26B4PmtnTyRnT7DXYSAQ956xVTeqVBXmF2bhuF92txdD9uMLTRjDADyY79aCcTEemKDRtsR5aeN9mjzPQGImbfgCDjRNk2jeX9N6f5IVaZLRPeI8zMHjTxzDpII3w6sqnNfnI8Wd8MpoHh\/jz\/AZGzi2vUZ8fkJLZWc9\/m4gTvDJ3JtBA37C1hF2sxAHA\/H44HD\/0b1lW9G8xSTIjR6LvcdPR+Lp4V9H4uDgyf7WiuDT8P3o8Z54cjg62Nt7uvXtN7vQWHztQlZJE7L6Wwfg\/bf\/tqZrYMbbi\/6QEv9GAGnzO69cb\/yMS\/JWNZMbUw3jxi+9rueIOxfzKt8ozxaCF3F0adNTpAvli5KNwvovGOxRtl+OWrfZy++P8nNtghGJIczjQt3QsGpv2I3nDPmPCD8mU1+VX5L277pgDcr\/AA==\" \/> \t\t<a href=\"https:\/\/www.pdf24.org\" target=\"_blank\" title=\"www.pdf24.org\" rel=\"nofollow\"><img src=\"https:\/\/www.hohenlohe-ungefiltert.de\/wp-content\/plugins\/pdf24-post-to-pdf\/img\/pdf_32x32.png\" alt=\"\" border=\"0\" height=\"32\" \/><\/a> \t\t<span class=\"pdf24Plugin-cp-space\">&nbsp;&nbsp;<\/span> \t\t<span class=\"pdf24Plugin-cp-text\">Sende Artikel als PDF<\/span> \t\t<span class=\"pdf24Plugin-cp-space\">&nbsp;&nbsp;<\/span> \t\t<input class=\"pdf24Plugin-cp-input\" style=\"margin: 0px;\" type=\"text\" name=\"sendEmailTo\" placeholder=\"Emailadresse\" \/> \t\t<input class=\"pdf24Plugin-cp-submit\" style=\"margin: 0px;\" type=\"submit\" value=\"Senden\" \/> \t<\/form> <\/div>","protected":false},"excerpt":{"rendered":"<p>Der 1. Mai 2021 in Baden-W\u00fcrttemberg: k\u00e4mpferisch und corona-konform. Der 1. Mai steht 2021 unter dem Motto \u201eSolidarit\u00e4t ist Zukunft\u201c. In Schw\u00e4bisch Hall trifft man sich am Tag der Arbeit um 10.30 Uhr zum Auftakt an der Agentur f\u00fcr Arbeit Schw\u00e4bisch Hall. Nach einer Demonstration durch die Stadt, beginnt die DGB-Kundgebung um 11.30 Uhr vor [&hellip;]<\/p>\n","protected":false},"author":1,"featured_media":0,"comment_status":"open","ping_status":"open","sticky":false,"template":"","format":"standard","meta":[],"categories":[1],"tags":[],"_links":{"self":[{"href":"https:\/\/www.hohenlohe-ungefiltert.de\/index.php?rest_route=\/wp\/v2\/posts\/28003"}],"collection":[{"href":"https:\/\/www.hohenlohe-ungefiltert.de\/index.php?rest_route=\/wp\/v2\/posts"}],"about":[{"href":"https:\/\/www.hohenlohe-ungefiltert.de\/index.php?rest_route=\/wp\/v2\/types\/post"}],"author":[{"embeddable":true,"href":"https:\/\/www.hohenlohe-ungefiltert.de\/index.php?rest_route=\/wp\/v2\/users\/1"}],"replies":[{"embeddable":true,"href":"https:\/\/www.hohenlohe-ungefiltert.de\/index.php?rest_route=%2Fwp%2Fv2%2Fcomments&post=28003"}],"version-history":[{"count":5,"href":"https:\/\/www.hohenlohe-ungefiltert.de\/index.php?rest_route=\/wp\/v2\/posts\/28003\/revisions"}],"predecessor-version":[{"id":28010,"href":"https:\/\/www.hohenlohe-ungefiltert.de\/index.php?rest_route=\/wp\/v2\/posts\/28003\/revisions\/28010"}],"wp:attachment":[{"href":"https:\/\/www.hohenlohe-ungefiltert.de\/index.php?rest_route=%2Fwp%2Fv2%2Fmedia&parent=28003"}],"wp:term":[{"taxonomy":"category","embeddable":true,"href":"https:\/\/www.hohenlohe-ungefiltert.de\/index.php?rest_route=%2Fwp%2Fv2%2Fcategories&post=28003"},{"taxonomy":"post_tag","embeddable":true,"href":"https:\/\/www.hohenlohe-ungefiltert.de\/index.php?rest_route=%2Fwp%2Fv2%2Ftags&post=28003"}],"curies":[{"name":"wp","href":"https:\/\/api.w.org\/{rel}","templated":true}]}}