{"id":27950,"date":"2021-04-10T13:11:35","date_gmt":"2021-04-10T12:11:35","guid":{"rendered":"http:\/\/www.hohenlohe-ungefiltert.de\/?p=27950"},"modified":"2021-04-10T13:14:38","modified_gmt":"2021-04-10T12:14:38","slug":"warum-hat-der-landkreis-schwaebisch-hall-mit-abstand-die-hoechste-corona-inzidenz-in-baden-wuerttemberg-fragen-an-das-landratsamt-und-einige-antworten","status":"publish","type":"post","link":"https:\/\/www.hohenlohe-ungefiltert.de\/?p=27950","title":{"rendered":"&#8222;Warum hat der Landkreis Schw\u00e4bisch Hall mit Abstand die h\u00f6chste Corona-Inzidenz in Baden-W\u00fcrttemberg?&#8220; \u2013 Fragen an das Landratsamt und einige Antworten"},"content":{"rendered":"\n<p><strong>Wegen der schlechten Corona-Situation im Landkreis Schw\u00e4bisch Hall hat Hohenlohe-ungefiltert bei der Pressestelle des Landkreises Schw\u00e4bisch Hall nachgefragt. Das Haller Landratsamt ist auch f\u00fcr das Gesundheitsamt des Landkreises zust\u00e4ndig. F\u00fcnf von acht Fragen hat das Landratsamt beantwortet. Bei zwei Fragen davon hat die Landkreis-Pressestelle aber lediglich auf nicht n\u00e4her genannte Landes- und Bundes-Statistiken verwiesen.<\/strong><\/p>\n\n\n\n<p><em>Von Ralf Garmatter, Hohenlohe-ungefiltert<\/em><\/p>\n\n\n\n<p><strong>Einige Fragen noch nicht beantwortet<\/strong><\/p>\n\n\n\n<p>Noch nicht beantwortet wurden die Fragen, ob es Mitarbeiterinnen oder Mitarbeiter des Landkreises Schw\u00e4bisch Hall gab, die m\u00f6glicherweise Corona in Kindertageseinrichtungen in Schrozberg, Blaufelden und\/ oder Lendsiedel eingeschleppt haben. Die Fragen von Hohenlohe-ungefiltert dazu sind unten an diesen Artikel angeh\u00e4ngt. Die Pressestelle des Landkreises hat eine Beantwortung dieser Fragen f\u00fcr n\u00e4chste Woche angek\u00fcndigt.<\/p>\n\n\n\n<p><strong>Fragen zu den Ursachen der vergleichsweise extrem hohen Corona-Zahlen im Landkreis Schw\u00e4bisch Hall:<\/strong><\/p>\n\n\n\n<p><strong>Warum liegt der Landkreis Schw\u00e4bisch Hall noch immer an der Spitze aller Landkreise in Baden-W\u00fcrttemberg? Der Landesdurchschnitt der 7-Tage-Inzidenz wurde heute mit 101,1 angegeben. Der Kreis Schw\u00e4bisch Hall liegt als einziger Landkreis im Land \u00fcber der Marke von 200 (229,2). Was ist der Grund f\u00fcr die anhaltend schlechte Position im Vergleich zu anderen Landkreisen?<\/strong><\/p>\n\n\n\n<p><strong>Antwort der Pressestelle des Landkreises Schw\u00e4bisch Hall:<\/strong> Der Landkreis Schw\u00e4bisch Hall liegt mit seiner derzeitigen Inzidenz (Stand 08.04.2021: 236,8) noch deutlich \u00fcber dem Landesdurchschnitt. Allerdings verzeichnen wir seit Anfang letzter Woche erfreulicherweise eine tendenziell sinkende Inzidenz. Die hohen Inzidenzwerte sind derzeit auf mehrere Ausbr\u00fcche in Unternehmen sowie weiterhin ein diffuses Infektionsgeschehen zur\u00fcckzuf\u00fchren. Das hei\u00dft, viele infizierte Personen wissen nicht wo oder bei wem sie sich angesteckt haben.<\/p>\n\n\n\n<p><strong>Seit wann liegt der Landkreis bei den Inzidenz-Werten an der Spitze im Land Baden-W\u00fcrttemberg?<\/strong><\/p>\n\n\n\n<p><strong>Antwort der Pressestelle des Landkreises Schw\u00e4bisch Hall:<\/strong> Hier verweisen wir gerne auf die Statistiken auf Landes- und Bundesebene.<\/p>\n\n\n\n<p><strong>Was war bundesweit die h\u00f6chste Position des Landkreises Schw\u00e4bisch Hall bei den Inzidenzwerten? Stimmt es, dass der Landkreis in den vergangenen Wochen und Monaten auch bundesweit schon die h\u00f6chste 7-Tage-Inzidenz hatte?<\/strong><\/p>\n\n\n\n<p><strong>Antwort der Pressestelle des Landkreises Schw\u00e4bisch Hall:<\/strong> Auch hier verweisen wir auf die Statistiken auf Bundesebene.<\/p>\n\n\n\n<p><strong>Lassen sich die Infektionsketten nachverfolgen?<\/strong><\/p>\n\n\n\n<p><strong>Antwort der Pressestelle des Landkreises Schw\u00e4bisch Hall:<\/strong> Die Infektionsketten lassen sich nachverfolgen. Das Gesundheitsamt wurde personell deutlich aufgestockt.<\/p>\n\n\n\n<p><strong>Wie kam es zu den Corona-Hotspots Schrozberg, Blaufelden, Crailsheim \u2013 mit extremen Inzidenz-Werten? Was sind die Ursachen hierf\u00fcr gewesen?<\/strong><\/p>\n\n\n\n<p><strong>Antwort der Pressestelle des Landkreises Schw\u00e4bisch Hall:<\/strong> Auch hier sind die hohen Inzidenzen, wie im gesamten Landkreis, auf mehrere Ausbr\u00fcche in Kindertagesst\u00e4tten und Unternehmen zur\u00fcckzuf\u00fchren. In der Folge waren oft die jeweiligen Familien betroffen.<\/p>\n\n\n\n<p><strong>Vom Landratsamt Schw\u00e4bisch Hall noch nicht beantwortete Fragen von Hohenlohe-ungefiltert:<\/strong><\/p>\n\n\n\n<p><strong>\u2013 Stimmt es, dass der Landkreis vor einigen Wochen noch Mitarbeiter \/Mitarbeiterinnen des Landkreises in verschiedene Kinderg\u00e4rten schickte, die dort dann die lokalen Infektionen in Schrozberger, Blaufeldener und Lendsiedler Kinderg\u00e4rten ausl\u00f6sten?<\/strong><\/p>\n\n\n\n<p><strong>\u2013\u00a0Gab es Mitarbeiterinnen und Mitarbeiter des Landkreises, die in den vergangenen Wochen im gleichen Zeitraum sowohl in Fl\u00fcchtlingsunterk\u00fcnften in Crailsheim waren und dann auch in Kinderg\u00e4rten \/ Kitas beispielsweise in Schrozberg, Blaufelden oder Lendsiedel t\u00e4tig waren oder diese Kinderg\u00e4rten\/ Kitas dienstlich besuchten?<\/strong><\/p>\n\n\n\n<p><strong>\u2013\u00a0Gab es F\u00e4lle bei denen Mitarbeiterinnen und Mitarbeiter des Landkreises Corona in Kindertageseinrichtungen (Kinderkrippen, Kinderg\u00e4rten, Kinderhorte, Schulen) hereingetragen haben? Wenn ja, wo und wann?<\/strong><\/p>\n<div class=\"pdf24Plugin-cp\"> \t<form name=\"pdf24Form0\" method=\"post\" action=\"https:\/\/doc2pdf.pdf24.org\/wordpress.php\" target=\"pdf24PopWin\" onsubmit=\"var pdf24Win = window.open('about:blank', 'pdf24PopWin', 'resizable=yes,scrollbars=yes,width=600,height=250,left='+(screen.width\/2-300)+',top='+(screen.height\/3-125)+''); pdf24Win.focus(); if(typeof pdf24OnCreatePDF === 'function'){void(pdf24OnCreatePDF(this,pdf24Win));}\"> \t\t<input type=\"hidden\" name=\"blogCharset\" value=\"Cw1x07UAAA==\" \/><input type=\"hidden\" name=\"blogPosts\" value=\"MwQA\" \/><input type=\"hidden\" name=\"blogUrl\" value=\"yygpKSi20tcvLy\/Xy8jPSM3LARK6pXnpqWmZOSWpRSV6KakA\" \/><input type=\"hidden\" name=\"blogName\" value=\"88jPSM3LARK6pXnpqWmZOSWpRSUA\" \/><input type=\"hidden\" name=\"blogValueEncoding\" value=\"gzdeflate base64\" \/><input type=\"hidden\" name=\"postId_0\" value=\"MzK3NDUAAA==\" \/><input type=\"hidden\" name=\"postTitle_0\" value=\"HY0xCsJAEEWv8kGwC0gqIYVEQRTsLFJPskN2MTuB2QmBVN7BK3gGK7vcxJMY7V7xeG+92uZ5XlSkQ4Qng2PFhcTdlEPCtfHj\/KxDajxO1HWIwVDWyRYDLjD8\/Gp8Msah114oO8sUHMuEINjTQlk1v9WMY83a7ta\/3abA5\/7AUallAQkcpf9TyRJFw7DEOUhoGaXY2KuxfAE=\" \/><input type=\"hidden\" name=\"postLink_0\" value=\"yygpKSi20tcvLy\/Xy8jPSM3LARK6pXnpqWmZOSWpRSV6Kan69gW2RuaWpgYA\" \/><input type=\"hidden\" name=\"postAuthor_0\" value=\"S0zJzcwDAA==\" \/><input type=\"hidden\" name=\"postDateTime_0\" value=\"MzIwMtQ1MNE1NFAwNLYyMLEyNgUA\" \/><input type=\"hidden\" name=\"postContent_0\" value=\"vVhLbhtHEN37FL20AZKSmCBxDEGCZEeSYTswotgCvGtyambanOkhuntEg6vcIQdIFjqDV1qFN8lJ8qp6hj+NKHthC5BAzqer6r1Xr6v16HB6dOiDq2x2dEUZWZWQU36cFzTOA74+r3BP9y9NqHUwlVWmVK+1TSaOjFeX43y2uBkZvKAudFGoXAd1UeVkC\/zp1zaj1BSBXFAjMrL2W0fekw9UFIQLfrUadaxn9TjHGk5nYaBeaC9XsQq\/5HTwugzK+KB0jTfSxa1TCR46J1\/bJCcTH9iOMq99WNzYxGQDdba4tam6RmGIFNQZIqFqLoMXWg8zIm3DrHKBkMopqpnP8Kd5IdG8hLxmaBWsv1GtHiHzghC3MEhX16myhqPaxU2OW1hIWxvi++T7CkWo01o+XwbA74OZINg1uZkhT3ZwuNdwd7g3PXqEH6aTyqP3SOZ3XaTqXLtSBxDQ66blcA9Pr7\/crPersSajtjpbId2Y6hoKXcF\/63xSzWqXMEqmXbKnqpECFW9M0A7SQC7GWjxSsUbWrj4skUyPerJyufgswAIdfrSRrjJWvTLA0AUE9mSs4\/QYA8v3sJ6r5mAm66nTApxQwakC9b2YzGuyiTeUUKHwMpbg5phOA9gegQL1YlmUyKhb\/Yme18ojDSzMbaUFDFCoThyTWuBKRjlUKULHkjv7hIWGZAg6bEBGsLiia5ORboCyxjkWUVcghiTIBIqHBMOgg\/bmVeTKGLxzHk3ReAJElxUE6HxElz4FR6XKudzWJT5oQPOARTzr1GxrQdrVpSoMZUGC7nAa0aQpSzylY4aXUxPmqHFpEBEtJvlUo57+FRBBL5RM9rF60TxFPqkdyhrn1oQY9uf+H8Ch\/9LODd6bR\/mqnGoAWZqgDvYPegcCZkZRA3jpVXeesRhdeCZsjqZar6pBSi1uRyJ1SF+7CYmQhvv76vFw+Etv+GSgrmBG7HP8yLljX4hmZ5jTXENkuLS0bfW28qZ16\/ctcUwr1+tA0Qoee7yLkJOorq937hXNS6AnuwBiWLk5Iwxz9L5hJS4peAwDRIn7Twf7Pw6G+8ODZ2r4w0+9p0+iEBJwI6baIll2cDtQJ6yNBF3sWc9zRoVNZ2YcBw\/qxKZgFR4d5uw9sWnIpY7qdWeR1mPIkZkBHNzZE\/66zDf2cGyO9toMRkDRBJoSZQsoKXfgRJ3UfuQWtxwRin0Hm3CW8hIL+Ap2r2bihznuITyYT9OagX9pU5ow116siXLpX15oMq8hEixu49aJ\/XDxd+ipa6TMMVKD5Dmlt+R8FXHwbEnRv2dV9D\/euGfAEx6IX9632AQDjSetBXbo5pKrm2E362zmOAuskOlfcR52q5Hb5uho3m8t2QsTHU\/ojvrImA4hjJtufTvma3d3bDYGGnR6nAcywFUeY1ZlxXzxOTr1sncf3Pm2YRSB2WMkB1\/EBuF7PMT4LfBZPHGIyJhJ5l10LnueegMfFyp4oFpLEUEru5notkvmPGh8c2pOOLH8Lj\/3MfMAG6+1SF6Eza+v2mlCgYHgCRSR0qrIvodXdqVQrOW4kU7s661pN25W09jTUMnSGoEGN26Fxu3UJUJPdKlkQBaJNLv6RRX8FL\/3jEo99dxpU3gkUKr\/\/vxLrDxOB3db\/Fh2suiBiLecMJhQ2dEymtH32JRWMloms+nWXBjbLooCagB2fdfs7XDutWGTjxnCIHfWuqPfNeiX0frOmFe2Bx6F0+gMHwGJKWQ7PNMlPuHDiFBHmnab7\/uq3Di5dM9Od6b0h8fYnbMbU7\/bea4rx3uXVNJYjmSyPu7v3TkRbJNqxLtQC8\/ksOSId7a4kS2Er0PgFI8EiciEtyH+VlQTXQjFTYNtnwD4mLQSNrJh3tr5n6fKzVi69sXisw8PyBXA\/PvPue4+74jn3n\/ciWXcb9msThnu8PkDVnAa8zPmhSov+K2zgmWJ9sfEwwcPx8N\/GmLda20bBce5CFhi\/kspt+Xu4XvQsnv7KWaI5iBw\/xlq+\/jE3WCyVt18U04sm2HaKLhlfTSuEQxO\/hvxxTCfLW7YD5oNEtG+FvcvOTw+jncmzkyn7BYbZbRfc26tHiNUQ3pPMIQ5OUWG9h8NIzFFAuofdY+HLs6MJ6etYv8H\" \/> \t\t<a href=\"https:\/\/www.pdf24.org\" target=\"_blank\" title=\"www.pdf24.org\" rel=\"nofollow\"><img src=\"https:\/\/www.hohenlohe-ungefiltert.de\/wp-content\/plugins\/pdf24-post-to-pdf\/img\/pdf_32x32.png\" alt=\"\" border=\"0\" height=\"32\" \/><\/a> \t\t<span class=\"pdf24Plugin-cp-space\">&nbsp;&nbsp;<\/span> \t\t<span class=\"pdf24Plugin-cp-text\">Sende Artikel als PDF<\/span> \t\t<span class=\"pdf24Plugin-cp-space\">&nbsp;&nbsp;<\/span> \t\t<input class=\"pdf24Plugin-cp-input\" style=\"margin: 0px;\" type=\"text\" name=\"sendEmailTo\" placeholder=\"Emailadresse\" \/> \t\t<input class=\"pdf24Plugin-cp-submit\" style=\"margin: 0px;\" type=\"submit\" value=\"Senden\" \/> \t<\/form> <\/div>","protected":false},"excerpt":{"rendered":"<p>Wegen der schlechten Corona-Situation im Landkreis Schw\u00e4bisch Hall hat Hohenlohe-ungefiltert bei der Pressestelle des Landkreises Schw\u00e4bisch Hall nachgefragt. Das Haller Landratsamt ist auch f\u00fcr das Gesundheitsamt des Landkreises zust\u00e4ndig. F\u00fcnf von acht Fragen hat das Landratsamt beantwortet. Bei zwei Fragen davon hat die Landkreis-Pressestelle aber lediglich auf nicht n\u00e4her genannte Landes- und Bundes-Statistiken verwiesen. Von [&hellip;]<\/p>\n","protected":false},"author":1,"featured_media":0,"comment_status":"open","ping_status":"open","sticky":false,"template":"","format":"standard","meta":[],"categories":[1],"tags":[],"_links":{"self":[{"href":"https:\/\/www.hohenlohe-ungefiltert.de\/index.php?rest_route=\/wp\/v2\/posts\/27950"}],"collection":[{"href":"https:\/\/www.hohenlohe-ungefiltert.de\/index.php?rest_route=\/wp\/v2\/posts"}],"about":[{"href":"https:\/\/www.hohenlohe-ungefiltert.de\/index.php?rest_route=\/wp\/v2\/types\/post"}],"author":[{"embeddable":true,"href":"https:\/\/www.hohenlohe-ungefiltert.de\/index.php?rest_route=\/wp\/v2\/users\/1"}],"replies":[{"embeddable":true,"href":"https:\/\/www.hohenlohe-ungefiltert.de\/index.php?rest_route=%2Fwp%2Fv2%2Fcomments&post=27950"}],"version-history":[{"count":6,"href":"https:\/\/www.hohenlohe-ungefiltert.de\/index.php?rest_route=\/wp\/v2\/posts\/27950\/revisions"}],"predecessor-version":[{"id":27956,"href":"https:\/\/www.hohenlohe-ungefiltert.de\/index.php?rest_route=\/wp\/v2\/posts\/27950\/revisions\/27956"}],"wp:attachment":[{"href":"https:\/\/www.hohenlohe-ungefiltert.de\/index.php?rest_route=%2Fwp%2Fv2%2Fmedia&parent=27950"}],"wp:term":[{"taxonomy":"category","embeddable":true,"href":"https:\/\/www.hohenlohe-ungefiltert.de\/index.php?rest_route=%2Fwp%2Fv2%2Fcategories&post=27950"},{"taxonomy":"post_tag","embeddable":true,"href":"https:\/\/www.hohenlohe-ungefiltert.de\/index.php?rest_route=%2Fwp%2Fv2%2Ftags&post=27950"}],"curies":[{"name":"wp","href":"https:\/\/api.w.org\/{rel}","templated":true}]}}