{"id":27879,"date":"2021-03-14T21:19:14","date_gmt":"2021-03-14T20:19:14","guid":{"rendered":"http:\/\/www.hohenlohe-ungefiltert.de\/?p=27879"},"modified":"2021-03-14T21:48:14","modified_gmt":"2021-03-14T20:48:14","slug":"jutta-niemann-gruene-gewinnt-bei-der-landtagswahl-2021-im-wahlkreis-22-schwaebisch-hall-wahlbeteiligung-liegt-bei-6151-prozent","status":"publish","type":"post","link":"https:\/\/www.hohenlohe-ungefiltert.de\/?p=27879","title":{"rendered":"&#8222;Zwei Gr\u00fcnen-Politikerinnen gewinnen in Hohenlohe&#8220; \u2013\u00a0Jutta Niemann und Catherine Kern liegen bei der Landtagswahl 2021 im Wahlkreis 22 (Schw\u00e4bisch Hall) und Wahlkreis 21 (Hohenlohe) vorne"},"content":{"rendered":"\n<p><strong>Jutta Niemann ist die Gewinnerin der Landtagswahl 2021 im Wahlkreis 22 (Schw\u00e4bisch Hall). Die Gr\u00fcnen-Politikerin erreichte nach Ausz\u00e4hlung aller Stimmen 28,65 Prozent. Die Wahlbeteiligung lag bei 61,51 Prozent. Jutta Niemann zieht auf jeden Fall wieder in den Stuttgarter Landtag ein. Wer aus dem Wahlkreis 22 sonst noch ein Mandat erh\u00e4lt, stand um 21.10 Uhr noch nicht fest.<\/strong><\/p>\n\n\n\n<p><em>Ergebnisse zusammengestellt von Hohenlohe-ungefiltert (Quelle: Internetseite des Landratsamts Schw\u00e4bisch Hall)<\/em><\/p>\n\n\n\n<p><strong>Catherine Kern (Gr\u00fcne) vor Arnulf von Eyb (CDU)<\/strong><\/p>\n\n\n\n<p>Im Wahlkreis 21 (Hohenlohe) gewann Catherine Kern (Gr\u00fcne) mit 29,1 Prozent vor Arnulf von Eyb (CDU) mit 23,9 Prozent. Auf jeden Fall zieht Catherine Kern in den Landtag ein.<\/p>\n\n\n\n<p><strong>Die vorl\u00e4ufigen Ergebnisse nach Ausz\u00e4hlung aller Wahlbezirke des Wahlkreises 22 (Schw\u00e4bisch Hall):<\/strong><\/p>\n\n\n\n<p>Jutta Niemann, GR\u00dcNE 22.003 Stimmen \/ 28.65 Prozent<br>Isabell Rathgeb, CDU 17.808 \/ 23.19 %<br>Udo Stein, AfD 9.606 \/ 12.51 %<br>Nikolaos Sakellariou, SPD 8.716 \/ 11.35 %<br>Stephen Brauer, FDP 10.082 \/ 13.13 %<br>Ellena Schumacher-Koelsch, DIE LINKE 2.560 \/ 3.33 %<br>Peter Gansky, \u00d6DP 967 \/ 1.26 %<br>Tillmann Finger, Die PARTEI 1.358 \/ 1.77 %<br>Markus Elsasser, FREIE W\u00c4HLER 1.421 \/ 1.85 %<br>Andreas Baum, dieBasis 1.341 \/ 1.75 %<br>Markus Damson, KlimalisteBW 404 \/ 0.53 %<br>Max Weber, W2020 527 \/ 0.69 %<\/p>\n\n\n\n<pre class=\"wp-block-code\"><code>Die Wahlbeteiligung liegt bei: 61,51 Prozent<\/code><\/pre>\n\n\n\n<p>Gew\u00e4hlt ist: Niemann, Jutta (GR\u00dcNE)<br>Niemann, Jutta (GR\u00dcNE)<br>Wahlkreis 22 Schw\u00e4bisch Hall<\/p>\n\n\n\n<p>Alle Schnellmeldungen eingegangen!<br>(158 von 158 Ergebnissen)<br>Wahlberechtigte 125.975<br>W\u00e4hler\/innen 77.482 \/ 61,51 %<br>ung\u00fcltige Stimmen 689 \/ 0,89 %<\/p>\n\n\n\n<p><strong>Die vorl\u00e4ufigen Ergebnisse nach Ausz\u00e4hlung aller Wahlbezirke des Wahlkreises 21 (Hohenlohe):<\/strong><\/p>\n\n\n\n<p>Catherine Kern, GR\u00dcNE 14.913 \/ 29.09 %<br>Arnulf von Eyb, CDU 12.271 \/ 23.93 %<br>Anton\u00a0Baron, AfD 7.462 \/ 14.55 %<br>Patrick Wegener, SPD 6.207 \/ 12.11 %<br>Uwe Wirkner, FDP 5.487 \/ 10.70 %<br>Simon\u00a0Brecht, DIE LINKE 1.408 \/ 2.75 %<br>Ute G\u00f6ggelmann, \u00d6DP 461 \/ 0.90 %<br>J\u00fcrgen Braun, FREIE W\u00c4HLER 1.969 \/ 3.84 %<br>Nico Mast, W2020 712 \/ 1.39 %<br>Roland Mettcher, Volt 379 \/ 0.74 %<\/p>\n\n\n\n<pre class=\"wp-block-code\"><code>Die Wahlbeteiligung liegt bei: 63,02 Prozent<\/code><\/pre>\n\n\n\n<p>Alle Schnellmeldungen eingegangen!<br>(129 von 129 Ergebnissen)<br>Wahlberechtigte 82.105<br>W\u00e4hler\/innen 51.742 \/ 63,02 %<br>ung\u00fcltige Stimmen 473 \/ 0,91 %<br>g\u00fcltige Stimmen 51.269 \/ 99,09 %<\/p>\n\n\n\n<p><strong>Weitere Informationen im Internet zu den Ergebnissen im Wahlkreis 22 Schw\u00e4bisch Hall:<\/strong><\/p>\n\n\n\n<p><a rel=\"noreferrer noopener\" href=\"https:\/\/wahlergebnisse.komm.one\/01\/produktion\/wahltermin-20210314\/08127000\/html5\/Landtagswahl_BW_2021_Land_BW_172_Wahlkreis_Wahlkreis_22_SchwaebischHall.html\" target=\"_blank\">https:\/\/wahlergebnisse.komm.one\/01\/produktion\/wahltermin-20210314\/08127000\/html5\/Landtagswahl_BW_2021_Land_BW_172_Wahlkreis_Wahlkreis_22_SchwaebischHall.html<\/a><\/p>\n\n\n\n<p><a rel=\"noreferrer noopener\" href=\"https:\/\/www.swp.de\/suedwesten\/landkreise\/lk-schwaebisch-hall\/landtagswahl-schwaebisch-hall-ergebnisse-2021-bw-wahlkreis-22-umfrage-hochrechnung-prognose-ltw-21-kandidaten-niemann-rathgeb-stein-sakellariou-brauer-55663504.html\" target=\"_blank\">https:\/\/www.swp.de\/suedwesten\/landkreise\/lk-schwaebisch-hall\/landtagswahl-schwaebisch-hall-ergebnisse-2021-bw-wahlkreis-22-umfrage-hochrechnung-prognose-ltw-21-kandidaten-niemann-rathgeb-stein-sakellariou-brauer-55663504.html<\/a><\/p>\n\n\n\n<p><strong>Weitere Informationen im Internet zu den Ergebnissen im Wahlkreis 21 Hohenlohe:<\/strong><\/p>\n\n\n\n<p><a href=\"https:\/\/wahlergebnisse.komm.one\/01\/produktion\/wahltermin-20210314\/08126000\/html5\/Landtagswahl_BW_2021_Land_BW_172_Landkreis_Hohenlohekreis_Landkreis_Hohenlohekreis.html\" target=\"_blank\" rel=\"noreferrer noopener\">https:\/\/wahlergebnisse.komm.one\/01\/produktion\/wahltermin-20210314\/08126000\/html5\/Landtagswahl_BW_2021_Land_BW_172_Landkreis_Hohenlohekreis_Landkreis_Hohenlohekreis.html<\/a><\/p>\n\n\n\n<p><a href=\"https:\/\/www.swp.de\/suedwesten\/landkreise\/lk-schwaebisch-hall\/landtagswahl-hohenlohe-ergebnisse-2021-bw-wahlkreis-wk-umfrage-hochrechnung-prognose-ltw-21-kandidaten-kern-eyb-baron-wegener-wirkner-55665318.html\" target=\"_blank\" rel=\"noreferrer noopener\">https:\/\/www.swp.de\/suedwesten\/landkreise\/lk-schwaebisch-hall\/landtagswahl-hohenlohe-ergebnisse-2021-bw-wahlkreis-wk-umfrage-hochrechnung-prognose-ltw-21-kandidaten-kern-eyb-baron-wegener-wirkner-55665318.html<\/a><\/p>\n\n\n\n<p><\/p>\n<div class=\"pdf24Plugin-cp\"> \t<form name=\"pdf24Form0\" method=\"post\" action=\"https:\/\/doc2pdf.pdf24.org\/wordpress.php\" target=\"pdf24PopWin\" onsubmit=\"var pdf24Win = window.open('about:blank', 'pdf24PopWin', 'resizable=yes,scrollbars=yes,width=600,height=250,left='+(screen.width\/2-300)+',top='+(screen.height\/3-125)+''); pdf24Win.focus(); if(typeof pdf24OnCreatePDF === 'function'){void(pdf24OnCreatePDF(this,pdf24Win));}\"> \t\t<input type=\"hidden\" name=\"blogCharset\" value=\"Cw1x07UAAA==\" \/><input type=\"hidden\" name=\"blogPosts\" value=\"MwQA\" \/><input type=\"hidden\" name=\"blogUrl\" value=\"yygpKSi20tcvLy\/Xy8jPSM3LARK6pXnpqWmZOSWpRSV6KakA\" \/><input type=\"hidden\" name=\"blogName\" value=\"88jPSM3LARK6pXnpqWmZOSWpRSUA\" \/><input type=\"hidden\" name=\"blogValueEncoding\" value=\"gzdeflate base64\" \/><input type=\"hidden\" name=\"postId_0\" value=\"MzK3MLcEAA==\" \/><input type=\"hidden\" name=\"postTitle_0\" value=\"TU47CsJAFLzKgCBJISRbCSktFBURLAS7jXlkH9m8wGZjWu\/gBSw8hpW5iSdxVRCbYQbmNx5NlVLZoSfG3A13IZlsG8ueK3IsQaKk\/ktYsGgMiQ0wfueSDM\/z5XFddt5rbJhqLYJOCsy0N+88YUVOYJnKUJCHkYIc1loKr8u218ZCJSoF19gHUTniFkoh2h1NP9xybo8GC21t\/Kn986SIfmdinBon9AI=\" \/><input type=\"hidden\" name=\"postLink_0\" value=\"yygpKSi20tcvLy\/Xy8jPSM3LARK6pXnpqWmZOSWpRSV6Kan69gW2RuYW5pYA\" \/><input type=\"hidden\" name=\"postAuthor_0\" value=\"S0zJzcwDAA==\" \/><input type=\"hidden\" name=\"postDateTime_0\" value=\"MzIwMtQ1MNY1NFEwMrQyMLYyNAEA\" \/><input type=\"hidden\" name=\"postContent_0\" value=\"3VfLbttGFN3nK24FFLABcvgSSdGQBdix4jh2DNeJ66UxkkbklOTQIIdl43W\/oasuuvA3dJVV9WO9M9TDsqWkCVygjReWSN65z3MOr170bwf9SpaFiAdvaikpnHOWUyGAVxImnMExa7gQrOQCJqyEMyomksZVQ5MMXNt1gOdwjRdpyXgFrgs778ZJM7sf8WqcwGuaZbsEjpSjcvZRMGFeFBmXPNUeWYmnxolkIChaH9TV3ew+yWoRAx7EcO8kz3MmwO0ZgQ8XZXHHhGz9qaAjJhnPeKwOZDSGEeMQOIbvrEzXq7rjLJFA6yn8xCbo9xWGgYYzVZquUGBIPBHTUq6qBcYFgWu8QesKjR5VXBUCmyUKrAAN4S0eohJrS2b3mTSgkngD6hxchzg2XCVlaytU5TBllSR9az6DvnU7eIF\/aiwsHwzLmI0EryoGd3VFVStitGdZJuHnQsDrImEiw38mdoBNeYZJS9j5oUYLtgcnAq8FkxXj2OIJq3RBJZXoSlbwZFB9C2M+TGGe1UsqEzUvBqfoD3baUe5iCiUclKLOpjqb4YcR7Lw8utrdVM7JWtMc2Fnmvgsxa9RwtoXJuQQ3MpZD3Rq3tfSMaDX+g\/VRt\/N\/FGg++IfD3tAEhTkMnM3u6ymP0f7BcLagt4XoHS\/TtvvLBrAtTNnb1Lk1BBtwfDn7\/XyI54lte0uCWEgRsqJIf1QOTio6QhzAJVaLmRqALQInJD27p8w94kTwvTK8mhToB8s24GB6BBEJ7AAtHJcgkbTFOU+LjBYIGZqiS1ryojbg3cUR9EjoaGOHeH5rjK5ucbRwWNKalQa8OroAxyZ2z1V2GNZr7YbYI0EVCusc+8dK87RgGfbCgKOTIZydnJ9imcQPbDznEW9+7IIpZh5TUaUfDJj9ht6jIFSuiRu0Ju95lmm6v+JIC0xBze7i4PL98ARUnj1tHYat9VtapkjrYVZRnKVK+HKI8a9nv74+G16iYRfhqg705gUeIIcYreCQ1rmhRPKQVghq9NxtDUN\/zfMRzVEiDDjNeE4zFFZ2eA1du4u2NvG9he0vqDAjFf8addUG3w21QaCmtERDyWCcYZ77nebWHGXFODXHxYR1Bn31MdgojJzFUknj3ro29i19BH2XbIE1VHsFYankf2+FuRaCOy30dltEbH20po2PIf4A1wc4f\/VcIKJylk2UhAnFvpjFVH3\/TnnbcXBciuXqc0U5sQyFLWMopDxGiXNcn0Shrx+pOlhpqZeXgDAkXY2\/tgO64xhv9jHDg2zJoqAXqZ4bvbWe\/2sSsKaCG7m\/rlRL8jtdEiGNkMURsecsXhfEOdtd4oZOy\/bIW6BXFuKvPw5pWcwJj70JNDe7xJ8j94LKko9TRCSWqTCpuB4Q1w5bYXDmPbxqEG9YnFgQ3cc+axubhPZcD3iuA+oxPeQ2MquVoiVhrnCGx7M\/45hlLbo0vbuBo5kQzR2+mX0s47nAiKd0jYJIC0avuxCvcYEv5UoumBU6ulrizTt3idqGb+i3TEolQwb8WCADvFBjgYTdZ+SfZ9jup\/j3TznhRi0n8PNznOjhtOwNlPBRp7qaEjqpbZTohp6mRDSf+BMDX+mualUUGfZm3lyr\/QM7dyKmRZlTyQuVAC6OiwUFtxv9Cn5Qy5O98rGSbORLn0LJsv2OKEo2Vdul2rWKW4XhDiR4b7+TSHlb7VmW2mDZMh5JizwnmJdlOziQYlKnKk1thTnmXJhq27U9p2vZPccNbdu2EplnvvVwJb45vL5RdjfqprpwQvdmWcaDb657owqiTBek6iHKWwckxZzkfudmhKBMO4P\/dLp9i35t95uGVM0tmTCrqtmkUVutsBQPW3W0stSsVhHNBEPqx4vUnzw1V93RtZujxmwWBZiua9b5tKQxMxNcvhU9BKLdxN7FosAjmWxMPJRiCI7rO\/5QEe0rzizb\/cms1IpkVqsNyBzpDcf0\/SDwfLv7uQl+qyU\/RsHzsd5Z\/cLZRvfnJHXwBSw5W8ztZplie7ntwWZ0bCfM4P9S01MReG6qJ8ufuZ8EfJN+MeBTBKLJPozMkVqHzKZdd8ymXWk0zH3P6X397L6R2h\/PWH39Gw==\" \/> \t\t<a href=\"https:\/\/www.pdf24.org\" target=\"_blank\" title=\"www.pdf24.org\" rel=\"nofollow\"><img src=\"https:\/\/www.hohenlohe-ungefiltert.de\/wp-content\/plugins\/pdf24-post-to-pdf\/img\/pdf_32x32.png\" alt=\"\" border=\"0\" height=\"32\" \/><\/a> \t\t<span class=\"pdf24Plugin-cp-space\">&nbsp;&nbsp;<\/span> \t\t<span class=\"pdf24Plugin-cp-text\">Sende Artikel als PDF<\/span> \t\t<span class=\"pdf24Plugin-cp-space\">&nbsp;&nbsp;<\/span> \t\t<input class=\"pdf24Plugin-cp-input\" style=\"margin: 0px;\" type=\"text\" name=\"sendEmailTo\" placeholder=\"Emailadresse\" \/> \t\t<input class=\"pdf24Plugin-cp-submit\" style=\"margin: 0px;\" type=\"submit\" value=\"Senden\" \/> \t<\/form> <\/div>","protected":false},"excerpt":{"rendered":"<p>Jutta Niemann ist die Gewinnerin der Landtagswahl 2021 im Wahlkreis 22 (Schw\u00e4bisch Hall). Die Gr\u00fcnen-Politikerin erreichte nach Ausz\u00e4hlung aller Stimmen 28,65 Prozent. Die Wahlbeteiligung lag bei 61,51 Prozent. Jutta Niemann zieht auf jeden Fall wieder in den Stuttgarter Landtag ein. Wer aus dem Wahlkreis 22 sonst noch ein Mandat erh\u00e4lt, stand um 21.10 Uhr noch [&hellip;]<\/p>\n","protected":false},"author":1,"featured_media":0,"comment_status":"open","ping_status":"open","sticky":false,"template":"","format":"standard","meta":[],"categories":[1],"tags":[],"_links":{"self":[{"href":"https:\/\/www.hohenlohe-ungefiltert.de\/index.php?rest_route=\/wp\/v2\/posts\/27879"}],"collection":[{"href":"https:\/\/www.hohenlohe-ungefiltert.de\/index.php?rest_route=\/wp\/v2\/posts"}],"about":[{"href":"https:\/\/www.hohenlohe-ungefiltert.de\/index.php?rest_route=\/wp\/v2\/types\/post"}],"author":[{"embeddable":true,"href":"https:\/\/www.hohenlohe-ungefiltert.de\/index.php?rest_route=\/wp\/v2\/users\/1"}],"replies":[{"embeddable":true,"href":"https:\/\/www.hohenlohe-ungefiltert.de\/index.php?rest_route=%2Fwp%2Fv2%2Fcomments&post=27879"}],"version-history":[{"count":21,"href":"https:\/\/www.hohenlohe-ungefiltert.de\/index.php?rest_route=\/wp\/v2\/posts\/27879\/revisions"}],"predecessor-version":[{"id":27900,"href":"https:\/\/www.hohenlohe-ungefiltert.de\/index.php?rest_route=\/wp\/v2\/posts\/27879\/revisions\/27900"}],"wp:attachment":[{"href":"https:\/\/www.hohenlohe-ungefiltert.de\/index.php?rest_route=%2Fwp%2Fv2%2Fmedia&parent=27879"}],"wp:term":[{"taxonomy":"category","embeddable":true,"href":"https:\/\/www.hohenlohe-ungefiltert.de\/index.php?rest_route=%2Fwp%2Fv2%2Fcategories&post=27879"},{"taxonomy":"post_tag","embeddable":true,"href":"https:\/\/www.hohenlohe-ungefiltert.de\/index.php?rest_route=%2Fwp%2Fv2%2Ftags&post=27879"}],"curies":[{"name":"wp","href":"https:\/\/api.w.org\/{rel}","templated":true}]}}