{"id":27803,"date":"2021-03-03T21:35:37","date_gmt":"2021-03-03T20:35:37","guid":{"rendered":"http:\/\/www.hohenlohe-ungefiltert.de\/?p=27803"},"modified":"2021-03-10T08:54:53","modified_gmt":"2021-03-10T07:54:53","slug":"hat-sich-der-landtag-von-baden-wuerttemberg-wegen-corona-selbst-entmachtet-fragen-an-die-zwoelf-landtagskandidatinnen-des-wahlkreises-schwaebisch-hall-und-ihre-antworten","status":"publish","type":"post","link":"https:\/\/www.hohenlohe-ungefiltert.de\/?p=27803","title":{"rendered":"&#8222;Hat sich der Landtag von Baden-W\u00fcrttemberg wegen Corona selbst entmachtet?&#8220; \u2013\u00a0Fragen an die zw\u00f6lf LandtagskandidatInnen des Wahlkreises Schw\u00e4bisch Hall und bisher f\u00fcnf Antworten"},"content":{"rendered":"\n<p><strong>Fragen zu der Arbeit von LandespolitikerInnen in Zeiten von Corona hat Ralf Garmatter von der Redaktion Hohenlohe-ungefiltert auf der Plattform &#8222;abgeordnetenwatch.de&#8220; an die zw\u00f6lf LandtagskandidatInnen des Wahlkreises Schw\u00e4bisch Hall geschickt. Die Fragen waren f\u00fcr alle Kandidatinnen und Kandidaten gleich. Hohenlohe-ungefiltert ver\u00f6ffentlicht die Fragen und die Antworten in voller L\u00e4nge.<\/strong><\/p>\n\n\n\n<p><em>Von der Redaktion Hohenlohe-ungefiltert<\/em><\/p>\n\n\n\n<p><strong>Wer am schnellsten antwortete, steht oben<\/strong><\/p>\n\n\n\n<p>Wer als erstes antwortete, steht oben, danach geht es in der Reihenfolge der Antworten entsprechend nach unten. Wenn neue Antworten von anderen Kandidatinnen und Kandidaten des Wahlkreises Schw\u00e4bisch Hall eintreffen, wird der Text nach unten hin laufend erg\u00e4nzt.<\/p>\n\n\n\n<p><strong>Die Fragen stellte Hohenlohe-ungefiltert auf folgender Internetseite:<\/strong><\/p>\n\n\n\n<p><a href=\"https:\/\/www.abgeordnetenwatch.de\/baden-wuerttemberg\/kandidierende?politician_search_keys=74592\" target=\"_blank\" rel=\"noreferrer noopener\">https:\/\/www.abgeordnetenwatch.de\/baden-wuerttemberg\/kandidierende?politician_search_keys=74592<\/a><\/p>\n\n\n\n<p>Auf dieser Internetseite kann jede\/r selbst Fragen an die Kandidatinnen und Kandidaten stellen.<\/p>\n\n\n\n<p><strong>Die Fragen der Redaktion Hohenlohe-ungefiltert an die zw\u00f6lf Kandidatinnen und Kandidaten des Wahlkreises Schw\u00e4bisch Hall f\u00fcr die Landtagswahl am Sonntag, 14. M\u00e4rz 2021:<\/strong><\/p>\n\n\n\n<p><strong>Sehr geehrte Frau, sehr geehrter Herr&#8230; <\/strong><br>w\u00e4hrend der nun fast ein ganzes Jahr dauernden Corona-Einschr\u00e4nkungen hat sich gezeigt, dass der Landtag von Baden-W\u00fcrttemberg weitgehend aus dem Bewusstsein der Bev\u00f6lkerung verschwunden ist. Kritiker sprechen sogar von einer Selbstentmachtung des Landtags.<\/p>\n\n\n\n<p>Beim Thema Corona tritt in der Wahrnehmung vieler Menschen nur noch Ministerpr\u00e4sident Kretschmann in Erscheinung. Viele Menschen haben das Gef\u00fchl, dass die Bundeskanzlerin, einige Bundesminister und die Ministerpr\u00e4sidenten der L\u00e4nder alleine \u00fcber die Einschr\u00e4nkungen von Grundrechten in der Bundesrepublik Deutschland entscheiden. Die Spitzenpolitiker der jeweiligen Regierungsparteien haben sich vom Wahlvolk und den normalen Abgeordneten abgekoppelt. Viele B\u00fcrgerinnen und B\u00fcrger f\u00fchlen sich bei grundlegenden Bed\u00fcrfnissen und der Wahrnehmung von Grundrechten nicht mehr ernst genommen.<\/p>\n\n\n\n<ol><li><strong>Welche Ma\u00dfnahmen wollen Sie im Falle Ihrer Wahl in den Landtag ergreifen, damit der Landtag seiner gesetzgeberischen Aufgabe und seiner Kontrollfunktion gegen\u00fcber der Regierung gerecht wird?<\/strong><\/li><li><strong>Waren die baden-w\u00fcrttembergischen Landtagsabgeordneten seit den Corona-Einschr\u00e4nkungen im M\u00e4rz 2020 tatenlos und haben sich von der Exekutive weitgehend &#8222;kaltstellen lassen&#8220;?<\/strong><\/li><li><strong>Wof\u00fcr brauchen wir den Landtag und die Landtagsabgeordneten noch, reichen nicht auch ein Ministerpr\u00e4sident und ein paar Landesminister?<\/strong><\/li><\/ol>\n\n\n\n<p>\u00dcber eine Antwort mit konkreten Beispielen w\u00fcrde ich mich freuen.<\/p>\n\n\n\n<p>Mit freundlichen Gr\u00fc\u00dfen<\/p>\n\n\n\n<p>Ralf Garmatter, Kirchberg an der Jagst<\/p>\n\n\n\n<p><strong>1.) Antwort von Nikolaos Sakellariou (SPD)<\/strong><\/p>\n\n\n\n<p><strong>3. M\u00e4rz 2021 &#8211; 11:02 Uhr<br>Zeit bis zur Antwort: 1 Stunde 18 Minuten<\/strong><\/p>\n\n\n\n<p>Welche Ma\u00dfnahmen wollen Sie im Falle Ihrer Wahl in den Landtag ergreifen, damit der Landtag seiner gesetzgeberischen Aufgabe und seiner Kontrollfunktion gegen\u00fcber der Regierung gerecht wird?<\/p>\n\n\n\n<p><strong>Nikolaos Sakellariou: <\/strong>Ich werde mich \u2013 wie schon 15 Jahre zuvor, daf\u00fcr einsetzen, dass der Landtag bei derartig einschneidenden Ma\u00dfnahmen eingebunden wird. Das ist selbstverst\u00e4ndlich. Das wird derzeit auch so praktiziert. Am Freitag findet wieder eine Sondersitzung des Landtags statt, um die Corona-Beschl\u00fcsse zu debattieren und abzustimmen.<\/p>\n\n\n\n<ol start=\"2\"><li>Waren die baden-w\u00fcrttembergischen Landtagsabgeordneten seit den Corona-Einschr\u00e4nkungen im M\u00e4rz 2020 tatenlos und haben sich von der Exekutive weitgehend &#8222;kaltstellen lassen&#8220;?<\/li><\/ol>\n\n\n\n<p><strong>Antwort Nikolaos Sakellariou:<\/strong>: Nein.<\/p>\n\n\n\n<ol start=\"3\"><li>Wof\u00fcr brauchen wir den Landtag und die Landtagsabgeordneten noch, reichen nicht auch ein Ministerpr\u00e4sident und ein paar Landesminister?<\/li><\/ol>\n\n\n\n<p><strong>Antwort Nikolaos Sakellariou::<\/strong> Das Parlament muss den Haushalt (60 Milliarden EURO) beschlie\u00dfen, damit das Land seine Aufgaben wahrnehmen kann und die Kommunen ihre F\u00f6rdermittel bekommen. Das kann die Regierung \u2013 wie Sie wissen \u2013 alleine nicht.<\/p>\n\n\n\n<p><strong>2.) Antwort von Jutta Niemann (Gr\u00fcne)<\/strong>:<\/p>\n\n\n\n<p><strong>3. M\u00e4rz 2021 &#8211; 15:11 Uhr<br>Zeit bis zur Antwort: 5 Stunden 24 Minuten<\/strong><\/p>\n\n\n\n<p>Beteiligung, Debatte und Transparenz sind f\u00fcr mich unverzichtbare Elemente der Demokratie. Die Corona-Pandemie ist auch f\u00fcr unsere demokratische Verfahren und Regeln eine Herausforderung.<\/p>\n\n\n\n<p>Der Landtag von Baden-W\u00fcrttemberg hat als erster Regelungen getroffen, um das Parlament st\u00e4rker in die Entscheidung zur Corona-Pandemie mit einzubinden. Auf Vorschlag von unserer gr\u00fcnen Fraktion und der CDU haben wir im Juli ein \u201eGesetz \u00fcber den Erlass infektionssch\u00fctzender Ma\u00dfnahmen\u201c verabschiedet. Es legt fest, dass der Landtag innerhalb von 24 Stunden \u00fcber eine neue Verordnung informiert werden muss. Die Zustimmung des Landtags braucht die Landesregierung zwingend f\u00fcr hohe Einzelausgaben zur Pandemiebek\u00e4mpfung. Au\u00dferdem haben wir festgelegt, dass der Landtag zustimmen muss, wenn Verordnungen l\u00e4nger als zwei Monate g\u00fcltig sein sollen. Lehnt der Landtag ab, l\u00e4uft die Verordnung nach vier weiteren Wochen aus.<\/p>\n\n\n\n<p>Seit dem Sommer war ich \u00fcber die regul\u00e4ren Sitzungen des Landtags hinaus sechs Mal zu einer kurzfristig anberaumten Sondersitzung in Stuttgart. Dort wurden die jeweiligen Beschl\u00fcsse der Konferenz der Ministerpr\u00e4sidenten diskutiert und auch Beschl\u00fcsse dazu gefasst. Am Freitag, den 5. M\u00e4rz kommen wir Parlamentarier*innen wieder zu einer solchen Sondersitzung zusammen.<\/p>\n\n\n\n<p>Im Jahr 2020, also w\u00e4hrend der Corona-Pandemie, haben wir Abgeordnete neben der Corona-Politik, darunter z.B. der Festlegung des Finanzrahmens f\u00fcr landeseigene, branchenspezifische Hilfsma\u00dfnahmen eine Vielzahl von neuen Gesetzen und Initiativen vorbereitet, debattiert und verabschiedet, so das \u00e4u\u00dferst wichtige und umfangreiche Klimaschutzgesetz, das Gesetz f\u00fcr mehr Artenvielfalt, eine neues Grundsteuergesetz, ein Zweckentfremdungsverbotsgesetz f\u00fcr Wohnraum, die Emission von \u201eGreen Bons Baden-W\u00fcrttemberg\u201c, die Einf\u00fchrung eines Lobbyregisters und, und, und\u2026<\/p>\n\n\n\n<p>Die parlamentarische Demokratie war also auch unter Corona aktiv und handlungsf\u00e4hig. Es kann nicht die Rede davon sein, dass das Parlament nicht gebraucht wird.<\/p>\n\n\n\n<p>Mit freundlichen Gr\u00fc\u00dfen<br>Jutta Niemann<\/p>\n\n\n\n<p><strong>3.) Antwort von Andreas Baum (dieBasis)<\/strong><\/p>\n\n\n\n<p><strong>3. M\u00e4rz 2021 &#8211; 20 Uhr<br>Zeit bis zur Antwort: 10 Stunden 21 Minuten<\/strong><\/p>\n\n\n\n<p>Ihrer Beschreibung des Zustands im Landtags kann ich voll zustimmen. Auch ich nehme den Landtag als ohnm\u00e4chtig wahr. Impulse f\u00fcr unser Land? Fehlanzeige!<\/p>\n\n\n\n<p>Corona ist aus meiner Sicht leider nur ein Symptom. Bequemlichkeit und Konzeptionslosigkeit haben sich langsam, aber stetig ins Parlament eingeschlichen und dort breit gemacht. Digitalisierung. Bildung und Ausbildung. Das ehemalige Musterl\u00e4ndle ist ins Mittelfeld abgerutscht. Ich bin ein Kind des Ruhrgebiets und habe den Niedergang von Kohle und Stahl miterleben m\u00fcssen. Als Kenner der Automobilindustrie bef\u00fcrchte ich \u00e4hnliches f\u00fcr unsere ehemalige Vorzeigeindustrie. Unser Mi(mimimi)nisterpr\u00e4sident verwendet mehr Zeit darauf, \u00fcber die Unzufriedenheit der B\u00fcrger zu lamentieren, als Konzepte zu erarbeiten.<\/p>\n\n\n\n<p>Nicht nur die Spitzenpolitiker haben sich vom Volk abgekoppelt. Ich verweise auf die aktuelle Besetzung des Landtags. Die allermeisten Parlamentarier sind Berufspolitiker. Doch sind sie berufen? Herr Spahn zwingt uns in die Isolation und feiert (sich) selbst beim Sponsorendinner. Spenden sind limitiert auf 9.999 Euro \u2013 damit es nicht gemeldet werden muss\u2026<\/p>\n\n\n\n<p>Bei unserer basisdemokratischen Partei Deutschland \u2013 dieBasis engagieren sich zu 99 Prozent Menschen, die ihr ganzes Leben in Industrie und Handwerk t\u00e4tig sind, einem Gewerbe nachgehen und sich in Heilberufen engagieren. Wir k\u00f6nnen uns innerhalb unserer Mitgliedschaft auf Fachwissen berufen und auf ehrliches und ehrenamtliches Engagement st\u00fctzen. Das ist schon mal ein sehr gutes Fundament, auf dem wir aufbauen k\u00f6nnen und werden. In unserer Wertegemeinschaft pflegen wir die Achtsamkeit. Bedeutet auch, dass wir jeden mit seinen Sorgen und N\u00f6ten Ernst nehmen. So wie wir die Grundrechte sehr Ernst nehmen. F\u00fcr mich pers\u00f6nlich ist die Landesverfassung nicht verhandelbar.<\/p>\n\n\n\n<p><strong>Gerne nehme ich noch Stellung zu Ihren konkreten Fragen:<\/strong><\/p>\n\n\n\n<p>a.) Welche Ma\u00dfnahmen wollen Sie im Falle Ihrer Wahl in den Landtag ergreifen, damit der Landtag seiner gesetzgeberischen Aufgabe und seiner Kontrollfunktion gegen\u00fcber der Regierung gerecht wird?<\/p>\n\n\n\n<p>Bei dieser Frage f\u00e4llt mir das Bild von David gegen Goliath ein. In der Variante, dass wir es mit vielen \u201eGoliaths\u201c zu tun haben. Denn sind wir doch mal ehrlich: Abgesehen von der Farbe des Logos unterscheiden sich die etablierten Parteien nicht. Die etablierten Kartelle werden sich gemeinsam auch weiterhin darum bem\u00fchen, uns au\u00dfen vor zu halten. Diese Einigkeit haben wir in den letzten Monaten regelm\u00e4\u00dfig erlebt \u2013 und \u00fcberlebt.<\/p>\n\n\n\n<p>Da wir nur sechs Monate nach der Gr\u00fcndung unsere Landesverbands sicher (noch) nicht die Regierung stellen, werden wir eine wirkliche Opposition sein und der Regierung die Stirn bieten. Durch unbequeme Fragen im Parlament, Offenheit und Transparenz gegen\u00fcber der Bev\u00f6lkerung. Wir sind unabh\u00e4ngig und nur unseren Mitgliedern und unserem Wahlkreis verpflichtet.<\/p>\n\n\n\n<p>Wir sind aber keine Partei des Widerstands, sondern des \u201eDaf\u00fcr\u201c \u2013 f\u00fcr Freiheit, f\u00fcr Gerechtigkeit und wir werden im Kreise unserer Mitglieder nachhaltige und tragf\u00e4hige L\u00f6sungen f\u00fcr unser Land entwickeln. Ganz transparent und nachvollziehbar. Diese werden wir bei den anstehenden Themen im Parlament einbringen und vertreten. Die Weisheit der Vielen, so zeigt unsere Erfahrung, bringt regelm\u00e4\u00dfig innovative und neuartige L\u00f6sungen hervor.<\/p>\n\n\n\n<p>b.) Waren die baden-w\u00fcrttembergischen Landtagsabgeordneten seit den Corona-Einschr\u00e4nkungen im M\u00e4rz 2020 tatenlos und haben sich von der Exekutive weitgehend &#8222;kaltstellen lassen&#8220;?<\/p>\n\n\n\n<p>In Anbetracht der verk\u00fcndeten Meldung, dass wir der schlimmsten Pandemie seit Menschheitsgedenken ausgesetzt sind, empfinde ich die \u201eLeistung\u201c des Parlaments als unzureichend. Impfstoffe sind erst nicht verf\u00fcgbar, dann nicht verimpfbar. Impfstra\u00dfen sind verweist. Ausreden gibt es reichlich, nur keine L\u00f6sungen. Anderthalb Jahre nach \u201eWuhan\u201c ist die Wirtschaft, das soziale Leben und eine endlose Zahl an Existenzen am Ende. Kinder und Jugendliche verlieren nicht nur wertvolle Jahre Ausbildung, sondern bekommen auch noch einen \u201eKnacks\u201c f\u00fcrs Leben. Was haben die Regierenden geschafft? Ach ja, heute m\u00fcssen wir FFP2-Masken tragen, die im beruflichen Kontext noch nicht mal als Kaffeefilter zugelassen w\u00fcrden. Au\u00dfer Durchhalteparolen und ebenso vollmundigen wie unerf\u00fcllten Versprechungen habe ich aus dem Landtag nichts vernommen.<\/p>\n\n\n\n<p>Was ist mit kreativen L\u00f6sungen? Identifikation und Schutz der Risikogruppen. Schaffen von bel\u00fcfteten Begegnungsr\u00e4umen in Pflegeheimen und Krankenh\u00e4usern. Neue Arbeitszeitmodelle, um pflegendes Personal zu entlasten und Kontakte zu reduzieren. Impfbusse, um Impfwillige zu den Zentren zu fahren, oder noch besser \u2013 gleich im Bus impfen. St\u00e4rkung der Abwehrkr\u00e4fte und der Gesundheit, Einbeziehen von alternativen Heilmethoden mit jahrhundertelangem Erfahrungswissen. Investitionen in Schulgeb\u00e4ude und Kinderg\u00e4rten, um f\u00fcr bessere Rahmenbedingungen zu sorgen. Anerkennung und Ber\u00fccksichtigung der Tatsache, dass Kinder und Jugendliche nun wirklich keinen signifikanten Einfluss auf den Verlauf des Infektionsgeschehens haben. Vereinigte Forschung und Wissensforen mit internationaler Besetzung. Aufkl\u00e4rung der Bev\u00f6lkerung statt der Strategie von bewusst gesch\u00fcrter Angst und Panik. Wie w\u00e4re es, wenn wir uns einfach darauf besinnen, dass Menschen, die sich krank f\u00fchlen zu Hause bleiben? Weg mit dem Druck, immer am Arbeitsplatz erscheinen zu m\u00fcssen, egal wie es einem geht. Hier tut Aufkl\u00e4rung Not. Wer sich schlecht f\u00fchlt, soll doch bitte zu Hause bleiben. Eigenverantwortung st\u00e4rken!<\/p>\n\n\n\n<p>c.) Wof\u00fcr brauchen wir den Landtag und die Landtagsabgeordneten noch, reichen nicht auch ein Ministerpr\u00e4sident und ein paar Landesminister?<\/p>\n\n\n\n<p>In der Tat ist das ein guter Punkt. Eine Halbierung des Parlaments ist meines Erachtens sofort m\u00f6glich. Und zwar ohne jeden Verlust an Qualit\u00e4t. Und damit einhergehend auch gleich alle Ministerien etc. halbieren. Es ist die Frage zu diskutieren, welche Fragen und Themen \u00fcberhaupt in das \u201eHoheitsgebiet\u201c eines Parlaments fallen. \u00dcber was k\u00f6nnen Parlamentarier \u00fcberhaupt kompetent abstimmen? Wir sehen hier ein gewaltiges Potential f\u00fcr bessere Entscheidungen durch Einbindung m\u00f6glichst vieler Menschen, die unabh\u00e4ngig und werteorientiert entscheiden. Auch das Konzept der sozialen Dreigliederung bietet viele L\u00f6sungsans\u00e4tze.<\/p>\n\n\n\n<p>Ich hoffe, dass Ihnen diese Anregungen als erste R\u00fcckmeldung auf Ihre Fragen f\u00fcrs Erste reichen. Sehr freuen w\u00fcrde ich mich, Sie bei einem unserer regelm\u00e4\u00dfigen Treffen im Kreis Schw\u00e4bisch Hall pers\u00f6nlich kennen zu lernen. Kontaktdaten finden Sie bitte auf unserer Homepage.<\/p>\n\n\n\n<p>Mit freundlichen Gr\u00fc\u00dfen<\/p>\n\n\n\n<p>Dr. Andreas Baum<\/p>\n\n\n\n<p><strong>4.) Antwort von Isabell Rathgeb (CDU)<\/strong><\/p>\n\n\n\n<p><strong>5. M\u00e4rz 2021 &#8211; 06:51 Uhr <br>Zeit bis zur Antwort: 1 Tag 21 Stunden<\/strong><\/p>\n\n\n\n<ol><li>Welche Ma\u00dfnahmen wollen Sie im Falle Ihrer Wahl in den Landtag ergreifen, damit der Landtag seiner gesetzgeberischen Aufgabe und seiner Kontrollfunktion gegen\u00fcber der Regierung gerecht wird?<\/li><\/ol>\n\n\n\n<p><strong>Isabell Rathgeb:<\/strong> Ich werde mich daf\u00fcr einsetzen, dass \u2013 wie es auch aktuell stattfindet \u2013 das Gremium tagt und hier auch ein Austausch stattfindet. Dies ist auch heute, Freitag, 5.3., wieder der Fall, um die Ergebnisse der Ministerpr\u00e4sidenten-Konferenz im Landtag zu diskutieren und dar\u00fcber abzustimmen.<\/p>\n\n\n\n<ol start=\"2\"><li>Waren die baden-w\u00fcrttembergischen Landtagsabgeordneten seit den Corona-Einschr\u00e4nkungen im M\u00e4rz 2020 tatenlos und haben sich von der Exekutive weitgehend &#8222;kaltstellen lassen&#8220;?                                               Nein. Der Landtag tagt nach wie vor und die Landtagsabgeordneten diskutieren, debattieren und stimmen ab.<\/li><\/ol>\n\n\n\n<p>3. Wof\u00fcr brauchen wir den Landtag und die Landtagsabgeordneten noch, reichen nicht auch ein Ministerpr\u00e4sident und ein paar Landesminister?<\/p>\n\n\n\n<p>Wir brauchen den Landtag und auch die Abgeordneten, um zum Einen die Themen von Vor-Ort in den Landtag zu tragen und um zum Anderen den Haushalt zu beschlie\u00dfen. Im Haushalt wird festgelegt, mit welchem finanziellen Umfang Projekte f\u00fcr eine Umsetzung eingeplant werden. Und dabei geht es auch darum, welche Projekte vor Ort in den Kommunen stattfinden k\u00f6nnen. Aus diesem Grund brauchen wir die Besten im Landtag \u2013 engagierte, kompetente und durchsetzungsstarke Landtagsabgeordnete.<\/p>\n\n\n\n<p>Herzliche Gr\u00fc\u00dfe<br>Isabell Rathgeb<\/p>\n\n\n\n<p><strong>5.) Antwort von Max Weber (Wir2020)<\/strong><\/p>\n\n\n\n<p><strong>7. M\u00e4rz 2021 &#8211; 13:39 Uhr, Zeit bis zur Antwort: 4 Tage 3 Stunden<\/strong><\/p>\n\n\n\n<ol><li>Welche Ma\u00dfnahmen wollen Sie im Falle Ihrer Wahl in den Landtag ergreifen, damit der Landtag seiner gesetzgeberischen Aufgabe und seiner Kontrollfunktion gegen\u00fcber der Regierung gerecht wird?<\/li><\/ol>\n\n\n\n<p><strong>Max Weber: <\/strong>Einsetzen eines parlamentarischen Untersuchungsausschusses, der vor allem auch unabh\u00e4ngige Experten h\u00f6rt. Ver\u00f6ffentlichung s\u00e4mtlicher Sitzungsberichte und Protokolle der Regierung, die zu Beschl\u00fcssen bez\u00fcglich Corona-Ma\u00dfnahmen gef\u00fchrt haben.<\/p>\n\n\n\n<ol start=\"2\"><li>Waren die baden-w\u00fcrttembergischen Landtagsabgeordneten seit den Corona-Einschr\u00e4nkungen im M\u00e4rz 2020 tatenlos und haben sich von der Exekutive weitgehend &#8222;kaltstellen lassen&#8220;?<\/li><\/ol>\n\n\n\n<p>In jedem Fall hat Executive sich nicht getraut, die Ma\u00dfnahmen in entsprechendem Rahmen zu kritisieren. Baden-W\u00fcrttemberg hat keine Initiative ergriffen, Auswertungen der Daten von den Gesundheitsbeh\u00f6rden vorzunehmen, um so Risikogruppen gezielt zu sch\u00fctzen und in Bereichen mit hoher Ansteckungsrate die Hygienekonzepte zu verbessern.<\/p>\n\n\n\n<ol start=\"3\"><li>Wof\u00fcr brauchen wir den Landtag und die Landtagsabgeordneten noch, reichen nicht auch ein Ministerpr\u00e4sident und ein paar Landesminister?<\/li><\/ol>\n\n\n\n<p>In Kombination mit B\u00fcrgerr\u00e4ten und eines h\u00f6heren Mitbestimmungsrechtes der Landtagsabgeordneten entsteht eine h\u00f6here Einflussnahme in die Politik durch die Bev\u00f6lkerung. Diese k\u00f6nnte so auch, \u00fcber die Landtagsabgeordneten, die Handlungen der Ministerpr\u00e4sidentInnen auf ihre Sinnhaftigkeit und Notwendigkeit \u00fcberpr\u00fcfen. Eine Verkleinerung des Regierungsapparat w\u00e4re sinnvoll, wenn im selben Atemzug B\u00fcrgerr\u00e4te etabliert w\u00fcrden.<\/p>\n\n\n\n<p>Freundlich gr\u00fc\u00dft Max Weber, Wir2020<\/p>\n<div class=\"pdf24Plugin-cp\"> \t<form name=\"pdf24Form0\" method=\"post\" action=\"https:\/\/doc2pdf.pdf24.org\/wordpress.php\" target=\"pdf24PopWin\" onsubmit=\"var pdf24Win = window.open('about:blank', 'pdf24PopWin', 'resizable=yes,scrollbars=yes,width=600,height=250,left='+(screen.width\/2-300)+',top='+(screen.height\/3-125)+''); pdf24Win.focus(); if(typeof pdf24OnCreatePDF === 'function'){void(pdf24OnCreatePDF(this,pdf24Win));}\"> \t\t<input type=\"hidden\" name=\"blogCharset\" value=\"Cw1x07UAAA==\" \/><input type=\"hidden\" name=\"blogPosts\" value=\"MwQA\" \/><input type=\"hidden\" name=\"blogUrl\" value=\"yygpKSi20tcvLy\/Xy8jPSM3LARK6pXnpqWmZOSWpRSV6KakA\" \/><input type=\"hidden\" name=\"blogName\" value=\"88jPSM3LARK6pXnpqWmZOSWpRSUA\" \/><input type=\"hidden\" name=\"blogValueEncoding\" value=\"gzdeflate base64\" \/><input type=\"hidden\" name=\"postId_0\" value=\"MzK3MDAGAA==\" \/><input type=\"hidden\" name=\"postTitle_0\" value=\"NY4xCsJAEEWvMiCkEySVkEJUkAh2Fqkn2Ul2yWYCu6MLVt7BC1h4BqtU7k08iZvC6v8Pj8fPFus8z4sSBbxpNChycEJWgh1cR4YdKuJlFScnQkNNroNAHTHsRzcygidbewFiGbDRQrLJZuOqgO\/98XkeHM4wMihDcAvxbdu\/3\/cpjUI5MidGkYcKte0dGZ\/6udEhvmrj06sSrYULK0hTp4dtnLiFLUsYnRD\/AA==\" \/><input type=\"hidden\" name=\"postLink_0\" value=\"yygpKSi20tcvLy\/Xy8jPSM3LARK6pXnpqWmZOSWpRSV6Kan69gW2RuYWBsYA\" \/><input type=\"hidden\" name=\"postAuthor_0\" value=\"S0zJzcwDAA==\" \/><input type=\"hidden\" name=\"postDateTime_0\" value=\"MzIwMtQ1MAYiBSNDKwNjK2NzAA==\" \/><input type=\"hidden\" name=\"postContent_0\" value=\"5VzLkhvHld37K3I4ERPUBASySdG2aIoMtrtJtihSHLZIRmjjyGokCiXUA86sakhY6R9m6xhtGPMJXHGHP9GXzDn3ZhaqQLAte2IirLEcbnUDhXzcx7nnPqDf3Fvdvxda39T5\/Ufe5q42m87MnDcPfeaK1lw2tfnK1jMXVk1ZtMXS+bO6xmNFbb7FA\/iNj\/yxwRLWLGxrXtpybh5bX9m2xTp8l+u9dDO7bAv89aRZuLrEj0+7OnfzosRjrbHdXJ57UeJz88ZX5t\/+9fe3bt36g81y1\/hZ7bDX2rYXi+nMyVs3\/2As1i6c2ay377Apz9naPCzx72JmWz0ojm7e2EW59K4I+P38YrHevs2KcLEwT2xZmtzh1+Ji2U7NCRaLYlhbj5\/z7Xtv8JAzT+OihSza1bP+FfyZl67AwT5ytUvnt+\/mc1e3JZ5q5chxF67DPx\/W7brxrcr1ssGG3ny1fYtFpvduRP3cu7G6\/xv8Q5W56v7rXybYezfw7PCjcbU3+KitDK5eu7IM3NrGQ7RuYvACTtpkrj60v3y4DMZ5PBc+8sGJmdnaQso5X8FjRTpwgXPOmzJ3amn93SGhsPLuAm\/PjHy0q\/H61LxxdW1q1w0FRcOiYVJNVyrnrxqAK+rWOypoYtaFn8mpvnHft4MzmAVOX8JIeTTnc+hm004PyHVgQhBFCR1cYfAiBN7BnGETDxsP9Km7B3UO98Ipv7i2aNtVuHvjxnq9nh5yjhuZnbn603WHXVpXZTjtDXWJgsKauQfqyheFrf8UnPUXiz8t3Q\/hi999dufzW9dMa33u2i+u\/Skrbb28Zrwrv7hWN9jbeY+j1k2zcrXz1+7\/357k3g07vP9DAkThwr6wDFaszXcO23kTXJmFNikgwsOV1iFKgo1drcpfhGAjMPrfmaTgDldLmLbG0\/TX86au8ffEHH02Nc+2b\/3G3Lp56+iwxcSXzt3Cwwnxs5ULdfDSwUvePIFiCam3Aam7hTJ\/H4daUFFy\/7oDHlpIF\/5icltvcPAvLdaZWSgY2kxh4NPTosZNPHxkSQHVEhdCIVCwcUXeEhpCkFXjBcWdj8Vc3uDuyVzMGioGfvAMtuMnKnPs1l0IVL7q5dhdQuIITNiLWIut150cpwjA9Kdew5ZJ0GJCk1sNTFgCb5yL0QB8Krh7y1WonyT5oWUcu6Iy3yxcZVPEa7F6m5ANKoVZLio5SOEI4s8cRYFN646eAxE8K2qcy\/kV5BMKHLPFEWHLF4uKhoylTnkFHA3LTM1rrrNbZmEz2o8N5rGDkSzKJErYyjFvzei3wc4FwAxrFHl6vYr79jHnw4NEQ2fgmTmNexCQ2b6HKuQjHyiWQnwMwc8o2hi+RCeypXerLiuLpTlxHS8IPJkJyPN6MwI7Xex8VbQbV\/f8Qhb4zkHzZcE9Xrq8EOWGlYW5Fr0UxKIum0pcCUFzqVejsMEfLLzaPBygkiFELZvVypVtkusxbC2nsJKTxheMyDbtASZkct6ydALXsFQ3w4NzCDCkKL6v\/33J1BL7KzoevAVuhKWaqhpCT1Pev1cWgxBdQlDmmd3+VNtFRVJCZlCbc0gNhvhIiMnZwuvWpQq\/7l0K\/gN8mWskrkDmhv4W1PZBfly7yR00XKiFAWdziFcuFR962iBAYut5VysA5pRDNAtBxqghvCHXlTD6YIBJvNXwZkKuaFExQgxcPh4jud8wrvA8rbkKaCCVHhRvIpK1xOkgdxnZjFrp6fdu2bXFpRvCTKSdS1u2MTYg7lPNkXReda1GcDsDxModIIWRQpLnHbwbwWGCYFsoXIi1cB2B2wOgwcX41spaHyl6cvH9I96AYUUE2\/6FShO3jlTK0DKWTY1Y1IplF2FF38DxcZkZLA1nqPhj7sHARpHyGT7KV+EZeuzHfvt++xNJY\/\/MOB+YmKcFwrxgu1UtfAlJtAfC1tH0k\/6M1NjzYtmUFto8t0voxfqi6cz18xcnn1wV\/G4Pw6Qo9+joD+bo6O7NW+bVwjPKMY8xCL5IfXo2etccmfOWKGaOfk\/xd+3HqPCv3Uk\/ENkhQd\/dEYMzmMLa0TLEKn7+8T+xkmMmgU2P7ggnAA3qLhvPO4lL4Ii8gt5yL\/ITXfE3sL3I5UGmJLRximkgV7wFEWhk59ERPRAGYfCR9TH0twxdpeRifDOx+Q01LM4UGrPypHEbCANh4CE0BPnzHPMCS1MqbpZcBGwLvwfEp31WAN4Ie56YrhKPjnh0zFSy3L4HXGgeneEh4bqiKZttutAW+6DPtTwI961rgia\/cnDcA5xkVMmTDxpXb1t3zXMI\/pBwbkfh\/ONA7N9z0d1NxT5fWF\/ailtVnXgFcgvQ3AXEa67\/9ibOVJaF9Xz99NXLrz+Br9DACkeM7QHDqlkqECRoYAVD2Qh+lRQpieYpWEcnJRz66aPtO6zvsRD0ifWXyknkePIxfmSHHcnbiW5rZT98KVFFkemhXOrWHph\/2bWthYyckN7rjBu12wH53V+O5HfuHh1djeR3IpLX5tZnV0H5MYyEnBP3nICy0ncVYb\/xtib5dPUGPoIXxAYF\/boasLPhrTO8b05LR3VqYePEVc3SIwV0SnSjX76gIVWMDiGanyzXASE9Pxg\/RE83r52fE05Ve1CDKzVrYc4GS5k3VB4ThcE9Tv56WsWErC\/geF1YQQKpv2+0FkJsGxkp4dWToRdqFqeJytMyKPL9G9I8cdpNlxFbYVVM4l83XnIBPZxeGzFOLKBmfqrhK5HqP568ivBEXweGfdmVhbjlzz\/+12OJjClDoZt44hEOOHeyTMBW2\/eMPFxrF01+\/vEvzBVtxtofAB+h4DQY8HsQGhcOJajMETw8M5Njw5KSUenmav4sUUFnRBzKBMdAJsJIoxGzFj9Xa\/hWQ8EHgUWhre1RjGlU8r7NmjEwGeCiWUhKtnElTEGdnlpI4oczb99Wq7nkkQ87YIZn\/rwTJm8KxbuDCXkfquTME1wAjrq7G5FfCpRaCdwgSJhnUD5sP9++LxnLJUMPwoam5iu3qMfkxmYTLtHN9a4DsUnZDQm0l9Aj4fNNI5iNew4t\/VxDHssiOKln0Vbo6i5jhew6bOKFkEkYj+WXXt6LomZlIYASBRhIycCtjGrZ+c0cjIt3sXVGh6sYRsasAHeEJbRtbsknTghw6050zf0HeeyQHMyUsM2dYIqY5sFsvAiMwbQf4Q8Ei9EyFofN3Ry6G3GZifjCnQSYiumi8t6ZEY+c\/3dNfCPl6S8OnYm0xxeFQdgxdVndP6u0BERGMaEhNGZUM9oDhMnA+AapOfwmi7WH9AEtBtAsPeuvONz0eCpPPILRwmST3zyC+uqNF6cO6heleI2j0LEj\/KnmbcLKbYq5wuqTopyHakQtnVQENmTo9G96MtIZp6xVpH9W40iWjIh1Dw97oHHSdRLNUy2NYGVCxkkUhaHTAQMJJtybdRk+3FVzW+dKSczTsqgsPtmR7HPnSaz0CMhp0GH94CEL4CwwzUEUJjvoCVpxgBl1APm4Ap3w27W7WELpyNUqgnXAGbOmDflg5TfNoqaFTxTaKwR3wjCFQaD1jiYMQD0QTgCmk1QfYuFEsIqngps1WfYDAYy2LVxz0v\/4+cf\/HkYtfH41sE5R1C6Eim+LgYkXqFHEIhwjxmXksaD\/vOAcVljkAurCYuq+8\/ISaoFYeS8CVEK+UaDTp5FtRCyWdOMX5b0gISNqc5DHjKnQQ9aILOWKgHsdRzy2oQh\/R1ILUn91RntzR4SOriJCmq0K0MAys+RqjFiQb2AQ7uFTpKt5Q1nuggYDDl7kG8JBRySdAQPWVm3fiicIU52as2rVlQC1HRuSDzyAx7NyyMKx+5fBKaPylUUFeIYWc0V1JRNIL0VX2v\/5D9Wqbaop7vTnzlVU2pIikrJ8g6VXwhWQDRW5vDHIh7A10gi4hWVMgRnzxEitBuYimakQczEGYS7UbkaEgBlJXZlRPwc4l0XQaI7TFKVQJ37gYRcy\/VO5t2OVmYHDPOvoO6VktkoaufszIexzV86krumlwIpNmJ2Dbcm1nxYCw8G87BbAg6xw7S7dE408F+TPbSxYPm0WpeLSeUskrBh9SwHnSiIO9QrlPXUkQ9q96yDYBkfHXjioZ9rKyrRn1VOD8dtFLZIJI6K7uyAIoSi3X2FqXon6nxXXq4L\/++SD1AwAtnaSrwsiisEjVthuPhlE\/1egnojguGO9cLG2kiq8iHaqPsnPJXglW5DknRWJTDrcQ89\/LuZFu5odKl3vFaZfsyg9KjtTPXL2ApZutaVF\/OqYTNPl3Ie1BuWLTLE8jFxateMwrknJMYxgvmvTk4uw4MG3gmjFs3v5QLo9OLld1Mon6QYhUfozxH7b8++5k6h2nRf6JDXXMjZBzlfwl4ZxXnjxFC9owUb2QxwrNCDyip9PP\/\/8c3Pa+UZyRc1acb+EshWM2I0Y8jgyHINapjQhIzaOciQRBhK3UZNB9olIalyd21yrMKIZKBfneeGbDS0ptVY0ghXsi2lv6yuxe8jlrLdsyuQJ1sdRlwbJkLDcguGM4FMhUuMduBYJrFRMtEDHTbHOEzDBqIXBmabmDdjQcvsu9iDCINNIt4az58j6ZzionatQH2GLmICnNZUizuFZPvqbFDDIxmzVxpdOubFL6ZxkRoNCmtTw4JYCH9ok7Njhf4SVxN4mcVCjEg6H3zNLorQ7\/izqEaa+S+7ewBQcd5WSFK+wmksvRes3HICAKQBlCb5E6Rl06TQ7jgGaD7LJW0tSKaUOElSfpiieb9+1kv+xtaJlDxhlI8WKtMmgH6OXGz\/9qM\/qV+AquFEpigvDXOySCXkIkqWI+V5SVXinRP5\/qPDxmJ3qGAMlGtIpz1k7U04tpeF6UIDXjvPBhq4Fc\/h\/VG+mX8eOvlwa4eFtWbIh4YWPMTxKWDqxl8VM1zePgW+2lZKdmBi3eg0UtDWnT3pTgc3ycpfaySCB1c8FJv6QOniQgjWMn4mtwJbYCfUjHqBedFcSlSDOnEqjjxgZFKKbXCqorfOpqanuTotxrc1KomCPUanqqIg+fP8p36fmIgrGbrl4jK2U82oyzEEUZkUV\/B5BWZCLqGGZX0hmwvuxhBgbrEF4+YjYSCVF7aKEpnkAzd1rJsyuBDPb\/sRqPIN\/K2hKzYty+cqo2mRlOYbEmENrFUCSeEpLanuR50jk7z0pEzbJq+Kx6\/SMT0ZEPRlQLDVPknBEwUx68MtScM18vVqBvIkdStkhVY92i0i8bgsPvCycyqbzkklkQgr7WQ84UR9eJ+Zr1sIWiSwOK4F79j4cQ1BMF5vqapstWCgplOdRTiqHuod1QIQmg\/J6tRsNIboAKSkSNxJ6v7yQ0qUII4ZBmS0h+1WyzgS0lh34BhzhRDoydAOqVRgZqwa84kT\/fKz+Gi2mi44RZQ\/pPJWplQ+CE\/k2dE7LS9ltC4lqJgatb98FLb\/sEXxOBCAnXroSOnmM2MuPRSnr9lyW6cWmcAvCbLTqgTVoD4kTP5w\/UybCOY09ddJqMi81tJSqt94lRwG2FqHniTIgUEv+LjMryXpPpSIrNWJZqh27DIJ3cylVAj2666SxNbw\/rB1eOlRnRmD\/dbd9dskjM9rMQYfiyBwBBVsiBMhxnzlJcgZQzUckeaqqyG1j9VhupvSMWgk5w\/9Sq4AaotrEvqqVdO9Mgl7Y+VekytiJlk7T740gCNXvkBrETtBMcs95aFn3VreSQk0f4GGwOexOBhrr3csFPiTmqJ\/2VgBYPh8pPotyXfBCW\/IiE9Yrm9KlJ4IF6ru9cUxZDoBVCv3TTqoAKS70pgPR4G0SIwEItEqntE4Umk1hEUKUuMbmFcIM8sYG7vKtjJCBIn0vOQTLWogsp9huKpliHA36smOFWVEV1yiVONd93gOva2VCNR5vl7juoCa1kTRuCeVRwoZrPMV9lhKGiQORZgMwcYE43NRjv\/qxpNZ2Pm8fkCWa7+wEHgR6mFJSMaJHj17c+vSZDTSPVnA88vlK6XFMzUlaZLCTR4oTOYj1kvthCxeH+RBB4dJWV5cpiDpV0DVqSHgFQjVlkjRODqSgYCr8XSi3JQaI+XAOVKrnOoSWpuIytdg02ZZomBxMwH9\/QgjIH6m6TG14F+uRvf08MGfMj4t5sdylcedSUtR4WIRi2eS+Qz5KgiySjdQmc+X2\/byNYyAIbyzGByBJV2ki9EJIO3yxSiONAGpIHPGtAzZivecyoyt5c2DTvWpmhAvpJUXKL74IQQCrtNZet5B0m1aEgpAOSwYOv+k2MUeii2XIDHUp\/rVmbzSPfXYOo3OIV8bXtWM2MY2EpEYGuAKjDQOejmrTLo47VrJWc5GDdLY08WZpeg32t8TN57EDKDzGQcQzjZMA2cwxHKVBZFpNHZXBPK9y7aJJ2cp3ONCiE792LCdB1X0UCZrEkcteutAKhVFpU2slSDiEO9NTqJfmOGob+3PaDJfbwWkkH8gcUvJcLQzCCJIiEVaAwmC6qd507EDL4IhajE43\/8YiC4OnRHj+CCxwEjRRLwUwwl5ei9VJ44KF4JItbc0WxfRL\/T3gpqk5J65NIYZExl+zqg6yyklV6ROm874RMbHhGYVa1FHkNCQtV2rtRLqMSzZ90q1GE6IyuCEvnwMoWgJNtH4ZK1W4YeyV0fQ8KAVBUCqWpHWODQ6Wr1JLjOhD\/o1jz4XyShWKSpHmSpTkuMogEXdJ5+kHDaEqtv4R\/WGgGR35jctNFftbJ767WE5MIV0uoHZ0sVVp4dcx96h1lYiKCIo5HIwY5EIsT3AQf2qesGLUdu1ITM+blmP2Xo\/GcCwpm5xOmhhlqalRxrrjB6edQuOwD7Y+tNqskpZ2cT0s2l6Q6fzjzHAMWUu0fw2vNuiYc0czeMEUl1dk3x2BOWUUY1YhqKxdj1MhPzTr0Mxlxm77LtexpFc4z4a9jGZRu1jRoHN0QSbI\/6OzZcHKkj4Za2UFMhDfj0EzM1QUk1w\/XZrZpWsvpsz9sgibp6FnC5piEy1TU1EzKiknDL6OEmmzJDYL2610utlK7sDBdyFiTKEYwvW6AyHMrbZ7dc5wzSGSWBraK1kO1gdXWFG3EEAW2wcPNIESfF0U2l6H+a41t8CODZ8H2xkj4HAggUxCEjxidaEJaFJDaPfns9Uv95M1ch2YXqFV4nY8uywNDgomVo2VyCoHq+GxSBo0LeLOknPGXVO0DshWoOmNG3VUseiCRDQCx9miVk4UOLHpXUT2fnjDvCSMV8qqBW7PZKxHFaoU61QejD6DYMfSlw5z7s94TqSMxGxKESPleMMUh6mVfl2mTwY\/\/ALDsILGsKPYVLIYhhPEKK9fhhDmrvUrBRdeIm38pKnAs3L3t06dnvjpqLF2oDL32V4f7gxAA7KCMNouYOHm+h9PXl3ZhbtzsAt387d378hAkrlqtvQb4NytNGJ6oAkXR8F\/\/dW+j0zJ7Ql7MBe3N176kQHSNIfGb5\/RD2MLRaN7nOTUZgOb4kgnQZZwZ40Hgih90HjItmZHyx18WGsMuxEtyTgmu\/mKO9Pb00kanNCaYFn246Cn7LbJlwM+Otvx6W78Y9dO3YNnjYTWq5j\/CaZHzd\/2j8yKmuG4m6hYEua10Dp\/NZkYhcL9ad00\/mSz6QdmfHv6D8liGDT7A+0fRtaXXsvgJGKyG\/z\/tIhxJhEAavJ14z\/92rf7qML6+Y4wxAUexu9ijoZY8eRwZJV53O5Nmc4ezqARoJSQVIwKtkaGJVbySqZk2LL7zjE5TJDg8E7qmEoTHoS4bvsOlDIo+fZO\/AqqyoDV85769IvSWgaX7cdkd6jQ97mkrKNBudKu0p4dFNLLbdVtktiIR6nvRzDpeU\/MMclW4m0CnXp50HiGkfCJ8xtNyWIIZMjZg9aDgWsc+Z7Z78H9iTHXYUH07yvj3u8OD+Levnv7c8a9iTkc9D5j0HPm9j9v0OvlPPg2xWkKbJFL749Awfilu9RJKhzgO0yKAZphosXVRr+oV6W5qJ7BIgx9v9Lu0mL7jsOJr0dfRJcUbfs2doZ9mo8MFIm0SCXv9U3bLKXcN7qx8mW492AckTn0ZvteGHYKIwMl5vKFRR97UP80X4A40y8nq9nK4DUWvtCFZb80BgFI7VqV60Bqxfhr8VhHyzyU\/ZJfbQ0x1fvIlLfWl3ezi+IdhQ54A8SY4aShWG9ObNu3OetBwQs2sZDvCUh\/EVYiHXOJHaEZ1xT5FV+gtkB\/P3stIi5YVUwhj27J+WXiAwR5sZRSI\/uGvP+TH2BmtVsOxnHYLpQs79f57ZAzCSjIQ7Uqy+vHQSQs2A7K9YHOukjtwcylIfGgcwujGe3x+Wkm8h9fEI3HVfpKnJhTmvKJ47UxQdZoNexean9Ngh1HJZo4iLEbrDp0ADXdJ3ECM1rUh3LT\/yoHczz5\/sl5UddsYQy6jc+blrNd8RXZFB9\/P9cyUy2j4kv5vklfhtl9R9iugKCwe63SsQbHmnys1QEAOMREtIePbLp8pIRdQ74v+g+i36M+45TvKmx\/andxc2Ji3JTn\/wc=\" \/> \t\t<a href=\"https:\/\/www.pdf24.org\" target=\"_blank\" title=\"www.pdf24.org\" rel=\"nofollow\"><img src=\"https:\/\/www.hohenlohe-ungefiltert.de\/wp-content\/plugins\/pdf24-post-to-pdf\/img\/pdf_32x32.png\" alt=\"\" border=\"0\" height=\"32\" \/><\/a> \t\t<span class=\"pdf24Plugin-cp-space\">&nbsp;&nbsp;<\/span> \t\t<span class=\"pdf24Plugin-cp-text\">Sende Artikel als PDF<\/span> \t\t<span class=\"pdf24Plugin-cp-space\">&nbsp;&nbsp;<\/span> \t\t<input class=\"pdf24Plugin-cp-input\" style=\"margin: 0px;\" type=\"text\" name=\"sendEmailTo\" placeholder=\"Emailadresse\" \/> \t\t<input class=\"pdf24Plugin-cp-submit\" style=\"margin: 0px;\" type=\"submit\" value=\"Senden\" \/> \t<\/form> <\/div>","protected":false},"excerpt":{"rendered":"<p>Fragen zu der Arbeit von LandespolitikerInnen in Zeiten von Corona hat Ralf Garmatter von der Redaktion Hohenlohe-ungefiltert auf der Plattform &#8222;abgeordnetenwatch.de&#8220; an die zw\u00f6lf LandtagskandidatInnen des Wahlkreises Schw\u00e4bisch Hall geschickt. Die Fragen waren f\u00fcr alle Kandidatinnen und Kandidaten gleich. Hohenlohe-ungefiltert ver\u00f6ffentlicht die Fragen und die Antworten in voller L\u00e4nge. Von der Redaktion Hohenlohe-ungefiltert Wer am [&hellip;]<\/p>\n","protected":false},"author":1,"featured_media":0,"comment_status":"open","ping_status":"open","sticky":false,"template":"","format":"standard","meta":[],"categories":[1],"tags":[],"_links":{"self":[{"href":"https:\/\/www.hohenlohe-ungefiltert.de\/index.php?rest_route=\/wp\/v2\/posts\/27803"}],"collection":[{"href":"https:\/\/www.hohenlohe-ungefiltert.de\/index.php?rest_route=\/wp\/v2\/posts"}],"about":[{"href":"https:\/\/www.hohenlohe-ungefiltert.de\/index.php?rest_route=\/wp\/v2\/types\/post"}],"author":[{"embeddable":true,"href":"https:\/\/www.hohenlohe-ungefiltert.de\/index.php?rest_route=\/wp\/v2\/users\/1"}],"replies":[{"embeddable":true,"href":"https:\/\/www.hohenlohe-ungefiltert.de\/index.php?rest_route=%2Fwp%2Fv2%2Fcomments&post=27803"}],"version-history":[{"count":23,"href":"https:\/\/www.hohenlohe-ungefiltert.de\/index.php?rest_route=\/wp\/v2\/posts\/27803\/revisions"}],"predecessor-version":[{"id":27867,"href":"https:\/\/www.hohenlohe-ungefiltert.de\/index.php?rest_route=\/wp\/v2\/posts\/27803\/revisions\/27867"}],"wp:attachment":[{"href":"https:\/\/www.hohenlohe-ungefiltert.de\/index.php?rest_route=%2Fwp%2Fv2%2Fmedia&parent=27803"}],"wp:term":[{"taxonomy":"category","embeddable":true,"href":"https:\/\/www.hohenlohe-ungefiltert.de\/index.php?rest_route=%2Fwp%2Fv2%2Fcategories&post=27803"},{"taxonomy":"post_tag","embeddable":true,"href":"https:\/\/www.hohenlohe-ungefiltert.de\/index.php?rest_route=%2Fwp%2Fv2%2Ftags&post=27803"}],"curies":[{"name":"wp","href":"https:\/\/api.w.org\/{rel}","templated":true}]}}