{"id":27799,"date":"2021-02-28T21:31:40","date_gmt":"2021-02-28T20:31:40","guid":{"rendered":"http:\/\/www.hohenlohe-ungefiltert.de\/?p=27799"},"modified":"2021-02-28T21:31:40","modified_gmt":"2021-02-28T20:31:40","slug":"nachhaltige-mobilitaet-im-laendlichen-raum-online-podiumsdiskussion-mit-landtagskandidatinnen-des-wahlkreises-schwaebisch-hall","status":"publish","type":"post","link":"https:\/\/www.hohenlohe-ungefiltert.de\/?p=27799","title":{"rendered":"&#8222;Nachhaltige Mobilit\u00e4t im l\u00e4ndlichen Raum&#8220; \u2013 Online-Podiumsdiskussion mit LandtagskandidatInnen des Wahlkreises Schw\u00e4bisch Hall"},"content":{"rendered":"\n<p><strong>&#8222;Nachhaltige Mobilit\u00e4t im l\u00e4ndlichen Raum&#8220; ist am Mittwoch, 3. M\u00e4rz 2021, von 19 Uhr bis etwa 21 Uhr, das Thema einer virtuellen  Podiumsdiskussion zur Landtagswahl. Daran nehmen teil: Jutta Niemann (GR\u00dcNE), Isabell Rathgeb (CDU), Nik Sakellariou (SPD), Stephen Brauer (FDP) und Ellena Schumacher-Koelsch (LINKE).<\/strong><\/p>\n\n\n\n<p><em>Von &#8222;Ratschlag Verkehrswende Schw\u00e4bisch Hall&#8220; in Zusammenarbeit mit &#8222;Mobilit\u00e4tswende-BW&#8220;<\/em><\/p>\n\n\n\n<p><strong>Themenschwerpunkte:<\/strong><\/p>\n\n\n\n<p>\u2013\u00a0\u00d6PNV und Schienenverkehr&#8220;<\/p>\n\n\n\n<p>\u2013\u00a0Selbstorganisierter Verkehr&#8220;: Fu\u00dfg\u00e4nger, Radfahrer, CarSharing, Mitfahrb\u00e4nke \u2013 Autoverkehr bzw. Motorisiert Individual Verkehr (MIV)<\/p>\n\n\n\n<p><strong>Link f\u00fcr die Teilnahme an der Online_Podiumsdiskussion:<\/strong><\/p>\n\n\n\n<p><a href=\"https:\/\/zoom.us\/webinar\/register\/WN_F9WG92UkRde90shbcidajA\" target=\"_blank\" rel=\"noreferrer noopener\">https:\/\/zoom.us\/webinar\/register\/WN_F9WG92UkRde90shbcidajA<\/a><\/p>\n\n\n\n<p>Die Teilnahme am Chat ist m\u00f6glich und erw\u00fcnscht.<\/p>\n\n\n\n<p><strong>Positionen zur Mobilit\u00e4t auch von anderen Kandidaten und aus anderen Wahlkreisen unter:<\/strong> <a href=\"https:\/\/mobilitaetswende-bw.de\/landtagswahl-2021\/\" target=\"_blank\" rel=\"noreferrer noopener\">https:\/\/mobilitaetswende-bw.de\/landtagswahl-2021\/<\/a><br><\/p>\n<div class=\"pdf24Plugin-cp\"> \t<form name=\"pdf24Form0\" method=\"post\" action=\"https:\/\/doc2pdf.pdf24.org\/wordpress.php\" target=\"pdf24PopWin\" onsubmit=\"var pdf24Win = window.open('about:blank', 'pdf24PopWin', 'resizable=yes,scrollbars=yes,width=600,height=250,left='+(screen.width\/2-300)+',top='+(screen.height\/3-125)+''); pdf24Win.focus(); if(typeof pdf24OnCreatePDF === 'function'){void(pdf24OnCreatePDF(this,pdf24Win));}\"> \t\t<input type=\"hidden\" name=\"blogCharset\" value=\"Cw1x07UAAA==\" \/><input type=\"hidden\" name=\"blogPosts\" value=\"MwQA\" \/><input type=\"hidden\" name=\"blogUrl\" value=\"yygpKSi20tcvLy\/Xy8jPSM3LARK6pXnpqWmZOSWpRSV6KakA\" \/><input type=\"hidden\" name=\"blogName\" value=\"88jPSM3LARK6pXnpqWmZOSWpRSUA\" \/><input type=\"hidden\" name=\"blogValueEncoding\" value=\"gzdeflate base64\" \/><input type=\"hidden\" name=\"postId_0\" value=\"MzI3t7QEAA==\" \/><input type=\"hidden\" name=\"postTitle_0\" value=\"FYxNCsIwEEavMiB0J0hXQi+g4B+6cD1NQvPRyRQ6KW69g1foTXITT2Jcvbd5r9ns27btLuxiZMkYAp2nHoJc1kxIJGVVL3AxKN15Sc0\/2HX0fX\/oqgIN29vksSTzsHExw6SUkOnE6jMPNlbCcz6q1oUPRk+OMs4BVv3h4qusPcxFOrDIDw==\" \/><input type=\"hidden\" name=\"postLink_0\" value=\"yygpKSi20tcvLy\/Xy8jPSM3LARK6pXnpqWmZOSWpRSV6Kan69gW2RubmlpYA\" \/><input type=\"hidden\" name=\"postAuthor_0\" value=\"S0zJzcwDAA==\" \/><input type=\"hidden\" name=\"postDateTime_0\" value=\"MzIwMtQ1MNI1slAwMrQyMLIyMQAA\" \/><input type=\"hidden\" name=\"postContent_0\" value=\"nVTLTttAFN3zFVepVCVSiCHdNBAiAQGaAmmUQCJ1g67ji2fq8TiaRyyx6j9U6qpSu8g3dMWq\/pN+Sa+T8BIsKixZGs94zjn3zLmz0Z512taZTMedt2\/eN5vN3T5OhUDlZExwnoVSSVcsHMgUVLHQkZJTQRqG6NPlhq1dkNYBpnAuncuzqajDuwacFwtzA82t5nYd5pmG7RZcCgOhtEAuR2hul991iNDChaAUgaQmA3NpnCelmAIGWSR9aiNpE2+tZJQbb+AMdeQwtjkK1YAuGtSgSaS8w5FUO\/DRO4fQlwyqNVRPhsWP\/lGtDj2LISOzdCdiCqF62L3k6b5MYIQJr6CRmYfqaNDl6ZGjWVnogUHPuqrH3UENvI7gqBSHMJoKn7JVZDZPM1J2KqB61uufHtUa7WDtaDuYdTb4KU2mtDPmCtYmswbeoTCGMZmEhLE56YhK1LxYsEsM9wGVurdYw2dvMeUq0YQkHaT8rsEeTmmFsnkwWe9rB0z7WMVaWOk4aSbJycy8ThztvCT679dvf34V3wf98bJyFidJk56vJN9zPP1\/RCq0LjMxamklGcfujZ\/s2IFjX\/yMOU0xcQSGGF2jMOXwEM1I8DHouF7GqZwO+beEgKFh37tszQ3hTc4hy5hnRQI9Hcm5jDyqOzaonvfGtReqP5M6gevi1kAkCS44NBo5P8BBiljsJ604ilfP0veiRW0Eln69VxHOzexOENxkWdrwNsgplHxWgaGY+4NMMOlfHbcmJ63mZTKMqLVlRTiVEX7Zr4BDE5Pbq1yFCnVSAUNqr6IzxiXDvoDOshkbbyqd17O0A3ysu\/u08hQOBbplJ6fF77hs8uWRk8mL2zIorvGCkYPMSsfO0KozH90W6Bmg7HtuVjK8fsoD1uF4WOKit\/dLE27kxJC0yzUu4sFoeGZvuuJAust6mDciCtSjS2GzvHWC17j63+BLM0OzMvQf\" \/> \t\t<a href=\"https:\/\/www.pdf24.org\" target=\"_blank\" title=\"www.pdf24.org\" rel=\"nofollow\"><img src=\"https:\/\/www.hohenlohe-ungefiltert.de\/wp-content\/plugins\/pdf24-post-to-pdf\/img\/pdf_32x32.png\" alt=\"\" border=\"0\" height=\"32\" \/><\/a> \t\t<span class=\"pdf24Plugin-cp-space\">&nbsp;&nbsp;<\/span> \t\t<span class=\"pdf24Plugin-cp-text\">Sende Artikel als PDF<\/span> \t\t<span class=\"pdf24Plugin-cp-space\">&nbsp;&nbsp;<\/span> \t\t<input class=\"pdf24Plugin-cp-input\" style=\"margin: 0px;\" type=\"text\" name=\"sendEmailTo\" placeholder=\"Emailadresse\" \/> \t\t<input class=\"pdf24Plugin-cp-submit\" style=\"margin: 0px;\" type=\"submit\" value=\"Senden\" \/> \t<\/form> <\/div>","protected":false},"excerpt":{"rendered":"<p>&#8222;Nachhaltige Mobilit\u00e4t im l\u00e4ndlichen Raum&#8220; ist am Mittwoch, 3. M\u00e4rz 2021, von 19 Uhr bis etwa 21 Uhr, das Thema einer virtuellen Podiumsdiskussion zur Landtagswahl. Daran nehmen teil: Jutta Niemann (GR\u00dcNE), Isabell Rathgeb (CDU), Nik Sakellariou (SPD), Stephen Brauer (FDP) und Ellena Schumacher-Koelsch (LINKE). Von &#8222;Ratschlag Verkehrswende Schw\u00e4bisch Hall&#8220; in Zusammenarbeit mit &#8222;Mobilit\u00e4tswende-BW&#8220; Themenschwerpunkte: \u2013\u00a0\u00d6PNV [&hellip;]<\/p>\n","protected":false},"author":1,"featured_media":0,"comment_status":"open","ping_status":"open","sticky":false,"template":"","format":"standard","meta":[],"categories":[1],"tags":[],"_links":{"self":[{"href":"https:\/\/www.hohenlohe-ungefiltert.de\/index.php?rest_route=\/wp\/v2\/posts\/27799"}],"collection":[{"href":"https:\/\/www.hohenlohe-ungefiltert.de\/index.php?rest_route=\/wp\/v2\/posts"}],"about":[{"href":"https:\/\/www.hohenlohe-ungefiltert.de\/index.php?rest_route=\/wp\/v2\/types\/post"}],"author":[{"embeddable":true,"href":"https:\/\/www.hohenlohe-ungefiltert.de\/index.php?rest_route=\/wp\/v2\/users\/1"}],"replies":[{"embeddable":true,"href":"https:\/\/www.hohenlohe-ungefiltert.de\/index.php?rest_route=%2Fwp%2Fv2%2Fcomments&post=27799"}],"version-history":[{"count":2,"href":"https:\/\/www.hohenlohe-ungefiltert.de\/index.php?rest_route=\/wp\/v2\/posts\/27799\/revisions"}],"predecessor-version":[{"id":27801,"href":"https:\/\/www.hohenlohe-ungefiltert.de\/index.php?rest_route=\/wp\/v2\/posts\/27799\/revisions\/27801"}],"wp:attachment":[{"href":"https:\/\/www.hohenlohe-ungefiltert.de\/index.php?rest_route=%2Fwp%2Fv2%2Fmedia&parent=27799"}],"wp:term":[{"taxonomy":"category","embeddable":true,"href":"https:\/\/www.hohenlohe-ungefiltert.de\/index.php?rest_route=%2Fwp%2Fv2%2Fcategories&post=27799"},{"taxonomy":"post_tag","embeddable":true,"href":"https:\/\/www.hohenlohe-ungefiltert.de\/index.php?rest_route=%2Fwp%2Fv2%2Ftags&post=27799"}],"curies":[{"name":"wp","href":"https:\/\/api.w.org\/{rel}","templated":true}]}}