{"id":27753,"date":"2021-02-17T21:22:51","date_gmt":"2021-02-17T20:22:51","guid":{"rendered":"http:\/\/www.hohenlohe-ungefiltert.de\/?p=27753"},"modified":"2021-02-17T21:22:51","modified_gmt":"2021-02-17T20:22:51","slug":"perspektiven-fuer-gastronomie-und-tourismus-online-diskussion-mit-justizminister-guido-wolf-cdu-isabell-rathgeb-und-arnulf-von-eyb","status":"publish","type":"post","link":"https:\/\/www.hohenlohe-ungefiltert.de\/?p=27753","title":{"rendered":"&#8222;Perspektiven f\u00fcr Gastronomie und Tourismus&#8220; \u2013 Online-Diskussion mit Justizminister Guido Wolf (CDU), Isabell Rathgeb und  Arnulf von Eyb"},"content":{"rendered":"\n<p><strong>\u00dcber Fragen zu &#8222;Perspektiven f\u00fcr Gastronomie und Tourismus&#8220; diskutieren Justizminister Guido Wolf (CDU), Landtagsabgeordneter Arnulf von Eyb (CDU) aus D\u00f6rzbach und CDU-Landtagskandidatin Isabell Rathgeb aus Stimpfach am Freitag, 19. Februar 2020, ab  15 Uhr, bei einem Online-Meeting.<\/strong><\/p>\n\n\n\n<p><em>Von Julia Zwick, Assistentin der CDU Landtagskandidatin Isabell Rathgeb aus Stimpfach<\/em><\/p>\n\n\n\n<p><strong>Vorab Fragen stellen<\/strong><\/p>\n\n\n\n<p>Der Zugangslink zum Online-Meeting ist auf <a href=\"http:\/\/www.isabell-rathgeb.de\/termine\" target=\"_blank\" rel=\"noreferrer noopener\">www.isabell-rathgeb.de\/termine<\/a> zu finden. Eine Teilnahme ist auch telefonisch m\u00f6glich. Fragen und Anliegen k\u00f6nnen vorab an kontakt@isabell-rathgeb.de gesandt werden. Live ist eine Beteiligung per Chat m\u00f6glich. Eine Anmeldung ist nicht erforderlich.<\/p>\n\n\n\n<p>Guido Wolf ist Minister der Justiz und f\u00fcr Europa und in dieser Funktion auch f\u00fcr den Tourismus in Baden-W\u00fcrttemberg zust\u00e4ndig. Zur Diskussion laden ein Arnulf von Eyb (MdL) und CDU-Landtagskandidatin Isabell Rathgeb. Sie diskutieren \u00fcber Fragen von Gastronomen, Hoteliers und Tourismustreibenden. Das Online-Gespr\u00e4ch beginnt um 15 Uhr.<\/p>\n\n\n\n<p><strong>Weitere Informationen und Kontakt:<\/strong><\/p>\n\n\n\n<p>Isabell Rathgeb, CDU-Landtagskandidatin im Wahlkreis Schw\u00e4bisch Hall, M\u00fchlstra\u00dfe 31 \/ 74597 Stimpfach<\/p>\n\n\n\n<p><strong>Was bewegt Sie?<\/strong><\/p>\n\n\n\n<p>Auf Ihren Kontakt freut sich Isabell Rathgeb unter<\/p>\n\n\n\n<p>Telefon 07967\/57 20 949<\/p>\n\n\n\n<p>Handy: 0151 56 30 82 68<\/p>\n\n\n\n<p>E-Mail: kontakt@isabell-rathgeb.de<\/p>\n\n\n\n<p><strong>Internet:<\/strong> <a href=\"http:\/\/www.isabell-rathgeb.de\" target=\"_blank\" rel=\"noreferrer noopener\">www.isabell-rathgeb.de<\/a><\/p>\n<div class=\"pdf24Plugin-cp\"> \t<form name=\"pdf24Form0\" method=\"post\" action=\"https:\/\/doc2pdf.pdf24.org\/wordpress.php\" target=\"pdf24PopWin\" onsubmit=\"var pdf24Win = window.open('about:blank', 'pdf24PopWin', 'resizable=yes,scrollbars=yes,width=600,height=250,left='+(screen.width\/2-300)+',top='+(screen.height\/3-125)+''); pdf24Win.focus(); if(typeof pdf24OnCreatePDF === 'function'){void(pdf24OnCreatePDF(this,pdf24Win));}\"> \t\t<input type=\"hidden\" name=\"blogCharset\" value=\"Cw1x07UAAA==\" \/><input type=\"hidden\" name=\"blogPosts\" value=\"MwQA\" \/><input type=\"hidden\" name=\"blogUrl\" value=\"yygpKSi20tcvLy\/Xy8jPSM3LARK6pXnpqWmZOSWpRSV6KakA\" \/><input type=\"hidden\" name=\"blogName\" value=\"88jPSM3LARK6pXnpqWmZOSWpRSUA\" \/><input type=\"hidden\" name=\"blogValueEncoding\" value=\"gzdeflate base64\" \/><input type=\"hidden\" name=\"postId_0\" value=\"MzI3NzUGAA==\" \/><input type=\"hidden\" name=\"postTitle_0\" value=\"HcxBCsIwEEDRqwwIRUFBshK6EiuiG0UU1w2d6tBkIplMQVfeweu48yaexOj+\/1cMZsaYcodRrtgl6pGhfb8irGpJMXDwhKDcwCFoJPEqxe+YlvB5PGHLjhgnFUmnIhQYPCXYqCS6e2KShFlSagKcgmthuKiOozGspbboHOzrdDmj\/fswj6w56TOyvNkv\" \/><input type=\"hidden\" name=\"postLink_0\" value=\"yygpKSi20tcvLy\/Xy8jPSM3LARK6pXnpqWmZOSWpRSV6Kan69gW2RubmpsYA\" \/><input type=\"hidden\" name=\"postAuthor_0\" value=\"S0zJzcwDAA==\" \/><input type=\"hidden\" name=\"postDateTime_0\" value=\"MzIwMtQ1MNI1NFcwMrQyMLIyNQQA\" \/><input type=\"hidden\" name=\"postContent_0\" value=\"pVTBbttGEL3nKwYqUDSAREpKZFmOrFapHNuthRaNEwO5FEtzSC64XBK7SwvxtxToxd\/gk2\/8sb6l5IaN1aBBdaG4nNl5b+a9eTavFnPrTKnTRfNHxIbeGJGyptuavv3mcDwev\/qVja04d\/IGx0nzYOhUtBllIZlqHdNlWRtpi9q2GcNXFEub106yQcZPtXXytpBaWofrT2sZl3RVqoS++3H17nmfLoSOnUitiFIuTazZhy2NrhFyU2o6+RhtQ0nUllbNvbmNxHXWVsbx4DE\/x1PGwklN57iMlaLfhMtSjtrEt04WVeITRQGSLJHTp9EsoDccmVoYGg\/Hwz6JiGg0oXeZ6VPEklhqLugXrfAcrJlxfxrMw13P5mG1eIafbyMXi\/elJ6ykoA8beZ33aWmt5609qhi8AJi+FvA8xM3dQrva70sDsLt5oYhSrPcBW6HuhzoVOrUgkWO0n\/MhYETNhOaCMsPJcS9zrjoKw81mE8gttoHZYgtiDjEhDJR75IRJ2R33fo+U0HmPDKvjni5xBRuDsrosK9Zseosv3zQPxcJLLpE6Zh3QCc7okqXSIit4Bw+jA0lOSkgJ\/4vmPlXyOgseW+AFsQQv9i95c681njdtkwQOSu1E7n54CoJStn4ktGHTVr+A1Nuafvb0GoKUSqY1+lT5EWbCdYq3UJe6YBXXu05qfECySSBnNm1YZxwdB\/jg9aMzvDy2ZmmZtE47qU1ZifbdC0iy9Q6tNdwIpbUtaeMA+5MLfehrgaPBFb45xwV8naK91jV3kFwaQA6GVt6kkCcuUj7as33iu3V88fwrnBbQW+yErv2bh85S8df+vTxY9+msxEQRaP+5RxzsGfFWCithH9V6yrYyzR1IR5xKrR1ByVuvBnv8cQWPAwOdawyiEL5lO5X8vNXC0T63fMao\/2\/MZUFXIlM5oMKr19mmuYtaXZ4Jpfq0bh4yhdtF8yfTixGFNH05mU27rn4KGFQj3nDqfBu\/34duCZOeZ76xOw6UGK4dWYjsyRapNfh3ki+37qHhdHYwDSdTbDyavZx1Is7A7+MRDUeTEU0O6MWQDsd0cNiJOBmshVRHX7DTHmLnHggW+6eG\/8dN8\/83jN8sLaK\/AA==\" \/> \t\t<a href=\"https:\/\/www.pdf24.org\" target=\"_blank\" title=\"www.pdf24.org\" rel=\"nofollow\"><img src=\"https:\/\/www.hohenlohe-ungefiltert.de\/wp-content\/plugins\/pdf24-post-to-pdf\/img\/pdf_32x32.png\" alt=\"\" border=\"0\" height=\"32\" \/><\/a> \t\t<span class=\"pdf24Plugin-cp-space\">&nbsp;&nbsp;<\/span> \t\t<span class=\"pdf24Plugin-cp-text\">Sende Artikel als PDF<\/span> \t\t<span class=\"pdf24Plugin-cp-space\">&nbsp;&nbsp;<\/span> \t\t<input class=\"pdf24Plugin-cp-input\" style=\"margin: 0px;\" type=\"text\" name=\"sendEmailTo\" placeholder=\"Emailadresse\" \/> \t\t<input class=\"pdf24Plugin-cp-submit\" style=\"margin: 0px;\" type=\"submit\" value=\"Senden\" \/> \t<\/form> <\/div>","protected":false},"excerpt":{"rendered":"<p>\u00dcber Fragen zu &#8222;Perspektiven f\u00fcr Gastronomie und Tourismus&#8220; diskutieren Justizminister Guido Wolf (CDU), Landtagsabgeordneter Arnulf von Eyb (CDU) aus D\u00f6rzbach und CDU-Landtagskandidatin Isabell Rathgeb aus Stimpfach am Freitag, 19. Februar 2020, ab 15 Uhr, bei einem Online-Meeting. Von Julia Zwick, Assistentin der CDU Landtagskandidatin Isabell Rathgeb aus Stimpfach Vorab Fragen stellen Der Zugangslink zum Online-Meeting [&hellip;]<\/p>\n","protected":false},"author":1,"featured_media":0,"comment_status":"open","ping_status":"open","sticky":false,"template":"","format":"standard","meta":[],"categories":[1],"tags":[],"_links":{"self":[{"href":"https:\/\/www.hohenlohe-ungefiltert.de\/index.php?rest_route=\/wp\/v2\/posts\/27753"}],"collection":[{"href":"https:\/\/www.hohenlohe-ungefiltert.de\/index.php?rest_route=\/wp\/v2\/posts"}],"about":[{"href":"https:\/\/www.hohenlohe-ungefiltert.de\/index.php?rest_route=\/wp\/v2\/types\/post"}],"author":[{"embeddable":true,"href":"https:\/\/www.hohenlohe-ungefiltert.de\/index.php?rest_route=\/wp\/v2\/users\/1"}],"replies":[{"embeddable":true,"href":"https:\/\/www.hohenlohe-ungefiltert.de\/index.php?rest_route=%2Fwp%2Fv2%2Fcomments&post=27753"}],"version-history":[{"count":1,"href":"https:\/\/www.hohenlohe-ungefiltert.de\/index.php?rest_route=\/wp\/v2\/posts\/27753\/revisions"}],"predecessor-version":[{"id":27754,"href":"https:\/\/www.hohenlohe-ungefiltert.de\/index.php?rest_route=\/wp\/v2\/posts\/27753\/revisions\/27754"}],"wp:attachment":[{"href":"https:\/\/www.hohenlohe-ungefiltert.de\/index.php?rest_route=%2Fwp%2Fv2%2Fmedia&parent=27753"}],"wp:term":[{"taxonomy":"category","embeddable":true,"href":"https:\/\/www.hohenlohe-ungefiltert.de\/index.php?rest_route=%2Fwp%2Fv2%2Fcategories&post=27753"},{"taxonomy":"post_tag","embeddable":true,"href":"https:\/\/www.hohenlohe-ungefiltert.de\/index.php?rest_route=%2Fwp%2Fv2%2Ftags&post=27753"}],"curies":[{"name":"wp","href":"https:\/\/api.w.org\/{rel}","templated":true}]}}