{"id":27728,"date":"2021-02-14T19:21:20","date_gmt":"2021-02-14T18:21:20","guid":{"rendered":"http:\/\/www.hohenlohe-ungefiltert.de\/?p=27728"},"modified":"2021-02-17T21:28:56","modified_gmt":"2021-02-17T20:28:56","slug":"viele-aktivitaeten-rund-um-den-prozess-von-alassa-mfouapon-gegen-das-land-baden-wuerttemberg","status":"publish","type":"post","link":"https:\/\/www.hohenlohe-ungefiltert.de\/?p=27728","title":{"rendered":"&#8222;Rechtsbr\u00fcche beim Polizeieinsatz in der Landeserstaufnahmestelle (LEA) Ellwangen&#8220; \u2013\u00a0Viele Aktivit\u00e4ten rund um den Prozess von Alassa Mfouapon gegen das Land Baden-W\u00fcrttemberg"},"content":{"rendered":"\n<p><strong>Die Klage Alassa Mfouapons gegen das Land Baden-W\u00fcrttemberg wird Donnerstag, 18. Februar 2021, ab 10 Uhr, im Verwaltungsgericht Stuttgart verhandelt. Sein Vorwurf: Rechtsbr\u00fcche beim Polizeieinsatz in der LEA Ellwangen im Mai 2018 sowie bei seiner Abschiebung im Juni desselben Jahres.<\/strong><\/p>\n\n\n\n<p><em>Von Adelheid Gruber, Sprecherin in der Regionalgruppe Baden-W\u00fcrttemberg des &#8222;Freundeskreis Fl\u00fcchtlingssolidarit\u00e4t in Solidarit\u00e4t International&#8220;<\/em><\/p>\n\n\n\n<p><strong>Bundesweite Aktionen<\/strong><\/p>\n\n\n\n<p>Vom &#8222;Freundeskreis Fl\u00fcchtlingssolidarit\u00e4t in Solidarit\u00e4t International&#8220; gibt es ab Montag, 15. Februar 2021, bundesweit verschiedene Aktionen, die auf der neu an den Start gegangenen Homepage <a rel=\"noreferrer noopener\" href=\"http:\/\/www.freunde-fluechtlingssolidaritaet.org\" target=\"_blank\">www.freunde-fluechtlingssolidaritaet.org<\/a> im Einzelnen angek\u00fcndigt werden.<\/p>\n\n\n\n<p><strong>Kundgebung und Demonstration<\/strong><\/p>\n\n\n\n<p>Am Tag der Gerichtsverhandlung (Donnerstag, 18. Februar 2021) gibt es eine Kundgebung und Demonstration, Beginn ab 8.45 Uhr, Verwaltungsgericht Stutttgart, Augustenstra\u00dfe 5. <\/p>\n\n\n\n<p><strong>&#8222;Tribunal 2.0&#8220; als Live-Stream<\/strong><\/p>\n\n\n\n<p>Zwei Tage danach veranstaltet der Freundeskreis ein <strong>&#8222;Tribunal 2.0&#8220; als Live-Stream<\/strong> \u2013 mit zahlreichen pers\u00f6nlichen Zeugenaussagen zu den Auswirkungen der Fl\u00fcchtlingspolitik der EU. Einwahl am Samstag, 20. Februar 2021, um 17 Uhr (mehrsprachig):<\/p>\n\n\n\n<p><strong>Deutsche Version:<\/strong> <a href=\"https:\/\/youtu.be\/ThCYjeYer1I\" target=\"_blank\" rel=\"noreferrer noopener\">https:\/\/youtu.be\/ThCYjeYer1I<\/a><\/p>\n\n\n\n<p><strong>Englisch:<\/strong> <a href=\"https:\/\/youtu.be\/UEHd2g1_FEs\" target=\"_blank\" rel=\"noreferrer noopener\">https:\/\/youtu.be\/UEHd2g1_FEs<\/a><\/p>\n\n\n\n<p><strong>Franz\u00f6sisch:<\/strong> <a href=\"https:\/\/youtu.be\/r4ttzS1lXSo\" target=\"_blank\" rel=\"noreferrer noopener\">https:\/\/youtu.be\/r4ttzS1lXSo<\/a><\/p>\n\n\n\n<p><strong>Videofilm in drei Sprachen<\/strong><\/p>\n\n\n\n<p><strong>Auch mit einem Videofilm in drei Sprachen werden die Klage und die Ereignisse, die dazu gef\u00fchrt haben, vorgestellt:<\/strong><\/p>\n\n\n\n<p><a href=\"https:\/\/www.youtube.com\/watch?v=FHhokC7-aC4&amp;t=180s&amp;pbjreload=101\" target=\"_blank\" rel=\"noreferrer noopener\">https:\/\/www.youtube.com\/watch?v=FHhokC7-aC4&amp;t=180s&amp;pbjreload=101 <\/a>(deutsche Version)<\/p>\n\n\n\n<p><a href=\"https:\/\/www.youtube.com\/watch?v=CdZfS-BNFJc\" target=\"_blank\" rel=\"noreferrer noopener\">https:\/\/www.youtube.com\/watch?v=CdZfS-BNFJc<\/a> (englische Version)<\/p>\n\n\n\n<p><a href=\"https:\/\/youtu.be\/qNMcp9Hv_xM\" target=\"_blank\" rel=\"noreferrer noopener\">https:\/\/youtu.be\/qNMcp9Hv_xM<\/a> (franz\u00f6sische Version)<\/p>\n\n\n\n<p><strong>Kontakt:<\/strong><\/p>\n\n\n\n<p>F\u00fcr Vertreter der Presse besteht die M\u00f6glichkeit zu Interviews mit Alassa Mfouapon oder seinem Anwalt oder Vertretern des Freundeskreises \u2013  Kontakt \u00fcber E-Mail freundeskreisfluechtlingssolidaritaet@gmx.de oder si-freundeskreis-sued@gmx.de oder direkt am Prozesstag, ab 9 Uhr, vor dem Gerichtsgeb\u00e4ude.<\/p>\n\n\n\n<p><strong>Kontakt zum Freundeskreis Fl\u00fcchtlingssolidarit\u00e4t<\/strong><\/p>\n\n\n\n<p>change.org\/alassa und change.org\/evakuierung<\/p>\n\n\n\n<p><strong>Spendenkonto:<\/strong><\/p>\n\n\n\n<p>\u201eSolidarit\u00e4t International e.V.\u201c, IBAN: DE86 5019 0000 6100 8005 84, Stichwort: \u201eFl\u00fcchtllingssolidarit\u00e4t&#8220;<\/p>\n\n\n\n<p><strong>Weitere Informationen zum Gerichtsprozess in Stuttgart:<\/strong><\/p>\n\n\n\n<p><a rel=\"noreferrer noopener\" href=\"https:\/\/solidaritaet-international.de\/verhandlung-der-klage-von-alassa-mfouapon\/\" target=\"_blank\">https:\/\/solidaritaet-international.de\/verhandlung-der-klage-von-alassa-mfouapon\/<\/a><\/p>\n\n\n\n<p><strong>Gesellschaft f\u00fcr Freiheitsrechte (GFF) unterst\u00fctzt Klage gegen rechtswidrige Zimmerdurchsuchungen in Gefl\u00fcchtetenunterk\u00fcnften:<\/strong><\/p>\n\n\n\n<p><a href=\"https:\/\/freiheitsrechte.org\/lea-ellwangen\/\" target=\"_blank\" rel=\"noreferrer noopener\">https:\/\/freiheitsrechte.org\/lea-ellwangen\/<\/a><\/p>\n\n\n\n<p><strong>Stellungnahme des Rechtsanwalts Roland Meister:<\/strong><\/p>\n\n\n\n<p><a rel=\"noreferrer noopener\" href=\"https:\/\/freiheitsrechte.org\/home\/wp-content\/uploads\/2021\/02\/VG-Stuttgart-erga%CC%88nzende-Stellungnahme-komprimiert.pdf\" target=\"_blank\">https:\/\/freiheitsrechte.org\/home\/wp-content\/uploads\/2021\/02\/VG-Stuttgart-erga%CC%88nzende-Stellungnahme-komprimiert.pdf<\/a><\/p>\n<div class=\"pdf24Plugin-cp\"> \t<form name=\"pdf24Form0\" method=\"post\" action=\"https:\/\/doc2pdf.pdf24.org\/wordpress.php\" target=\"pdf24PopWin\" onsubmit=\"var pdf24Win = window.open('about:blank', 'pdf24PopWin', 'resizable=yes,scrollbars=yes,width=600,height=250,left='+(screen.width\/2-300)+',top='+(screen.height\/3-125)+''); pdf24Win.focus(); if(typeof pdf24OnCreatePDF === 'function'){void(pdf24OnCreatePDF(this,pdf24Win));}\"> \t\t<input type=\"hidden\" name=\"blogCharset\" value=\"Cw1x07UAAA==\" \/><input type=\"hidden\" name=\"blogPosts\" value=\"MwQA\" \/><input type=\"hidden\" name=\"blogUrl\" value=\"yygpKSi20tcvLy\/Xy8jPSM3LARK6pXnpqWmZOSWpRSV6KakA\" \/><input type=\"hidden\" name=\"blogName\" value=\"88jPSM3LARK6pXnpqWmZOSWpRSUA\" \/><input type=\"hidden\" name=\"blogValueEncoding\" value=\"gzdeflate base64\" \/><input type=\"hidden\" name=\"postId_0\" value=\"MzI3N7IAAA==\" \/><input type=\"hidden\" name=\"postTitle_0\" value=\"Hc0xCsJQEATQqywIooUgqQSrCHYKYqH1xkySjz8b+btRSOUdvICFx0hlbuJJ\/FoOzLwZjxZJkiz3OFWmWRj6UwXK4GraNd51cHCibB05oRyBNiw5FEGN20K4qqEG70GTzTqd0tr7G0sJGf\/c+ZI+98f7eXCIjfRs7upseBmEQis5tXU0hXah6aBK10Yo9azKtC2ali8xl4gY5az\/Z1pxHMyOQx\/MUGcI5Rc=\" \/><input type=\"hidden\" name=\"postLink_0\" value=\"yygpKSi20tcvLy\/Xy8jPSM3LARK6pXnpqWmZOSWpRSV6Kan69gW2RubmRhYA\" \/><input type=\"hidden\" name=\"postAuthor_0\" value=\"S0zJzcwDAA==\" \/><input type=\"hidden\" name=\"postDateTime_0\" value=\"MzIwMtQ1MNI1NFEwtLQyMLIyMgAA\" \/><input type=\"hidden\" name=\"postContent_0\" value=\"vVfNbttGEL73KQYuEtiASEqCnSiO7Va2JTs\/DoIocRpfgqU4JDcid9ndpZTqlHfotUgveYacfNOb5Ek6u5QV2aZSI06rg2ESy5lvZr5vZvannWJvRxslRbJ3yBGeZCxB6GZMawYnsSxZIYWGBBMUEDENT5mIYJ9FKLzXs3NlDOYhqgQmXEVwKIVApQ1LGtDq+NDHUJVMQbvZbjWAhdBqwqtUNYDncIpqwjJTikQnqPgwNTAwpTEJUwbGqFJyhJnxYYBcwKlUk1LF2\/AC6aQO1ex8mCKESJaey4xPkdMxzcwU6HSECp72utDLsgkTFjodO2GcgLQ6oOWEu09B0zd0tBvqYcoxJCz24ONScDKhNWYhffqYpQq1vxPM07QTFHs\/0c9mDvO9UymgS0hT5BEcqZKy0YBBoQgnhSUu4LzAhEvBskSVRYF1GSSPcPfnTrvdfthXWFL0eqSQa+hnNliTcUqVplgjpriZfTLW9GD5+ZEwqAQzzpEz1Xy4ExDGZcjzKPadgwlyQ+Ue2U9Q1IV4KvP\/ABUkPDRAARMnTqSoCLN1lTDhAqMlhKsRZe0r3gZEVEhWxi7DAktgNtnk31gSEWld8enFscyxsMzeYaAw210TUmGMStnvpCzokFoDqnO8u5YaU2wHwWQy8eMqYi\/OSrwWK0PjS5WsATlL0OyuvQ0zJkZrezf9cidge5ZvPS6mmFmYFu5odi4inhiYoKJY\/JraPSHTSUVX+g8OMSeNGuVSXFfDbg4vWeKSdFRJTc8Fllkb69+S7caiVFYr8C3XDdgnkgthi9rxN7cqqa\/SuRN6A7plUmqDzsjsbwQiQU3Ecwa+VJxcswzafvOCSSyjpsTH6A2MQpbXxX9GFLIZQOpggg1TyyZGHgkWGpeWy9S2DecWnuHLhz8hJ9JOWZqRQWoEAgpK8OyzyKqnMyyJmKykLmu707R0tO2WmtroqHQdy8Fa0lhB7DF85N73XvmWNROyDyyHAcur4rWbVyVU5tC6bwsB6zmmSheK4ufJxnZNkg+xNNp2VSqZpnpuf42IZPNVHJrU8YcsTemHGLxMD968wzeoWo+uKWG11Pa+ZcfqogZeTyQZJ3w3gvWqdxy1k9bbfk\/fCtaSnRWw+kSl6eyzvjE0tWnMdNDKfhvIW0FbsrMC2imPUMY8y90QIibaucQsAWuH2fxVtySFWPpawdOcXmlk3qFcE672BtsS7FOPjiWC0wStWnTEiOEJxrPzlPpyykLbu8fUApGkn2VmuxbP1QzavuqiD9EfyjyYMDNMfxnv9o9TOTq477GDzbssLx6a3Vanqd2\/RfiOMipZtNtqtr4n27f1CbY069EVZW18T5gH0Vk88Paf9R8Pf2QkS2bdQFrHuc5uhnZBx9+fnQyLB8fjt+9PbkXrJTsVnnhJYPWYLsaiXSRG9WTq06Zlv6VOTduIa6LPlV3xaA8kDtJQsjw9mX1ObIce2ZWDKOtWlzHHiXaCuLIWg7RmdCWTrrBTrnq18CPcUndpuNCzHQ8wBwuz89A2dI+20wzi5ZOrVodfk\/y9H+HcO\/cufeTpEqNLJyKukPzQmHiu5JRCdpOCRvSDaj6TDAllvtgMaLrPPpUR+qszTKnJ4WbbYF0thqndc+wGFLAqo7ZvLL3FMRuVHBUNwhoQA2IOtZ0RYZG1tf7y4ePqBRTQP\/W\/fPirAY\/2u8+24bDXuQdbzdYDaNIP7rXoT6fZ3ILOJq3xhlIykcpsU9E+XsR4LcjFqn0N62u7XyskCLFUOavWVpe+i3QXVVHc1nxx\/VnVDm+yuVotLbPF48vREyuCpdXPI4J4I9u6vbEUXlUNL5\/zO7i+2v5oDysG1xHS3SsjvbPYQGylS2zjdMMy2t6r6MqyftTvbxBvjN1bZ+dmauYjqLqpulO0TEWK07sznuc0qko1TDUNt2q\/ooQfYVyVlLQqnC27fMf0cLOBFF8G5bibIfPw4toZfE8n\/HerK7I2sLOUghMszdF1nuqyzFxroieZ2cv7CemVQr0tyepgpnTNCiaFNyRtojBBWdg5qAO7iwbNdnB65C1I7tGdl905OLjT6dD1x96VLuH3RjIvFM+pDRi\/iOLVXPyfgSyS\/w8=\" \/> \t\t<a href=\"https:\/\/www.pdf24.org\" target=\"_blank\" title=\"www.pdf24.org\" rel=\"nofollow\"><img src=\"https:\/\/www.hohenlohe-ungefiltert.de\/wp-content\/plugins\/pdf24-post-to-pdf\/img\/pdf_32x32.png\" alt=\"\" border=\"0\" height=\"32\" \/><\/a> \t\t<span class=\"pdf24Plugin-cp-space\">&nbsp;&nbsp;<\/span> \t\t<span class=\"pdf24Plugin-cp-text\">Sende Artikel als PDF<\/span> \t\t<span class=\"pdf24Plugin-cp-space\">&nbsp;&nbsp;<\/span> \t\t<input class=\"pdf24Plugin-cp-input\" style=\"margin: 0px;\" type=\"text\" name=\"sendEmailTo\" placeholder=\"Emailadresse\" \/> \t\t<input class=\"pdf24Plugin-cp-submit\" style=\"margin: 0px;\" type=\"submit\" value=\"Senden\" \/> \t<\/form> <\/div>","protected":false},"excerpt":{"rendered":"<p>Die Klage Alassa Mfouapons gegen das Land Baden-W\u00fcrttemberg wird Donnerstag, 18. Februar 2021, ab 10 Uhr, im Verwaltungsgericht Stuttgart verhandelt. Sein Vorwurf: Rechtsbr\u00fcche beim Polizeieinsatz in der LEA Ellwangen im Mai 2018 sowie bei seiner Abschiebung im Juni desselben Jahres. Von Adelheid Gruber, Sprecherin in der Regionalgruppe Baden-W\u00fcrttemberg des &#8222;Freundeskreis Fl\u00fcchtlingssolidarit\u00e4t in Solidarit\u00e4t International&#8220; Bundesweite [&hellip;]<\/p>\n","protected":false},"author":1,"featured_media":0,"comment_status":"open","ping_status":"open","sticky":false,"template":"","format":"standard","meta":[],"categories":[1],"tags":[],"_links":{"self":[{"href":"https:\/\/www.hohenlohe-ungefiltert.de\/index.php?rest_route=\/wp\/v2\/posts\/27728"}],"collection":[{"href":"https:\/\/www.hohenlohe-ungefiltert.de\/index.php?rest_route=\/wp\/v2\/posts"}],"about":[{"href":"https:\/\/www.hohenlohe-ungefiltert.de\/index.php?rest_route=\/wp\/v2\/types\/post"}],"author":[{"embeddable":true,"href":"https:\/\/www.hohenlohe-ungefiltert.de\/index.php?rest_route=\/wp\/v2\/users\/1"}],"replies":[{"embeddable":true,"href":"https:\/\/www.hohenlohe-ungefiltert.de\/index.php?rest_route=%2Fwp%2Fv2%2Fcomments&post=27728"}],"version-history":[{"count":11,"href":"https:\/\/www.hohenlohe-ungefiltert.de\/index.php?rest_route=\/wp\/v2\/posts\/27728\/revisions"}],"predecessor-version":[{"id":27756,"href":"https:\/\/www.hohenlohe-ungefiltert.de\/index.php?rest_route=\/wp\/v2\/posts\/27728\/revisions\/27756"}],"wp:attachment":[{"href":"https:\/\/www.hohenlohe-ungefiltert.de\/index.php?rest_route=%2Fwp%2Fv2%2Fmedia&parent=27728"}],"wp:term":[{"taxonomy":"category","embeddable":true,"href":"https:\/\/www.hohenlohe-ungefiltert.de\/index.php?rest_route=%2Fwp%2Fv2%2Fcategories&post=27728"},{"taxonomy":"post_tag","embeddable":true,"href":"https:\/\/www.hohenlohe-ungefiltert.de\/index.php?rest_route=%2Fwp%2Fv2%2Ftags&post=27728"}],"curies":[{"name":"wp","href":"https:\/\/api.w.org\/{rel}","templated":true}]}}