{"id":27694,"date":"2021-02-03T21:08:46","date_gmt":"2021-02-03T20:08:46","guid":{"rendered":"http:\/\/www.hohenlohe-ungefiltert.de\/?p=27694"},"modified":"2021-02-03T21:11:54","modified_gmt":"2021-02-03T20:11:54","slug":"prozess-von-alassa-m-gegen-das-land-baden-wuerttemberg","status":"publish","type":"post","link":"https:\/\/www.hohenlohe-ungefiltert.de\/?p=27694","title":{"rendered":"&#8222;Wegen brutalem Polizeieinsatz in der Landeserstaufnahmestelle (LEA) Ellwangen&#8220; \u2013\u00a0 Prozess von Alassa M. gegen das Land Baden-W\u00fcrttemberg"},"content":{"rendered":"\n<p><strong>Nach zweieinhalb Jahren Schweigen wird am Donnerstag, 18. Februar 2021, um 10 Uhr die Klage von Alassa Mfouapon gegen das Land Baden-W\u00fcrttemberg vor dem Verwaltungsgericht in Stuttgart \u00f6ffentlich verhandelt. Prozessbeginn ist am Donnerstag, 18. Februar 2021, um 10 Uhr im Verwaltungsgericht Stuttgart, Augustenstr. 5, 1. Obergeschoss, Saal 5.<\/strong><\/p>\n\n\n\n<p><em>Von Adelheid Gruber, Freundeskreis Alassa and Friends<\/em><\/p>\n\n\n\n<p><strong>Worum geht es?<\/strong><\/p>\n\n\n\n<p>Bei einem Polizeieinsatz im Mai 2018 in der LEA (Landeserstaufnahmestelle) Ellwangen wurde die Abschiebung eines Fl\u00fcchtlings aus Togo durchgesetzt. Aus der Klageschrift: \u201cEingesetzt waren 500 \u2013 600 Polizeibeamte, darunter Sondereinheiten und Polizeihunde, die in den R\u00e4umlichkeiten der LEA Ellwangen ohne Rechtsgrundlage (ein richterlicher Durchsuchungs- oder Beschlagnahmebeschluss lag nicht vor) oder Genehmigung der betroffenen Personen die R\u00e4umlichkeiten und s\u00e4mtliche dort anwesenden Personen durchsuchten, dabei allein 40 nicht verschlossene T\u00fcren stark besch\u00e4digten und elf Fl\u00fcchtlinge zum Teil erheblich verletzten. Von diesem Vorgehen war auch der Kl\u00e4ger selbst unmittelbar betroffen.\u201d<\/p>\n\n\n\n<p><strong>Spontane friedliche Solidarit\u00e4tsaktion<\/strong><\/p>\n\n\n\n<p>Vorausgegangen war dem einige N\u00e4chte zuvor eine spontane friedliche Solidarit\u00e4tsaktion der anderen Bewohner gegen die Abschiebung ihres togolesischen Mitbewohners. Berichte \u00fcber Verletzungen von Polizisten dabei erwiesen sich hinterher als Fehlinformation. Dennoch diffamierte Baden-W\u00fcrttembergs CDU-Innenminister Strobl diese Fl\u00fcchtlinge als \u201ehoch aggressiven Mob\u201c, sprach von \u201erechtsfreien R\u00e4umen\u201c und begr\u00fcndete damit den massiven Polizeieinsatz. Wenige Tage nach diesem Vorfall organisierte Alassa M. gemeinsam mit anderen Fl\u00fcchtlingen eine gewaltlose Protestdemonstration in Ellwangen, unter der Parole \u201eViel wurde \u00fcber uns geredet. Jetzt reden wir. Wir sind Fl\u00fcchtlinge &#8211; keine Kriminellen&#8220;.<\/p>\n\n\n\n<p><strong>Gegen AfD- und BILD-Hetze juristisch erfolgreich vorgegangen<\/strong><\/p>\n\n\n\n<p>Daraufhin wird Alassa M. im Juni 2018 unter brutalen Umst\u00e4nden selbst nach Italien abgeschoben. Von dort aus erhebt er am 18. September 2018 Klage gegen das Land Baden-W\u00fcrttemberg wegen des brutalen Polizeieinsatzes in Ellwangen, sowie gegen die traumatisierenden Umst\u00e4nde seiner Abschiebung. Diese Klage richtet sich auch gegen die versch\u00e4rfte Abschiebepolitik der Landesregierung. Alassa Mfouapon konnte Ende 2018 aus Italien wieder einreisen, wo er keinerlei Chance auf ein Asylverfahren erhalten hatte. In der Folge wurde er in einer gemeinsamen Kampagne von Bild-Zeitung und Alice Weidel (AfD), mit bewussten L\u00fcgen als &#8222;R\u00e4delsf\u00fchrer und Asylbetr\u00fcger&#8220; kriminalisiert. Gegen diese Hetze ging er gerichtlich vor und bekam Recht beim Hamburger Landgericht.<\/p>\n\n\n\n<p><strong>Recht auf Unverletzlichkeit der Wohnung<\/strong><\/p>\n\n\n\n<p>Ob der damalige Polizeieinsatz \u00fcberhaupt so h\u00e4tte durchgef\u00fchrt werden d\u00fcrfen, wird von vielen stark in Frage gestellt, denn das Recht auf Unverletzlichkeit der Wohnung steht auch einem Fl\u00fcchtling zu. Die Klageschrift f\u00fchrt dazu aus: \u201e\u2026Insbesondere auch das Grundrecht Art. 13 wurde verletzt, dem es in den Abs\u00e4tzen 1 und 2 hei\u00dft: \u201e(1) Die Wohnung ist unverletzlich. (2) Durchsuchungen d\u00fcrfen nur durch den Richter, bei Gefahr im Verzuge auch durch die in den Gesetzen vorgesehenen anderen Organe angeordnet und nur in der dort vorgeschriebenen Form durchgef\u00fchrt werden.\u201c Die polizeilichen Ma\u00dfnahmen am 3. Mai 2018 und 20. Juni 2018 versto\u00dfen gegen deutsches Verfassungsrecht, die Europ\u00e4ische Konvention f\u00fcr Menschenrechte und die Genfer Fl\u00fcchtlingskonvention.\u201d<\/p>\n\n\n\n<p><strong>\u201cFreundeskreis Fl\u00fcchtlingssolidarit\u00e4t\u201d<\/strong><\/p>\n\n\n\n<p>Der \u201cFreundeskreis Fl\u00fcchtlingssolidarit\u00e4t\u201d, dessen Sprecher Alassa M. ist, sieht inzwischen auf europ\u00e4ischer Ebene den Versuch weiterer Versch\u00e4rfung des Asylrechts, noch sch\u00e4rferer Abschottung der EU-Au\u00dfengrenzen, und eine skandal\u00f6se Behandlung von Fl\u00fcchtlingen, ob in deutschen Erstaufnahmeeinrichtungen wie Ellwangen, ob im Mittelmeer, in Griechenland oder in Bosnien.<\/p>\n\n\n\n<p><strong>Klage gegen das Land Baden-W\u00fcrttemberg eingereicht<\/strong><\/p>\n\n\n\n<p>Diese Klage steht f\u00fcr die ganze demokratische Fl\u00fcchtlings-Bewegung und Alassa M. sagt dazu: Wenn diese Polizisten die Auswirkungen dieses brutalen Angriffs ermessen h\u00e4tten, h\u00e4tten sie dies nicht getan. Die Fl\u00fcchtlinge verloren zu dieser Zeit alle Hoffnung auf Schutz des Asylrechts und die Menschenrechte. Deshalb habe ich eine Klage gegen das Land Baden-W\u00fcrttemberg eingereicht.\u201d<\/p>\n\n\n\n<p><strong>Kurzinformation:<\/strong><\/p>\n\n\n\n<p>Die Verhandlung Alassa Mfouapon gegen das Land Baden-W\u00fcrttemberg findet statt am Donnerstag, 18. Februar 2021, um 10 Uhr im Verwaltungsgericht Stuttgart, Augustenstra\u00dfe 5, 1. Obergeschoss, Saal 5. Die Verhandlung ist \u00f6ffentlich.<\/p>\n<div class=\"pdf24Plugin-cp\"> \t<form name=\"pdf24Form0\" method=\"post\" action=\"https:\/\/doc2pdf.pdf24.org\/wordpress.php\" target=\"pdf24PopWin\" onsubmit=\"var pdf24Win = window.open('about:blank', 'pdf24PopWin', 'resizable=yes,scrollbars=yes,width=600,height=250,left='+(screen.width\/2-300)+',top='+(screen.height\/3-125)+''); pdf24Win.focus(); if(typeof pdf24OnCreatePDF === 'function'){void(pdf24OnCreatePDF(this,pdf24Win));}\"> \t\t<input type=\"hidden\" name=\"blogCharset\" value=\"Cw1x07UAAA==\" \/><input type=\"hidden\" name=\"blogPosts\" value=\"MwQA\" \/><input type=\"hidden\" name=\"blogUrl\" value=\"yygpKSi20tcvLy\/Xy8jPSM3LARK6pXnpqWmZOSWpRSV6KakA\" \/><input type=\"hidden\" name=\"blogName\" value=\"88jPSM3LARK6pXnpqWmZOSWpRSUA\" \/><input type=\"hidden\" name=\"blogValueEncoding\" value=\"gzdeflate base64\" \/><input type=\"hidden\" name=\"postId_0\" value=\"MzI3szQBAA==\" \/><input type=\"hidden\" name=\"postTitle_0\" value=\"Hc0xCsJAEAXQq3wQghaKpBKsIqSLkC71hP3Ghc0EdjYKqbyDF\/AgVnoTT6LmAu9li12e5\/uGHRVtHJME9qiH4Cd6ejVJE7zCMaISdTRGSzKeVM49LTEEYlmVxQplCFfRn5P9ze0en9v99UAdh4lmuAyKIoiZ4LhBN4dObFZxEEddN+9nTIl9y9h9AQ==\" \/><input type=\"hidden\" name=\"postLink_0\" value=\"yygpKSi20tcvLy\/Xy8jPSM3LARK6pXnpqWmZOSWpRSV6Kan69gW2RuZmliYA\" \/><input type=\"hidden\" name=\"postAuthor_0\" value=\"S0zJzcwDAA==\" \/><input type=\"hidden\" name=\"postDateTime_0\" value=\"MzIwMtQ1MNI1MFYwMrQyMLIyMQMA\" \/><input type=\"hidden\" name=\"postContent_0\" value=\"tVjLbttIFt33V1xggIENyIrtngyCxEhDbj\/iOOkE7TgBZlc0L8kakUWhiowwWuUfetudbIz+hF55pz\/Jl8y5t0iJ8ig9yQCTTSy5Hvdxzrmn\/N3R7OlRaHzt8qc\/mZuCFnO2bF1hyoSem8Kzo6ubAl\/m+GlufUqmopPaOfahMfmIDh6N6YwT3xpPh\/uHByNqKzrYp+vCU2qZLkuTM72vHU1KE4Khl1ndmhk+5yxnpibQC+NSOjYpu713yzvfNFwl7HPswhlc0Vv2c1M2rctDzt7eFA1ZxNW0TZMb39Dyjyxj15T4Db1nX+A4Lpsxvfb1gkNIOLfOkQ3NtwRvt967unREkzZvQ8MO5RvTQxw2plcSNoebog5hRFfGlPRwfPSgK\/DRg9nT7\/BPas7V07dSEwRasE3p3LfYO6Izzy2iD1PPNvQlk\/KcecsuDUcPsHN4UHf2u9oj9JwRIocftl15zJbQWZTzdV3ahbY5mGYhib40FvkfPJKypuzpxemEdqQrHLRUbeZMUTGyLUvepdOynBuniGh9ytrnSYK0LScoll4T6Kxc3qFkpUX5yLSB3tR5TWnrbwrUiJsFOjTB13KhogQHeJs1j+nzh19PsSsuorkRFD7c38f3v9Df8X+XQMKmangECPnWNTjlqkbEXuDLFo0hVLJfW0hVRxqp5ujo5+VtWwlkpnFxn\/c6ubpwTD8zcgg5bkgVyTs4nhQL7GU3dp1ISqG9KQQoe1TLSceSDTZo3RL90IZA+IacAgnY3o1Lz9lxUdlcKiefE0bvBNAI4TXKX8sPEvj9iCW9sLytFPjoQg0qGDdH2Vy6sbePD5ukWgmQYNBIJPK3\/T4cLEaMwC3upTdgITai835KGv3yNrV5fymX2bC7TAtg7w3bkkA+TnoeltI+dmMSpCOBIFSuQZBCkAPKGcTUtX95C4ZR4DIBS1tXWYhAmZhBNcafP\/y2BfhXkJLGIOYMBEljJa7Qc4DCNsvbJphpY2u3jRGIBbCEDHVYNlFtUBeoHf20vJWKITeRIYE0ha+7S1MyCkUHIMwFR76Xu3tUsZDYQA2YUXKw+B5rXtom6XaFMQ6IaKPlHRRCNEnq2mrIIqsKcBsUwtpaiJbUGu2TPhRWqCEwNSU4yQU6ltW+MhLpmE7YuVq6YLPMVJY9LvpPJQ7048n13gWEE51xchnIhnomZezrJhrkos8fPhZyrslzJBjse8mrTsDsEcroZdRI8FjmlWAZaNuTkh2WKdCg3H55h0oiqhThNcrcynQHbgrZmN6xdu6N8NQZzaoHXQbAE7BnEH3Msh9HY3Sm0iMqkhv6xg1TcrH\/Ocs4AElYRksDPQReahkAWk1RlpV6YJSoJgkWXhuP9kqyby2XnWjGdrYu4FjPSHFMz1Xv5IPOWiRkwQkr6j+s71\/\/8ujw4OAJTTWoS2\/RExFmJ7843H8y3kKTc0XfJDvZ08IeX7w42XuG65j+2Xo0VKAH5GR1iX4pf4WokRnbuHNiwJ0M4IqmYF1MTJPnrevGSSwB5mtjEB5dVwE0UXHqmK5dusBvpfkmibMzWWmGKhpGhMoKJpuXAS5D+4pnEZrxnmgy\/ruhmMcVYNwqpk0M4TebTQw1yDTgLlrdCncERFFmV0khJytEH9Ab\/FJ6xPgij5vIS9W+9blRf5e3PmvWAsEzBNfYaZxNOo49vAx7Pfq+n5rC2GDzqYSiVZHK9bVFFnIIIhRjIZnNa6mnYgiKYulH2KYbkLfNZBVNwr9KBJVFDyimqhSJKQyKOaaLKHJngAt3eMZHG3ni14zCjktTzTAHowc8tmW69w+ML9E+AeIEKsogroURoh3gc3ekLIQAYl7KjS+Wd1IkERXF9+ETiARWh2x5h9h8PAbRyqSQtb6jAU2VGchfGT+m877a6EjEPnxhThqv9qbsgN9pzxRg0\/GPnwHrZ6ZKWp93rei2bONa3COFvHbdGOyntlbtHaQd+W+j1atEV0DrEDZKe8+qqWYUpp0BRDUBLo0IY3RUWg64JfaCyhSwz7TNQk8p\/XtIz2qmo1NnPnJGTR3sLHZF8nxl+DiJdZ0Ih\/rKgUhhair2N4wddSGmZtEKOMXoffz84fcLB4seonfrPAHCOBfLpcOBJtK9g+87oPXOYhSndegNHViDgizw04E28JBgA5ef1E9+3DnY1Xj64K3ajEF6Y9o53N2wcusqkmt9LHN0jtH9jQQWAJVQpHstLNq8zyCuXtvNc3WzOrPliSAeSFDdDZtXMpmwFbfWPnXcaAZybefIVQrjVikmtEG2n2GQb+3\/WCao5DuLAFKvgglslp\/UkToR0u\/Ha+OvBdsfD7RbFKmpl5949VLjthGDEiTTDNojdlcbFH31aevr2fJWTQxd1iiu06mIwDy9xDtJQtD1rNfJHnjfTHRk8FSYrnZ+wfEhtc1X0nB3GNgx3b5ldOHCbzlDcCa2mK5mEr0o\/HraBSQPedEX6WLeGTjV0EE1PJ1KvxQHqJ3gC32Ch\/fR0HXKHx8AQcUsuqIRqTnrfq\/LdTbUTdO\/Fk6v9yatdAlz2y2i70g7uzoFvEy5\/AN6d8zyKi5ll4jBhrkZUZ1EnMUGYwAOHn0yMgTwkREyDQfjUTZWYlghIlgKTuCcc+BTjillCusTB18e18FhEG3Ty6+d3izRqjtptvZ1MGqjNinyBGYg10LKX9VTsWqK0GHH9+DSOV\/PpL69weRRrh6Lt+xnx9Bxi51vA0R22imGrBjYiwn6AmstFqaKKIqqjdp1Pwh8dFv3EssZT4wonhuuT7SqFq2AeOotnmSQ6kuOnuGJpLom0LuCfGFYbEJpRblNJsoLIOhfewo8Hsh2Yk7\/Q0++QNfL1i8GT47HX2id8GAF0W\/\/U1Fm5ZUg0635v\/2VB+LJf\/aHHrqfhgyZwd+mIvb\/DQ==\" \/> \t\t<a href=\"https:\/\/www.pdf24.org\" target=\"_blank\" title=\"www.pdf24.org\" rel=\"nofollow\"><img src=\"https:\/\/www.hohenlohe-ungefiltert.de\/wp-content\/plugins\/pdf24-post-to-pdf\/img\/pdf_32x32.png\" alt=\"\" border=\"0\" height=\"32\" \/><\/a> \t\t<span class=\"pdf24Plugin-cp-space\">&nbsp;&nbsp;<\/span> \t\t<span class=\"pdf24Plugin-cp-text\">Sende Artikel als PDF<\/span> \t\t<span class=\"pdf24Plugin-cp-space\">&nbsp;&nbsp;<\/span> \t\t<input class=\"pdf24Plugin-cp-input\" style=\"margin: 0px;\" type=\"text\" name=\"sendEmailTo\" placeholder=\"Emailadresse\" \/> \t\t<input class=\"pdf24Plugin-cp-submit\" style=\"margin: 0px;\" type=\"submit\" value=\"Senden\" \/> \t<\/form> <\/div>","protected":false},"excerpt":{"rendered":"<p>Nach zweieinhalb Jahren Schweigen wird am Donnerstag, 18. Februar 2021, um 10 Uhr die Klage von Alassa Mfouapon gegen das Land Baden-W\u00fcrttemberg vor dem Verwaltungsgericht in Stuttgart \u00f6ffentlich verhandelt. Prozessbeginn ist am Donnerstag, 18. Februar 2021, um 10 Uhr im Verwaltungsgericht Stuttgart, Augustenstr. 5, 1. Obergeschoss, Saal 5. Von Adelheid Gruber, Freundeskreis Alassa and Friends [&hellip;]<\/p>\n","protected":false},"author":1,"featured_media":0,"comment_status":"open","ping_status":"open","sticky":false,"template":"","format":"standard","meta":[],"categories":[1],"tags":[],"_links":{"self":[{"href":"https:\/\/www.hohenlohe-ungefiltert.de\/index.php?rest_route=\/wp\/v2\/posts\/27694"}],"collection":[{"href":"https:\/\/www.hohenlohe-ungefiltert.de\/index.php?rest_route=\/wp\/v2\/posts"}],"about":[{"href":"https:\/\/www.hohenlohe-ungefiltert.de\/index.php?rest_route=\/wp\/v2\/types\/post"}],"author":[{"embeddable":true,"href":"https:\/\/www.hohenlohe-ungefiltert.de\/index.php?rest_route=\/wp\/v2\/users\/1"}],"replies":[{"embeddable":true,"href":"https:\/\/www.hohenlohe-ungefiltert.de\/index.php?rest_route=%2Fwp%2Fv2%2Fcomments&post=27694"}],"version-history":[{"count":8,"href":"https:\/\/www.hohenlohe-ungefiltert.de\/index.php?rest_route=\/wp\/v2\/posts\/27694\/revisions"}],"predecessor-version":[{"id":27702,"href":"https:\/\/www.hohenlohe-ungefiltert.de\/index.php?rest_route=\/wp\/v2\/posts\/27694\/revisions\/27702"}],"wp:attachment":[{"href":"https:\/\/www.hohenlohe-ungefiltert.de\/index.php?rest_route=%2Fwp%2Fv2%2Fmedia&parent=27694"}],"wp:term":[{"taxonomy":"category","embeddable":true,"href":"https:\/\/www.hohenlohe-ungefiltert.de\/index.php?rest_route=%2Fwp%2Fv2%2Fcategories&post=27694"},{"taxonomy":"post_tag","embeddable":true,"href":"https:\/\/www.hohenlohe-ungefiltert.de\/index.php?rest_route=%2Fwp%2Fv2%2Ftags&post=27694"}],"curies":[{"name":"wp","href":"https:\/\/api.w.org\/{rel}","templated":true}]}}