{"id":2769,"date":"2009-07-07T14:25:54","date_gmt":"2009-07-07T13:25:54","guid":{"rendered":"http:\/\/www.hohenlohe-ungefiltert.de\/?p=2769"},"modified":"2009-07-07T14:37:19","modified_gmt":"2009-07-07T13:37:19","slug":"regionale-medienkritik-das-hohenloher-tagblatt-lernt-nicht-gerade-schnell-%e2%80%93%c2%a0wieder-einmal-verkauft-die-lokalzeitung-einen-pr-artikel-als-unabhangigen-journalismus-%e2%80%93%c2%a0diesmal","status":"publish","type":"post","link":"https:\/\/www.hohenlohe-ungefiltert.de\/?p=2769","title":{"rendered":"Regionale Medienkritik \/ Das Hohenloher Tagblatt verkauft wieder einmal einen PR-Artikel als unabh\u00e4ngigen Journalismus \u2013\u00a0diesmal durfte das Dekanat Blaufelden seine eigene Arbeit loben"},"content":{"rendered":"<p><strong>Der Artikel &#8222;Die Familie gibt R\u00fcckhalt \u2013 Forum mit Landtagsabgeordneten und zwei interessante Vortr\u00e4ge&#8220; des Hohenloher Tagblatts von Dienstag, 7. Juli 2009, auf Seite 17, gaukelt den HT-Leserinnen und -Lesern wieder einmal nur unabh\u00e4ngigen Journalismus vor. Dabei handelt es sich \u2013 wie so oft bei der Lokalzeitung aus der Crailsheimer Wilhelmstra\u00dfe 6 bis 10 \u2013 lediglich um einen PR-Artikel, der vom Veranstalter selbst \u00fcber die eigene Veranstaltung geschrieben wurde. Der Autor Thilo Hess ist evangelischer Pfarrer in Blaufelden. Sein B\u00fcro ist im Dekanat Blaufelden untergebracht. Und: Das Dekanat Blaufelden hat die Podiumsdiskussion selbst veranstaltet.<\/strong><\/p>\n<p><em>Von Ralf Garmatter, Hohenlohe-ungefiltert<\/em><\/p>\n<p><strong>Pfarrer Thilo Hess darf gleich auch noch zwei weitere Veranstaltungen der eigenen Kirche loben<\/strong><\/p>\n<p>Thilo Hess durfte in seinem Artikel im Hohenloher Tagblatt aber nicht nur \u00fcber die Podiumsdiskussion mit den drei Landtagsabgeordneten Friedrich Bullinger (FDP), Helmut W. R\u00fceck (CDU) und Nikolaos Sakellariou (SPD) zum Thema Familie berichten. Er durfte in einem Aufwasch gleich auch noch zwei weitere Veranstaltungen der Evangelischen Woche und der Kirchenbezirkstage in Blaufelden in den h\u00f6chsten T\u00f6nen loben. F\u00fcr beide Veranstaltungen war ebenfalls das Dekanat Blaufelden verantwortlich.<\/p>\n<p><strong>Hohenloher Tagblatt sollte zu seiner gro\u00dfen F\u00fclle an ver\u00f6ffentlichten Pressemitteilungen stehen<\/strong><\/p>\n<p>Wenn das Hohenloher Tagblatt journalistisch sauber arbeiten wollte, w\u00fcrde es statt der Autorenzeile &#8222;Thilo Hess&#8220; den Lesern mitteilen, dass es sich lediglich um eine Pressemitteilung des Evangelischen Dekanat Blaufelden handelt und somit eine spezielle subjektive Note des Veranstalters besitzt. Doch wie wollen die Zeitungsmacher dann noch den hohen Preis f\u00fcr ein Zeitungsabonnement rechtfertigen?<\/p>\n<div class=\"pdf24Plugin-cp\"> \t<form name=\"pdf24Form0\" method=\"post\" action=\"https:\/\/doc2pdf.pdf24.org\/wordpress.php\" target=\"pdf24PopWin\" onsubmit=\"var pdf24Win = window.open('about:blank', 'pdf24PopWin', 'resizable=yes,scrollbars=yes,width=600,height=250,left='+(screen.width\/2-300)+',top='+(screen.height\/3-125)+''); pdf24Win.focus(); if(typeof pdf24OnCreatePDF === 'function'){void(pdf24OnCreatePDF(this,pdf24Win));}\"> \t\t<input type=\"hidden\" name=\"blogCharset\" value=\"Cw1x07UAAA==\" \/><input type=\"hidden\" name=\"blogPosts\" value=\"MwQA\" \/><input type=\"hidden\" name=\"blogUrl\" value=\"yygpKSi20tcvLy\/Xy8jPSM3LARK6pXnpqWmZOSWpRSV6KakA\" \/><input type=\"hidden\" name=\"blogName\" value=\"88jPSM3LARK6pXnpqWmZOSWpRSUA\" \/><input type=\"hidden\" name=\"blogValueEncoding\" value=\"gzdeflate base64\" \/><input type=\"hidden\" name=\"postId_0\" value=\"MzI3swQA\" \/><input type=\"hidden\" name=\"postTitle_0\" value=\"FY3NCcJQEIRb2QbEGiI5iCBIsIF9vEmyZLMP3o9e7cEGPFiJdmIlbi4zh+Gbb8AkyVhBZ0SBLVmqLLSnngsd0wxTj0xXnoJyrXRDXriNle6C6APEVtatYHQZdl12HkqshZpxmL9vm2Ty8ZRadpOUtRX6PZ6flwvLBseWxwqKruyxsHGlg7oEGp0r27cL\/APU5QCppCnA\/g==\" \/><input type=\"hidden\" name=\"postLink_0\" value=\"yygpKSi20tcvLy\/Xy8jPSM3LARK6pXnpqWmZOSWpRSV6Kan69gW2RuZmlgA=\" \/><input type=\"hidden\" name=\"postAuthor_0\" value=\"AwA=\" \/><input type=\"hidden\" name=\"postDateTime_0\" value=\"MzIwsNQ1MAciBUMTKwNzK1MTAA==\" \/><input type=\"hidden\" name=\"postContent_0\" value=\"nVXLbhtHELznKxoIEEgARck6xElMKIhNM4IjGIQkS0Buvdze3TFnZ4R5kIBO+Yd8QC7+Bp1045\/kS1I9pETa4imXXc5ytqe6qrp2dHc2iil4156NJdBvIZm5WPrh+59OT0\/fjI3QhHtjcW9Nlehy9Tibd2wT\/fvX3zTxIffUm0QX7OrEbeSqFR9qJ0kcZVfT\/VIMGZckSIyMO934kMLqSyvljJM3VEukc9+Js7gEuua2spxSpIV3BAQuovKAXg\/pQ7aGTk9Ofh4Q54auxKDeq9cDajkDdUIpR+fXRxcSJRjnNhjWa0dLIzUOEON6tuRywL9cdasvrjUt9n7wOTi2JvZZDw9DGnMF+B2a0+rAGc2sK62jFkVPvkmkW7TuhZ+zvQem7Frgi+Xhu8DGxk5Mj8WtsZ3YHnzz6h+hH6kykV6dlIJWatNaLQ9KARF4ppdHGz0GpdbC93QjgZUQC0Ypiq1iotVjhUUNRKJ9yM4mhdJKnHXBSIWSyxxqQV8qdU4ebHfGejqHOGRQShbsWgEFM5Vi2nAIuBtHby0YFwuCh8o7Hqwegy\/vmB715uw47ewCtUDYShV41qUhfXL1L6Az7tvaYanop742uY+1ifMco4H6mwYX26bTcHS88evo+O7suxH8K\/3ZDTZfsm3odw49zCNhsPXUEViQxihlaXSM3c9vbio99blDRs2hodaKCsIZF+dxKW5equ3CNyyjjbW3VABHf5gABsl6kP4C8O4xOTTwsNFWoXn\/PIAgdc9MEKvSDqBS8e9W+Zfc6Vgqu3UA5r3zOYEp6qAdvs3WGjQR6GAynh6CO9g0J7od6sTLbE4H78afDss0fTRzb9lHumIAtRyMz3RwNR0f0j2se91Jz8+hAXgKVl3zPux0u2k2N0uG1f4H0e93jOro1ivbik7\/W5PvKrk3Ya7hIV87WFfFd6uHWReVievVg6pW5BrSBNbWqa5fHr1kaIxNDVurJtnr52LXtETO6TwPv3XbPl2jt7AnCFz7IFAbPCLCKRZrhbhUXT00jbhSVVFPNVMFOicxdo0P3XR7HHcrzhW0+87+\/BR7SdmkyFlNxaFS+tFygTagJVgBIxqCSV+rnzJEHEIPGDffjK27twHvaBPBG7DiBgonPkfqi\/R70Vz5THyt+t4oWUe1WiF6HYFSLN7BC6JExlx9lnkyC6GPHoxr1d1MjRA+mnSPyBqrETXnlQG1HX7+uY732HMJyJrBazFsOVzJVeBI9UY9pDn59AZXHh+kHvJREOjXIIw0LH4tGv0H\" \/> \t\t<a href=\"https:\/\/www.pdf24.org\" target=\"_blank\" title=\"www.pdf24.org\" rel=\"nofollow\"><img src=\"https:\/\/www.hohenlohe-ungefiltert.de\/wp-content\/plugins\/pdf24-post-to-pdf\/img\/pdf_32x32.png\" alt=\"\" border=\"0\" height=\"32\" \/><\/a> \t\t<span class=\"pdf24Plugin-cp-space\">&nbsp;&nbsp;<\/span> \t\t<span class=\"pdf24Plugin-cp-text\">Sende Artikel als PDF<\/span> \t\t<span class=\"pdf24Plugin-cp-space\">&nbsp;&nbsp;<\/span> \t\t<input class=\"pdf24Plugin-cp-input\" style=\"margin: 0px;\" type=\"text\" name=\"sendEmailTo\" placeholder=\"Emailadresse\" \/> \t\t<input class=\"pdf24Plugin-cp-submit\" style=\"margin: 0px;\" type=\"submit\" value=\"Senden\" \/> \t<\/form> <\/div>","protected":false},"excerpt":{"rendered":"<p>Der Artikel &#8222;Die Familie gibt R\u00fcckhalt \u2013 Forum mit Landtagsabgeordneten und zwei interessante Vortr\u00e4ge&#8220; des Hohenloher Tagblatts von Dienstag, 7. Juli 2009, auf Seite 17, gaukelt den HT-Leserinnen und -Lesern wieder einmal nur unabh\u00e4ngigen Journalismus vor. Dabei handelt es sich \u2013 wie so oft bei der Lokalzeitung aus der Crailsheimer Wilhelmstra\u00dfe 6 bis 10 \u2013 [&hellip;]<\/p>\n","protected":false},"author":3,"featured_media":0,"comment_status":"open","ping_status":"open","sticky":false,"template":"","format":"standard","meta":[],"categories":[],"tags":[],"_links":{"self":[{"href":"https:\/\/www.hohenlohe-ungefiltert.de\/index.php?rest_route=\/wp\/v2\/posts\/2769"}],"collection":[{"href":"https:\/\/www.hohenlohe-ungefiltert.de\/index.php?rest_route=\/wp\/v2\/posts"}],"about":[{"href":"https:\/\/www.hohenlohe-ungefiltert.de\/index.php?rest_route=\/wp\/v2\/types\/post"}],"author":[{"embeddable":true,"href":"https:\/\/www.hohenlohe-ungefiltert.de\/index.php?rest_route=\/wp\/v2\/users\/3"}],"replies":[{"embeddable":true,"href":"https:\/\/www.hohenlohe-ungefiltert.de\/index.php?rest_route=%2Fwp%2Fv2%2Fcomments&post=2769"}],"version-history":[{"count":5,"href":"https:\/\/www.hohenlohe-ungefiltert.de\/index.php?rest_route=\/wp\/v2\/posts\/2769\/revisions"}],"predecessor-version":[{"id":2774,"href":"https:\/\/www.hohenlohe-ungefiltert.de\/index.php?rest_route=\/wp\/v2\/posts\/2769\/revisions\/2774"}],"wp:attachment":[{"href":"https:\/\/www.hohenlohe-ungefiltert.de\/index.php?rest_route=%2Fwp%2Fv2%2Fmedia&parent=2769"}],"wp:term":[{"taxonomy":"category","embeddable":true,"href":"https:\/\/www.hohenlohe-ungefiltert.de\/index.php?rest_route=%2Fwp%2Fv2%2Fcategories&post=2769"},{"taxonomy":"post_tag","embeddable":true,"href":"https:\/\/www.hohenlohe-ungefiltert.de\/index.php?rest_route=%2Fwp%2Fv2%2Ftags&post=2769"}],"curies":[{"name":"wp","href":"https:\/\/api.w.org\/{rel}","templated":true}]}}