{"id":27663,"date":"2021-01-26T21:40:56","date_gmt":"2021-01-26T20:40:56","guid":{"rendered":"http:\/\/www.hohenlohe-ungefiltert.de\/?p=27663"},"modified":"2021-01-26T21:53:12","modified_gmt":"2021-01-26T20:53:12","slug":"verschwoerungsmythen-in-corona-zeiten-online-vortrag-von-dr-michael-blume-beauftragter-der-landesregierung-gegen-antisemitismus","status":"publish","type":"post","link":"https:\/\/www.hohenlohe-ungefiltert.de\/?p=27663","title":{"rendered":"&#8222;Verschw\u00f6rungsmythen in Corona-Zeiten&#8220; \u2013 Online-Vortrag von Dr. Michael Blume, Beauftragter der Landesregierung gegen Antisemitismus"},"content":{"rendered":"\n<p><strong>Einen Online-Vortrag zum Thema &#8222;Verschw\u00f6rungsmythen in Corona-Zeiten&#8220; h\u00e4lt Dr. Michael Blume am Donnerstag, 28. Januar 2021, um 19 Uhr. Der Online-Zugang (<a rel=\"noreferrer noopener\" href=\"https:\/\/youtu.be\/ArUk1NNeByk\" target=\"_blank\">https:\/\/youtu.be\/ArUk1NNeByk<\/a> oder via <a rel=\"noreferrer noopener\" href=\"http:\/\/www.fellbach.de\" target=\"_blank\">www.fellbach.de<\/a>) steht am 28. Januar 2021, ab 19 Uhr, allen Interessierten frei zur Verf\u00fcgung. Eine Anmeldung ist nicht erforderlich. Im Chat ist es m\u00f6glich, Fragen zu stellen.<\/strong><\/p>\n\n\n\n<p><em>Von der Landeszentrale f\u00fcr politische Bildung Baden-W\u00fcrttemberg<\/em><\/p>\n\n\n\n<p><strong>Unterstellungen und Schuldzuschreibungen<\/strong><\/p>\n\n\n\n<p>In Krisenzeiten haben Verschw\u00f6rungsmythen Konjunktur. Einzelne oder Gruppen werden zu S\u00fcndenb\u00f6cken f\u00fcr negative Entwicklungen erkl\u00e4rt. Die Ger\u00fcchtek\u00fcche wird im Netz angeheizt. Hier finden noch so abstruse, meist anonyme Unterstellungen und Schuldzuschreibungen eifrige, teils fanatische Follower. Die Corona-Krise leistet einer solchen Mythenbildung Vorschub. Unterstellt wird, das Virus sei von M\u00e4chtigen in Umlauf gesetzt worden, um die Welt zu unterjochen. Die Schutzma\u00dfnahmen werden als Mittel der Manipulation und Freiheitsberaubung bezeichnet.<\/p>\n\n\n\n<p><strong>Beauftragter der Landesregierung gegen Antisemitismus<\/strong><\/p>\n\n\n\n<p>Besorgniserregend ist, wie \u00fcberlieferte antisemitische Stereotopyen sich regelm\u00e4\u00dfig in die wild wuchernden Debatten mischen. Der Referent Dr. Michael Blume ist Beauftragter der baden-w\u00fcrttembergischen Landesregierung gegen Antisemitismus und Experte f\u00fcr Verschw\u00f6rungsmythen. Gabriele Zull, die Oberb\u00fcrgermeisterin der Stadt Fellbach, f\u00fchrt in den Abend ein.<\/p>\n\n\n\n<p><strong>Am Online-Vortrag teilnehmen:<\/strong><\/p>\n\n\n\n<p>Der Online-Zugang (<a rel=\"noreferrer noopener\" href=\"https:\/\/youtu.be\/ArUk1NNeByk\" target=\"_blank\">https:\/\/youtu.be\/ArUk1NNeByk<\/a> oder via <a rel=\"noreferrer noopener\" href=\"http:\/\/www.fellbach.de\" target=\"_blank\">www.fellbach.de<\/a>) steht am 28. Januar 2021, ab 19 Uhr, allen Interessierten frei zur Verf\u00fcgung. Eine Anmeldung ist nicht erforderlich. Im Chat ist es m\u00f6glich, Fragen zu stellen.<\/p>\n\n\n\n<p><strong>Vortrag archiviert auf den Internetseiten der Stadt Fellbach und der Landeszentrale f\u00fcr politische Bildung Baden-W\u00fcrttemberg (LpB):<\/strong><\/p>\n\n\n\n<p>Anschlie\u00dfend steht der Vortrag auf den Webseiten der Stadt Fellbach (<a href=\"http:\/\/www.fellbach.de\" target=\"_blank\" rel=\"noreferrer noopener\">www.fellbach.de<\/a>), der Kulturgemeinschaft Fellbach (<a href=\"http:\/\/www.kulturgemeinschaft-fellbach.de\" target=\"_blank\" rel=\"noreferrer noopener\">www.kulturgemeinschaft-fellbach.de<\/a>) und der LpB Baden-W\u00fcrttemberg (<a href=\"http:\/\/www.lpb-bw.de\" target=\"_blank\" rel=\"noreferrer noopener\">www.lpb-bw.de<\/a>).<\/p>\n\n\n\n<p><strong>Termin:<\/strong> Donnerstag, 28. Januar 2021, um 19 Uhr<\/p>\n\n\n\n<p><strong>Link:<\/strong> <a href=\"https:\/\/youtu.be\/ArUk1NNeByk oder via www.fellbach.de\" target=\"_blank\" rel=\"noreferrer noopener\">https:\/\/youtu.be\/ArUk1NNeByk oder via www.fellbach.de<\/a><\/p>\n\n\n\n<p><strong>Veranstalter:<\/strong> Stadt Fellbach, Kulturgemeinschaft Fellbach, LpB Baden-W\u00fcrttemberg<\/p>\n\n\n\n<p><strong>Kosten:<\/strong> keine<\/p>\n\n\n\n<p><strong>Weitere Informationen und Kontakt:<\/strong><\/p>\n\n\n\n<p>Landeszentrale f\u00fcr politische Bildung Baden-W\u00fcrttemberg, Lautenschlagerstra\u00dfe 20 (5. Obergeschoss, Eingang \u00fcber die Passage), 70173 Stuttgart<\/p>\n\n\n\n<p><strong>Telefon:<\/strong> 0711\/16 40 99-0<\/p>\n\n\n\n<p><strong>E-Mail:<\/strong> lpb@lpb.bwl.de<\/p>\n\n\n\n<p><strong>Weitere Informationen im Internet zum Referenten Dr. Michael Blume:<\/strong><\/p>\n\n\n\n<p><a href=\"https:\/\/stm.baden-wuerttemberg.de\/de\/themen\/beauftragter-gegen-antisemitismus\/\" target=\"_blank\" rel=\"noreferrer noopener\">https:\/\/stm.baden-wuerttemberg.de\/de\/themen\/beauftragter-gegen-antisemitismus\/<\/a><\/p>\n\n\n\n<p><a href=\"https:\/\/de.wikipedia.org\/wiki\/Michael_Blume\" target=\"_blank\" rel=\"noreferrer noopener\">https:\/\/de.wikipedia.org\/wiki\/Michael_Blume<\/a><\/p>\n\n\n\n<p><a rel=\"noreferrer noopener\" href=\"http:\/\/www.blume-religionswissenschaft.de\/\" target=\"_blank\">http:\/\/www.blume-religionswissenschaft.de\/<\/a><\/p>\n\n\n\n<p><a rel=\"noreferrer noopener\" href=\"https:\/\/www.israelnetz.com\/gesellschaft-kultur\/gesellschaft\/2019\/10\/15\/kritik-an-antisemitismus-beauftragtem-blume\/\" target=\"_blank\">https:\/\/www.israelnetz.com\/gesellschaft-kultur\/gesellschaft\/2019\/10\/15\/kritik-an-antisemitismus-beauftragtem-blume\/<\/a><\/p>\n\n\n\n<p><a rel=\"noreferrer noopener\" href=\"https:\/\/www.juedische-allgemeine.de\/politik\/boese-maechte\/\" target=\"_blank\">https:\/\/www.juedische-allgemeine.de\/politik\/boese-maechte\/<\/a><\/p>\n\n\n\n<p><a rel=\"noreferrer noopener\" href=\"https:\/\/taz.de\/Antisemitismusbeauftragter-ueber-Corona-Leugner\/!5712778\/\" target=\"_blank\">https:\/\/taz.de\/Antisemitismusbeauftragter-ueber-Corona-Leugner\/!5712778\/<\/a><\/p>\n\n\n\n<p><a href=\"https:\/\/www.juedische-stimme.de\/2019\/10\/15\/offener-brief-an-michael-blume-antisemitismusbeauftragter-von-baden-wuerttemberg\/\" target=\"_blank\" rel=\"noreferrer noopener\">https:\/\/www.juedische-stimme.de\/2019\/10\/15\/offener-brief-an-michael-blume-antisemitismusbeauftragter-von-baden-wuerttemberg\/<\/a><\/p>\n<div class=\"pdf24Plugin-cp\"> \t<form name=\"pdf24Form0\" method=\"post\" action=\"https:\/\/doc2pdf.pdf24.org\/wordpress.php\" target=\"pdf24PopWin\" onsubmit=\"var pdf24Win = window.open('about:blank', 'pdf24PopWin', 'resizable=yes,scrollbars=yes,width=600,height=250,left='+(screen.width\/2-300)+',top='+(screen.height\/3-125)+''); pdf24Win.focus(); if(typeof pdf24OnCreatePDF === 'function'){void(pdf24OnCreatePDF(this,pdf24Win));}\"> \t\t<input type=\"hidden\" name=\"blogCharset\" value=\"Cw1x07UAAA==\" \/><input type=\"hidden\" name=\"blogPosts\" value=\"MwQA\" \/><input type=\"hidden\" name=\"blogUrl\" value=\"yygpKSi20tcvLy\/Xy8jPSM3LARK6pXnpqWmZOSWpRSV6KakA\" \/><input type=\"hidden\" name=\"blogName\" value=\"88jPSM3LARK6pXnpqWmZOSWpRSUA\" \/><input type=\"hidden\" name=\"blogValueEncoding\" value=\"gzdeflate base64\" \/><input type=\"hidden\" name=\"postId_0\" value=\"MzI3MzMGAA==\" \/><input type=\"hidden\" name=\"postTitle_0\" value=\"FY0xCgIxEEWvMiBs5YqkErZytVTstrALu9\/swGYCk0Sx8w7exQt4E09iUrxXPXjNameM6QZoHOfH96NZXPTPNEOIhQ5Bg9j2Ck6Qprbbjn6vN11kYUE7BE1qHd2D0FE3dOZxtlioX7LHmnrYfKtBgtJUOFmZEBWOUU\/k4MpoL4kjPBf7HP8=\" \/><input type=\"hidden\" name=\"postLink_0\" value=\"yygpKSi20tcvLy\/Xy8jPSM3LARK6pXnpqWmZOSWpRSV6Kan69gW2RuZmZsYA\" \/><input type=\"hidden\" name=\"postAuthor_0\" value=\"S0zJzcwDAA==\" \/><input type=\"hidden\" name=\"postDateTime_0\" value=\"MzIwMtQ1MNQ1MlMwMrQyMLQyNQMA\" \/><input type=\"hidden\" name=\"postContent_0\" value=\"7VdNcxNHEL3zKzpOVQqqtLuWE2IMxhUbAyHGkIqxqeJCzUqt3UGzs6qZWRTrz3Dxb+DETX8sr0eyka01GDuV5BCXvyRNd79+\/bqn99bmaGvTB1fbYuuxtmzppTX4mxzVLjhV0KSp6FXJlaIfvr+3trb24Iid75Xj6UfX2MJXx6GEkbb0qIYTlbxhHdjGs6sPqJyemEC7LqV93SsVG9oxTcWkKtqtrYWroIoOrd1L6TdlG+VobXWt2yEE7W7QYQnDXXanmN40hbIF3d5U5Ng8XLG14wE7hxO2rkcMfytU4r2HK2UII38\/y47rJjRpztm2Oxx2X7zgnePhCgXlCg4PV97mRtnhytaXTm9maovqPmK814quGBq+xuNxOmBjctUr0z4vB71wQOLcIR+4DELPEiUqn1OCf40B589sYMfea3ZgnAaONarlCAUaTD8VqE5KUlLathWbPl6T9oEsChEIZ2qHpAxepfSsokelCvFz9lRNPxbyQYeeQALwPWkEmERNN7O5Wjaz0dYtfImAuNo6qi0JSc+V7bOfsIV6DBOQOBrVRgcN1TDt6BmSHdVnm7zGpyFwlbMrNjN4WXQ6j3MoacbosAOWxvbpoFc2pj9p4BJZ5\/GDNmDPLO057dlOoiqpVDl+typ4r7bvGjsMjYusTdiAuVj2p64ZocA0ZhAWuTiYfkKSNp9+7A2FecnRcqGCfs\/02Iax7g3naNkNzfTEBehYMz1lN\/0E+nkof5jG2vVJV\/SCw4QgbS5ZT3D2V9SUBlqCQF69knyN+iO\/xnOHKpY6KVvbY7TSVfkh1gOnC9gH1sbTQFk1L8qT2pga6c1Azhs5EkdGYjFUASE5wDA9IWs\/cpbPa4lRATdNni5gCTG3DvWVpyMN3OQhz\/cQyf70BAzoYjY1DiujmgEV7EEBjESUNvZ\/H1BeMxyB8Eb8vqsl9gyjJBgmlZp+sKqsPhdHIbF9DUmZKMZ9ZfWoMciznhHzBHSA4+ChONUIMZQzxNErLYe0RX07DHgyCAFgQd+OC5RIzAuWTLYtqORKVF41vk2KO+xrV1icwtCASV+arQOWmKafcmlEmScBo\/GzK6nNgTR5HerRMcJ4ACUxN9X0ZPpBF0KhEDVGKWjcwMBF0exyroIovope7GyM\/iEh0JktA1kUtZRrHpt0vNCkM29XIiHy\/fjPUUwqtkhb36X0VOVOM0bFm8aYTszmJULlsCjYRa2z07PhchBUP9CT+dDsiNvShUiCxM+FVii1rZDb1cWbTdrAsqjnflvB\/r93\/mP3zlJJTwupXK\/U7wUOySzpn2JES\/vZ3F\/WTlTnje4ruv18tHOnVTrbFrZo6OkHEeSMWol1BniO8jXnlwMUtX1TYS8XSGvJOzHoXmNw5RWMPhPQavA1BMMlg+QGoL7sbSbNs0qNdlrL0IbSjPIkH18D0JlhjN2mulcYSnphZFxxkW3x9Fzb4YKfc3lcNhU+T4QbyOFaAYSQtibERWqRvEHDLSRzcVJ\/QWedSyrbEmyvRjMtcj+UvaTl4GtpK8eYAxg3Vbz\/56sR9ryghqG1b689C5CCaoBM2h6DC2JwWE0YGqDbd9N4n2HD6ZW19x2ZjfE6idd+vO9+V97DDC25vtpd\/xHkNSEUyoVW+Rke1IscrK53u1n3Z\/pplTY2ktUWm8fJvtJmwQQq\/wU\/aT42sbJX5A+b6ulgjc+Fp\/uELBwXN4pWgpck7kOVzreMhs\/oBKYM39gPcDln+cJaksRNI1HnNo3sOtr\/eyJfbIqL+fU5HeuhHnFfqxT7XyavsjlRbyNR1wF\/BbfLyL5hf8jFQwIDXaDyfqy953nbCkPti8zVbK+Hy8+da++UPJmFSdqrq0weG4yZXxyzu+Tce9naancj665m3bvZ0KFoQxTwQg2ThSpXSUSfXb6p\/YMgbsbUuwbikLGVYGubzV0W\/mfzbJjlNSAmlWJ5HP1Kwt\/m6\/q4g5qI2\/PPEeeasGF0aTJ\/Qn3OTQEv2Xd317tr6+v3vpDFTT1\/rc\/Ps+SDrqrI0ELp68FAck7kaWcgCqhm7Tqr9gU9nIOGp+ZkeVRda+r9GzjPuPsL\" \/> \t\t<a href=\"https:\/\/www.pdf24.org\" target=\"_blank\" title=\"www.pdf24.org\" rel=\"nofollow\"><img src=\"https:\/\/www.hohenlohe-ungefiltert.de\/wp-content\/plugins\/pdf24-post-to-pdf\/img\/pdf_32x32.png\" alt=\"\" border=\"0\" height=\"32\" \/><\/a> \t\t<span class=\"pdf24Plugin-cp-space\">&nbsp;&nbsp;<\/span> \t\t<span class=\"pdf24Plugin-cp-text\">Sende Artikel als PDF<\/span> \t\t<span class=\"pdf24Plugin-cp-space\">&nbsp;&nbsp;<\/span> \t\t<input class=\"pdf24Plugin-cp-input\" style=\"margin: 0px;\" type=\"text\" name=\"sendEmailTo\" placeholder=\"Emailadresse\" \/> \t\t<input class=\"pdf24Plugin-cp-submit\" style=\"margin: 0px;\" type=\"submit\" value=\"Senden\" \/> \t<\/form> <\/div>","protected":false},"excerpt":{"rendered":"<p>Einen Online-Vortrag zum Thema &#8222;Verschw\u00f6rungsmythen in Corona-Zeiten&#8220; h\u00e4lt Dr. Michael Blume am Donnerstag, 28. Januar 2021, um 19 Uhr. Der Online-Zugang (https:\/\/youtu.be\/ArUk1NNeByk oder via www.fellbach.de) steht am 28. Januar 2021, ab 19 Uhr, allen Interessierten frei zur Verf\u00fcgung. Eine Anmeldung ist nicht erforderlich. Im Chat ist es m\u00f6glich, Fragen zu stellen. Von der Landeszentrale f\u00fcr [&hellip;]<\/p>\n","protected":false},"author":1,"featured_media":0,"comment_status":"open","ping_status":"open","sticky":false,"template":"","format":"standard","meta":[],"categories":[1],"tags":[],"_links":{"self":[{"href":"https:\/\/www.hohenlohe-ungefiltert.de\/index.php?rest_route=\/wp\/v2\/posts\/27663"}],"collection":[{"href":"https:\/\/www.hohenlohe-ungefiltert.de\/index.php?rest_route=\/wp\/v2\/posts"}],"about":[{"href":"https:\/\/www.hohenlohe-ungefiltert.de\/index.php?rest_route=\/wp\/v2\/types\/post"}],"author":[{"embeddable":true,"href":"https:\/\/www.hohenlohe-ungefiltert.de\/index.php?rest_route=\/wp\/v2\/users\/1"}],"replies":[{"embeddable":true,"href":"https:\/\/www.hohenlohe-ungefiltert.de\/index.php?rest_route=%2Fwp%2Fv2%2Fcomments&post=27663"}],"version-history":[{"count":10,"href":"https:\/\/www.hohenlohe-ungefiltert.de\/index.php?rest_route=\/wp\/v2\/posts\/27663\/revisions"}],"predecessor-version":[{"id":27673,"href":"https:\/\/www.hohenlohe-ungefiltert.de\/index.php?rest_route=\/wp\/v2\/posts\/27663\/revisions\/27673"}],"wp:attachment":[{"href":"https:\/\/www.hohenlohe-ungefiltert.de\/index.php?rest_route=%2Fwp%2Fv2%2Fmedia&parent=27663"}],"wp:term":[{"taxonomy":"category","embeddable":true,"href":"https:\/\/www.hohenlohe-ungefiltert.de\/index.php?rest_route=%2Fwp%2Fv2%2Fcategories&post=27663"},{"taxonomy":"post_tag","embeddable":true,"href":"https:\/\/www.hohenlohe-ungefiltert.de\/index.php?rest_route=%2Fwp%2Fv2%2Ftags&post=27663"}],"curies":[{"name":"wp","href":"https:\/\/api.w.org\/{rel}","templated":true}]}}