{"id":27643,"date":"2021-01-23T12:59:11","date_gmt":"2021-01-23T11:59:11","guid":{"rendered":"http:\/\/www.hohenlohe-ungefiltert.de\/?p=27643"},"modified":"2021-01-23T12:59:11","modified_gmt":"2021-01-23T11:59:11","slug":"lueckenhafter-corona-infektionsschutz-halbherzig-und-kapitalorientiert-kommentar-von-paul-michel-schwaebisch-hall","status":"publish","type":"post","link":"https:\/\/www.hohenlohe-ungefiltert.de\/?p=27643","title":{"rendered":"&#8222;L\u00fcckenhafter Corona-Infektionsschutz: Halbherzig und kapitalorientiert&#8220; \u2013 Kommentar von Paul Michel, Schw\u00e4bisch Hall"},"content":{"rendered":"\n<p><strong>Eines vorweg: Ich bin kein Gegner des Lockdowns. Im Gegenteil: Durch konsequente Lockdowns wurde in Australien und Neuseeland erreicht, dass die Zahl der Corona Infektionen drastisch abgesenkt wurde. Ich bin der Meinung, dass der Lockdown nicht konsequent betrieben wird, weil er einen wichtigen Teil der Gesellschaft weitgehend au\u00dfen vor l\u00e4sst: Die Arbeitswelt.<\/strong><\/p>\n\n\n\n<p><em>Kommentar von Paul Michel, Schw\u00e4bisch Hall<\/em><\/p>\n\n\n\n<p><strong>Trotz Lockdown: Wo stecken sich die Menschen an?<\/strong><\/p>\n\n\n\n<p>Als nach dem Sommer die Infektionszahlen wieder stiegen, wurde der Eindruck erweckt, junge Menschen, die verantwortungslos Party feiern, seien die Schuldigen f\u00fcr diesen Anstieg. Wenig sp\u00e4ter wurde dieses Bild noch erg\u00e4nzt um \u201causufernde\u201d Familienfeiern und \u201cma\u00dflose\u201d private Treffen (hier gern mit sozialer Abwertung: Garagenpartys) als haupts\u00e4chliche Treiber der pandemischen Dynamik. Entsprechend nehmen sich fast alle Ma\u00dfnahmen den privaten Bereich vor: Alkoholverbot, Schlie\u00dfung von Nachtlokalen, Sperrstunden, Einschr\u00e4nkungen von Familienfeiern, sp\u00e4ter dann diverse \u201cLockdowns (light)\u201d.<\/p>\n\n\n\n<p><strong>(Laut-)st\u00e4rkste Interessengruppe<\/strong><\/p>\n\n\n\n<p>Um nicht missverstanden zu werden: Ja, es kommt aktuell auch auf individuelles Verhalten an: auf Abstand halten, auf Hygieneregeln, auf Kontaktreduzierung im Alltag. Irritierend aber ist: Bisher ist bei der Identifizierung m\u00f6glicher Infektionsherde das verarbeitende Gewerbe, also vor allem die Industrie ein absolutes Tabu. Dass dem so ist, hat wohl damit zu tun: Das Lager der Unternehmer ist die (laut-)st\u00e4rkste Interessengruppe in der Gesellschaft. Das zeigt Wirkung. Die Haltung des politischen F\u00fchrungspersonals und der tonangebenden Medien brachte Wirtschaftsminister Peter Altmaier im November 2020 anl\u00e4sslich einer Diskussion um strengere Auflagen f\u00fcr die Bereitstellung von Home-Office-Arbeitspl\u00e4tzen auf den Punkt: \u201eArbeit im Homeoffice muss Sache der Firmen und ihrer Mitarbeiter bleiben.\u201c<\/p>\n\n\n\n<p><strong>Corona- Infektionen in den Betrieben \u2013 ein Tabu<\/strong><\/p>\n\n\n\n<p>Dementsprechend ist jegliche Diskussion \u00fcber die Zust\u00e4nde in der Arbeitswelt tabu. Es gibt so gut wie keine Untersuchungen dazu, welchen Anteil Infektionen, die am Arbeitsplatz weitergereicht werden, am gesamten Infektionsgeschehen haben. Corona-Ausbr\u00fcche in Betrieben werden \u00fcberaus diskret behandelt und nach M\u00f6glichkeit vor der \u00d6ffentlichkeit geheim gehalten. Dabei gab es durchaus eine Reihe von Corona-Infektionen in Betrieben. Und zwar nicht nur in der Fleisch verarbeitenden Industrie. Im Logistikzentrum von Amazon in Garbsen bei Hannover haben sich 250 MitarbeiterInnen mit dem Coronavirus infiziert. Die Gewerkschaft Verdi geht von mehreren hundert Kolleginnen und Kollegen aus, die sich bei der Arbeit in den Lagerhallen mit COVID-19 infiziert h\u00e4tten. Auch 61 der rund 250 Besch\u00e4ftigten im Amazon-Verteilerlager in Bayreuth haben sich infiziert. Das gab das \u00f6rtliche Landratsamt bekannt. Das Landratsamt verf\u00fcgt aber nur \u00fcber Informationen zu Mitarbeitern, die in Stadt und Landkreis Bayreuth leben. Ob dar\u00fcber hinaus \u00fcberhaupt weitere Amazon-Angestellte des Standorts in Oberfranken positiv getestet wurden, blieb offen. Offenbar war das f\u00fcr das \u00f6rtliche Gesundheitsamt kein Grund genauer hinzusehen. Die Presse meldete: \u201eDer Online-H\u00e4ndler selbst macht \u2013 unter Verweis auf den Datenschutz \u2013 keine Angaben zur Anzahl seiner infizierten Angestellten.\u201c<\/p>\n\n\n\n<p><strong>Ein absoluter Skandal, aber kaum jemand regt sich auf!<\/strong><\/p>\n\n\n\n<p>Auch bei Audi in Neckarsulm kam es zu Infektionen von Mitarbeitern. In der Rhein-Neckar-Zeitung (RNZ) war am 5. Januar 2021 zu lesen: \u201eNach Informationen, die der RNZ aus Mitarbeiterkreisen vorliegen, sollen sich vor allem Angestellte aus der Fertigung mit dem Virus infiziert haben.\u201c Diese Meldung schaffte es aber nicht in die \u00fcberregionalen Medien. Warum wohl? Ein Schuft, der B\u00f6ses dabei denkt!?<\/p>\n\n\n\n<p><strong>Mein Name ist Hase\u2026.<\/strong><\/p>\n\n\n\n<p>Es ist kein Zufall, dass es zum Infektionsgeschehen am Arbeitsplatz kaum belastbare Daten gibt. Kein Wunder, die Gesundheits\u00e4mter verzichten darauf, die erforderlichen Daten zu erheben. Die \u00bbAugsburger Allgemeine\u201c berichtet: Das Gesundheitsamt wird gem\u00e4\u00df den bestehenden Regelungen nur \u00fcber Betroffene informiert, die im Landkreis leben. Fragt man die Beh\u00f6rden nach der Zahl von infizierten oder in Quarant\u00e4ne befindlichen Besch\u00e4ftigten in verschiedenen Branchen, bekommt man etwa vom Bayerischen Landesamt f\u00fcr Gesundheit und Lebensmittelsicherheit die Auskunft: \u00bbDie Gesundheits\u00e4mter sind gehalten, m\u00f6glichst detailliert bekannte Infektionsquellen an uns zu \u00fcbermitteln. Die Angabe des Berufs ist nach Infektionsschutzgesetz jedoch nicht vorgesehen. Anl\u00e4sslich von Corona Infektionen Logistikzentrum Graben bei Augsburg sagte die Verdi-Sekret\u00e4rin Sylwia Lech: \u00ab Das Einzugsgebiet der Amazon-Besch\u00e4ftigten reiche \u00bbvom Allg\u00e4u bis nach M\u00fcnchen\u00ab. Die Mitarbeiter w\u00fcrden von unterschiedlichen \u00c4mtern abgedeckt, ein Corona-Hotspot falle deshalb nicht sofort auf. \u00bbDie Gesundheits\u00e4mter m\u00fcssten landkreis\u00fcbergreifend besser zusammenarbeiten\u00ab, fordert sie.<\/p>\n\n\n\n<p><strong>Genauer hinschauen<\/strong><\/p>\n\n\n\n<p>Ohne die systematische Erfassung von Branche oder Beruf f\u00e4llt es aber schwer, bei Infektionen irgendwo H\u00e4ufungen zu erkennen. Damit w\u00e4re zwar immer noch nicht klar, ob sich jemand tats\u00e4chlich am Arbeitsplatz angesteckt hat, aber es w\u00e4re ein Anhaltspunkt, um genauer hinzuschauen. Bei Einrichtungen, die \u00bbf\u00fcr den Infektionsschutz relevant\u00ab sind, wie Altenheime, Sammelunterk\u00fcnfte, Krankenh\u00e4user oder Schulen gibt es Meldevorgaben \u2013 und entsprechend Daten und eine \u00f6ffentliche Debatte. Warum soll das nicht auch f\u00fcr alle Bereiche m\u00f6glich sein? In Slowenien ist das der Fall. Hier ver\u00f6ffentlicht das Nationale Institut f\u00fcr \u00f6ffentliche Gesundheit regelm\u00e4\u00dfig Daten zu Infektionsorten. Ende November 2020 lag hierbei der Arbeitsplatz mit 25 Prozent vor dem privaten Haushalt mit 23 Prozent Anteil am Infektionsgeschehen (siehe <a rel=\"noreferrer noopener\" href=\"https:\/\/www.freitag.de\/autoren\/der-freitag\/die-wirtschaft-ist-sicher\" target=\"_blank\">https:\/\/www.freitag.de\/autoren\/der-freitag\/die-wirtschaft-ist-sicher<\/a>).<\/p>\n\n\n\n<p><strong>H\u00f6chstes Risiko bei Industrie-Besch\u00e4ftigten in Leiharbeit<\/strong><\/p>\n\n\n\n<p>Die wenigen punktuellen Untersuchungen, die es in der Bundesrepublik Deutschland (BRD) gibt, zeigen, dass aus den Betrieben durchaus Gefahr droht. Eine Studie der Krankenkasse Barmer, die im vergangenen Jahr untersuchte, in welchen Berufen das Risiko, an Covid-19 zu erkranken, am h\u00f6chsten ist, kam zu dem Ergebnis: \u201eDas h\u00f6chste Risiko wurde unter den Besch\u00e4ftigten in Leiharbeit im industriellen Bereich sowie in der Post- und Logistikbranche beobachtet\u201c. Zudem sei zu bef\u00fcrchten, so die Autoren weiter, \u201edass es in dieser Gruppe weitere Erkrankungsf\u00e4lle gab, die jedoch aus Angst vor dem Verlust des Arbeitsplatzes nicht zu einem Arztbesuch f\u00fchrten\u201c. J\u00f6rg Boewe nennt im \u201eFreitag\u201c eine interne Studie, \u00fcber die in den anderen Medien allerdings nicht berichtet wird. Darin geht es um ein gro\u00dfes Automobilwerk, zu dem eine interne Auswertung vorliegt. Diese listet f\u00fcr Ende November 2020 \u201eaktive F\u00e4lle\u201c \u2013 das entspricht 0,41 Prozent der insgesamt 17.000 Besch\u00e4ftigten am Standort. Handelt es sich dabei vielleicht um Audi Neckarsulm?<\/p>\n\n\n\n<p><strong>Kontrolle? Fehlanzeige!<\/strong><\/p>\n\n\n\n<p>In der Bundesrepublik gibt es zwar Auflagen zur Einhaltung von Corona-Schutzma\u00dfnahmen in den Betrieben. Staatliche Kontrollen der Gewerbeaufsichts\u00e4mter zur Umsetzung des Infektionsschutzes finden in Betrieben kaum statt. Drei Jahrzehnte Neoliberalismus haben ihre Spuren hinterlassen. Eine Anfrage der Bundestagsabgeordneten Jutta Krellmann (Die Linke) im Sommer 2020 ergab: Die Anzahl der Betriebsbesichtigungen hat sich zwischen 2008 und 2018 halbiert: Wurden Betriebe damals im Schnitt noch alle 11,8 Jahre \u00fcberpr\u00fcft, gab es 2018 Kontrollen nur noch alle 25 Jahre. Selbst da, wo Mitarbeiter der Beh\u00f6rden willens w\u00e4ren, solche Kontrollen durchzuf\u00fchren \u2013\u00a0sie sind dazu nicht in der Lage. Mehrere leitende Mitarbeiter aus Beh\u00f6rden in drei Bundesl\u00e4ndern sagten \u201eBuzzFeed News\u201c (<a rel=\"noreferrer noopener\" href=\"https:\/\/www.buzzfeed.de\/buzz\/gefaehrliche-arbeitsplaetze-werden-in-der-corona-krise-extrem-selten-kontrolliert-90142878.html\" target=\"_blank\">https:\/\/www.buzzfeed.de\/buzz\/gefaehrliche-arbeitsplaetze-werden-in-der-corona-krise-extrem-selten-kontrolliert-90142878.html<\/a>) in den vergangenen Wochen, dass die Anzahl der Kontrollen in den vergangenen Wochen massiv zur\u00fcckgegangen sei. \u201eIch h\u00e4tte gro\u00dfe Lust, bei Amazon eine Begehung zu machen\u201c, sagt ein leitender Arbeitssch\u00fctzer, der daf\u00fcr zust\u00e4ndig ist, Beamten bei solchen Betriebskontrollen anzuleiten. \u201eAber personell ist das im Moment nicht m\u00f6glich.\u201c<\/p>\n\n\n\n<p><strong>Systematisches Nicht-Wissen-Wollen<\/strong><\/p>\n\n\n\n<p>Angesichts solch haarstr\u00e4ubender Unt\u00e4tigkeit der Beh\u00f6rden bei der Nachverfolgung von Corona-Infektionen in den Betrieben dr\u00e4ngt sich der Verdacht auf, dass es sich von Seiten der Beh\u00f6rden und der politischen Verantwortlichen um ein systematisches Nicht-Wissen-Wollen handelt. Es wird Zeit, dass diese Gef\u00e4lligkeitspolitik gegen\u00fcber dem Unternehmerlager endlich Thema \u00f6ffentlicher Debatten wird.<\/p>\n<div class=\"pdf24Plugin-cp\"> \t<form name=\"pdf24Form0\" method=\"post\" action=\"https:\/\/doc2pdf.pdf24.org\/wordpress.php\" target=\"pdf24PopWin\" onsubmit=\"var pdf24Win = window.open('about:blank', 'pdf24PopWin', 'resizable=yes,scrollbars=yes,width=600,height=250,left='+(screen.width\/2-300)+',top='+(screen.height\/3-125)+''); pdf24Win.focus(); if(typeof pdf24OnCreatePDF === 'function'){void(pdf24OnCreatePDF(this,pdf24Win));}\"> \t\t<input type=\"hidden\" name=\"blogCharset\" value=\"Cw1x07UAAA==\" \/><input type=\"hidden\" name=\"blogPosts\" value=\"MwQA\" \/><input type=\"hidden\" name=\"blogUrl\" value=\"yygpKSi20tcvLy\/Xy8jPSM3LARK6pXnpqWmZOSWpRSV6KakA\" \/><input type=\"hidden\" name=\"blogName\" value=\"88jPSM3LARK6pXnpqWmZOSWpRSUA\" \/><input type=\"hidden\" name=\"blogValueEncoding\" value=\"gzdeflate base64\" \/><input type=\"hidden\" name=\"postId_0\" value=\"MzI3MzEGAA==\" \/><input type=\"hidden\" name=\"postTitle_0\" value=\"U1O2MDIysvY5vCc5OzUvIzGtJLVIwTm\/KD8vUdczLy01uyQzP6+4ODmjtKTKSsEjMScpI7WoKjNdoTQvRSE7sSCzJDEnvygzNa8kM7WoRA1kmoG1wqOGyQre+bm5QOHEIoWy\/DyFgMTSHAXfzOSM1BwdheDkjPLDS5IygcaCjMwBAA==\" \/><input type=\"hidden\" name=\"postLink_0\" value=\"yygpKSi20tcvLy\/Xy8jPSM3LARK6pXnpqWmZOSWpRSV6Kan69gW2RuZmJsYA\" \/><input type=\"hidden\" name=\"postAuthor_0\" value=\"S0zJzcwDAA==\" \/><input type=\"hidden\" name=\"postDateTime_0\" value=\"MzIwMtQ1MNQ1MlYwNLIyMLQyNAQA\" \/><input type=\"hidden\" name=\"postContent_0\" value=\"vVpNcxtHkr3Pr6jRiYoAQFI73tEwZClAUxJl62tE2YrQZaOaXeguoz8wVdXECicf9h9sxJxmRnNgzMV3XcyT8E\/8S\/a9rGqgQcMzsREb6wjbJNBdlZX58uXLLP7mweLhAx9c2xQPH9vGeHXVuqUpTtSzy1JltlFzg\/88NUVjnMrx\/fP2cp63y8ZP1LOaX5gmGFudqLPO4ZV523jzp44fbh9Vy87lRmGhaYfNdGVNo7omVy9N542pNH40zhl7WYaRyrX3KrdGvddlhT2d+qqFgVo9a2ZmHmzb4O3caR+sx446K4w3zTzEXSYby\/nmC1jfNUW\/KD7pjVINdxvYqzITnDUZFl9al4\/UEseCWQpLyGd43OK06i0\/51JPsW9VwQY9C3w6FKY0OIru1h\/xHDypqvW19wHOwXGmLsMzfmmqMHlwmJz+4HDx8Df4h3Ew9cNv2rqGLdrh7Ua91l2lXmBjU43UxWW5XF9ncuZzXVUPDvH88PW04lvXhtXmmCfqXat8MJdzWOSxlHj2hWmwDD7RzaN9pkwrrxrNh02tLmiTk\/c2EfArxEa8YugJhIJAGKVA8yOgKXfd5RweXGJ3xPV7BGK79UgWvDJON2HZuoAvfdV6nNmFD2pmrHF4xhtChU\/i+F2VSwBm6xsxB1FX00b2nqh3prGF8ov1dcDuyQ4+49WprXLVtDiOccX6ulkF1dXq5x\/+ojvfzbBPbn7+4a\/qia4tkRn3FnzimVqvP8IueWLh7JUGsN86M5th84MST6qCT9c2KN+urK7wyTRbGjnRiXqqnYbNC57K31Uaji11twh+fX1ZVgwtV7OZZJdTC6SCqW0MztmHBibNJ+pxE\/zCmUtBV2PKuo\/lDEmANSu4FWY2Wr7J8W+ytFGnRtKKYDxR02relm0Fp2dtEEThvOuPMFTg9hIRD1U7xxng+osFUtLjFDl\/QzhhlIP35gxjIy\/semy08X6uGwYN+3hDH26J4KCyRRnuwpmTPdA9eK67ML7rw\/razQFa4A3LGY9AF65bLMw+rH5bp1SG2zy3DPRho1YdchIoQAp8rUcKOJgDyHDXPHRIW2QpyaObgZZgqs35IR76zrhSV0Fy40S+n2aypIofj+Sz8w8Fzg3bClOlj75pkbfz4EzereAOOtXWcHkVNOD5zDkLoDrhB0bbkhZOrS\/jz2AfKwh4BouDndl+jXr9qRCcuEH2lUbgrb0kkPAKFjZgJBw5MyPirBUCIjjqlLs5yRc\/kdF15tuqCzjwW511E3UW+bEGiGnOCKcFp7UkYE1sw5uAwgmfU8+B6AjXbxkfAWQ8BPc5qP5FEFXi5iF9igFqZWwR1DvriLGJkCaYjokkpWfRVjak3HiyvinpHw+UehQH5BUTlusG\/AqIZkZg8MLkpJDMEdyGi4e4pa9tA5vxwmvD\/06rUGvmM6L2sr0yNaN07+jeEYAgNM4oSDFwsMzPO+8RCjIJvIqz4Ywob7NKDykq5l\/ANlXVp9l5W5vxq9nMXppxqgkLbBBWxByARKtfdyhoJ8idv8UnaBTfa+U1VWNzdaHJHjzxE+vqVFFt6Vj2bEiocCqrSC\/NBHm4J+ViaR3v1FYbOeR0Uw9\/\/uG\/BTSEyr4UPDMsWluKIhS+NxG2Q1+tb7JUSN53xEeTb8AwKI4qCCIfe1XYjKyqii6w0ogWMRF0HtkbiSjXq47FuhJcTEWNDI8TC42u1cbXGvVxKc4pIjuGxBQjPgY1oWvm\/zbd8BEW5\/KlpiuTIBlDzWRufcNT2qG\/4mrxuKgxMMDPnWGOl+QmHJGhkgL7IqX3nEFmwtIZ6z+zvITN59QVlpZFCmKykC4KnZHWcgovbiPeeWMszCHOkpG3IruxcgJH5mq1hNaI\/Nl0ro\/GE2CGOmOHXZothYj2e94WCLSdA7fBIQ2457TWq1b2QeHLWKBp6DnqATLKRffF0nXvi6MhTJ81tI9MQxKKpl9Zh1PZJpJhiIQgFDdPogtknVv6JcjutSH6GSZWLRfAyaC\/wsradHn8XfLMR1yILT339rkW8S80V5JAo2Ffvfru2dn4+A9bi1SJtJWATFlM\/v1YVnHcicc7JWzW1zPIRuKJ1UDcM4bZRKlxlTApo6I\/ONOFcuih4cFBjow2GX\/9yYWYWc8BJqcD4YojzOHk9OjwC7gdZARalarDGMcsBCxaV+sEDND7IBgpZ2DXRdB5RCvXBIit39paRRi9ol0urlrahkiUX0TnpEQz\/dGnyFlhw2CE0y9YWiH\/GGesBGMhCKlVF60H2V8huIEvJHUPyzIojky1zBDszf9lgDBhTO9E4t1xE+oMDlAy9+mQ2NBIkIAE3UWrV2hESkktHPy1lCvAqcqxu9DwGR571VTIsPE5iYsyD+UL0kDVrCzCkR2ZiaBc0k89l59RiAEJHWiHT0UWgyMk1CtEZNpQTlPsNgKHFHehs427fo3BHw+quVMXgEGu0S5IuOcaefm9qSlfoFVCBBYM++1e1d+lXJh2yCos+xLCXYNqqxor1eQa4GTIJ0y6IW7AC5FA3sDdzTi+P36PL1n8Dt68fH9XIoXFvphAljWdlhp7zIUrCnpxNoXoLkAjIGXll++ZvcNtBZax4apSH+JbSVufpG+SQUPwCS+T6uBoW4jSSuTz3S7tJM6H84kNzw6myvm8cNAMS8EvMbmERm3sVyQF4HNLcbLRIehTNLmSyuoRRbX0NTN2vVjgdP2J\/UquIyFBAvz20Z6Is6mFWK+NFNpzzebkH3tbStRQPiKQf9\/N4IXUCUso670l7nalFAxlaNJ9QKKZCGcpzRP1DRd+J2QbIzTItfV1TUCCf1b0i1RqVMNZfBCJ3iKfnaRoyhGCALQRWYV5+PmnaVf4rGOdppIuoDOQIgwFnCurhihJb+U4G3hkd72+Xn+UHMwY9zJWsTcU7VE7bOmQZVE4hbRH4DH0iQbrAfklznuCro6Z3ySRV4JuuHZqml2cXVxJKdxmc5tHtv8jYI+2FzxiYNkMDUhyw+2K0dB9+IhdNvPtFK\/F5hl8L90MTTBhqbFXTWaGW6JApsmiZCIlbh0U2ZzHgAJG9aq8dBfyFQ8DUQP5PYNjP\/90tjek3gp39v1Q36FQ\/5ugbVVJ2qSKNBwa\/El6LHZWMELIRJwfzUgxj7wotQHauZtFBDeJEdJCkU059wFAvzc5e\/uYfUh2fixUPh3o9q0g2iGw2xrmqRNSjiQYoac8Qi2zhCg3xheGYg7dDbP3Q7W0Gu68LOGvHwWLj1lNCmRUZk2IuiLWvlvRFelJkDN0RPf6ulOZ9b0wvJFQf\/4x+mUo6ZeIaJ7oV2pOhEgC0fq\/GKVGBmN5HL0wTZMcPG+R2C1QIWMDuBlhzJLzfAvkB9aHya8Gv17feE\/zqz4nJIYFfppR+2csnQ6xBfbQFfTy8fOPIxUznkXI7Ov+n26rMam1M80+SntVNjEY\/gPMYH0g3tVjNwOv9S1WypOYcAIjZME1eH\/D1XhpSdJipHcUMuDT5MtWocp3s8gSQkvQJE2U3qwTS4TfRPFsZTrWbCE4rzQWbrNYfVL1DXo78vkFxepYlxAqtt2pdsPSuAuDN22YbX7BtnDEnnNXukR3TXBUS\/gJNYrtkcE+\/xRl0U5TkxSJM5W5AhkBvMzrkTRaU2Y2ew4zQpuJA1YCszkwiYI3Ut9EkQYwdwy2uFkGdKky0HiWScN01H0LSeLZ6RMj68vHlETrT5u2B2XGZBq00BdMFnTRddHHMryRQwmM05TLbLhItNQjqpGLql2ahiMAGVDoVPXx2kSd21igBhvHR16K7EDdxgqgh9AlFt2xcECpMgeSamOLbS3b+rp10iU8ZsO7O1tAB6A4RdxtQRIuiLR7X0COtuSn1B7W2+HeOUQMcREf\/LfNg6kJ1vsL\/AHyD+Y\/0Iz9l3ea1pkZpQpB3C441bqj0EfNvrxThrDwJ4eHy+VyMuMcQxeT3BzqLuCd5hD2jtPHh4DZeLmZrYzh63GsK3cAfeRU+PLOf2SgjPmdh\/8Xqz441A\/v7iOR8\/UnViLg7431dt6mBE996\/iXBfY5+uVIUnsnG0gGwoc0IMmXKtjuDCJJGt+3z6dURN6ZRYdmZQ4odzyBXHMcnL45uys5MpJxl7xMRRb16HCKsOnrn5qZLhF615bQXLymQdvU9YI45eJcs2U51a7utRh0C7BdkFzIbF9zja63m1lsm83YRDhSJFrvuBGr9Fftlc3Z8kYKjDvJlKRMfm7itJDtAZ4hOh8j2lljfWybsF7\/aB+ROJuPvVK+V\/RsY8JD2D564vl+oO3bpd1Mj163QEYUNqmgZ6kCZKbNZPIXoBonEMEy4wQmYC2kF5JatCk7hqR+BIWpbR3xDL1gjsKefPc0zjH71vZx9AynkVJlDHv1GIOkTRhFCBu\/zWFIiaoTxeR3ct70DEePI9KsFKuAopoIrySTyFG+huQs1GlrlkYhvo34CuY+iblDkSysauOMNkFmNBjCpTkHhaLbTkpJqJA5sDZZspHaIqtZAal8ZOgCa8HNLFCFa9cfeRb4r24zW3FKM+oxsWMIBGa6Huk7tjjaAXwrK62+cO0essTpNNjsyqgn4meekYWFqI2FRQw+Gv3ueMOFUXL7ONVTx7+fHB39YjID8PZziAmHVTKiw2HifZl0Y1cCP1keJ5YGedsd72vSeB3g2IU+QovJ3Jds39t3P9vLGn0dFZGxGSxzXAAGKNNYfDDnu5B6Xm\/vgW6PcSc8pE7Fa2NeP4uXiwMoP555I\/a427c1VXY\/g7+tH\/AR+5dbs8XYNHqIHoYWgBT2WZmS\/cBL01a88NKIdt35NPLi4FpdLDoZ3wlUKjJakwhv2sx4kTZwFDDuKXEhKhvDKH7dhaBBhwhUzQuoA5L3cwvKusvUSNeYAiTSYpZuZePsJU89IMz3yLZ42RvlH29CBAmrZeqt7h0d3Re2uXd0fJ\/3Qhk7nhN0wm7ocV6d8GKCm1+WDbqcKBNFshwfj+6LV9KoYOHWN5wDpKGurDwIEjvV7csQBfIqQhpnULmGcGt3moR4or4xXVoukyRlHJDchgHLzaoTjomC7fPfvUxIea+ikcnb+Qbv0RGNCThDJq5oi9MN1NACst7WAr5HJMToVTL9R5ci3RW3+9tpt1o9MYZ\/FbD0TO2D\/6VEybDADAtQTfDnwwKFEwYK4sd6w7KAM2SFzOjHthlTcFzGHJqjezZj85\/BmXrsDVXweJ5cxBCP\/3B0\/Lt7939\/f1KGuvrn0ub\/2xqRRH3SDwv\/uzbdt\/d\/VzGA\/CD+v\/qmqvGivSIZrG8u54WJ37OKThg3\/r1FHISnKqCed9QE0kTH+wDh\/1OIZOolFgXOTKWOjQQAUkJ6DG1EMDn6Bt5xcTqWa6kLq3R1BKUt0uPUxOsabhdRvclAP98eDwTcxR3E6CmLSrw75GVw3xsgVV+0vMzq75RTP\/Ers9eLYQ+KtoHvjN9Z8tb4ney7d87Kdk9oNhoMBkEdCQ7dVBYd8C2HQyAguf3ZTeS+UeCMlLP9tipuFYJ\/epWX8wq\/HwTncVqd69hSzbbDQd\/PTC7EZbds6G9ahxey323+kiONIZIw8P\/SRSpdismVn0zuODDe4tWz1RJhFR3i47aokJz1JjkDkTG4jI73KibO1dTbEgbs9G6uby\/j3\/rERuJ\/AA==\" \/> \t\t<a href=\"https:\/\/www.pdf24.org\" target=\"_blank\" title=\"www.pdf24.org\" rel=\"nofollow\"><img src=\"https:\/\/www.hohenlohe-ungefiltert.de\/wp-content\/plugins\/pdf24-post-to-pdf\/img\/pdf_32x32.png\" alt=\"\" border=\"0\" height=\"32\" \/><\/a> \t\t<span class=\"pdf24Plugin-cp-space\">&nbsp;&nbsp;<\/span> \t\t<span class=\"pdf24Plugin-cp-text\">Sende Artikel als PDF<\/span> \t\t<span class=\"pdf24Plugin-cp-space\">&nbsp;&nbsp;<\/span> \t\t<input class=\"pdf24Plugin-cp-input\" style=\"margin: 0px;\" type=\"text\" name=\"sendEmailTo\" placeholder=\"Emailadresse\" \/> \t\t<input class=\"pdf24Plugin-cp-submit\" style=\"margin: 0px;\" type=\"submit\" value=\"Senden\" \/> \t<\/form> <\/div>","protected":false},"excerpt":{"rendered":"<p>Eines vorweg: Ich bin kein Gegner des Lockdowns. Im Gegenteil: Durch konsequente Lockdowns wurde in Australien und Neuseeland erreicht, dass die Zahl der Corona Infektionen drastisch abgesenkt wurde. Ich bin der Meinung, dass der Lockdown nicht konsequent betrieben wird, weil er einen wichtigen Teil der Gesellschaft weitgehend au\u00dfen vor l\u00e4sst: Die Arbeitswelt. Kommentar von Paul [&hellip;]<\/p>\n","protected":false},"author":1,"featured_media":0,"comment_status":"open","ping_status":"open","sticky":false,"template":"","format":"standard","meta":[],"categories":[1],"tags":[],"_links":{"self":[{"href":"https:\/\/www.hohenlohe-ungefiltert.de\/index.php?rest_route=\/wp\/v2\/posts\/27643"}],"collection":[{"href":"https:\/\/www.hohenlohe-ungefiltert.de\/index.php?rest_route=\/wp\/v2\/posts"}],"about":[{"href":"https:\/\/www.hohenlohe-ungefiltert.de\/index.php?rest_route=\/wp\/v2\/types\/post"}],"author":[{"embeddable":true,"href":"https:\/\/www.hohenlohe-ungefiltert.de\/index.php?rest_route=\/wp\/v2\/users\/1"}],"replies":[{"embeddable":true,"href":"https:\/\/www.hohenlohe-ungefiltert.de\/index.php?rest_route=%2Fwp%2Fv2%2Fcomments&post=27643"}],"version-history":[{"count":9,"href":"https:\/\/www.hohenlohe-ungefiltert.de\/index.php?rest_route=\/wp\/v2\/posts\/27643\/revisions"}],"predecessor-version":[{"id":27652,"href":"https:\/\/www.hohenlohe-ungefiltert.de\/index.php?rest_route=\/wp\/v2\/posts\/27643\/revisions\/27652"}],"wp:attachment":[{"href":"https:\/\/www.hohenlohe-ungefiltert.de\/index.php?rest_route=%2Fwp%2Fv2%2Fmedia&parent=27643"}],"wp:term":[{"taxonomy":"category","embeddable":true,"href":"https:\/\/www.hohenlohe-ungefiltert.de\/index.php?rest_route=%2Fwp%2Fv2%2Fcategories&post=27643"},{"taxonomy":"post_tag","embeddable":true,"href":"https:\/\/www.hohenlohe-ungefiltert.de\/index.php?rest_route=%2Fwp%2Fv2%2Ftags&post=27643"}],"curies":[{"name":"wp","href":"https:\/\/api.w.org\/{rel}","templated":true}]}}