{"id":27622,"date":"2021-01-17T12:22:33","date_gmt":"2021-01-17T11:22:33","guid":{"rendered":"http:\/\/www.hohenlohe-ungefiltert.de\/?p=27622"},"modified":"2021-01-17T12:22:33","modified_gmt":"2021-01-17T11:22:33","slug":"mit-dem-green-new-deal-wird-alles-besser-corona-und-linke-kritikunfaehigkeit-informationen-von-attac-diskussion","status":"publish","type":"post","link":"https:\/\/www.hohenlohe-ungefiltert.de\/?p=27622","title":{"rendered":"&#8222;Mit dem Green New Deal wird alles besser? \u2013\u00a0Corona und linke Kritik(un)f\u00e4higkeit&#8220; \u2013 Informationen von &#8222;Attac-Diskussion&#8220;"},"content":{"rendered":"\n<p><strong>Ist die gesellschaftliche Linke straatstreu geworden und reiht sich ein ins &#8222;Gemeinsam gegen Corona&#8220;? Wir suchen kritisch-solidarische Perspektiven &#8222;von unten&#8220; gegen die Alternativlosigkeit &#8222;von oben&#8220;. Eine Online-Veranstaltung dazu findet am Montag, 18. Januar 2021, um 19 Uhr statt.<\/strong><\/p>\n\n\n\n<p><em>Informationen zugesandt von Hans A. Graef, Schw\u00e4bisch Hall<\/em><\/p>\n\n\n\n<p><strong>Begr\u00fcndete Hoffungen oder illusion\u00e4re Versuche?<\/strong><\/p>\n\n\n\n<p>Jeden Montag, um 19 Uhr diskutieren Anne Seeck, Peter Nowak, Gerhard Hanloser und Elisabeth Vo\u00df mit G\u00e4sten, diesmal zum Thema: &#8222;Mit dem Green New Deal wird alles besser?&#8220; Vor Corona sind nicht alle gleich, im Gegenteil. Globale Finanzakteure und Digitalkonzerne geh\u00f6ren zu den Profiteuren und versch\u00e4rfen die Situation derjenigen, die ohnehin benachteiligt sind. Wir stellen Alternativen vor, die als Green (New) Deals diskutiert werden. Stecken begr\u00fcndete Hoffungen darin, oder sind es illusion\u00e4re Versuche, den Kapitalismus mit Greenwashing zu retten?<\/p>\n\n\n\n<p><strong>L\u00e4sst sich f\u00fcr heute daraus lernen?<\/strong><\/p>\n\n\n\n<p><strong>Martina Gro\u00df<\/strong> berichtet, wie Pr\u00e4sident Franklin D. Roosevelt in den 1930er Jahren in den USA die Wirtschaftskrise mit dem New Deal \u00fcberwand. L\u00e4sst sich f\u00fcr heute daraus lernen?<\/p>\n\n\n\n<p><strong>Bruno Kern<\/strong> wirft einen kritischen Blick auf den Green Deal der Europ\u00e4ischen Union. Geht der nur nicht weit genug, oder in die vollkommen falsche Richtung?<\/p>\n\n\n\n<p><strong>Maike Wilhelm<\/strong> stellt den Green New Deal von DIEM25 vor, der sich am Modell von Alexandria Ocasio-Cortez und Bernie Sanders in den USA orientiert. Wie viel Roosevelt steckt da drin und gibt es \u00dcbereinstimmungen mit der EU? Was sind die Unterschiede?<\/p>\n\n\n\n<p><strong>Eine Anmeldung ist nicht erforderlich, kommt einfach in den BigBlueButton-Raum:<\/strong><\/p>\n\n\n\n<p><a href=\"https:\/\/vk1.minuskel.de\/b\/ste-zwy-d92-c73\">https:\/\/vk1.minuskel.de\/b\/ste-zwy-d92-c73<\/a><\/p>\n\n\n\n<p>Ihr m\u00fcsst der Aufzeichnung zustimmen, wir nehmen aber nur den ersten Teil mit den Inputs auf.<\/p>\n\n\n\n<p><strong>Alternativ k\u00f6nnt Ihr auch per Telefon teilnehmen:<\/strong><\/p>\n\n\n\n<p>+49-30-80949510 \/ Dann bitte nach Aufforderung die PIN 24811 eingeben.<\/p>\n\n\n\n<p><strong>Information zu den Themen der bisherigen Veranstaltungen sowie Videoaufzeichnungen gibt es im Internet:<\/strong><\/p>\n\n\n\n<p><a href=\"https:\/\/vimeo.com\/user14565390\" target=\"_blank\" rel=\"noreferrer noopener\">https:\/\/vimeo.com\/user14565390<\/a><\/p>\n\n\n\n<p><strong>Solidarisch Wirtschaften f\u00fcr eine Welt ohne Grenzen:<\/strong><\/p>\n\n\n\n<p>Telefon: 0049 &#8211; (0)30 &#8211; 216 91 05 (AB)<\/p>\n\n\n\n<p><strong>Internet:<\/strong> <a href=\"http:\/\/www.elisabeth-voss.de\">www.elisabeth-voss.de<\/a><\/p>\n<div class=\"pdf24Plugin-cp\"> \t<form name=\"pdf24Form0\" method=\"post\" action=\"https:\/\/doc2pdf.pdf24.org\/wordpress.php\" target=\"pdf24PopWin\" onsubmit=\"var pdf24Win = window.open('about:blank', 'pdf24PopWin', 'resizable=yes,scrollbars=yes,width=600,height=250,left='+(screen.width\/2-300)+',top='+(screen.height\/3-125)+''); pdf24Win.focus(); if(typeof pdf24OnCreatePDF === 'function'){void(pdf24OnCreatePDF(this,pdf24Win));}\"> \t\t<input type=\"hidden\" name=\"blogCharset\" value=\"Cw1x07UAAA==\" \/><input type=\"hidden\" name=\"blogPosts\" value=\"MwQA\" \/><input type=\"hidden\" name=\"blogUrl\" value=\"yygpKSi20tcvLy\/Xy8jPSM3LARK6pXnpqWmZOSWpRSV6KakA\" \/><input type=\"hidden\" name=\"blogName\" value=\"88jPSM3LARK6pXnpqWmZOSWpRSUA\" \/><input type=\"hidden\" name=\"blogValueEncoding\" value=\"gzdeflate base64\" \/><input type=\"hidden\" name=\"postId_0\" value=\"MzI3MzICAA==\" \/><input type=\"hidden\" name=\"postTitle_0\" value=\"LY1NCsIwFAav8oEQdCFIVkIXIhakiN4hmld9JH2B\/Nitd\/ACLjyJ3sST2KLrYWbUZKm1rvacYanDNhIJDtSjJuPRc7Qw3lPCkVKiuMLndn89NiEGMShi4VkcYRc5s5sWmbXv54XPjjirMb2oRgONtCF2JnOQoX8NAvUbr3M2p3nNyZWUBvqXvg==\" \/><input type=\"hidden\" name=\"postLink_0\" value=\"yygpKSi20tcvLy\/Xy8jPSM3LARK6pXnpqWmZOSWpRSV6Kan69gW2RuZmRkYA\" \/><input type=\"hidden\" name=\"postAuthor_0\" value=\"S0zJzcwDAA==\" \/><input type=\"hidden\" name=\"postDateTime_0\" value=\"MzIwMtQ1MNQ1NFcwNLIyMLQyNgYA\" \/><input type=\"hidden\" name=\"postContent_0\" value=\"jVZNbxs3EL33VwxcoEhQfdtOLcexIdeO4yROgjhOjgUlze6y4pICyZVa\/5YCvfg35OSb\/ljfcFe2kuoQH2TtcsiZee\/No346mh8fheidzY8vQ6SpZso5sDFhUqgsGj0pmN5qO2NCmFIRn1whZun8lC1VdkqedREpIJRYW9I20C8\/HwwGg+cXXOJNUCU25Ij+3SGTSou95yf0RXsKFTJYmnkdNXK2gzN6qrx8Z\/rAPsx5FvUCIc2ZCydZI9vmmOZoqXxkInurEG5c0PmMddzc5cYPmzp0ri3Te2vwr\/2ZvbIhKhMrm9NU3VaUaTvlSKj8ytmo8hb1Dzr0WtlKeRr0Bv0WVSX1h3RToIeoYuwcdRsgj7rz45\/wJ9hyeXxpM+dLVOUs6rytgK+y00hS0ivkpVGHLrzirEXXk2K5uhtL81gy5qiL\/ZvHNRlOOfere6mQ6ZXLMpSNo92UPWljqoBUqzvPhMYSvifbanvNQuC6vcdupjrMqqjZY3VkgdI182TWAhlAl965pcLDBftC+ak0AKzxXoRwbnRQY44FfXarf6kE\/BeruwCuWsJPKJVB\/yV9KrhUh2tqrhA25RIYMDK+4yWdMQKXGscDAw405oAUJ2vCPzvfKAmiQ1oL5cUUSrlhPLRI4ziRRWRtgK5xY4XVl9oqe6tmkSuAIxWf6VyD95mzt1COaL9YffWJJhJ0PniX6RReS30BQCcFsM0ayV3rWCVqEe7\/ZKvzpllyheUC4wDRKdSHQnQeU8GdWvgRUyYQP4gWDwvn693KhAaQJ0DkaYIkPFITackyfx26jiCHJc02ScgkoZ6kjIQV0NyqkFZq942aCxw6lFWo6ZMSliqgkVww8RzB5skWSb4F0aFxgWx176ngCqWgAIWzjKBrt8pwfcCV8hH8ICW08xCIvrzQy7EFRcARPPJo1BrpJYZ2hvmlsw59dBDhgk2E+6RO+sPdHnp+rQqhrnl5cz1K4AL+WPtbgO8ETq2KBB\/Et7pH3qUSrn6wsf\/PqK+sozdYf2wGms6imOSG4+HrKWx2RqrKUpU17akMoe288m6+umtCbyyYg6K5iGnVVr7R\/1LcDpxXecO3rhW6cAb6LktszpRJtvpRNkAgJ1tp0DNByBRsysfKk1rjRn0PUImNnV2eXw32G\/UmqQGs5J1TbEshI8N\/AU+vFb2fKOivjRGOfJvG6hQoyTAhAHrcpMt5Da5F8TI16Eaz2WA7iPpRliKcXI9orsdRZL76BxTK7RN1WdbTUNMMSG9w96hQT4RgdAOjkMHWsMRtoKTLYmRLNlO5ITT0UIPOPpN70JvkOgJzojfDxK+7ONX5qan4tIrR2fZHVZWHW8dAEaSavdgpYpyHw253Met3Sm2rMGPTmXJ3jE3cvl3+3Z4OB+3Jb7s7xz8cetRVm7ku4fLl6l5kLXCMquxWbNNWacgTYOJiUCvBw0Q5cPVaa9IRoIIJ0CdYWgOppUs7r2IQDXe24PfocTRbfbUYXilBwXhojoM\/seEMGhGTrBNuhejXvWF7t9c+6A33hvv9HnXpTFk4n4YnkZisdFLzke5xsYvLdzTYO+j3hZWc4cXbytu4odfGL1cUJ1PH+aGACYmAvvmhgOfgxJM+w4+c2gARK2sV4iK6FHFZjj9Iuy7ZdSau7Fa48\/p7+8\/2d4e9HYrK5xxf7PwxNrC9HTixebFjHfay90KOc3O27DdUsfWk76SwhuD68WfXhj2KZ4jliWPRFxk4udXEAXBfbiep4fKQer29Ybri+\/3n9KT3dLf38DToP6Nhn3r79GR0+nQrId9DRt8Ahe6Wy2WH17832gsXApS\/c7z19UPP\/wE=\" \/> \t\t<a href=\"https:\/\/www.pdf24.org\" target=\"_blank\" title=\"www.pdf24.org\" rel=\"nofollow\"><img src=\"https:\/\/www.hohenlohe-ungefiltert.de\/wp-content\/plugins\/pdf24-post-to-pdf\/img\/pdf_32x32.png\" alt=\"\" border=\"0\" height=\"32\" \/><\/a> \t\t<span class=\"pdf24Plugin-cp-space\">&nbsp;&nbsp;<\/span> \t\t<span class=\"pdf24Plugin-cp-text\">Sende Artikel als PDF<\/span> \t\t<span class=\"pdf24Plugin-cp-space\">&nbsp;&nbsp;<\/span> \t\t<input class=\"pdf24Plugin-cp-input\" style=\"margin: 0px;\" type=\"text\" name=\"sendEmailTo\" placeholder=\"Emailadresse\" \/> \t\t<input class=\"pdf24Plugin-cp-submit\" style=\"margin: 0px;\" type=\"submit\" value=\"Senden\" \/> \t<\/form> <\/div>","protected":false},"excerpt":{"rendered":"<p>Ist die gesellschaftliche Linke straatstreu geworden und reiht sich ein ins &#8222;Gemeinsam gegen Corona&#8220;? Wir suchen kritisch-solidarische Perspektiven &#8222;von unten&#8220; gegen die Alternativlosigkeit &#8222;von oben&#8220;. Eine Online-Veranstaltung dazu findet am Montag, 18. Januar 2021, um 19 Uhr statt. Informationen zugesandt von Hans A. Graef, Schw\u00e4bisch Hall Begr\u00fcndete Hoffungen oder illusion\u00e4re Versuche? Jeden Montag, um 19 [&hellip;]<\/p>\n","protected":false},"author":1,"featured_media":0,"comment_status":"open","ping_status":"open","sticky":false,"template":"","format":"standard","meta":[],"categories":[1],"tags":[],"_links":{"self":[{"href":"https:\/\/www.hohenlohe-ungefiltert.de\/index.php?rest_route=\/wp\/v2\/posts\/27622"}],"collection":[{"href":"https:\/\/www.hohenlohe-ungefiltert.de\/index.php?rest_route=\/wp\/v2\/posts"}],"about":[{"href":"https:\/\/www.hohenlohe-ungefiltert.de\/index.php?rest_route=\/wp\/v2\/types\/post"}],"author":[{"embeddable":true,"href":"https:\/\/www.hohenlohe-ungefiltert.de\/index.php?rest_route=\/wp\/v2\/users\/1"}],"replies":[{"embeddable":true,"href":"https:\/\/www.hohenlohe-ungefiltert.de\/index.php?rest_route=%2Fwp%2Fv2%2Fcomments&post=27622"}],"version-history":[{"count":4,"href":"https:\/\/www.hohenlohe-ungefiltert.de\/index.php?rest_route=\/wp\/v2\/posts\/27622\/revisions"}],"predecessor-version":[{"id":27626,"href":"https:\/\/www.hohenlohe-ungefiltert.de\/index.php?rest_route=\/wp\/v2\/posts\/27622\/revisions\/27626"}],"wp:attachment":[{"href":"https:\/\/www.hohenlohe-ungefiltert.de\/index.php?rest_route=%2Fwp%2Fv2%2Fmedia&parent=27622"}],"wp:term":[{"taxonomy":"category","embeddable":true,"href":"https:\/\/www.hohenlohe-ungefiltert.de\/index.php?rest_route=%2Fwp%2Fv2%2Fcategories&post=27622"},{"taxonomy":"post_tag","embeddable":true,"href":"https:\/\/www.hohenlohe-ungefiltert.de\/index.php?rest_route=%2Fwp%2Fv2%2Ftags&post=27622"}],"curies":[{"name":"wp","href":"https:\/\/api.w.org\/{rel}","templated":true}]}}