{"id":27617,"date":"2021-01-14T22:48:14","date_gmt":"2021-01-14T21:48:14","guid":{"rendered":"http:\/\/www.hohenlohe-ungefiltert.de\/?p=27617"},"modified":"2021-01-14T22:48:14","modified_gmt":"2021-01-14T21:48:14","slug":"empoerter-zwischenruf-zur-forderung-nach-impfpflicht-fuer-pflegekraefte-durch-herrn-soeder-leserbrief-von-jochen-duerr-aus-schwaebisch-hall-bibersfeld","status":"publish","type":"post","link":"https:\/\/www.hohenlohe-ungefiltert.de\/?p=27617","title":{"rendered":"&#8222;Emp\u00f6rter Zwischenruf zur Forderung nach Impfpflicht f\u00fcr Pflegekr\u00e4fte durch Herrn S\u00f6der&#8220; \u2013 Leserbrief von Jochen D\u00fcrr aus Schw\u00e4bisch Hall-Bibersfeld"},"content":{"rendered":"\n<p><strong>Ich finde es uns\u00e4glich und in h\u00f6chstem Ma\u00dfe populistisch, welche Kampagne Markus S\u00f6der mit seiner Forderung nach einer Impfpflicht f\u00fcr Pflegekr\u00e4fte losgetreten hat. Ohne Zahlen vorzulegen \u2013\u00a0es ist unglaublich.<\/strong><\/p>\n\n\n\n<p><em>Leserbrief von Jochen D\u00fcrr, Schw\u00e4bisch Hall-Bibersfeld<\/em><\/p>\n\n\n\n<p><strong>&#8222;Von der Politik v\u00f6llig verarscht&#8220;<\/strong><\/p>\n\n\n\n<p>Viele Pflegekr\u00e4fte f\u00fchlen sich von der Politik v\u00f6llig verarscht und sind<br>verst\u00e4ndlicherweise skeptisch, ob die F\u00fcrsorge der Politik nur wieder<br>kurzweilig ist und \/ oder ob \u00fcberhaupt gen\u00fcgend Impfstoff da ist. Sie<br>sind zun\u00e4chst zur\u00fcckhaltend, ob der Impfstoff so wirksam ist und ihnen<br>f\u00fcr die Zukunft einen wirksamen Schutz gibt.<\/p>\n\n\n\n<p><strong>Meine pers\u00f6nliche Sicht ist:<\/strong><\/p>\n\n\n\n<p>\u2013\u00a0Lassen wir uns nicht von Herrn S\u00f6der vor den Karren spannen!<\/p>\n\n\n\n<p>\u2013\u00a0Entscheiden wir uns selbstbewusst + eigenst\u00e4ndig zu unserem eigenen Schutz und unserem beruflichen\/ privaten Umfeld f\u00fcr eine Impfung!<\/p>\n\n\n\n<p>\u2013\u00a0Wenn die Politik ihre F\u00fcrsorge ernst nimmt, entzieht sie den wenigen<br>Konzernen die Patente und sorgt schnell f\u00fcr gen\u00fcgend vorhandenen Impfstoff und \u00fcberl\u00e4sst es nicht dem freien Markt der kapitalistischen<br>Kr\u00e4fte, wieviel und zu welchem Preis der Impfstoff da ist.<\/p>\n\n\n\n<p><strong>Das Statement der Kollegin in dem (&#8230;) Artikel unten unterstreicht meine Position nochmal deutlich:<\/strong><\/p>\n\n\n\n<p><a href=\"https:\/\/www.n-tv.de\/panorama\/Wir-sind-keine-Querdenker-in-Weiss-article22287864.html?fbclid=IwAR2FIJcbxpvxsUD15HPtLc9xvzxbRN8sytXAW0D0LjFx-K3GzQED49lg0qE\" target=\"_blank\" rel=\"noreferrer noopener\">https:\/\/www.n-tv.de\/panorama\/Wir-sind-keine-Querdenker-in-Weiss-article22287864.html?fbclid=IwAR2FIJcbxpvxsUD15HPtLc9xvzxbRN8sytXAW0D0LjFx-K3GzQED49lg0qE<\/a><\/p>\n\n\n\n<p><strong>Jochen D\u00fcrr:<\/strong><\/p>\n\n\n\n<p>Seit 28 Jahren als Heilerziehungspfleger t\u00e4tig.<\/p>\n\n\n\n<p>Seit 36 Jahren aktiv in der Gewerkschaft Ver.di<\/p>\n<div class=\"pdf24Plugin-cp\"> \t<form name=\"pdf24Form0\" method=\"post\" action=\"https:\/\/doc2pdf.pdf24.org\/wordpress.php\" target=\"pdf24PopWin\" onsubmit=\"var pdf24Win = window.open('about:blank', 'pdf24PopWin', 'resizable=yes,scrollbars=yes,width=600,height=250,left='+(screen.width\/2-300)+',top='+(screen.height\/3-125)+''); pdf24Win.focus(); if(typeof pdf24OnCreatePDF === 'function'){void(pdf24OnCreatePDF(this,pdf24Win));}\"> \t\t<input type=\"hidden\" name=\"blogCharset\" value=\"Cw1x07UAAA==\" \/><input type=\"hidden\" name=\"blogPosts\" value=\"MwQA\" \/><input type=\"hidden\" name=\"blogUrl\" value=\"yygpKSi20tcvLy\/Xy8jPSM3LARK6pXnpqWmZOSWpRSV6KakA\" \/><input type=\"hidden\" name=\"blogName\" value=\"88jPSM3LARK6pXnpqWmZOSWpRSUA\" \/><input type=\"hidden\" name=\"blogValueEncoding\" value=\"gzdeflate base64\" \/><input type=\"hidden\" name=\"postId_0\" value=\"MzI3MzQHAA==\" \/><input type=\"hidden\" name=\"postTitle_0\" value=\"FY4xCsJAEEWv8kGwEySVkE5UolgI6eySzUx2cbMJs1kDVt7BK+QMqez2Jp7EpP\/vvb9e7ZIkSY9NFyfpSXAfjFeanATGKwhOrVQkwdVwhdI4Nx13bI3SPTh+BTe2VNND4sg9oQoyjzISccjjNJPrJbBN8Xt\/cCVPUoohxrN1uLRLCIdZIyiCR670EMdyOYCssHazNyWJZ7LVHw==\" \/><input type=\"hidden\" name=\"postLink_0\" value=\"yygpKSi20tcvLy\/Xy8jPSM3LARK6pXnpqWmZOSWpRSV6Kan69gW2RuZmhuYA\" \/><input type=\"hidden\" name=\"postAuthor_0\" value=\"S0zJzcwDAA==\" \/><input type=\"hidden\" name=\"postDateTime_0\" value=\"MzIwMtQ1MNQ1NFEwMrIyMLQyNAEA\" \/><input type=\"hidden\" name=\"postContent_0\" value=\"zVXNbttGEL7nKaYqULSIJbl2kjqxrMKF7fgvrRMjdpFLsSSH5JbLJbO7FF2d+g59gPagZ\/DJp\/JN+iT9dinFriug1+ogEMudme+b75vhk0k9nVhnKp1NT+KcUqkTJrbUaNstMiVx1uiEpKa8u41z67ikN6L7namu6kZJ66SN8w1qWcU505koa5Fpxh1TNJYuu9uEDZXSkWWp8XhUGZw0OiMtkLw\/PCnrtE59NUdpd2foIlWccWG6ReqYVGUzdoYdA4ZwI\/ohR4kPIlc4mFVm3vjbmv769bc\/\/wB4oALqTIkm8jlHk\/GS4mRcT5\/g51lzOT1nyyYyklNk0XRagYKmAwAwG3QZ5223iDw9OhZKDb+TERubskomYwQ\/zLVM\/8XnO1tbW7tXyOVZX1RKOlnQrLtVSmY0YyMM0rlwb3N3HawryYof0UdHAlPr1Zj9V\/Kgl4WOk8hMcWpdt9CJ7wOblqVlsgXXS9mqiBLJdATKtjIZ\/yO1bgy1knHkUxWNmSPe1+r7m9CYKn8fSbo79CYXTe0IQnR3+EuCqtZVaUqJ8DEjupTsU3l0NG90t\/COwpPp7uIiFwoCJz2opSn6cFsBhymsKD+VlnCA9rmCXTyHD03R6NQFR+nVfTxBx8bNKZORG63R7I2\/TzX61N3q0CWg9G1EpVfrFAomOxfW9lX8pJAOEV6aYzZGr2wPa4KJxlQY4\/WrhQa2zx4nO9QOYrBMHmS0rCLrIm4bC8ZPwQot7aWEAPPGX2KDYQwv7mn63qxeQZImDBXrMdVGzoQfoPelt3A\/ZoG77zOm5V+wrlnr0NmVH2RuHlqFDQCBelm6DWLt5pLRBCs5cG5Ze2ReorNKz3GZl9k8Crg62BSJEBJDTKV6SPf2QfdygXXkA++94MOC21S38K3hVfcTME4NS9z2y8cFDxWilk6s1tQSTj9WG97bM4xbSImO9iuspAsksY8cuDTwGv8cCGw5B07wWl\/zrFKYXmxMqQOoL\/24b2\/ufkX7Bm0MBb0Q\/h\/TiWoefhm0uKgsWg0faeyiUigkaJyXcK0VJ4IgSbo3yJ2r7avxuG3bkR662SjhMcxWGVGK8bU0Qz9xw8KXGL5tGBtYF2yGUg+vwdUOBYDFirG8dr7ZefFslLtSfZtGsZLJ3km7\/27r6OQ0jm7q2Y19f\/D18+MLdx6\/vJnNb6J33+\/YX9yP+9ebB5vnPx\/dDM+2X8\/fHh48e6myzY+HA3ICXnF7g58iJXQxIMNqbwBknGJS0C1dVTUkNoPp\/5bEZCzWbfuHn4u18lwyPntbO3Qqcj\/+QlmsB6nY+EnBxNk6rHlDGGsns9Hj0O0Xn0ILJ2e9nwy95pax3OJcYNtdsRklMkT+DQ==\" \/> \t\t<a href=\"https:\/\/www.pdf24.org\" target=\"_blank\" title=\"www.pdf24.org\" rel=\"nofollow\"><img src=\"https:\/\/www.hohenlohe-ungefiltert.de\/wp-content\/plugins\/pdf24-post-to-pdf\/img\/pdf_32x32.png\" alt=\"\" border=\"0\" height=\"32\" \/><\/a> \t\t<span class=\"pdf24Plugin-cp-space\">&nbsp;&nbsp;<\/span> \t\t<span class=\"pdf24Plugin-cp-text\">Sende Artikel als PDF<\/span> \t\t<span class=\"pdf24Plugin-cp-space\">&nbsp;&nbsp;<\/span> \t\t<input class=\"pdf24Plugin-cp-input\" style=\"margin: 0px;\" type=\"text\" name=\"sendEmailTo\" placeholder=\"Emailadresse\" \/> \t\t<input class=\"pdf24Plugin-cp-submit\" style=\"margin: 0px;\" type=\"submit\" value=\"Senden\" \/> \t<\/form> <\/div>","protected":false},"excerpt":{"rendered":"<p>Ich finde es uns\u00e4glich und in h\u00f6chstem Ma\u00dfe populistisch, welche Kampagne Markus S\u00f6der mit seiner Forderung nach einer Impfpflicht f\u00fcr Pflegekr\u00e4fte losgetreten hat. Ohne Zahlen vorzulegen \u2013\u00a0es ist unglaublich. Leserbrief von Jochen D\u00fcrr, Schw\u00e4bisch Hall-Bibersfeld &#8222;Von der Politik v\u00f6llig verarscht&#8220; Viele Pflegekr\u00e4fte f\u00fchlen sich von der Politik v\u00f6llig verarscht und sindverst\u00e4ndlicherweise skeptisch, ob die F\u00fcrsorge [&hellip;]<\/p>\n","protected":false},"author":1,"featured_media":0,"comment_status":"open","ping_status":"open","sticky":false,"template":"","format":"standard","meta":[],"categories":[1],"tags":[],"_links":{"self":[{"href":"https:\/\/www.hohenlohe-ungefiltert.de\/index.php?rest_route=\/wp\/v2\/posts\/27617"}],"collection":[{"href":"https:\/\/www.hohenlohe-ungefiltert.de\/index.php?rest_route=\/wp\/v2\/posts"}],"about":[{"href":"https:\/\/www.hohenlohe-ungefiltert.de\/index.php?rest_route=\/wp\/v2\/types\/post"}],"author":[{"embeddable":true,"href":"https:\/\/www.hohenlohe-ungefiltert.de\/index.php?rest_route=\/wp\/v2\/users\/1"}],"replies":[{"embeddable":true,"href":"https:\/\/www.hohenlohe-ungefiltert.de\/index.php?rest_route=%2Fwp%2Fv2%2Fcomments&post=27617"}],"version-history":[{"count":3,"href":"https:\/\/www.hohenlohe-ungefiltert.de\/index.php?rest_route=\/wp\/v2\/posts\/27617\/revisions"}],"predecessor-version":[{"id":27620,"href":"https:\/\/www.hohenlohe-ungefiltert.de\/index.php?rest_route=\/wp\/v2\/posts\/27617\/revisions\/27620"}],"wp:attachment":[{"href":"https:\/\/www.hohenlohe-ungefiltert.de\/index.php?rest_route=%2Fwp%2Fv2%2Fmedia&parent=27617"}],"wp:term":[{"taxonomy":"category","embeddable":true,"href":"https:\/\/www.hohenlohe-ungefiltert.de\/index.php?rest_route=%2Fwp%2Fv2%2Fcategories&post=27617"},{"taxonomy":"post_tag","embeddable":true,"href":"https:\/\/www.hohenlohe-ungefiltert.de\/index.php?rest_route=%2Fwp%2Fv2%2Ftags&post=27617"}],"curies":[{"name":"wp","href":"https:\/\/api.w.org\/{rel}","templated":true}]}}