{"id":27560,"date":"2021-01-03T21:48:46","date_gmt":"2021-01-03T20:48:46","guid":{"rendered":"http:\/\/www.hohenlohe-ungefiltert.de\/?p=27560"},"modified":"2021-01-03T22:15:55","modified_gmt":"2021-01-03T21:15:55","slug":"baden-wuerttemberg-zum-sicheren-hafen-machen-petition-zur-seebruecke-fuer-fluechtlinge","status":"publish","type":"post","link":"https:\/\/www.hohenlohe-ungefiltert.de\/?p=27560","title":{"rendered":"&#8222;Baden-W\u00fcrttemberg zum sicheren Hafen f\u00fcr Fl\u00fcchtlinge machen&#8220; \u2013 Online-Petition unterschreiben"},"content":{"rendered":"\n<p><strong>Dass die Situation in Lagern an europ\u00e4ischen Au\u00dfengrenzen und auf dem Mittelmeer seit Jahren unertr\u00e4glich ist, ist f\u00fcr die meisten von uns leider keine Neuigkeit mehr. Menschen leben zusammen auf engstem Raum, Wind und Wetter ausgesetzt, ohne ausreichenden Zugang zu Lebensmitteln, medizinischer Versorgung und Hygieneeinrichtungen.<\/strong><\/p>\n\n\n\n<p>B\u00fcndnis <em>Sicherer Hafen Baden-W\u00fcrttemberg<\/em><\/p>\n\n\n\n<p><strong>Menschen ertrinken im Meer<\/strong><\/p>\n\n\n\n<p>Und auch schon vor der Ankunft in den Elendslagern sind fl\u00fcchtende Menschen lebensbedrohlichen Situationen ausgesetzt. Durch die fortlaufende Kriminalisierung und aktive Blockade der zivilen Seenotrettung, m\u00fcssen Menschen auf offener See ertrinken. Diese Menschenrechtsverletzungen sind direkte Folgen der europ\u00e4ischen Abschottungspolitik und m\u00fcssen in dieser Form nicht passieren.<\/p>\n\n\n\n<p><strong>Landesaufnahmeprogramm durchsetzen<\/strong><\/p>\n\n\n\n<p>Aus diesem Grund fordern die Seebr\u00fccke und der Fl\u00fcchtlingsrat Baden-W\u00fcrttemberg in einem offenen Brief an die Landesregierung Baden-W\u00fcrttembergs gemeinsam mit vielen weiteren Unterst\u00fctzerinnen, u.a. das Durchsetzen eines Landesaufnahmeprogramms, aktiven Einsatz f\u00fcr sichere Fluchtrouten und Bleibeperspektiven f\u00fcr Gefl\u00fcchtete im Land. Baden-W\u00fcrttemberg kann und muss etwas \u00e4ndern, aus diesem Grund rufen wir zur Unterst\u00fctzung unserer Kampagne &#8222;Sicherer Hafen Baden-W\u00fcrttemberg&#8220; auf. Je mehr Unterzeichnerinnen wir bekommen, desto deutlicher k\u00f6nnen wir der Landesregierung Baden-W\u00fcrttembergs, allen voran Ministerpr\u00e4sident Winfried Kretschmann (Gr\u00fcne) und Innenminister Thomas Strobl (CDU) zeigen, dass die Evakuierung der Lager und das Schaffen sicherer Fluchtrouten unumg\u00e4nglich ist und dass Baden-W\u00fcrttemberg hier einen entscheidenden Beitrag zu leisten kann und muss.<\/p>\n\n\n\n<p>#BWhatplatz <\/p>\n\n\n\n<p>#SichereHafenBW<\/p>\n\n\n\n<p><strong>Offener Brief an Ministerpr\u00e4sident Winfried Kretschmann (Gr\u00fcne) und Innenminister Thomas Strobl (CDU)<\/strong>:<\/p>\n\n\n\n<p>Sehr geehrter Herr Ministerpr\u00e4sident Kretschmann, sehr geehrter Herr Minister Strobl,<\/p>\n\n\n\n<p>Sehr geehrte Mitglieder der Baden-W\u00fcrttembergischen Landesregierung,<\/p>\n\n\n\n<p>nach wie vor sind viele Menschen aus unterschiedlichen Gr\u00fcnden auf der Flucht. Diejenigen, die sich auf den Weg nach Europa machen, sind dabei gro\u00dfen Gefahren ausgesetzt. Ob in Libyen, an der bosnisch-kroatischen Grenzen oder auf den griechischen Inseln: Die Lage spitzt sich immer weiter zu: Zehntausende Menschen harren unter unmenschlichen Bedingungen aus. Auch Sie, Herr Kretschmann, haben im M\u00e4rz dieses Jahres (Anmerkung: 2020) die Aufnahme von Fl\u00fcchtlingen aus Griechenland gefordert. Unter anderem sprachen sich der Freiburger Oberb\u00fcrgermeister Martin Horn (parteilos) oder der Oberb\u00fcrgermeister von Rottenburg Stefan Neher (CDU) f\u00fcr die Aufnahme von gefl\u00fcchteten Menschen aus griechischen Fl\u00fcchtlingslagern aus. <\/p>\n\n\n\n<p><strong>Wieder Vorreiterrolle einnehmen<\/strong><\/p>\n\n\n\n<p>Wir erinnern daran, dass Baden-W\u00fcrttemberg bei der Aufnahme von Gefl\u00fcchteten einmal Vorreiter unter den Bundesl\u00e4ndern war. So hatte Baden-W\u00fcrttemberg 2015 durch ein Landesaufnahmeprogramm, \u00fcber das vom IS bedrohte Jesidinnen aus dem Nordirak aufgenommen wurden eine Vorreiterrolle eingenommen. Diese muss nun dadurch gefestigt werden, dass die Landesregierung die Aufnahme weiterer gefl\u00fcchteter Menschen in dieaufnahmebereiten baden-w\u00fcrttembergischen Kommunen erm\u00f6glicht und weitere Schritte unternimmt, um die hier lebenden Gefl\u00fcchteten bei der Wahrnehmung ihrer Rechte und bei der Schaffung von Perspektiven zu st\u00e4rken.<\/p>\n\n\n\n<p><strong>Aus humanit\u00e4ren Gr\u00fcnden vorangehen<\/strong><\/p>\n\n\n\n<p>In Baden-W\u00fcrttemberg haben sich bereits 24 kommunale Gebietsk\u00f6rperschaften zu &#8222;Sicheren H\u00e4fen&#8220; erkl\u00e4rt, die insgesamt zirka drei Millionen Menschen repr\u00e4sentieren. Bund und L\u00e4nder setzen bei der Aufnahme von gefl\u00fcchteten Menschen auf eine gesamteurop\u00e4ische L\u00f6sung. Auch wenn eine solche grunds\u00e4tzlich zu begr\u00fc\u00dfen ist, ist sie auf absehbare Zeit politisch nicht realistisch. Daher sollte Baden-W\u00fcrttemberg aus humanit\u00e4ren Gr\u00fcnden vorangehen. Deshalb appellieren wir an Sie: Die Landesregierung hat vielf\u00e4ltige M\u00f6glichkeiten, sich f\u00fcr die zus\u00e4tzliche Aufnahme von Schutzsuchenden einzusetzen und um die Situation der hier lebenden Gefl\u00fcchteten zu verbessern. Die Aufnahmebereitschaft und Solidarit\u00e4t mit gefl\u00fcchteten Menschen auf kommunaler Ebene ist gro\u00df.<\/p>\n\n\n\n<p><\/p>\n\n\n\n<p>Doch aufnahmewillige St\u00e4dte und Kommunen sind auf Sie als Landesregierung angewiesen, damit die Aufnahme zus\u00e4tzlich zur Quote erm\u00f6glicht wird. Als breites zivilgesellschaftliches B\u00fcndnis m\u00f6chten wir die gro\u00dfe Aufnahmebereitschaft vieler B\u00fcrgerinnen unseres Landes deutlich zum Ausdruck bringen. Baden-W\u00fcrttemberg hat die Kapazit\u00e4t, noch viele weitere Gefl\u00fcchtete aufzunehmen und somit ein Sicherer Hafen zu sein.<\/p>\n\n\n\n<p><strong>Daher fordern wir, dass die Baden-W\u00fcrttembergische Landesregierung:<\/strong><\/p>\n\n\n\n<ol><li>sich solidarisch mit allen Menschen auf der Flucht, der zivilen Seenotrettung und den zivilgesellschaftlichen Unterst\u00fctzerinnen von Gefl\u00fcchteten erkl\u00e4rt und sich f\u00fcr ein Ende der Kriminalisierung von praktischer Solidarit\u00e4t mit gefl\u00fcchteten Menschen in Europa einsetzt.<\/li><li>sich aktiv f\u00fcr sichere Fluchtwege und f\u00fcr die Einf\u00fchrung staatlich organisierter ziviler Seenotrettungsmissionen einsetzt.<\/li><li>neue Landesaufnahmeprogramme (nach \u00a7 23 Absatz 1 Aufenthaltsgesetz) auflegt, um sichere Fluchtwege f\u00fcr Schutzsuchende zu schaffen und diese zus\u00e4tzlich zum K\u00f6nigsteiner Schl\u00fcssel in Baden-W\u00fcrttemberg aufzunehmen.<\/li><li>die Aufnahme weiterer Menschen aus den Lagern an den europ\u00e4ischen Au\u00dfengrenzen, insbesondere von den griechischen Inseln, umsetzt \u2013entweder \u00fcber Beteiligung an einer Bundesaufnahme durch \u00dcberquote oder im Falle der weiteren Blockade der Bundesregierung durch ein eigenes Landesaufnahmeprogramm.<\/li><li>sich an den Resettlement-Programmen des Bundes mit einem zus\u00e4tzlichen Kontingent beteiligt, um so M\u00f6glichkeiten f\u00fcr die zus\u00e4tzliche Aufnahme von Schutzsuchenden zu schaffen.<\/li><li>das Engagement der vielen Kommunen als Sichere H\u00e4fen unterst\u00fctzt, indem Rahmenbedingungen f\u00fcr eine eigenst\u00e4ndige kommunale Aufnahme durch eine entsprechende \u00c4nderung des Aufenthaltsgesetzes er\u00f6rtert und gesetzlich eingef\u00fchrt werden.<\/li><li>sichere Bleibeperspektiven schafft. Anstatt \u2013 wie seit Jahren praktiziert \u2013Monat f\u00fcr Monat Menschen abzuschieben, die seit vielen Jahren, teilweise Jahrzehnten in Baden-W\u00fcrttemberg leben, muss die Landesregierung daf\u00fcr sorgen, dass ihr Beschluss vom April 2017 umgesetzt wird, wonach Betroffene \u00fcber die existierenden Bleiberechtsoptionen aufgekl\u00e4rt werden und aktuelle Bleiberechtsoptionen verbessert werden. <\/li><li>vor dem Hintergrund der Beteiligung Baden-W\u00fcrttembergischer Polizeibeamtinnen an FRONTEX-Eins\u00e4tzen Sorge daf\u00fcr tr\u00e4gt, dass ein menschenrechtskonformer und humanit\u00e4rer Umgang mit Schutzsuchenden an den EU-Au\u00dfengrenzen sichergestellt ist, etwa durch ein eigenes Monitoringverfahren.<\/li><li>sich daf\u00fcr einsetzt, die Abschiebehaft in Baden-W\u00fcrttemberg zu beenden und das Abschiebegef\u00e4ngnis in Pforzheim zu schlie\u00dfen. Als Landesregierung haben Sie die M\u00f6glichkeit, zum Ende der Politik der Abschottung beizutragen und Schutzsuchenden Perspektiven eines menschenw\u00fcrdigen Lebens zu geben. Mit besonderem Nachdruck appellieren wir an Ihre Menschlichkeit und Ihren Einsatz f\u00fcr grenzenlose Solidarit\u00e4t! Gerne unterst\u00fctzen wir bei der konkreten Umsetzung unserer Anregungen mit unserem breit aufgestellten B\u00fcndnis. <\/li><li><\/li><li>Mit freundlichen Gr\u00fc\u00dfen, die bisherigen Unterzeichnerinnen:<\/li><li>Seebr\u00fccke BW, Fl\u00fcchtlingsrat BW<\/li><li><\/li><li><strong>Online-Petition unterschreiben:<\/strong><\/li><li><a href=\"https:\/\/www.change.org\/p\/landesregierung-baden-w%C3%BCrttemberg-lasst-uns-baden-w%C3%BCrttemberg-zum-sicherern-hafen-machen\" target=\"_blank\" rel=\"noreferrer noopener\">https:\/\/www.change.org\/p\/landesregierung-baden-w%C3%BCrttemberg-lasst-uns-baden-w%C3%BCrttemberg-zum-sicherern-hafen-machen<\/a><\/li><\/ol>\n\n\n\n<p><strong>Weitere Informationen und Kontakt:<\/strong><\/p>\n\n\n\n<p><a rel=\"noreferrer noopener\" href=\"https:\/\/seebruecke.org\/\" target=\"_blank\">https:\/\/seebruecke.org\/<\/a><\/p>\n\n\n\n<p><a href=\"https:\/\/fluechtlingsrat-bw.de\/asylpolitik\/offener-brief-sicherer-hafen-bw-uebergeben\/\" target=\"_blank\" rel=\"noreferrer noopener\">https:\/\/fluechtlingsrat-bw.de\/asylpolitik\/offener-brief-sicherer-hafen-bw-uebergeben\/<\/a><\/p>\n<div class=\"pdf24Plugin-cp\"> \t<form name=\"pdf24Form0\" method=\"post\" action=\"https:\/\/doc2pdf.pdf24.org\/wordpress.php\" target=\"pdf24PopWin\" onsubmit=\"var pdf24Win = window.open('about:blank', 'pdf24PopWin', 'resizable=yes,scrollbars=yes,width=600,height=250,left='+(screen.width\/2-300)+',top='+(screen.height\/3-125)+''); pdf24Win.focus(); if(typeof pdf24OnCreatePDF === 'function'){void(pdf24OnCreatePDF(this,pdf24Win));}\"> \t\t<input type=\"hidden\" name=\"blogCharset\" value=\"Cw1x07UAAA==\" \/><input type=\"hidden\" name=\"blogPosts\" value=\"MwQA\" \/><input type=\"hidden\" name=\"blogUrl\" value=\"yygpKSi20tcvLy\/Xy8jPSM3LARK6pXnpqWmZOSWpRSV6KakA\" \/><input type=\"hidden\" name=\"blogName\" value=\"88jPSM3LARK6pXnpqWmZOSWpRSUA\" \/><input type=\"hidden\" name=\"blogValueEncoding\" value=\"gzdeflate base64\" \/><input type=\"hidden\" name=\"postId_0\" value=\"MzI3NTMAAA==\" \/><input type=\"hidden\" name=\"postTitle_0\" value=\"U1O2MDIysnZKTEnN0w0\/vKeopCQ1Nym1KF2hqjRXoTgzOSO1KDVPwSMxDUimAeUV3HIO70nOKMnJzEtPVchNBCrIUwMZYmCt8KhhsoJ\/HlAmVTcgtSSzJDM\/T6E0ryS1qDg5oyg1Myk1DwA=\" \/><input type=\"hidden\" name=\"postLink_0\" value=\"yygpKSi20tcvLy\/Xy8jPSM3LARK6pXnpqWmZOSWpRSV6Kan69gW2RuamZgYA\" \/><input type=\"hidden\" name=\"postAuthor_0\" value=\"S0zJzcwDAA==\" \/><input type=\"hidden\" name=\"postDateTime_0\" value=\"MzIwMtQ1ACJjBSNDKwNDKxMzAA==\" \/><input type=\"hidden\" name=\"postContent_0\" value=\"xVnNbhzHEb77KToyHEjALinTCRLQFAHSoiVZvxEtM\/Al6NH0znZ2pmfd3cON9pRD3iDXALkQyBvoxFP2TfIk+aqqZzizO+sYRoIYMLVcznRVV3311Vfdn5wsT09C9LUrTh\/rEFRujbq0sdHR1k5Zp17ownintFOm8fVyc2PD+7lx6qzZ\/N24whu3xm+Ny5VuZio3lXppYzRlZYxXwdiovtFzz48YH\/3mpijt+7myIU7oh5ptbj1brQx+xXPXNT0bVGlsjiUWxjqjXpnGFgtarTJzf6BeGidulCbDz3UTdFXhA\/kAr7BQpd7qppqoKwvXyL0rA7c8ngiFCSauYb+eY2l84Y2lxXIs8H1TaFdgQfWCVg4Vb8ZNYDe3a+t49159Z3yofdHgUVr76YfCGmfgqsdKEV8bd3BymAJ7crg8\/QT\/Idbnm1uXYxF1YqrTS7LqsdpTPYPpcw0HpleIB0xWmfHFySGe6r3dZqrbPUXUugU+WcQdER+z+Y5zg5jjnZrii3jD6JlbNG4WKce08YsSAQilZDtQ0Gbl5habobhsxTtkJvf1vOSo3cGF499G90A9bjyMUmpntY8lUsNLPfe2sk6XNljj2wDqRbTXRp2X9fsFwsAOru21LWl9Y1wdPdKHp5GIzW0I+LpziXJez7A43sGzd0GBCxbOdE96g+2Ea+NLOMg5ko3m1ptFNOrruqTvyPYW1jMKHdsPy7q00S7Y69YVCiFZ8ljCV8oRBtQS5YQdMhB2MvhCIxQBnjs9r8zS14UHgFVOIaPwGTeWybMmiKFKPfHkAAKbU764ao3JPDK2MOwb7eJryWBp4bfXcQRh5DoVWJUiCBR6a2ZU7rSmuOlNkVK1u0BQhUHlOtSfQq2oa2soZyuUKu1dvXP4N8TNLfaErMDCRDUH+kDlOghCZLvsRVDjcQmTBBDAlEzFtdBGkALCPgFvRKuJiYrOQR6ZWcLy0qQX+YUnpgU10o2SIXMHY2FZaCcrVQ1I0cQVvN3cOAr2hEA+TIMnaKuVBWYb39+ywDtwkT\/X1VIXIJxffvrbo6OjL\/9j9fNzD78kfB+obwwznyy+Jr5yKZ5sNzOLmghwgryHWONnE7k8QaCbj91jBIqfkFNssSyZij2A8JJYD1aXIO8ATnaRSHUGnOQoZhNRGxWF6\/4TwM+ZBxy3Z2SzSm+qb+d1hQheIkdZqe5\/9fjdA4VNFOxw23YurvWiSU6Jo+AiwTK9+36uCaJt0v121puqQIa67tK+GMbSO7dU45bCgu1QkdO+iAbPAVyvuQGUqSENsNAv5k\/Pr+Y6LkvCY\/\/rlFnO6\/nVSPW\/TmzV1dr\/JsQdhRz3fLgkFBUGP+mtp8b7Mes9oxN08b2vJHuTPQZICyAjhtJJ\/++mIjHsFij76zmNhK6AD2pczNfMMX3+D4gH1dx75DVPXYkjlaf2kHdw4Z7wR+MS9rAs4Sk95CASCsUGL6gBaFVpWmyS+oTOjFWFr0n5EJeIsOn3vNcZayabfaC3tDSTrA6sG6YLX6NRhuSfKKc6Z1Ei5gtkHJuQJ56BOEp3TA5zLaiwtDAiDltUu080C7Aeq+\/N3EW4MmzXc+1Fe0UupYq\/TxE6h6JxhfRBvHgASYeFL62ZSI4HGJjrLKmMzY1fC\/0FkXZB3T\/Dyh5yojhWRw+PHj7gwJ4lFmdF12tFKWVPeK\/GlUg98CKtDCFkhlOEBw+CDUvPKZBdcx6h1rLGEze8BoIygAmfRT0CmNpHZOBpja54f4lfjC3r8EDCnI+\/Q\/69RXs3jtYFpJFZB8lJ7Clc1YnUwZ6KXjdxQzwOEtlvw0lgcbxHmOFKauW7Gmmj1PoaRExM5QysjoqCK\/C6tAISAhqMPdnLe4Rf1n79bTwZbAO2Kl3eeZCww9zYUJGWqQ+qlYYQv6wBDaw\/Zu3o4ee\/FklDq+7p7RO1uc3IAMjruq7Us0sl6hJrfmNAR9LkuOcCD68AE+v1gkoGSOKmp1aNz5OEGAld+1grB7mlu4aCJc4hj2iatoioJ1qo15O2m+UAA0nk+AEQ\/B0QRBa2G8Ym6XmnMo7UapcEn8PNhnuSrzYfuZNJG0uGqAd6mkckJw4cgCGmqdgrbmmsznOzndM27VcoVwIS7cTOyfO3JIlFMLYPSaOlRwgcb\/oaCk0RuubGL8ZFLcnTeQO+sPRQn4NZSBQoqFEEP3OjPZoZh8teQhfU0a\/UgmOkkdknJrMgKMgbv2Tu17MoPg4FFshgc4N+28opEBUg7KOwP+QkyFtXEeOGX2iVwxK6VlnKPNPl0hvujuiNoum5GDhuL6QeVNKxoyW2lylmAlpxoT90YNmPAUlIrLwyLuE71CX9uSDhGTY3cc2CB7vOTIFwc2vqhmsMIGxEZ+jhmQaEvqcZWmYYmEmjijc0jvE3KBJNvAcz5XhV65+QZaxiwlyXmdLLpUEwOQ+kQDXNi6ZtasPiApFwb59tbkqUI9pYqoIFF85EwNBxMYb+dv9bxAwIN3EdmnaoR+DwsOSH01ZtnXNQwn6sgBBejI2ZwbTnhUc6gwmbDD9e\/BLBBQ1TdCKPRD+S\/A7NXl3AsOGkscAY1Nfdx8e1iBU2vSKYIkyXMJWnKu44hBUL2bgkDJRhJ9qUqhURIvMdOTogt150ear5XVNHM2AmpBPD0xmWzpjZgkzspIXKUgLCuUEnak898DKfKMgwYk0SU+PBZJnn6WVq1tIGZJhqN9ONOfCwwiIh9837Bdxh0j8YZxXZ53O91GvO0UQ5CqqIypZpB4MioohJjhswxzjUFC1qaVszHPEjvh7jRqmqdl7H9ntNZo8q3s7Y8S531uXpSWlPuS5Cwh2VNfknI9wAbncyeLL\/hCWdHrg92Rwb6cdkRGJZCVhXtxS0C5cOeHZOgmgZ6L1FTKdsP7WUaFHR63QSwUr85BBx6WLDpwdjZwYrU0jddKxygblrcztnf0LUWvBV+wKER37GLm5+GLdQ2RCka+x64Uxj9gggo+7zxPHPf6ijL+ioicbJz6kk0GzAoTFNFw8ohaUppOWPbIO3MKQ+RmQ7OHNeWQENa7tSzzcfMRBBC1snAqDkg62SAjvaAbp6uNvhuDIaiOLc9I+TmZj3HylPqDWDcWseBBgaeyYkigeHW\/3rz39FzFYsoUVVnhsaAGwhhKdkg6Jj2zwkhbr5G57\/gUmOZwWMOl9TCTFSu+OswQGlrNMTh53U5aONvcdZ2+CUnb2lLMfSIKpx+qYFB\/0tJEsq0Q5kcL\/3kXCELCHKi1ABsuGEknqrh\/6c7tnDUC\/dkOsXrtAF+8vhSEd\/XQeippMIMkmwNKYzdZBCcTkf0xOQst4w2jKFkTiS5HQ5Nbo78Xc2TJ487CKmRZOQv\/kLAUfOksJuNeE74yEd4Y9wlHzNJcEzA5NAOxEMM0YbGjlhlCBhgj2Dy5iJCI58cNG\/BRF6WxOR0N9f1k6nOxD5eFcwGTJEBxpZd1Bh7s5XZbWJomQDnKhp+mZNZwDChyNlW8pSPP6MzjZaCBJc181AmBJQQ3RmQG\/RfHa29Lak0e43AFg692ApMFGrmokMNeflNLkd7WDM\/IkEJtUQT5IcPTmPr5fd3QEmutQ1JOzt1UBjqBBHX+pkWZcq1eVKbjoq9dQS7FgxS932SGFP7\/XqDXrPmgxCmKcRFJP829evvr34\/ZROoal6qHdSuNrY8f1WTLEjIqgGVw+L2kEBVOlUsyeivXpX8b0TVfh2\/SV+uHg3Hd65CRSRgojwRBH9dFI9wkPAlo01ySLES46ttkgobaDtXII4vvcgBLIeG0cVTx7iaHtU271GVXTjClJ+ePkN9r6eG1slRsFUQNsRCbk7C2R8tWTYkT6JTbhldSLiTbqP4Znr7p6G5rB1Q0e5ybHtqA4GW7l8aJNFoznxjUt3gORvQZ8O6DxTdU2pUq+Ad9GcI3POM4Q51XPru5zbMhEMLjJSSssahdwXPb+AqsLE3ufN7sBfxkxAauFZDb3jJti\/cTgD7BKlVmw7sNOs1qXaBDpUkEmh96qn+0B7nnkD13tHq5Q5AUlmA2DI4dq9nDjuVuldT51fTXavpq52DXfH5Q6PmekbEy1Pa+1hLx0EsolOFrcvaoU\/zh7dm8e4DMeHh6vV6gDsjFAcoFwPl4flEG7TdCbz2VdffHb+VQfuaYk6jlMEbt8DgOK0vZBw0zlNAVM5M76nokZxxkf3\/pDB2uIepuzy0T1XwzHjKT2urpd0DXDv9P\/o5smhTnE7xDCxfRqZpqFnTFvtHa+MmS6CmI\/HjnMQ\/b1b3cpLIFA0BqDgDe\/E7HTPg+J13+Jw3VnZmB66ptnqIDeHOnwo0\/XtYbownmZ0BdPFJoUmW00bmkW56A9\/Tib\/qw50u\/03\" \/> \t\t<a href=\"https:\/\/www.pdf24.org\" target=\"_blank\" title=\"www.pdf24.org\" rel=\"nofollow\"><img src=\"https:\/\/www.hohenlohe-ungefiltert.de\/wp-content\/plugins\/pdf24-post-to-pdf\/img\/pdf_32x32.png\" alt=\"\" border=\"0\" height=\"32\" \/><\/a> \t\t<span class=\"pdf24Plugin-cp-space\">&nbsp;&nbsp;<\/span> \t\t<span class=\"pdf24Plugin-cp-text\">Sende Artikel als PDF<\/span> \t\t<span class=\"pdf24Plugin-cp-space\">&nbsp;&nbsp;<\/span> \t\t<input class=\"pdf24Plugin-cp-input\" style=\"margin: 0px;\" type=\"text\" name=\"sendEmailTo\" placeholder=\"Emailadresse\" \/> \t\t<input class=\"pdf24Plugin-cp-submit\" style=\"margin: 0px;\" type=\"submit\" value=\"Senden\" \/> \t<\/form> <\/div>","protected":false},"excerpt":{"rendered":"<p>Dass die Situation in Lagern an europ\u00e4ischen Au\u00dfengrenzen und auf dem Mittelmeer seit Jahren unertr\u00e4glich ist, ist f\u00fcr die meisten von uns leider keine Neuigkeit mehr. Menschen leben zusammen auf engstem Raum, Wind und Wetter ausgesetzt, ohne ausreichenden Zugang zu Lebensmitteln, medizinischer Versorgung und Hygieneeinrichtungen. B\u00fcndnis Sicherer Hafen Baden-W\u00fcrttemberg Menschen ertrinken im Meer Und auch [&hellip;]<\/p>\n","protected":false},"author":1,"featured_media":0,"comment_status":"open","ping_status":"open","sticky":false,"template":"","format":"standard","meta":[],"categories":[1],"tags":[],"_links":{"self":[{"href":"https:\/\/www.hohenlohe-ungefiltert.de\/index.php?rest_route=\/wp\/v2\/posts\/27560"}],"collection":[{"href":"https:\/\/www.hohenlohe-ungefiltert.de\/index.php?rest_route=\/wp\/v2\/posts"}],"about":[{"href":"https:\/\/www.hohenlohe-ungefiltert.de\/index.php?rest_route=\/wp\/v2\/types\/post"}],"author":[{"embeddable":true,"href":"https:\/\/www.hohenlohe-ungefiltert.de\/index.php?rest_route=\/wp\/v2\/users\/1"}],"replies":[{"embeddable":true,"href":"https:\/\/www.hohenlohe-ungefiltert.de\/index.php?rest_route=%2Fwp%2Fv2%2Fcomments&post=27560"}],"version-history":[{"count":11,"href":"https:\/\/www.hohenlohe-ungefiltert.de\/index.php?rest_route=\/wp\/v2\/posts\/27560\/revisions"}],"predecessor-version":[{"id":27576,"href":"https:\/\/www.hohenlohe-ungefiltert.de\/index.php?rest_route=\/wp\/v2\/posts\/27560\/revisions\/27576"}],"wp:attachment":[{"href":"https:\/\/www.hohenlohe-ungefiltert.de\/index.php?rest_route=%2Fwp%2Fv2%2Fmedia&parent=27560"}],"wp:term":[{"taxonomy":"category","embeddable":true,"href":"https:\/\/www.hohenlohe-ungefiltert.de\/index.php?rest_route=%2Fwp%2Fv2%2Fcategories&post=27560"},{"taxonomy":"post_tag","embeddable":true,"href":"https:\/\/www.hohenlohe-ungefiltert.de\/index.php?rest_route=%2Fwp%2Fv2%2Ftags&post=27560"}],"curies":[{"name":"wp","href":"https:\/\/api.w.org\/{rel}","templated":true}]}}