{"id":27483,"date":"2020-12-08T19:07:45","date_gmt":"2020-12-08T18:07:45","guid":{"rendered":"http:\/\/www.hohenlohe-ungefiltert.de\/?p=27483"},"modified":"2020-12-08T19:08:09","modified_gmt":"2020-12-08T18:08:09","slug":"abkommen-oder-nicht-abkommen-ist-das-nun-die-brexit-frage-eu-abgeordnete-evelyne-gebhardt-und-bernd-lange-beide-spd-bei-instagram-live","status":"publish","type":"post","link":"https:\/\/www.hohenlohe-ungefiltert.de\/?p=27483","title":{"rendered":"&#8222;Abkommen oder nicht Abkommen \u2013 Ist das nun die Brexit-Frage?&#8220; \u2013 EU-Abgeordnete Evelyne Gebhardt und Bernd Lange (beide SPD) diskutieren bei Instagram Live"},"content":{"rendered":"\n<p><strong>Zur Online-Diskussion zum Thema: \u201eAbkommen oder nicht Abkommen \u2013 Ist das nun die Brexit-Frage?\u201c, l\u00e4dt die hohenlohische SPD-Europa-Abgeordnete Evelyne Gebhardt am Donnerstag, 10. Dezember 2020, um 19 Uhr ein. Ihr Gespr\u00e4chspartner bei &#8222;Instagram live&#8220; ist der SPD-Europaabgeordnete Bernd Lange aus Niedersachsen. Lange ist Vorsitzender des Ausschusses f\u00fcr internationalen Handel und Mitglied der Brexit-Koordinierungsgruppe des Europ\u00e4ischen Parlaments.<\/strong><\/p>\n\n\n\n<p><em>Vom SPD-Europab\u00fcro K\u00fcnzelsau<\/em><\/p>\n\n\n\n<p><strong>Das Gespr\u00e4ch findet auf Evelyne Gebhardts Instagram-Seite statt: <\/strong><\/p>\n\n\n\n<p><a href=\"https:\/\/www.instagram.com\/evelynegebhardtmep\" target=\"_blank\" rel=\"noreferrer noopener\">https:\/\/www.instagram.com\/evelynegebhardtmep<\/a><\/p>\n\n\n\n<p>\u00dcber den Chat k\u00f6nnen die Zuschauer und Zuschauerinnen auch Fragen stellen.<\/p>\n\n\n\n<p><strong>Zollunion ohne Abkommen?<\/strong><\/p>\n\n\n\n<p>\u201eAm 31. Dezember verl\u00e4sst Gro\u00dfbritannien den Europ\u00e4ischen Binnenmarkt und die Zollunion. Es ist immer noch nicht klar, ob es bis dahin ein Abkommen \u00fcber die zuk\u00fcnftigen Beziehungen geben wird. Denn es sind bereits mehrere Fristen ergebnislos verstrichen. Am Donnerstag, dem 10. Dezember 2020 kommen die Regierungschefs der EU-Mitgliedstaaten zusammen. Sollte es ein Abkommen geben, muss das Europ\u00e4ische Parlament noch dar\u00fcber abstimmen. Wann soll das geschehen? Die neue Brexit-Frage ist nun: Gibt es ein Abkommen oder verl\u00e4sst Gro\u00dfbritannien den Binnenmarkt und die Zollunion ohne Abkommen? Dar\u00fcber spreche ich am 10. Dezember 2020 mit meinem Fraktionskollegen Bernd Lange\u201c, sagt Evelyne Gebhardt.<\/p>\n\n\n\n<p><strong>Informationen zu Bernd Lange (SPD):<\/strong><\/p>\n\n\n\n<p>Bernd Lange ist 65 Jahre alt und wohnt in Hannover. Der Vater zweier Kinder geh\u00f6rte erstmals von 1994 bis 2004 dem Europ\u00e4ischen Parlament an. Seit 2009 ist er erneut Mitglied des Europ\u00e4ischen Parlaments. Dort ist er seitdem Mitglied des Ausschusses f\u00fcr internationalen Handel, seit 2014 auch dessen Vorsitzender. Er ist au\u00dferdem Mitglied der Brexit-Koordinierungsgruppe und der Delegation zu den ASEAN-Staaten sowie Berichterstatter der Handels-beziehungen EU-USA.<\/p>\n\n\n\n<p><strong>Das Gespr\u00e4ch findet auf Evelyne Gebhardts Instagram-Seite statt:<\/strong><\/p>\n\n\n\n<p><a rel=\"noreferrer noopener\" href=\"https:\/\/www.instagram.com\/evelynegebhardtmep\" target=\"_blank\">https:\/\/www.instagram.com\/evelynegebhardtmep<\/a><\/p>\n\n\n\n<p><strong>Weitere Informationen und Kontakt:<\/strong><\/p>\n\n\n\n<p>Europab\u00fcro K\u00fcnzelsau von Evelyne Gebhardt MdEP, Keltergasse 47,<br>74653 K\u00fcnzelsau<\/p>\n\n\n\n<p>Telefon: 0 79 40 &#8211; 5 91 22<\/p>\n\n\n\n<p>Fax: 0 79 40 &#8211; 5 91 44<\/p>\n\n\n\n<p>E-Mail: info@evelyne-gebhardt.eu<\/p>\n\n\n\n<p><strong> Internet: <\/strong><a href=\"http:\/\/www.evelyne-gebhardt.eu\">www.evelyne-gebhardt.eu<\/a><\/p>\n<div class=\"pdf24Plugin-cp\"> \t<form name=\"pdf24Form0\" method=\"post\" action=\"https:\/\/doc2pdf.pdf24.org\/wordpress.php\" target=\"pdf24PopWin\" onsubmit=\"var pdf24Win = window.open('about:blank', 'pdf24PopWin', 'resizable=yes,scrollbars=yes,width=600,height=250,left='+(screen.width\/2-300)+',top='+(screen.height\/3-125)+''); pdf24Win.focus(); if(typeof pdf24OnCreatePDF === 'function'){void(pdf24OnCreatePDF(this,pdf24Win));}\"> \t\t<input type=\"hidden\" name=\"blogCharset\" value=\"Cw1x07UAAA==\" \/><input type=\"hidden\" name=\"blogPosts\" value=\"MwQA\" \/><input type=\"hidden\" name=\"blogUrl\" value=\"yygpKSi20tcvLy\/Xy8jPSM3LARK6pXnpqWmZOSWpRSV6KakA\" \/><input type=\"hidden\" name=\"blogName\" value=\"88jPSM3LARK6pXnpqWmZOSWpRSUA\" \/><input type=\"hidden\" name=\"blogValueEncoding\" value=\"gzdeflate base64\" \/><input type=\"hidden\" name=\"postId_0\" value=\"MzI3sTAGAA==\" \/><input type=\"hidden\" name=\"postTitle_0\" value=\"PY1NCsIwGESvMiAUXRSkK6ELafGHQheCeIDEDGmo\/QpJWnTnHbyhJzG6cDOLx\/BettgURVFWuh+HgYLR0EPctYv4s\/fzhSZEGBUgk8A4ova8u5gfvLLcZl\/Juvwd95e80pajN8JI7GfeHkIcqTvlTcQkBjV92laJJZaazhDn026VxKGfoqNP0YTRSIjKejWgdTM\/\" \/><input type=\"hidden\" name=\"postLink_0\" value=\"yygpKSi20tcvLy\/Xy8jPSM3LARK6pXnpqWmZOSWpRSV6Kan69gW2RuYmFsYA\" \/><input type=\"hidden\" name=\"postAuthor_0\" value=\"S0zJzcwDAA==\" \/><input type=\"hidden\" name=\"postDateTime_0\" value=\"MzIwMtA1NNI1sFAwtLQyNLIyMQUA\" \/><input type=\"hidden\" name=\"postContent_0\" value=\"tVZNTyNHEL3vryg5UpRI\/l6zBGO8MbGXEMIGxQsrcYl6cHmm5Zluq7sHb3ziP+S6yl74DXvi5n\/CL8nr9gf2YlCiJByQ7emqfvXq1at50Rq3W9YZreL2ZW7oF5VKxaWutKPcWqkVTfOM3iWciSbd3\/zZiUY6y1iRHrAhJa8SR6vf7m\/+oGPraCAsqVzRQDIdGv4gXemNETG\/vr\/5WKR0djtw4VmiE1apTqS9Spj6Z91SLzd6LEqdKGZtBoodU++a098V0xFHiTCIFBl1tVJsrBNxkWrVMnV5ylkEQPVqvVokIK7t0XliiKUq0zE+HLEdm9ntVWLHwjgEU8SSvv7qu3q9vn+sfCqDxKm85vBjdZ+krwQHH3CJNViHbNSAfhYqZhK5pbeScdgK3MC4c\/7Ap7jQxko3ZeVzDdhSB8ReJfiHz8PZnSGpHJIJB7ZFChp\/FDibUo78p9LFKTIHIAsqTzQwSCXZ5Cq2scnHYw6JA8jZbWBT0ZkwqUBXnC23KosOtyrj9gv8+aZz1r7Q2Vp1EbBoOpndqSmnVuStCo6sRyySdNHdFZ00lACLpuTDR52ytCK21GcJ0vDNuSZtxSMoMTw8KCTOjW2zUplMJmW5jC9f6azC8\/zxIn3G4wI5YWJ2B4XfolSoUYEMpwcFpZGJjfEK1XrMaHeh\/U\/ytipiHdvsYxR6p+iHRDgazT5DfnN5X+ZgW+R47Nu1+ibDAZGDoKB8hdI5RXPLWwi91GmaKz9rOgF9y3F6vY0mP4IZvaytaf6aDUbKQmpHRs8+RUY6oSAPFRBviuIwAMuEGbkAOJSwvL5MPRskK3G9pw7o5xM+SoUpko4IKoukxYAnUvnhepj92V3gCPmm+QgaGjrpyz7kqeQEQsVnEIz\/E2kGHr1SPpuFfDCKBvKwlDEkYBiUAQWOMnobKWlTbX2VYEP6KsrU2bSAAWePbYAWwDykXzlejAvihzZMU++8tJwuZBH+vmluhY8pUx+cQK8AuFFkqKBIGYY3mNw6uQ8DN2duIMycExFZJ+dp36MxZJE7RMfs41DQa+oCpOJ80y5DL+CjTTqSkXsEJjjw881\/tt1fqI26S8AYbfYFgWxvto+ZzaRDr7AnMq\/ukTcuO0Jannd8ZYzB7q2I3SNr2DYGx2qoTRZsMPRiw2K\/gU9929w2EeunPGGvdugnAR2RSOdFT1AnNB18VWkQ5ssxdIGWG5pOGMqgExnsOeZk9tn4xkNZmUghO\/BU29trBNnXq9VGENsTTkvCSwdS9if3AhokBT7O3bqVP2PV0LVxy0iLVP66jdC\/uT6KIRpAao25DyEWm2ljHWHgTbhL5LNPbL646vmFE+SEM11G28PlvmVedJ1+r\/O21F\/MlNUTGbalN5IwsM4FMzULoLYUrXkEpvK83yn\/H2vnia3z5Mb4L\/bRv9k6y8Lf+xqg58358PyfaOUwflsr277Tg54fvVGdDnpnRTphWJ6JBWRCjd1iKzLt3carnZcbrwSr\/O\/Q96GGN1Vpd48a1fAuVavt0w7t1aheXzv6Rnx44lijsY64dCpk2oSeh\/r7BTulJT1lzrdQA0689nnjnWL9RWLB\/JZshfYTD1Zd+As=\" \/> \t\t<a href=\"https:\/\/www.pdf24.org\" target=\"_blank\" title=\"www.pdf24.org\" rel=\"nofollow\"><img src=\"https:\/\/www.hohenlohe-ungefiltert.de\/wp-content\/plugins\/pdf24-post-to-pdf\/img\/pdf_32x32.png\" alt=\"\" border=\"0\" height=\"32\" \/><\/a> \t\t<span class=\"pdf24Plugin-cp-space\">&nbsp;&nbsp;<\/span> \t\t<span class=\"pdf24Plugin-cp-text\">Sende Artikel als PDF<\/span> \t\t<span class=\"pdf24Plugin-cp-space\">&nbsp;&nbsp;<\/span> \t\t<input class=\"pdf24Plugin-cp-input\" style=\"margin: 0px;\" type=\"text\" name=\"sendEmailTo\" placeholder=\"Emailadresse\" \/> \t\t<input class=\"pdf24Plugin-cp-submit\" style=\"margin: 0px;\" type=\"submit\" value=\"Senden\" \/> \t<\/form> <\/div>","protected":false},"excerpt":{"rendered":"<p>Zur Online-Diskussion zum Thema: \u201eAbkommen oder nicht Abkommen \u2013 Ist das nun die Brexit-Frage?\u201c, l\u00e4dt die hohenlohische SPD-Europa-Abgeordnete Evelyne Gebhardt am Donnerstag, 10. Dezember 2020, um 19 Uhr ein. Ihr Gespr\u00e4chspartner bei &#8222;Instagram live&#8220; ist der SPD-Europaabgeordnete Bernd Lange aus Niedersachsen. Lange ist Vorsitzender des Ausschusses f\u00fcr internationalen Handel und Mitglied der Brexit-Koordinierungsgruppe des Europ\u00e4ischen [&hellip;]<\/p>\n","protected":false},"author":1,"featured_media":0,"comment_status":"open","ping_status":"open","sticky":false,"template":"","format":"standard","meta":[],"categories":[1],"tags":[],"_links":{"self":[{"href":"https:\/\/www.hohenlohe-ungefiltert.de\/index.php?rest_route=\/wp\/v2\/posts\/27483"}],"collection":[{"href":"https:\/\/www.hohenlohe-ungefiltert.de\/index.php?rest_route=\/wp\/v2\/posts"}],"about":[{"href":"https:\/\/www.hohenlohe-ungefiltert.de\/index.php?rest_route=\/wp\/v2\/types\/post"}],"author":[{"embeddable":true,"href":"https:\/\/www.hohenlohe-ungefiltert.de\/index.php?rest_route=\/wp\/v2\/users\/1"}],"replies":[{"embeddable":true,"href":"https:\/\/www.hohenlohe-ungefiltert.de\/index.php?rest_route=%2Fwp%2Fv2%2Fcomments&post=27483"}],"version-history":[{"count":4,"href":"https:\/\/www.hohenlohe-ungefiltert.de\/index.php?rest_route=\/wp\/v2\/posts\/27483\/revisions"}],"predecessor-version":[{"id":27487,"href":"https:\/\/www.hohenlohe-ungefiltert.de\/index.php?rest_route=\/wp\/v2\/posts\/27483\/revisions\/27487"}],"wp:attachment":[{"href":"https:\/\/www.hohenlohe-ungefiltert.de\/index.php?rest_route=%2Fwp%2Fv2%2Fmedia&parent=27483"}],"wp:term":[{"taxonomy":"category","embeddable":true,"href":"https:\/\/www.hohenlohe-ungefiltert.de\/index.php?rest_route=%2Fwp%2Fv2%2Fcategories&post=27483"},{"taxonomy":"post_tag","embeddable":true,"href":"https:\/\/www.hohenlohe-ungefiltert.de\/index.php?rest_route=%2Fwp%2Fv2%2Ftags&post=27483"}],"curies":[{"name":"wp","href":"https:\/\/api.w.org\/{rel}","templated":true}]}}