{"id":27388,"date":"2020-11-20T17:24:01","date_gmt":"2020-11-20T16:24:01","guid":{"rendered":"http:\/\/www.hohenlohe-ungefiltert.de\/?p=27388"},"modified":"2020-11-20T17:33:20","modified_gmt":"2020-11-20T16:33:20","slug":"telefonsprechstunden-cdu-landtagskandidatin-isabell-rathgeb-such-das-gespraech-mit-den-buergerinnen-und-buergern","status":"publish","type":"post","link":"https:\/\/www.hohenlohe-ungefiltert.de\/?p=27388","title":{"rendered":"&#8222;Telefonsprechstunden&#8220; \u2013 CDU-Landtagskandidatin Isabell Rathgeb sucht das Gespr\u00e4ch mit den B\u00fcrgerinnen und B\u00fcrgern im Landkreis Hall"},"content":{"rendered":"\n<p><strong>Mit den B\u00fcrgerinnen und B\u00fcrgern des Landkreises Schw\u00e4bisch Hall ins Gespr\u00e4ch kommen, will die CDU-Landtagskandidatin Isabell Rathgeb. Sie macht seit einiger Zeit f\u00fcr Kommunen in ihrem Wahlkreis individuelle Telefonsprechstunden.<\/strong><\/p>\n\n\n\n<p><em>Von Isabell Rathgeb, CDU-Landtagskandidatin im Landkreis Schw\u00e4bisch Hall<\/em><\/p>\n\n\n\n<p><strong>H\u00f6ren, was die Menschen besch\u00e4ftigt<\/strong><\/p>\n\n\n\n<p>\u201eGerade m\u00fcssen wir Abstand halten, um das Virus nicht weiter zu verbreiten. Doch wir sollten hier uns Menschen gegenseitig im Blick behalten und weiterhin f\u00fcreinander da sein. Gerne w\u00e4re ich vor Ort in den einzelnen Kommunen im direkten Gespr\u00e4ch mit den Menschen, um im Alltag mit ihnen zu sprechen. Daher biete ich nun f\u00fcr die B\u00fcrgerinnen und B\u00fcrger der einzelnen Kommunen individuelle Telefonsprechstunden an.<br>Mich interessiert es, wie es den Menschen geht. Ich m\u00f6chte zuh\u00f6ren und erfahren, was sie vor Ort besch\u00e4ftigt.<\/p>\n\n\n\n<p><strong>Und ganz im Sinne vom Heiligen Sankt Martin, dessen Fest wir letzte Woche gefeiert haben, bitte ich alle, auch mitzumachen:<\/strong><\/p>\n\n\n\n<p>Schenkt Euren Bekannten, Freunden oder Nachbarn Zeit, ruft mal an, macht einen Schwatz \u00fcber den Gartenzaun oder schreibt eine Postkarte. \u00dcber den Abstand hinweg, den wir einhalten m\u00fcssen, brauchen wir diese N\u00e4he als Menschen. Diese kleinen Freuden im Alltag sind f\u00fcr uns wichtig und wir freuen uns doch \u00fcber solche kleine Lichtblicke.<\/p>\n\n\n\n<p>Gerade f\u00fcr Menschen, die alleine leben, kann die aktuelle Situation gravierende Auswirkungen haben. Daher sollten wir besonders f\u00fcr einsame  Menschen da sein. Deshalb mache ich auch selbst mit, teile meine Zeit und freue mich auf viele Anrufe.<\/p>\n\n\n\n<p>Auch wenn uns die aktuellen Ma\u00dfnahmen einiges abverlangen, helfen sie uns die Virus-Verbreitung einzud\u00e4mmen. Gleichzeitig d\u00fcrfen wir uns nicht isolieren, sondern m\u00fcssen sichere Wege finden, um miteinander in Kontakt zu bleiben.\u201c<\/p>\n\n\n\n<p><strong>Kontaktdaten f\u00fcr Telefon und E-Mail:<\/strong><\/p>\n\n\n\n<p>Auf ihren Anruf unter Telefon 07967-5720949 freut sich die CDU-Landtagskandidatin Isabell Rathgeb. Sollte jemand keine Zeit haben, ist sie per E-Mail unter kontakt@isabell-rathgeb.de erreichbar.<\/p>\n\n\n\n<p><strong>Die Telefonsprechstunden im \u00dcberblick:<\/strong><\/p>\n\n\n\n<p><a rel=\"noreferrer noopener\" href=\"https:\/\/www.isabell-rathgeb.de\/\" target=\"_blank\">https:\/\/www.isabell-rathgeb.de\/<\/a><\/p>\n\n\n\n<p><strong>Dr. Susanne Eisenmann und Isabell Rathgeb beantworten ihre Fragen am Samstag, 21. November 2020, von 13 bis 14.30 Uhr<\/strong><\/p>\n\n\n\n<p><strong>Kraft Baden-W\u00fcrttembergs entfesseln<\/strong><\/p>\n\n\n\n<p>Dabei k\u00f6nnen sie die Fragen stellen, die sie besch\u00e4ftigen: Von Bildung \u00fcber die Corona-Situation und Wirtschaftskraft bis hin zu den Ideen und Vorschl\u00e4gen, wie Dr. Eisenmann als CDU-Spitzenkandidatin zur Ministerpr\u00e4sidentin die Kraft Baden-W\u00fcrttembergs entfesseln will und alles, was sie sonst noch bewegt.<\/p>\n\n\n\n<p><strong>Online-Diskussion<\/strong><\/p>\n\n\n\n<p>Die Veranstaltung findet aufgrund der aktuellen Corona-Lage online statt. Auf der Facebook-Seite <a rel=\"noreferrer noopener\" href=\"https:\/\/www.facebook.com\/isabellrathgeb.de\" target=\"_blank\">https:\/\/www.facebook.com\/isabellrathgeb.de<\/a> bzw. im Internet unter <a rel=\"noreferrer noopener\" href=\"http:\/\/www.isabell-rathgeb.de\" target=\"_blank\">www.isabell-rathgeb.de<\/a> k\u00f6nnen sie die Online-Veranstaltung anschauen. Der CDU-Kreisvorsitzender Dominik Schlo\u00dfstein ist online zugeschaltet und macht die Begr\u00fc\u00dfung.<\/p>\n\n\n\n<p><strong>Aktuelle Fragen per Facebook-Livestream <\/strong><\/p>\n\n\n\n<p>Im Vorfeld k\u00f6nnen bis Freitag, 20. November 2020, um 10 Uhr, Fragen an kontakt@isabell-rathgeb.de geschickt werden. W\u00e4hrend der Veranstaltung k\u00f6nnen die Besucher im facebook-Livestream ebenfalls Fragen stellen.<\/p>\n\n\n\n<p><a rel=\"noreferrer noopener\" href=\"https:\/\/www.facebook.com\/isabellrathgeb.de\" target=\"_blank\">https:\/\/www.facebook.com\/isabellrathgeb.de<\/a><\/p>\n<div class=\"pdf24Plugin-cp\"> \t<form name=\"pdf24Form0\" method=\"post\" action=\"https:\/\/doc2pdf.pdf24.org\/wordpress.php\" target=\"pdf24PopWin\" onsubmit=\"var pdf24Win = window.open('about:blank', 'pdf24PopWin', 'resizable=yes,scrollbars=yes,width=600,height=250,left='+(screen.width\/2-300)+',top='+(screen.height\/3-125)+''); pdf24Win.focus(); if(typeof pdf24OnCreatePDF === 'function'){void(pdf24OnCreatePDF(this,pdf24Win));}\"> \t\t<input type=\"hidden\" name=\"blogCharset\" value=\"Cw1x07UAAA==\" \/><input type=\"hidden\" name=\"blogPosts\" value=\"MwQA\" \/><input type=\"hidden\" name=\"blogUrl\" value=\"yygpKSi20tcvLy\/Xy8jPSM3LARK6pXnpqWmZOSWpRSV6KakA\" \/><input type=\"hidden\" name=\"blogName\" value=\"88jPSM3LARK6pXnpqWmZOSWpRSUA\" \/><input type=\"hidden\" name=\"blogValueEncoding\" value=\"gzdeflate base64\" \/><input type=\"hidden\" name=\"postId_0\" value=\"MzI3trAAAA==\" \/><input type=\"hidden\" name=\"postTitle_0\" value=\"NY0xCgIxFESvMiBsJ0gqYTsVVLASPcDf5JuEzX4lP9t7B6\/gMez2Jp7EbGE1zBt40yzWxpj2wolvd9FHZhu0jOJYmnlatfg+X9jurssTiSvkta8ZHZUoOCp1nBLOVILnDjraUOBIsefqmt42YIiVsGAzfbLnHEVqqQd\/IIgDZnefOSoOlNIP\" \/><input type=\"hidden\" name=\"postLink_0\" value=\"yygpKSi20tcvLy\/Xy8jPSM3LARK6pXnpqWmZOSWpRSV6Kan69gW2RubGFhYA\" \/><input type=\"hidden\" name=\"postAuthor_0\" value=\"S0zJzcwDAA==\" \/><input type=\"hidden\" name=\"postDateTime_0\" value=\"MzIwMtA1NNQ1MlAwNLcyNLQyMAQA\" \/><input type=\"hidden\" name=\"postContent_0\" value=\"tVfLbtxGELz7Kxo670OSnRg2ZCFSZNmCJTvIxhKQSzBcNskJyaEwM9QCe\/KHGPFF3+CTbvwTf0mqZ7i7kkW\/AkSX1ZIzPdXV1dWzD\/Yu9\/ect43J98+0p5QNHXY3NmerjcGX1qSrBwZvHZ0qk5aWtcP\/s3mx6K4T7eYFvVRVRdo4esHu0nbXeFQ2dc1mRAuNV6lm+vXo7Vj2e5W7Ep86VV4bOnEqYSz5Xfki52RCM6yt1bzw5BigWBuN8+lP+ZIBDL1C5FbgYbcuLNd0oYoqwMKjVF\/ptEVEpj+44qwxQMTzwnlkw2ayN+0z3pte7j\/An5DA9f55cw\/L6EuYdb1h4h4Pe1NEux28P+9l99EGQpQLfJyxwRakkTA+u+vM69wPofv07p8XbFUKWrob57BjoS0dJM4DAxWq8hK2rSlF5HNtW0dGC38LUAbmli1dsU2sfDMTOmoAVCK4ppKtVGgsalG8NaKcc\/yL9TqXXA8rPS8BMx4VVBFDF+BCSoIaAQqipEqKhkMA2DCBF8sELHTVWHpjvZRMVIY1S66khptiAr+2XMoJGxXVvSxX0EKeWHoA6CoPr3Uh25FkrHNIURUAk2j28XTTRpyB9y8pnCSBIWDfkhQpqCqxaCEcpQ14YefAKbTrRP+MzztJgN\/CT+hE8us+olIM+EWQRwDENlPFWisItabvtlQmAxp7i925MkuhaCYZYmdNL1lX6CFDM2VKT2fKQsQjaWgR0zE7H\/RQsV8CygX0wYCYccihQEtgcaJ9TyYkziNSbazOspVeZfN0SLkzeYMTn7eS2iGjhUwQ67HlSF0jpL9GhETBYqTHR2TbzMMBKvA66p0AZRH46DTll9TdJKFcEApSYbNUbR8J7ECMSdxAvzXOl7JiQt371ZZ132iz4HwUnkn22NHru+8y5Gwly\/49pOOYXnfXIEdVm2aB2sKbsoogJbU06rkXqYOCovykyRbSmuir0EWIm2F9qDs0Ip0Zk0NvShViUDqVPYl0Id+ueu8KIfSmQUTjUiPZWHEonvAen5c+6nimfQsrg+flVl2h0Ixy0EHrAKlsjYglFH7VSyuvEMQQYSPd7uLJOMipmmkj77ULHLEDp0koYi8ekY3jCkUQ9YzIQ5swtoA2WLzwEjjB+7AhI+DDmgMDYdzJ\/0CCLdj07N3KD72mug9GFXU0G6jfkUpgg5WS5EZUcJXhnTTXanOwzvF5b5UgIbhBm3bXMsngaeB0XiyjLaZIPesJkQDRcTV4CmSOKHK0VhNOAgdwwwt4K2Va1B\/MDCys7VOL7RiPLMTPEpwnJfj07v1Aq\/cLMZC4N7femwKDz8dnSleDTXkARmVsmsgolsuQWG3efvzk58fjnx7vbj959CQUwgfoPzbCg1rob66l08pNcXsz0c4H5i9xcETaoyhjUr\/oGHFs+4jQJlsr9MMnhowPPTjszWjD0Puhewb52FNkuXq2ZRoLz8MplkzTXLJhu0XgKXu2VXh\/6Z5Op4vFYnIf2nSLvMIE8c+2\/kqgr3Jr\/xsb9qZq6IZwZEFd65T49nPcsUytTCznZwyjBZXxi0bML9QSrqOkZxVsX9UwOBjb7s6EXjdXXIuf7G7vbo8wDAztPISXO9p5NHm4TW8LO0jJSmNWwYoPYTJmfAGJYQRItNwRG5\/J+KjM0P4joNVUdh\/DjJVKi3p6jM6HDo1GJe9uDTXMEZKL2KGuUmnA3ulFeg0OUeONbwktF9p67AVIVwaokplcStA9UvyTlPuRet5YLKy66zzeSZmE7A3J4uii7tklRhpm1kbcyxbmCgcBbCuXEqcRWV4Iqu8hKN6ABYS4stsMdTgE+sCI6SeMWTQ40d+YCt0zPtKubHGraIb5FvfCMEA8jDAhLhiMF\/fMrRwt7rIxx57MU9SDmnAAqqI87iRiDrL2WM05aZpyPJOLHv1gj2T97sm8qae9\/jfy\/3q7fH2vdA4ly8VEGvtEPMOw783jO0F+sS3v4xpeFzB8Lu6+TneroGQgqjaMUaARgb2S3wy4zrmgM6H6qKkhr1JuN1XTfXAyDoJD9pVZtrk0iNxN4nSMV6JwleXcdjfdB5w1pJ2D1bTvO+\/ydmFP9RUufpZhGUOSOqmlZzKu0nWq0lzHMhqDu2zfcxcMs51gKaO1HZmvOXpIC64sP1Ss\/DSjC9yu5CYSJHiXyhWImLaTe5kVDWQD+cilJ0Ozuc8sZ\/LfXf\/\/VXTA9S8=\" \/> \t\t<a href=\"https:\/\/www.pdf24.org\" target=\"_blank\" title=\"www.pdf24.org\" rel=\"nofollow\"><img src=\"https:\/\/www.hohenlohe-ungefiltert.de\/wp-content\/plugins\/pdf24-post-to-pdf\/img\/pdf_32x32.png\" alt=\"\" border=\"0\" height=\"32\" \/><\/a> \t\t<span class=\"pdf24Plugin-cp-space\">&nbsp;&nbsp;<\/span> \t\t<span class=\"pdf24Plugin-cp-text\">Sende Artikel als PDF<\/span> \t\t<span class=\"pdf24Plugin-cp-space\">&nbsp;&nbsp;<\/span> \t\t<input class=\"pdf24Plugin-cp-input\" style=\"margin: 0px;\" type=\"text\" name=\"sendEmailTo\" placeholder=\"Emailadresse\" \/> \t\t<input class=\"pdf24Plugin-cp-submit\" style=\"margin: 0px;\" type=\"submit\" value=\"Senden\" \/> \t<\/form> <\/div>","protected":false},"excerpt":{"rendered":"<p>Mit den B\u00fcrgerinnen und B\u00fcrgern des Landkreises Schw\u00e4bisch Hall ins Gespr\u00e4ch kommen, will die CDU-Landtagskandidatin Isabell Rathgeb. Sie macht seit einiger Zeit f\u00fcr Kommunen in ihrem Wahlkreis individuelle Telefonsprechstunden. Von Isabell Rathgeb, CDU-Landtagskandidatin im Landkreis Schw\u00e4bisch Hall H\u00f6ren, was die Menschen besch\u00e4ftigt \u201eGerade m\u00fcssen wir Abstand halten, um das Virus nicht weiter zu verbreiten. Doch [&hellip;]<\/p>\n","protected":false},"author":1,"featured_media":0,"comment_status":"open","ping_status":"open","sticky":false,"template":"","format":"standard","meta":[],"categories":[1],"tags":[],"_links":{"self":[{"href":"https:\/\/www.hohenlohe-ungefiltert.de\/index.php?rest_route=\/wp\/v2\/posts\/27388"}],"collection":[{"href":"https:\/\/www.hohenlohe-ungefiltert.de\/index.php?rest_route=\/wp\/v2\/posts"}],"about":[{"href":"https:\/\/www.hohenlohe-ungefiltert.de\/index.php?rest_route=\/wp\/v2\/types\/post"}],"author":[{"embeddable":true,"href":"https:\/\/www.hohenlohe-ungefiltert.de\/index.php?rest_route=\/wp\/v2\/users\/1"}],"replies":[{"embeddable":true,"href":"https:\/\/www.hohenlohe-ungefiltert.de\/index.php?rest_route=%2Fwp%2Fv2%2Fcomments&post=27388"}],"version-history":[{"count":7,"href":"https:\/\/www.hohenlohe-ungefiltert.de\/index.php?rest_route=\/wp\/v2\/posts\/27388\/revisions"}],"predecessor-version":[{"id":27395,"href":"https:\/\/www.hohenlohe-ungefiltert.de\/index.php?rest_route=\/wp\/v2\/posts\/27388\/revisions\/27395"}],"wp:attachment":[{"href":"https:\/\/www.hohenlohe-ungefiltert.de\/index.php?rest_route=%2Fwp%2Fv2%2Fmedia&parent=27388"}],"wp:term":[{"taxonomy":"category","embeddable":true,"href":"https:\/\/www.hohenlohe-ungefiltert.de\/index.php?rest_route=%2Fwp%2Fv2%2Fcategories&post=27388"},{"taxonomy":"post_tag","embeddable":true,"href":"https:\/\/www.hohenlohe-ungefiltert.de\/index.php?rest_route=%2Fwp%2Fv2%2Ftags&post=27388"}],"curies":[{"name":"wp","href":"https:\/\/api.w.org\/{rel}","templated":true}]}}