{"id":27382,"date":"2020-11-20T17:07:55","date_gmt":"2020-11-20T16:07:55","guid":{"rendered":"http:\/\/www.hohenlohe-ungefiltert.de\/?p=27382"},"modified":"2020-11-20T17:42:56","modified_gmt":"2020-11-20T16:42:56","slug":"linke-gegendemonstrationen-bei-querdenker-demos-in-crailsheim-und-schwaebisch-hall","status":"publish","type":"post","link":"https:\/\/www.hohenlohe-ungefiltert.de\/?p=27382","title":{"rendered":"Linke Gegendemonstrationen bei Querdenker-Demos in Crailsheim und Schw\u00e4bisch Hall"},"content":{"rendered":"\n<p><strong>Heute um 15 Uhr und am morgigen Samstag, 21. November 2020, tritt Querdenken wiederholt im Landkreis Schw\u00e4bisch Hall auf. Am Freitag, 20. November 2020, um 15 Uhr auf dem Volksfestplatz Crailsheim, nahe dem Jugendzentrum. Am Samstag, 21. November 2020, um 11 Uhr auf dem Unterw\u00f6hrd in Schw\u00e4bisch Hall. An beiden Tagen finden zeitgleich angemeldete Gegendemonstrationen statt.<\/strong><\/p>\n\n\n\n<p><em>Von David J\u00e4ger, &#8222;Ohne Rechtsau\u00dfen e.V.&#8220;<\/em><\/p>\n\n\n\n<p><strong>Rassist und Reichsb\u00fcrger<\/strong><\/p>\n\n\n\n<p>Letztes Mal sprach in Schw\u00e4bisch Hall der Pressesprecher von Querdenken Stephan Bergmann, der ein ausgewiesener Rassist und Reichsb\u00fcrger ist.<\/p>\n\n\n\n<p><a href=\"https:\/\/www.tagesspiegel.de\/berlin\/dokumentation-der-hass-den-stephan-bergmann-im-netz-verbreitete\/26054768.html\" target=\"_blank\" rel=\"noreferrer noopener\">https:\/\/www.tagesspiegel.de\/berlin\/dokumentation-der-hass-den-stephan-bergmann-im-netz-verbreitete\/26054768.html<\/a><\/p>\n\n\n\n<p>In Facebook-Postings (siehe Artikel) faselt er von einer Verschw\u00f6rung der \u201eVermischung der Rassen, mit dem Ziel einer hellbrauen Rasse\u201c durch Einwanderer. \u201eDas Ergebnis\u201c sei, so zitiert Bergmann weiter, \u201eeine Bev\u00f6lkerung mit einem durchschnittlichen IQ von 90\u201c.<br>In einem weiteren Post teilt Bergmann Reichsb\u00fcrger-Gedankengut: \u201eIch bekenne mich hiermit offen dazu, Regierungen die ich als Deutscher und Volkssouver\u00e4n des Deutschen Kaiserreich nicht kontrollieren darf\u2026\u201c usw., \u2013&nbsp;Ich erspare euch den Rest.<\/p>\n\n\n\n<p><strong>Einheizer Nana \u201eLifestyle\u201c Domena<\/strong><\/p>\n\n\n\n<p>Der Einheizer von Querdenken, Nana \u201eLifestyle\u201c Domena hat seit vier Jahren einen Podcast mit dem rechtsextremen Bandleader der Neonazi-Band \u201eStahlgewitter&#8220; Frank Kraemer. Dadurch handelte er sich auch ein Lob vom NPD-Chef Frank Franz ein, mit dem er gemeinsam 2019 (und Kraemer) auf einem Bild posierte.<\/p>\n\n\n\n<p><a rel=\"noreferrer noopener\" href=\"https:\/\/correctiv.org\/faktencheck\/hintergrund\/2020\/10\/16\/mein-freund-der-neonazi-querdenken-moderator-pflegt-seit-jahren-kontakt-in-die-rechtsextreme-szene\/\" target=\"_blank\">https:\/\/correctiv.org\/faktencheck\/hintergrund\/2020\/10\/16\/mein-freund-der-neonazi-querdenken-moderator-pflegt-seit-jahren-kontakt-in-die-rechtsextreme-szene\/<\/a><\/p>\n\n\n\n<p><strong>Holocaust-Leugner<\/strong><\/p>\n\n\n\n<p>Nicht zuletzt Ballweg selbst, Kopf und Gr\u00fcnder von Querdenken, der vor einigen Tagen selbst auch in Kirchberg an der Jagst sprach, hat enge Kontakte zum rechtsextremen Milieu. So konnte beispielsweise Georg Restle von Monitor aufdecken, dass Ballweg den verurteilten Holocaust-Leugner Nikolai Nehrling zu sich zum Grillen eingeladen hat.<\/p>\n\n\n\n<p><strong>Interview Restle mit Ballweg:<br><\/strong><a href=\"https:\/\/www.youtube.com\/watch?v=687urCFozqg\" target=\"_blank\" rel=\"noreferrer noopener\">https:\/\/www.youtube.com\/watch?v=687urCFozqg<\/a><\/p>\n\n\n\n<p><strong>Hier der gesamte Bericht:<br><\/strong><a rel=\"noreferrer noopener\" href=\"https:\/\/www1.wdr.de\/daserste\/monitor\/videos\/video-rechts-oder-naiv-querdenken-und-corona-demos-100.html\" target=\"_blank\">https:\/\/www1.wdr.de\/daserste\/monitor\/videos\/video-rechts-oder-naiv-querdenken-und-corona-demos-100.html<\/a><\/p>\n\n\n\n<p><strong>Sammelbecken unterschiedlicher politischer Richtungen<\/strong><\/p>\n\n\n\n<p>Die Querdenken-Demonstrationen sind ein Sammelbecken von Rechten und Menschen, die sich als links verstehen, Unzufriedenen, besorgten (Reichs-)B\u00fcrgern und allen, denen es schon lange reicht. Ballweg, sowie viele andere Mitorganisatoren lassen nicht nur seit Langem eine deutliche Distanzierung nach rechts vermissen, sondern pflegen selbst engste Kontakte nach rechts. Und so kommt es, dass auf \u201eseinen\u201c Demos der pazifistische \u00d6ko neben Reichsflaggen marschiert, alles verbunden durch den Wunsch die Beschr\u00e4nkungen der Pandemie loszuwerden oder den Virus als L\u00fcge zu entlarven.<\/p>\n\n\n\n<p><strong>Solidarisch handeln<\/strong><\/p>\n\n\n\n<p>Wir als Verein stehen f\u00fcr Solidarit\u00e4t und Miteinander, das schlie\u00dft sicherlich einerseits die psychisch und \u00f6konomisch von der Pandemie Betroffenen mit ein, aber vor allem richtet sich unser Augenmerk auf die Alten und Schwachen, die durch das Virus vom Tod bedroht sind. Solidarisch hei\u00dft hier, Abstand halten, Maske tragen und solidarisch sein.<\/p>\n\n\n\n<p><strong>Nicht tatenlos zuschauen<\/strong><\/p>\n\n\n\n<p>Trotz Beschr\u00e4nkungen oder gerade deswegen, da die Querdenker sich den Hygieneregeln zum Schutz der Alten und Schwachen verweigern, k\u00f6nnen wir dem Treiben der Corona-Leugner und Verharmloser bei uns vor der Haust\u00fcr nicht tatenlos zuschauen. Wir haben wieder eine Gegendemonstration angemeldet uns Lautsprecher besorgt und versuchen die Kundgebungen der Nazi-Freunde und Corona-Leugner zu st\u00f6ren und das alles unter Einhaltung der Corona-Regeln. Wer gerne, mit Maske und Abstand, teilnehmen m\u00f6chte, \u00fcber jedes bekannte Gesicht freuen wir uns.<\/p>\n\n\n\n<p><strong>Folgende Termine:<\/strong><\/p>\n\n\n\n<p><strong>Freitag, 20. November 2020, 15 Uhr:<\/strong> Volksfestplatz Crailsheim, N\u00e4he Jugendzentrum<\/p>\n\n\n\n<p><strong>Samstag, 21. November 2020, um 11 Uhr:<\/strong>  Schw\u00e4bisch Hall, Unterw\u00f6hrd<\/p>\n\n\n\n<p><strong>Pandemischer Imperativ:<\/strong><\/p>\n\n\n\n<p>Handle stets so, als seist Du Corona-positiv und als geh\u00f6re Dein Gegen\u00fcber einer Risikogruppe an.<\/p>\n\n\n\n<p><strong>Weitere Informationen in der Lokalzeitung Haller Tagblatt.<\/strong><\/p>\n\n\n\n<p><a rel=\"noreferrer noopener\" href=\"https:\/\/www.swp.de\/suedwesten\/staedte\/schwaebisch-hall\/schwaebischhall-corona-querdenken-demo-unterwoehrd-polizei-stadtverwaltung-53251590.html\" target=\"_blank\">https:\/\/www.swp.de\/suedwesten\/staedte\/schwaebisch-hall\/schwaebischhall-corona-querdenken-demo-unterwoehrd-polizei-stadtverwaltung-53251590.html<\/a><\/p>\n\n\n\n<p><strong>St\u00f6rungsfreier Verlauf zweier Kundgebungen in Crailsheim<\/strong><\/p>\n\n\n\n<p>Am heutigen Freitagnachmittag (20. November 2020) fanden auf dem Crailsheimer Volksfestplatz zwei Versammlungen statt.<\/p>\n\n\n\n<p><em>Informationen von der Stadtverwaltung Crailsheim<\/em><\/p>\n\n\n\n<p><strong>\u201eCorona-Info-Tour\u201c<\/strong><\/p>\n\n\n\n<p>Zur Kundgebung des HNO-Arztes Dr. Bodo Schiffmann, der die Infektionsschutzma\u00dfnahmen von Bund und L\u00e4ndern im Rahmen einer \u201eCorona-Info-Tour\u201c kritisiert, kamen insgesamt sch\u00e4tzungsweise 300 Teilnehmer. R\u00e4umlich getrennt standen ihnen zirca 25 Teilnehmer einer Gegendemonstration gegen\u00fcber, die vom Verein \u201eOhne Rechtsau\u00dfen e.V.\u201c angemeldet worden war.<\/p>\n\n\n\n<p>Bei beiden Veranstaltungen wurde sich weitestgehend an die zuvor durch die Stadt Crailsheim ausgesprochenen Auflagen gehalten. Es kam zu keinen St\u00f6rungen. Beide Versammlungen endeten nach eineinhalb Stunden \u2013\u00a0gegen 16.30 Uhr.<\/p>\n<div class=\"pdf24Plugin-cp\"> \t<form name=\"pdf24Form0\" method=\"post\" action=\"https:\/\/doc2pdf.pdf24.org\/wordpress.php\" target=\"pdf24PopWin\" onsubmit=\"var pdf24Win = window.open('about:blank', 'pdf24PopWin', 'resizable=yes,scrollbars=yes,width=600,height=250,left='+(screen.width\/2-300)+',top='+(screen.height\/3-125)+''); pdf24Win.focus(); if(typeof pdf24OnCreatePDF === 'function'){void(pdf24OnCreatePDF(this,pdf24Win));}\"> \t\t<input type=\"hidden\" name=\"blogCharset\" value=\"Cw1x07UAAA==\" \/><input type=\"hidden\" name=\"blogPosts\" value=\"MwQA\" \/><input type=\"hidden\" name=\"blogUrl\" value=\"yygpKSi20tcvLy\/Xy8jPSM3LARK6pXnpqWmZOSWpRSV6KakA\" \/><input type=\"hidden\" name=\"blogName\" value=\"88jPSM3LARK6pXnpqWmZOSWpRSUA\" \/><input type=\"hidden\" name=\"blogValueEncoding\" value=\"gzdeflate base64\" \/><input type=\"hidden\" name=\"postId_0\" value=\"MzI3tjACAA==\" \/><input type=\"hidden\" name=\"postTitle_0\" value=\"DcrNCYAwDAbQVbKAUyjowYs4QX8+bLBNIWlxITdxMXt+b2e5QSsuSESpYk1d4yoQ8mA6OjRiFJ2WwUYsNKvjbAlcqEukM6Tnez1bSLS5nH8=\" \/><input type=\"hidden\" name=\"postLink_0\" value=\"yygpKSi20tcvLy\/Xy8jPSM3LARK6pXnpqWmZOSWpRSV6Kan69gW2RubGFkYA\" \/><input type=\"hidden\" name=\"postAuthor_0\" value=\"S0zJzcwDAA==\" \/><input type=\"hidden\" name=\"postDateTime_0\" value=\"MzIwMtA1NNQ1MlAwNLcyNLQyNQUA\" \/><input type=\"hidden\" name=\"postContent_0\" value=\"zVnNchs3Er7nKVDeqpRTxSElZe04jqwtyfK\/rCSSf6py2QI1zRmEGIABMOKaJ79Dqva0tdmDax\/BJ5+Wb+In2a8bQ5GUKCe7h1RclkzOAI1G99dff4A\/253s7cYUvKv2HlObSLWN2r6lXtZBta5UulGND5WpyKlT3cSkq57a2e6rY39OzZCC2tna2eqpFExK6vuWQklujMFTQyWF2tukTKOOtCvHgUxUp2f1dP5uaOJZrR5ra5VuR32136iHeJ2tb12xvvQJo1VJjXrl7TiOKKaJ1Wmm7gdtbKzJND3ldE0y5mkLr8sZuRTaRtb41A54je21NV66RGE6f1+HUhl3xXNYdGpIBhtWLzQHaGQcf5lhI5Ulg3HaVdSQLQmBfUTsDjXeId46Ge8wFu6k1N8ddCnYHUz2PsMfzgo1e6+8U4f63JTq6fxdRaGnPv\/TnZ2dnW++rR2pEzqrU9Tt\/BcYov6rvrzc+mZ3gKmrljrjJzpGE5Pk9YTdi8P5hwCzm5Y\/ojRLFNVzbVWcBI3NbIgB4hTUd4FiJAyCP\/h6DqdXgHCaaFJrpw4oVI12ridzCMZ0GysCTiI5PLnWO4Wn\/dXtaFUHGt27Uac0iXcHg+l02kdW4cTEIMa2X9IAebXGDUo\/bhsAQMJdYOGixjL44IqY\/SqGnV+FaQqHTRfnFIaMReRssHN769afv7p9p1+nxt5QScOhdO\/GX4dWu\/ENFcjeu+E8vKEQ4KnzfsKbubH3e\/u2O9Cr2Xvi1EN9RkPvx8V3PibjqqhuRkMojf2QzJjsF2qkI6E8u5QhI\/j0ikLkHL8PraskUx\/f\/hMPG0754hGnipDIxiQplB8M2W5+TdYOg26ReBn18e0\/VNkGwOWBcVOwACFOfTZ6qKN6gHAOnYk8KpLpqejVzCRDIV3gRU15v4A+5vAaeHE+f2\/HJB6yC\/y0yavASQcisoAPPHjyvezs6y3Y7+8OA4clD842MYSDoxIZu7LgGvqKR1RqBnLVprvswxPsZUh4AFcarvHacHiS8qMRDJZ61vZgojLiID8xpIQLbFSHoNgoVcIwFxKLvkVW5+8wkJYDnHqmTWRU8VSHX0mNPZjMW2vE81KH0ce3\/+bQtXHa5\/j8\/Lkbxsk37CHSONGBFLX4wqR0QpeqqCt5pAW0OYNHx9pp3uCRYV59YyV3hx4Q1ZsI4hBTlpPXi773KWOq1omzndQ5dqKe6pq3w3nhdJRnGhlZICsIxdHfUgCNgkMAIEuaMcg\/x+SdnpmCH\/Nip0nXliklIbkdGaKvIH3qWdCwAOQd6gzHmrFoQcuwEyU9HCmmpSM\/xHYadfzdYXG\/plFngX\/PeMAS95jK9G5cRJvc2dr+Wt3ktHZrfSGNJOPtwNhSTXxkZNMlMruWRC7R3JnH67NkzvtoyIORHidyQMrZeFAb7lQV8FYOuJkNtvH39oA9K0aB8FjoxXXh+ukiT0Xj8UInH4rJyFKVCs5L8aOkpGC8YZUCVoDhYi0XRURfpcEVStz7I3t7iSQvdI+3\/gzNKBVH1FZucz88lhKctZb7IoBo7ZQqwNgOY+qpZ34ykpJ+FOYfmOSuFER+Jo1PxFRWDHl+xh6g98wAmkz6EA4y46mu8Dr3354UDoiIsJzsleDPlRp5bkAQbV+deiYMhJo1CncfG8F6kXUIMiJ8YEncfO7BmV50T4kEibfg7otNMn2AotogPIkvVwKmjs3YW21QkTX3tgqO5apiBx8FY20ucXRAzeawk01k9ISRAVaYLtzjSuvcuMsEvszMJhHwxrepHVL\/zDeDqU5n9V\/O792+81Ub7j\/0s5+q\/7d\/\/4rZ61BlOpZC89dN4r4VGENX9vFb6x+ubPenZWAJgfyA4SECmpy7ATQi+Zj\/6bBfeCkjbc5Xa4jLC7WJ2ipYi8Zie2trs7rZ+50WviZ+0OpQzkMBJEoriTDBoUJ6ewCZWgiF3EtPOK7SbDc2KvTfZSUWh5cVOES78P7aglwXoq9l8VI9JydtuSftPC76ObA+jlwcCIm8felm7Sjw2cfx1yFFFBsbuZlVRfHFQdYV2azmwmByYE\/Q\/rEGFrZ8bFDS+lN\/gX8WRxDL3DRRGFlJodiRg0pDQjEtEk9ladYJBteG3GiP5BwivQhrtVkfqUMIa\/S0LFRwbMKecgJ5QxB8ovGi55WcEsZdMhZoCFteEtHK7D6CULKSG\/umwcjY0Ql3QzTpKJ1e5ADDQEpkAqIfwRvJp5r\/feyVoyEtpNjI6orXbnTGQADjcuTE0WErh67c1fnT65ZTJXk6IHxibTXupBifVjh0DV5aH2ftVHChfJYUTr0yoY2S2qP5h4oJFltNVodzcpsY6xQwhBKTA1GWFBsx+NoEMQolzVDLaFEjQEEtLKT5u3z4QU4xRhIskWNQgNLnvyTBHR8eslIB6pDcKDudxDeIDHvBJubvQf1eNLsgeW3fBwT3WKtyRLN8RjiHXX\/iuKKnMH4oLwiLqHm1z6dpyJpxPh\/D0L5dVAcfC\/WyPLpcwPUcTlZTL3yJaiiDr5OUXF+thY4M749z21P7Q8ZliXjyAj0cQeOYFCq26paLKzMZTpsSk\/s1DlfkkGjkEYP5WLIpOy+CT7MrYPGZvAMaFkvzKcOfEyJbvCCUTj0ydh6\/gehHVvic56TzIS4tLLOhDcFi9KIlMxn01Hj+3jm5NwmiLV8AKMMOsvczbS6arRwdKNQ6NNgaHqDBc5Ikfzz+Mfdmxpa7Jgh9xYCs9fDioiZzw9UripUbDFniSON8sjjpd+wmDjEHtrIrDs8zPMLRbll1xyzlHoq6Ixl\/aU+sFxJOnV2MGDu5woX55aABNCwOoN3kE4k0NpMT5ShL84wXNtMhqScnPEc166Nm\/p6x3VPzD4z5H4mPXTjQadFKjyhKzFiIdtnAtjcB7KG3Eiz1gsnS0d2NlziLwZ+43Mo3W8vpn7rbOp6\/A0GuXWxtbp2\/fs21suCVa53e6t3XhgU6Lsnd90kzYVVuzjdG4LEc2ZjxwFTR94QGUbToIYftIpF8MoKBriVGJLNmLKBDgCwFlDlZ+Y7hxETITRwgJhNuhJuS8zqf79UTN\/KhWbR6k7F45Mfa8iUdw4m3i2eQ41A9113F\/U8irR+nE5ZKsaVyiiySg0lNJUQTX61okjgXwLNdfcDfFwJpRTZxNRZSBFMPcV0WLHzgfAGbZWIGyXVR3Ppy59b2ra9\/g5j7Izh4nehL+eYpov5Mvo6y3G5mU\/m6RivI5rI0NqVtv0FfaZMct7oCZJkCisAndfNKKfKNmGiJxQXw0jy7sl6V7JHclkE12uzQ4i537Qp3HYGLZny6Hpu1jWy+vIVy6oqFLRYvfBugoTZt+4d2NVByq\/T4+NtiP8h97mGAovSl55o3o9HyRpZpG6ZpzK7GKJ2r0fNfnBbaZM8PuD755whdUlShadRJfp9Lc7OXahxYq2fhNtaNJC\/mcxGrGyifGSc9n0+\/3NoCp3Z8DW9P5u\/aRjQPAI0G4ZISVmcrNQd1hlOzVju3VmZ17mzoZ9UFm2StwtqkU2VwfvO9Om9hpQ9OvWjGqQ6ryT4AHrr\/DYA9jRVzbnlkiwlZJ8jFY0wV679STvmGRaZ07qya8F3QsYKJfFOOtuu5wcLgfsuSmHg3WST11YPIkeU+Os5XaYtS4pcH7NcltHJgWJKIcucp0mKHmJcF9ce3P\/\/nXxIttX27\/+UW94y83\/8C\" \/> \t\t<a href=\"https:\/\/www.pdf24.org\" target=\"_blank\" title=\"www.pdf24.org\" rel=\"nofollow\"><img src=\"https:\/\/www.hohenlohe-ungefiltert.de\/wp-content\/plugins\/pdf24-post-to-pdf\/img\/pdf_32x32.png\" alt=\"\" border=\"0\" height=\"32\" \/><\/a> \t\t<span class=\"pdf24Plugin-cp-space\">&nbsp;&nbsp;<\/span> \t\t<span class=\"pdf24Plugin-cp-text\">Sende Artikel als PDF<\/span> \t\t<span class=\"pdf24Plugin-cp-space\">&nbsp;&nbsp;<\/span> \t\t<input class=\"pdf24Plugin-cp-input\" style=\"margin: 0px;\" type=\"text\" name=\"sendEmailTo\" placeholder=\"Emailadresse\" \/> \t\t<input class=\"pdf24Plugin-cp-submit\" style=\"margin: 0px;\" type=\"submit\" value=\"Senden\" \/> \t<\/form> <\/div>","protected":false},"excerpt":{"rendered":"<p>Heute um 15 Uhr und am morgigen Samstag, 21. November 2020, tritt Querdenken wiederholt im Landkreis Schw\u00e4bisch Hall auf. Am Freitag, 20. November 2020, um 15 Uhr auf dem Volksfestplatz Crailsheim, nahe dem Jugendzentrum. Am Samstag, 21. November 2020, um 11 Uhr auf dem Unterw\u00f6hrd in Schw\u00e4bisch Hall. An beiden Tagen finden zeitgleich angemeldete Gegendemonstrationen [&hellip;]<\/p>\n","protected":false},"author":1,"featured_media":0,"comment_status":"open","ping_status":"open","sticky":false,"template":"","format":"standard","meta":[],"categories":[1],"tags":[],"_links":{"self":[{"href":"https:\/\/www.hohenlohe-ungefiltert.de\/index.php?rest_route=\/wp\/v2\/posts\/27382"}],"collection":[{"href":"https:\/\/www.hohenlohe-ungefiltert.de\/index.php?rest_route=\/wp\/v2\/posts"}],"about":[{"href":"https:\/\/www.hohenlohe-ungefiltert.de\/index.php?rest_route=\/wp\/v2\/types\/post"}],"author":[{"embeddable":true,"href":"https:\/\/www.hohenlohe-ungefiltert.de\/index.php?rest_route=\/wp\/v2\/users\/1"}],"replies":[{"embeddable":true,"href":"https:\/\/www.hohenlohe-ungefiltert.de\/index.php?rest_route=%2Fwp%2Fv2%2Fcomments&post=27382"}],"version-history":[{"count":7,"href":"https:\/\/www.hohenlohe-ungefiltert.de\/index.php?rest_route=\/wp\/v2\/posts\/27382\/revisions"}],"predecessor-version":[{"id":27398,"href":"https:\/\/www.hohenlohe-ungefiltert.de\/index.php?rest_route=\/wp\/v2\/posts\/27382\/revisions\/27398"}],"wp:attachment":[{"href":"https:\/\/www.hohenlohe-ungefiltert.de\/index.php?rest_route=%2Fwp%2Fv2%2Fmedia&parent=27382"}],"wp:term":[{"taxonomy":"category","embeddable":true,"href":"https:\/\/www.hohenlohe-ungefiltert.de\/index.php?rest_route=%2Fwp%2Fv2%2Fcategories&post=27382"},{"taxonomy":"post_tag","embeddable":true,"href":"https:\/\/www.hohenlohe-ungefiltert.de\/index.php?rest_route=%2Fwp%2Fv2%2Ftags&post=27382"}],"curies":[{"name":"wp","href":"https:\/\/api.w.org\/{rel}","templated":true}]}}