{"id":27340,"date":"2020-11-02T21:54:29","date_gmt":"2020-11-02T20:54:29","guid":{"rendered":"http:\/\/www.hohenlohe-ungefiltert.de\/?p=27340"},"modified":"2020-11-02T21:54:29","modified_gmt":"2020-11-02T20:54:29","slug":"juedische-kulturwochen-in-stuttgart-grusswort-des-praesidenten-des-zentralrats-der-juden-in-deutschland-dr-josef-schuster","status":"publish","type":"post","link":"https:\/\/www.hohenlohe-ungefiltert.de\/?p=27340","title":{"rendered":"&#8222;J\u00fcdische Kulturwochen in Stuttgart&#8220; \u2013 Gru\u00dfwort des Pr\u00e4sidenten des Zentralrats der Juden in Deutschland, Dr. Josef Schuster"},"content":{"rendered":"\n<p><strong>Hohenlohe-ungefiltert ver\u00f6ffentlicht in voller L\u00e4nge das Gru\u00dfwort des Pr\u00e4sidenten des Zentralrats der Juden in Deutschland, Dr. Josef Schuster, zur Er\u00f6ffnung der J\u00fcdischen Kulturwochen in Stuttgart am 2. November 2020. <\/strong><\/p>\n\n\n\n<p><em>Vom Zentralrat der Juden in Deutschland<\/em><\/p>\n\n\n\n<p><strong>Froh \u00fcber digitale M\u00f6glichkeiten<\/strong><\/p>\n\n\n\n<p>Vermutlich geht es uns allen \u00e4hnlich: Wir hatten uns darauf gefreut, zur Er\u00f6ffnung der J\u00fcdischen Kulturwochen tats\u00e4chlich in Stuttgart zusammenzukommen und uns nicht nur digital, sondern ganz in echt zu begegnen. Jetzt haben uns die steigenden Infektionszahlen leider einen Strich durch die Rechnung gemacht. Und wir sind einerseits entt\u00e4uscht, wieder nur per Video Kontakt miteinander zu haben, und andererseits froh, dass es diese digitalen M\u00f6glichkeiten gibt. Und ich hoffe sehr und das w\u00fcnsche ich Ihnen von Herzen, dass wenigstens ein Teil der Veranstaltungen der J\u00fcdischen Kulturwochen real stattfinden k\u00f6nnen.<\/p>\n\n\n\n<p><strong>Nach Kriegsende wollten viele Leute nicht zuh\u00f6ren<\/strong><\/p>\n\n\n\n<p>Die J\u00fcdischen Kulturwochen sind ein fester Bestandteil des Stuttgarter Stadtlebens. In diesem Jahr erinnern sie vor allem an den 75. Jahrestag der Befreiung und an die Wiedergr\u00fcndung der hiesigen Gemeinde. Und h\u00e4tte damals den \u00dcberlebenden jemand gesagt, dass einst Jahr f\u00fcr Jahr die Stadt J\u00fcdische Kulturwochen erlebt, so h\u00e4tten sie wohl ungl\u00e4ubig den Kopf gesch\u00fcttelt. Ungl\u00e4ubig, weil 1945 ein wieder erbl\u00fchtes j\u00fcdisches Leben ebenso unvorstellbar war wie der Gedanke, dass sich so viele B\u00fcrger f\u00fcr das j\u00fcdische Leben interessieren. Denn die \u00dcberlebenden stie\u00dfen nach Kriegsende \u00fcberwiegend auf Deutsche, die ihnen nicht zuh\u00f6ren wollten, die wegsahen, die verdr\u00e4ngten und verschwiegen. Willkommen waren die j\u00fcdischen \u00dcberlebenden nicht!<\/p>\n\n\n\n<p><strong>Erfolgsgeschichte<\/strong><\/p>\n\n\n\n<p>Was sich seitdem an j\u00fcdischem Leben etabliert hat, hier in Stuttgart, in Baden-W\u00fcrttemberg und ja, in ganz Deutschland, das ist eine Erfolgsgeschichte. Und auch das Miteinander von j\u00fcdischen und nicht-j\u00fcdischen B\u00fcrgern, von Juden und Christen ist eine Erfolgsgeschichte. Nat\u00fcrlich gibt es Schattenseiten. Gibt es eine Reihe von antisemitischen Anschl\u00e4gen und Vorf\u00e4llen, die immer wieder Zweifel aufkommen lie\u00dfen und Zweifel aufkommen lassen, wie sicher Juden in Deutschland sind. Zuletzt der Anschlag in Halle im Oktober 2019 und der Angriff auf den j\u00fcdischen Studenten in Hamburg an Sukkot.<br>Doch die ganz deutliche Mehrheit der Bev\u00f6lkerung ist nicht antisemitisch eingestellt. Und sehr viele engagieren sich im Dialog und im Austausch. Wenn wir den Blick zur\u00fcck richten, auf die Anf\u00e4nge, auf das zerst\u00f6rte Stuttgart 1945 und die \u00dcberlebenden, die aus den Lagern und Verstecken kamen, die ihre Familien verloren hatten \u2013 dann sollten wir vor diesem historischen Hintergrund diese Entwicklung der vergangenen 75 Jahre so positiv sehen, wie sie ist.<\/p>\n\n\n\n<p><strong>Brauchen gute Wissensvermittlung \u00fcber das Judentum<\/strong><\/p>\n\n\n\n<p>Manchmal, meine sehr geehrten Damen und Herren, habe ich allerdings den Eindruck, dass das Wissen \u00fcber unsere j\u00fcngere Geschichte immer geringer wird. Daher bin ich sehr dankbar, dass Sie in vielen Veranstaltungen der Kulturwochen historische Themen aufgreifen, beginnend heute Abend mit dem Vortrag von Professor Wolfssohn. Wir brauchen dieses Wissen. Und daher brauchen wir auch eine gute Wissensvermittlung, vor allem \u00fcber das Judentum. Hier sehe ich in den Schulen noch Nachbesserungsbedarf: Fundierte Kenntnisse \u00fcber den Holocaust und gen\u00fcgend Raum f\u00fcr die j\u00fcdische Geschichte jenseits der Schoa. Denn es ist wichtig, dass Sch\u00fcler Juden nicht nur als Opfer wahrnehmen. Und dass sie verinnerlichen, wie lange bereits Juden zu Deutschland geh\u00f6ren und unsere Kultur mitgepr\u00e4gt haben. Dies alles zu vermitteln, ist f\u00fcr die Lehrkr\u00e4fte nicht leicht. Daher arbeitet der Zentralrat der Juden mit der Kultusministerkonferenz und den Schulbuchverlagen an guten Lehrmaterialien sowie einer gezielten Fortbildung f\u00fcr Lehrer. Es gilt, sie sowohl zum Thema Judentum zu schulen als auch sie im Kampf gegen Antisemitismus zu st\u00e4rken.<\/p>\n\n\n\n<p><strong>Projekt \u201eMeet a Jew\u201c<\/strong><\/p>\n\n\n\n<p>Daneben bieten wir \u00fcber unser Projekt \u201eMeet a Jew\u201c die M\u00f6glichkeit an, junge Juden zu treffen und sich auszutauschen. Auch dies halte ich f\u00fcr einen wichtigen Mosaikstein, um das Wissen \u00fcber das Judentum zu erh\u00f6hen und Vorurteile damit zugleich abzubauen oder am besten von vorneherein zu verhindern.<\/p>\n\n\n\n<p><strong>Fotowettbewerb &#8222;J\u00fcdischer Alltag&#8220;<\/strong><\/p>\n\n\n\n<p>Jetzt gerade und noch bis zum 20. Dezember 2020 l\u00e4uft \u00fcbrigens ein Fotowettbewerb zum j\u00fcdischen Alltagsleben, den wir u. a. mit Kulturstaatsministerin Monika Gr\u00fctters gemeinsam ausrichten. Hier sind alle B\u00fcrger aufgefordert, Fotos einzureichen, die das heutige j\u00fcdische Leben abbilden. Ich hoffe sehr, dass der Wettbewerb Menschen animiert, sich mit unserem modernen j\u00fcdischen Leben auseinanderzusetzen. Da ich Mitglied der Jury bin, darf ich dann auch \u00fcber das Siegerfoto mitentscheiden.<\/p>\n\n\n\n<p><strong>&#8222;Jede Generation muss sich wieder neu mit der braunen Vergangenheit Deutschlands auseinandersetzen&#8220;<\/strong><\/p>\n\n\n\n<p>Meine sehr geehrten Damen und Herren, in den J\u00fcdischen Kulturwochen finden sich viele Veranstaltungen, die die Zeit des Zweiten Weltkriegs und die Nachkriegszeit behandeln. Die Erinnerung an die Schoa wachzuhalten, ist nicht nur bleibende Verpflichtung der j\u00fcdischen Gemeinschaft. Nein, diese Verpflichtung liegt auch und vor allem bei der Mehrheitsgesellschaft. Es geht darum zu erkl\u00e4ren, was geschehen ist. Vor allem aber: Wie es dazu kommen konnte. Dazu sollte auch die kritische Reflexion \u00fcber die Rolle der eigenen Vorfahren geh\u00f6ren. Sehr viele B\u00fcrger denken, in ihren Familien habe es Widerstandsk\u00e4mpfer oder Menschen gegeben, die Juden geholfen h\u00e4tten. Wenn es nur so gewesen w\u00e4re! Die Realit\u00e4t sah leider anders aus! Jede Generation muss sich wieder neu mit der braunen Vergangenheit Deutschlands auseinandersetzen. Das gilt auch f\u00fcr Einwanderer. Denn wenn die Lehren aus der Geschichte verinnerlicht werden, ist man besser gewappnet f\u00fcr die neuen Gefahren, die immer wieder drohen. Mal kommen sie als im Gewand von Rechtspopulisten daher. Mal als Verschw\u00f6rungsmythen zum Corona-Virus. Es sind Gefahren f\u00fcr Minderheiten. Gefahren f\u00fcr unsere Demokratie. Die Weitergabe der Erinnerung, des Wissens \u00fcber die Schoa, schulden wir daher regelrecht unserer Demokratie. Wir schulden es den kommenden Generationen. Bei den j\u00fcdischen Kulturwochen wird diese Verpflichtung eingel\u00f6st. <\/p>\n\n\n\n<p><strong>Physisch mit Abstand, aber innerlich aufgeschlossen<\/strong><\/p>\n\n\n\n<p>Ich danke ganz herzlich der IRGW \u2013 hier m\u00f6chte ich stellvertretend meine Pr\u00e4sidiumskollegin Barbara Traub nennen \u2013\u00a0f\u00fcr das auch im Corona-Jahr ungebrochene Engagement sowie der Stadt f\u00fcr ihre Unterst\u00fctzung! M\u00f6gen viele Besucher, vor allem auch junge Besucher real oder digital die Veranstaltungen besuchen, physisch mit Abstand, aber innerlich aufgeschlossen!<\/p>\n<div class=\"pdf24Plugin-cp\"> \t<form name=\"pdf24Form0\" method=\"post\" action=\"https:\/\/doc2pdf.pdf24.org\/wordpress.php\" target=\"pdf24PopWin\" onsubmit=\"var pdf24Win = window.open('about:blank', 'pdf24PopWin', 'resizable=yes,scrollbars=yes,width=600,height=250,left='+(screen.width\/2-300)+',top='+(screen.height\/3-125)+''); pdf24Win.focus(); if(typeof pdf24OnCreatePDF === 'function'){void(pdf24OnCreatePDF(this,pdf24Win));}\"> \t\t<input type=\"hidden\" name=\"blogCharset\" value=\"Cw1x07UAAA==\" \/><input type=\"hidden\" name=\"blogPosts\" value=\"MwQA\" \/><input type=\"hidden\" name=\"blogUrl\" value=\"yygpKSi20tcvLy\/Xy8jPSM3LARK6pXnpqWmZOSWpRSV6KakA\" \/><input type=\"hidden\" name=\"blogName\" value=\"88jPSM3LARK6pXnpqWmZOSWpRSUA\" \/><input type=\"hidden\" name=\"blogValueEncoding\" value=\"gzdeflate base64\" \/><input type=\"hidden\" name=\"postId_0\" value=\"MzI3NjEAAA==\" \/><input type=\"hidden\" name=\"postTitle_0\" value=\"U1O2MDIysvY6vCclszg5I1XBuzSnpLSoPB\/IzlPIzFMILiktKUlPLCpRA6k0sFZ41DBZwb2o9PD88vyiEoWU1GKFgKLDS4ozU1LzSoBaQAJRQGZRYk5RYkkxkF+k4FWaAjHMJbW0BGhLTmJeio6CS5Gegld+cWqaQnByRmlxSWoRAA==\" \/><input type=\"hidden\" name=\"postLink_0\" value=\"yygpKSi20tcvLy\/Xy8jPSM3LARK6pXnpqWmZOSWpRSV6Kan69gW2RubGJgYA\" \/><input type=\"hidden\" name=\"postAuthor_0\" value=\"S0zJzcwDAA==\" \/><input type=\"hidden\" name=\"postDateTime_0\" value=\"MzIwMtA1NNQ1MFIwMrQyNLQysgQA\" \/><input type=\"hidden\" name=\"postContent_0\" value=\"tVlNbxw3Er3nV9BYYE\/jsWNssJvEMGBFtvwlJ7AcC\/CNrWF3U93NHpBsTTyn\/Ie9Bps96DfopNP2P8kv2feK7Pmwx8bmsAZsjXrYZLHqVb1X5a8eLh89DNH3rnr0rK+Na\/HP3cFVprRtND6qK+PHm7I0Lrb2oo7KOnXVt63x6tV4jXVqoYM68cP4+6rH8oUJ6ic\/Xge7wCvGyYP3+Oh163UM+N2rFwO+5E7HZojhom61W8zUsZ+rF30wpTq7qIeA02dqPXj1RAxwMCq9PN4uLF7CDi+HNg5+1csv2O4sDjFWGmboTj2Yq9f9lekKvPPg\/oP7c\/XwXr7pw3vLR1\/hDy9vukfv+m7HxM9a+PAe1u6+mnd76vtajbc8Z2ErG3Vr1Ol4U9FfjbFwwqGD3xnfDeJTVRn4FW4aXFAarnVqvK4dv\/pOnVuvah3pSX690F4PJd4oPQz7U\/6J8P54javwyD1nrYegu8649dD0\/ImTFnKak4i7YXOxmQq9wyFOVdqtuYvhivWgClOZyhmHEJq4jrC5mEy2RiGYtjKOPn3uStNE27uw1jXv2hpLs43F2zDK07zF4Pkv3nyDA+Rqlek0zpqrn2HcCl4JFh\/4lg9wclAIYByvB9wcfllZw01p+hI\/3+GIXr3sXdRNVB1iYp3mRWi6mDqTS8uzacMScZ0R3oHBgTHBbALsPoqwqmyRbaP9dY+MUcHUXrZliqzGW8eoyPfPa172qnfqmfFrni7HrIyzFXwFr8FA9dbYVkIKrGgXcG5kZrovhtkb3cLfgExpxeHNeOMYmAPIfQ2PqpfemiowOGqFxOZlrqwBhl8BYSZjYD3U440\/jORjhOlz1kxBUqVhQqsj\/ICTY7pZ2IIQ351FvYitQTDCHDBJHu\/UCw0vGm9xCc8NDfzmJU86xEvxin\/\/Zi7LuHlKgiMmiCVuUlgFS+cCisojEospW2ocQmiqE9MZOiwFsR6vkXOISqfbIGeMvyHBxTr+dgk0Ylllgq7iBBKLGCVzy\/HWp088Vy62ddG+h2TTyMTKh6Y7rvq6he1VC0gXthITXvZLpj72GG+xsBXATSuAeTr162\/\/9o04PGeA8UU73tYRvr6cDAgILbNTXN3jFDgU0WnbQnu14l8YwJdPzEK7xuT7BSIX6xM6jnDFyuSrEuCb7fPuFuUfEcFlPMvCsXEpCvuODNGa8Xd8cB9hUQoqDGHZUKx5uRLTGuxiJYP2wTnhN61YYSddT7+BxhaehBVzfcMD7JYOmAMabZuLHxxgkqWXW1DvGy3H3jmQUE982bdVkBhxjTmUL+d68iVKxyKheHNUN8Um6qK1JGBU\/xlh6veK9oy\/HWlYc\/ccEQAcSHQJ7pdavpUSvcewDJMFRlk11Se2JuTrgZUXC093qiQr1Y43eIj44O7OwwwI+JurE4Fy4Q+1t6xpXzz5tY54PbEhKikLLkSA8F6QAjtXJ\/m5bPHG2NrIQdpFizJhYzbjMasscqLKx7\/rfTlek1UzcBBkP2XHe+RMaVriK0e\/zXDkqwe+RR5wIyYIQ\/gZpSBlb67eD61wIU9KZqE6YeUzFi8Yon5sYp\/kydffJqKQlZW3ZSmYl1KzdTGin1WV7NIVAyIO9JwNTdPH+cPCPzruM3FK9BcmSQwIEnBRDU\/m6ng13rSN8ayCDEvKoz1X0s+VkbKQiU3oLCW\/cZWuJLETknGXY6vbPuEPvz2GftPkYqQWE5+EzcscwZqGqmW8xU8v0Yc\/5a4w+rErRVTmJ0DhGmkakd3R7AgWKXLir4\/rSYoxTpbTXmkCMsGA+5iLhoSouw0YwBnqqe4swu5YEtqed8qC649f\/wkbYH3IvMhbkHwyM9VwXe9zbJ5Jvat8Ngta4YmLK9y2nagG2yMowKUwViIs1tNlH+DyK\/p3iy3DuBzi7CPPDKXiIDufWwIyYGuELcpRWYnCdwLNOHSHitCpdhd1R0XXSUJJcCuDf3nRYz3JQOgTT6sokkS6ELt+AWwkFz8B0v1w0WSO4LHJpmwHFCBgQhDj5vhwskn6nIkVqb2SlPTImWPNpCqA71QhSaHgIDBTPuGMrskSxR1URnv0uhMj9RblFY8Arcozs3EtyFYKCzK+qJ3HhBEFomJhRu1AU1BJnfnJ99AwAdE\/79sSH2qhDdg6BUSiPl0\/pcwi3WZaQfxIfRWXfyaAsx1982ks5wAaHhErKgt5hoEdE\/3hmP6UdQVslfwOBUjcl9+ppwgnCQX6AxkZHQ+eDiB++7a\/QOJECTt8Od4K9b7RQ5dJfpcSdwN5mYp06u1gSa8z3ZtENysuo0JJAaR8aTeVc9tjUGn9uCwJBaSGM3W3daPID2Fx0YFS03KutMwpBNKLCWlTqPrdcowGKwmE3NgQiAklDHVlllAGVe5ZYDriKP4P3CdHxrQ4jpfZuOIVsNngxXIjktHJSIeSMKx9QeZKFfdge9nlciymhM468qRvenRIMHadGSEHtwBuWKA0Ya5T+jsxotN4C9WXJSz0dIl0Rbj1GknCVU+B48K2InrFfr5m0G4\/CaDbluqTRacX0blGvJkpeoM5uiFkgDFIAmEpUZ16qTsRpZVQ74Y\/ukGch9J97ZvDzQcS6hKdIKrsv04N3ITzzOqPX3872GJoJ6qosGaqwzvlRX1uK4nTbqMGx83UJUvFFijRG443xNtCZkiC9ZDYi3B4PCRGDcBHG1PWiRNTx5rBzY6wD9o2bHXZTXaf1sLdPObJxgOW9VanDJ59kXQdlqq2EkApXayHQg9Y1xMtugPYRVCxLKFWIFMIfpfRWlvp0A+5\/Gkf+5WJsTAr9AXqr3\/5x4MHD77fNCbQHuA5Xcnz+98fCkRq7lGuoTyTDGTBKWwQ2HDIcmzW25mLYnNSRt7f00epr\/3IDL65I3KSDUEYfSb4Z7iHuUJVoV9S4qLm67jJGUvvO9todeKlN\/KBAwN2ZHAXQpmVxlQ92ZWKCJu6GHKCKXsPzyEbaKCYCqFicqkhlBhA8gSu8km7owtmGI94vjcAmIgRh5xv73xqXLqtdrazcqhgjxdMBapTHcPt9hVgPmsIkzRf42NcS9nSAk3IdsDdLHKd8R9IpjTCl\/K9CBrJ4C0oz9gFQZTHXmYjTvosDvAOgWhCDQQ0SACFRnOao5Dxua2ZZi9m2FQ4MqBLdJ0kkEjRnRIddu+UbvQFFJ7+T5IlU+PnRhN5PCImJ1X7kZjIMcff90k4B+kIeNg56mojvepGhpJ006M1Vxem5l3axCdoeYS3WIDzMEJ4Ekx3UaN91alt3Upx8mGB9BdVS8OWpYxfJy25A4k0uMBnXYJ7Xkv1SQJ0\/zWAAhwnkZf+dyMyQFOy59QisDGD6p92JEdwQAkETWWrQVqLi1c6pIGEqVODN2cdm4YzgBcHmEbGZxpv5i4KDOfY9B3zWdLWue3EWvgwtXLo8crW\/EJsTcNVPOPoWaV5YVLS7O+opN2G5efqbNupTAmOUDcZFFZWb1S\/KFvRbYQep1OhGa87ESJ98kvOVbJcMeEi8QfOhBrkLml2k9sdbMcIQtxXyHcywIoeuyNYeGPA1SDGqIKup\/FnAj6z4I76v6cWXZ+YP\/ld6AxKfpXnn1m+raaRjcgFl9sqvyv9dgUZhB46gwnHHXCeRCh9oJdLZ3bEE24g0E2hO9CZL3wv7Huq2wk2VByUH1AdJ4amCgFyQBzDsl8ObRoziOZOL3L1uzTnATIohrsPsRba79QPPcqKvvvO+iEIyoUVJpOSqafCpfU0gdj7LuvIY9P1DQNlUqafczFCUSSYbhN\/JhUk6\/0dSEshmCWBNbFd6hs88NZ6mbCnw\/zeaWw+Nm+Z1I4lVy3EtxN+aPqR5PgelewVQzZfB6uGTAHa8YapfUjE1R+CTAsIx8eFpM9MMl9tcJHIlWjsefdDBf15IqYmjy1w+bW8SQ8+f3NyLq24zMC68SY1j5SgHE4AgVBwUdo2oYX8v0926ELDalHJoMyjg9TqLZKlAPjY8nHP\/\/x7M76URLAbWMjwljRQePEQ2\/lKU1O4mFX2YppZJzzILOFnDgGgem\/jGi\/fEfG5GagfmcA+0O92eHJsUqTT12mEL6Un\/3eD4OTjVrdIy5E8yz8fhDS8\/C8=\" \/> \t\t<a href=\"https:\/\/www.pdf24.org\" target=\"_blank\" title=\"www.pdf24.org\" rel=\"nofollow\"><img src=\"https:\/\/www.hohenlohe-ungefiltert.de\/wp-content\/plugins\/pdf24-post-to-pdf\/img\/pdf_32x32.png\" alt=\"\" border=\"0\" height=\"32\" \/><\/a> \t\t<span class=\"pdf24Plugin-cp-space\">&nbsp;&nbsp;<\/span> \t\t<span class=\"pdf24Plugin-cp-text\">Sende Artikel als PDF<\/span> \t\t<span class=\"pdf24Plugin-cp-space\">&nbsp;&nbsp;<\/span> \t\t<input class=\"pdf24Plugin-cp-input\" style=\"margin: 0px;\" type=\"text\" name=\"sendEmailTo\" placeholder=\"Emailadresse\" \/> \t\t<input class=\"pdf24Plugin-cp-submit\" style=\"margin: 0px;\" type=\"submit\" value=\"Senden\" \/> \t<\/form> <\/div>","protected":false},"excerpt":{"rendered":"<p>Hohenlohe-ungefiltert ver\u00f6ffentlicht in voller L\u00e4nge das Gru\u00dfwort des Pr\u00e4sidenten des Zentralrats der Juden in Deutschland, Dr. Josef Schuster, zur Er\u00f6ffnung der J\u00fcdischen Kulturwochen in Stuttgart am 2. November 2020. Vom Zentralrat der Juden in Deutschland Froh \u00fcber digitale M\u00f6glichkeiten Vermutlich geht es uns allen \u00e4hnlich: Wir hatten uns darauf gefreut, zur Er\u00f6ffnung der J\u00fcdischen Kulturwochen [&hellip;]<\/p>\n","protected":false},"author":1,"featured_media":0,"comment_status":"open","ping_status":"open","sticky":false,"template":"","format":"standard","meta":[],"categories":[1],"tags":[],"_links":{"self":[{"href":"https:\/\/www.hohenlohe-ungefiltert.de\/index.php?rest_route=\/wp\/v2\/posts\/27340"}],"collection":[{"href":"https:\/\/www.hohenlohe-ungefiltert.de\/index.php?rest_route=\/wp\/v2\/posts"}],"about":[{"href":"https:\/\/www.hohenlohe-ungefiltert.de\/index.php?rest_route=\/wp\/v2\/types\/post"}],"author":[{"embeddable":true,"href":"https:\/\/www.hohenlohe-ungefiltert.de\/index.php?rest_route=\/wp\/v2\/users\/1"}],"replies":[{"embeddable":true,"href":"https:\/\/www.hohenlohe-ungefiltert.de\/index.php?rest_route=%2Fwp%2Fv2%2Fcomments&post=27340"}],"version-history":[{"count":2,"href":"https:\/\/www.hohenlohe-ungefiltert.de\/index.php?rest_route=\/wp\/v2\/posts\/27340\/revisions"}],"predecessor-version":[{"id":27342,"href":"https:\/\/www.hohenlohe-ungefiltert.de\/index.php?rest_route=\/wp\/v2\/posts\/27340\/revisions\/27342"}],"wp:attachment":[{"href":"https:\/\/www.hohenlohe-ungefiltert.de\/index.php?rest_route=%2Fwp%2Fv2%2Fmedia&parent=27340"}],"wp:term":[{"taxonomy":"category","embeddable":true,"href":"https:\/\/www.hohenlohe-ungefiltert.de\/index.php?rest_route=%2Fwp%2Fv2%2Fcategories&post=27340"},{"taxonomy":"post_tag","embeddable":true,"href":"https:\/\/www.hohenlohe-ungefiltert.de\/index.php?rest_route=%2Fwp%2Fv2%2Ftags&post=27340"}],"curies":[{"name":"wp","href":"https:\/\/api.w.org\/{rel}","templated":true}]}}