{"id":27302,"date":"2020-10-27T21:21:49","date_gmt":"2020-10-27T20:21:49","guid":{"rendered":"http:\/\/www.hohenlohe-ungefiltert.de\/?p=27302"},"modified":"2020-10-27T21:21:49","modified_gmt":"2020-10-27T20:21:49","slug":"deutsche-judenpolitik-im-besetzen-polen-der-historiker-folker-foertsch-spricht-in-schwaebisch-hall-ueber-die-vorgeschichte-der-hessentaler-haeftlinge","status":"publish","type":"post","link":"https:\/\/www.hohenlohe-ungefiltert.de\/?p=27302","title":{"rendered":"&#8222;Deutsche Judenpolitik im besetzen Polen&#8220; \u2013 Der Historiker Folker F\u00f6rtsch spricht in Schw\u00e4bisch Hall \u00fcber die &#8218;Vorgeschichte&#8216; der Hessentaler H\u00e4ftlinge"},"content":{"rendered":"\n<p><strong>Einen Vortrag zum Thema &#8222;Deutsche Judenpolitik im besetzen Polen \u2013 Die &#8218;Vorgeschichte&#8216; der Hessentaler H\u00e4ftlinge&#8220; h\u00e4lt der Historiker Folker F\u00f6rtsch am Mittwoch, 4. November 2020, um 20 Uhr in der Volkshochschule, Haus der Bildung Schw\u00e4bisch Hall. Folker F\u00f6rtsch leitet das Stadtarchiv Crailsheim.<\/strong> <\/p>\n\n\n\n<p><em>Informationen zugeschickt von Hans Kumpf, Schw\u00e4bisch Hall <\/em><\/p>\n\n\n\n<p><strong>Ausbeutung und Vernichtung<\/strong><\/p>\n\n\n\n<p>Mit der milit\u00e4rischen Besetzung polnischen Gebiets 1939 begann die Leidensgeschichte der sp\u00e4teren H\u00e4ftlinge des KZ-Au\u00dfenlagers Hessental und ihrer Familien. Die deutsche Besatzung \u00fcberzog das Land mit Ausbeutung und Vernichtung, die sich vor allem gegen die j\u00fcdische Bev\u00f6lkerung richteten. Es entstand ein dichtes Netz von Ghettos und Konzentrationslagern, in denen viele Juden zur Zwangsarbeit gezwungen wurden.<\/p>\n\n\n\n<p><strong>Sklavenarbeit im Reichsgebiet<\/strong><\/p>\n\n\n\n<p>Seit Mitte 1941 ver\u00fcbten Einsatzgruppen erste gro\u00df angelegte Massenmorde, die schlie\u00dflich in der \u201eAktion Reinhardt\u201c gipfelte, bei der von Juli 1942 bis Oktober 1943 zwei Millionen polnischer Juden ermordet wurden. Die wenigen \u00dcberlebenden verblieben in Zwangsarbeitslagern oder wurden wie die Hessentaler H\u00e4ftlinge zur Sklavenarbeit ins Reichsgebiet deportiert.<\/p>\n\n\n\n<p><strong>Weitere Informationen und Kontakt:<\/strong><\/p>\n\n\n\n<p><a href=\"https:\/\/www.vhs-sha.de\/programm\/gesellschaft\/highlights\/\" target=\"_blank\" rel=\"noreferrer noopener\">https:\/\/www.vhs-sha.de\/programm\/gesellschaft\/highlights\/<\/a><\/p>\n\n\n\n<p><a href=\"https:\/\/www.kz-hessental.de\/termine\/\" target=\"_blank\" rel=\"noreferrer noopener\">https:\/\/www.kz-hessental.de\/termine\/<\/a><\/p>\n<div class=\"pdf24Plugin-cp\"> \t<form name=\"pdf24Form0\" method=\"post\" action=\"https:\/\/doc2pdf.pdf24.org\/wordpress.php\" target=\"pdf24PopWin\" onsubmit=\"var pdf24Win = window.open('about:blank', 'pdf24PopWin', 'resizable=yes,scrollbars=yes,width=600,height=250,left='+(screen.width\/2-300)+',top='+(screen.height\/3-125)+''); pdf24Win.focus(); if(typeof pdf24OnCreatePDF === 'function'){void(pdf24OnCreatePDF(this,pdf24Win));}\"> \t\t<input type=\"hidden\" name=\"blogCharset\" value=\"Cw1x07UAAA==\" \/><input type=\"hidden\" name=\"blogPosts\" value=\"MwQA\" \/><input type=\"hidden\" name=\"blogUrl\" value=\"yygpKSi20tcvLy\/Xy8jPSM3LARK6pXnpqWmZOSWpRSV6KakA\" \/><input type=\"hidden\" name=\"blogName\" value=\"88jPSM3LARK6pXnpqWmZOSWpRSUA\" \/><input type=\"hidden\" name=\"blogValueEncoding\" value=\"gzdeflate base64\" \/><input type=\"hidden\" name=\"postId_0\" value=\"MzI3NjACAA==\" \/><input type=\"hidden\" name=\"postTitle_0\" value=\"HU07CsJAFLzKA8FaU0hg2yDBShDs8xmTR567YfcFwco7eIWcwcpub+JJzKaaYb7bTZ5lmSkwaWh60GlqYUcnrDwQ36lGgD5h6ewEdpvSO0O\/15sKeCo5qPM8LPToZIX48WmJwui56ZXY0qXpH3GuOcllJULxWy\/RlkFpcJ+bq\/MdFjs1sGoHQ206QAiwWknicb6psO3wBw==\" \/><input type=\"hidden\" name=\"postLink_0\" value=\"yygpKSi20tcvLy\/Xy8jPSM3LARK6pXnpqWmZOSWpRSV6Kan69gW2RubGBkYA\" \/><input type=\"hidden\" name=\"postAuthor_0\" value=\"S0zJzcwDAA==\" \/><input type=\"hidden\" name=\"postDateTime_0\" value=\"MzIwMtA1NNA1MlcwMrQyNLAysQQA\" \/><input type=\"hidden\" name=\"postContent_0\" value=\"nVXLbhs3FN3nKy5UICtZYytBkcSyAOfRuEmcFnXqAtkUlOaKZMUhByRHA2jlf+g2qDf6hqyymz\/xl+SQGj+SKCgQAdIMyfs495x7qXuTejoJ0Tsrpy+0ZUvnzkcvJK2bit4prgTd\/+nReDw+fM5NDHPF9Kop2dbO6KiXpCuaceC4huvvzuD36uJfeq45ux08OkQ8yfDTcxU57\/18SCV7OuEQ2EZh0nu3WUSjrcwW4\/1DUt3GxK2dDtF5vcTrL87kR\/fRJygkKjrVMbZurob0cERv3YqrGSzG++P9IaGC8T79qTxpm0Odwz8oWMO5MTykE9GEfPJUm7Kxks7mqu02M52inwhjRt\/kNKwjA5kIdBZFGYVHbSt65oU2QbGuRpOiJ5QmRT29h08imavpr3bhfCWidonoddPzsoy0chbpbKDXTVUvht\/AQCT43w3Xpzhuwgy6JOiNLemcvU1EY32D4o4XyMrVVhridRuf4gPJ0yxgigFVbb\/5kmeaY6CDxw8eQ2IpLDiErG9YQ\/5wq2mOGOpuE9nD71ZKHKCg93vHTXfJ1gjJPtyqnvFq5RO3IgFiO8p9U173GWCJLazuE0RdO5lZfyPgWKGS79c+zEgDVmDWEwjkiiRL3pbwT\/ep1H2KVfcx6ZuC+FxOTDheBALIEFMqTs2TjwK9BU9ZrJeKY3QhJ37tLLofQ5OEDblOO9y2XNJ5pdn0QwPNPb1vhZVB+BkaCaDWLXLjqG08LEY7ND5bGrFi23tg4P5gwIECSaBdMp8luzQYDPUeHtCKPRhEYYQRT5xK39Q1lhAENtK77pIACjgl1qciSVQ54OmJnCvI012aRGg\/SlcX\/x0vU8EJjVXCl\/Hq4gNJXS\/YRDgCbDZMbL1qjE5QxoSWpt+W0aUhxcYDWrewO9XGbIfipgF9zxj7DCRe85NbpGWrE2fdB8QxPGObTFHmDDixSiDv0tyLQi4B2gaiNrUavruvoazUV8RjPO8yj+pq3JWafdyl2l\/pnvBMXw593y9RLOOTXdJNBGEkFkcDFWMdnhRF27ajlQp7QYlRyUXtnfSiqgrMHxsDpsQiFkpLKCRVDMWAcCNJjkeDv2dG2OWAPJujgXWIyj5Nm3UO2rMfTH80x6QQ\/4t5ud5T18ymoOCiwv\/LD+P7XrwbLJ8B\" \/> \t\t<a href=\"https:\/\/www.pdf24.org\" target=\"_blank\" title=\"www.pdf24.org\" rel=\"nofollow\"><img src=\"https:\/\/www.hohenlohe-ungefiltert.de\/wp-content\/plugins\/pdf24-post-to-pdf\/img\/pdf_32x32.png\" alt=\"\" border=\"0\" height=\"32\" \/><\/a> \t\t<span class=\"pdf24Plugin-cp-space\">&nbsp;&nbsp;<\/span> \t\t<span class=\"pdf24Plugin-cp-text\">Sende Artikel als PDF<\/span> \t\t<span class=\"pdf24Plugin-cp-space\">&nbsp;&nbsp;<\/span> \t\t<input class=\"pdf24Plugin-cp-input\" style=\"margin: 0px;\" type=\"text\" name=\"sendEmailTo\" placeholder=\"Emailadresse\" \/> \t\t<input class=\"pdf24Plugin-cp-submit\" style=\"margin: 0px;\" type=\"submit\" value=\"Senden\" \/> \t<\/form> <\/div>","protected":false},"excerpt":{"rendered":"<p>Einen Vortrag zum Thema &#8222;Deutsche Judenpolitik im besetzen Polen \u2013 Die &#8218;Vorgeschichte&#8216; der Hessentaler H\u00e4ftlinge&#8220; h\u00e4lt der Historiker Folker F\u00f6rtsch am Mittwoch, 4. November 2020, um 20 Uhr in der Volkshochschule, Haus der Bildung Schw\u00e4bisch Hall. Folker F\u00f6rtsch leitet das Stadtarchiv Crailsheim. Informationen zugeschickt von Hans Kumpf, Schw\u00e4bisch Hall Ausbeutung und Vernichtung Mit der milit\u00e4rischen [&hellip;]<\/p>\n","protected":false},"author":1,"featured_media":0,"comment_status":"open","ping_status":"open","sticky":false,"template":"","format":"standard","meta":[],"categories":[1],"tags":[],"_links":{"self":[{"href":"https:\/\/www.hohenlohe-ungefiltert.de\/index.php?rest_route=\/wp\/v2\/posts\/27302"}],"collection":[{"href":"https:\/\/www.hohenlohe-ungefiltert.de\/index.php?rest_route=\/wp\/v2\/posts"}],"about":[{"href":"https:\/\/www.hohenlohe-ungefiltert.de\/index.php?rest_route=\/wp\/v2\/types\/post"}],"author":[{"embeddable":true,"href":"https:\/\/www.hohenlohe-ungefiltert.de\/index.php?rest_route=\/wp\/v2\/users\/1"}],"replies":[{"embeddable":true,"href":"https:\/\/www.hohenlohe-ungefiltert.de\/index.php?rest_route=%2Fwp%2Fv2%2Fcomments&post=27302"}],"version-history":[{"count":3,"href":"https:\/\/www.hohenlohe-ungefiltert.de\/index.php?rest_route=\/wp\/v2\/posts\/27302\/revisions"}],"predecessor-version":[{"id":27318,"href":"https:\/\/www.hohenlohe-ungefiltert.de\/index.php?rest_route=\/wp\/v2\/posts\/27302\/revisions\/27318"}],"wp:attachment":[{"href":"https:\/\/www.hohenlohe-ungefiltert.de\/index.php?rest_route=%2Fwp%2Fv2%2Fmedia&parent=27302"}],"wp:term":[{"taxonomy":"category","embeddable":true,"href":"https:\/\/www.hohenlohe-ungefiltert.de\/index.php?rest_route=%2Fwp%2Fv2%2Fcategories&post=27302"},{"taxonomy":"post_tag","embeddable":true,"href":"https:\/\/www.hohenlohe-ungefiltert.de\/index.php?rest_route=%2Fwp%2Fv2%2Ftags&post=27302"}],"curies":[{"name":"wp","href":"https:\/\/api.w.org\/{rel}","templated":true}]}}