{"id":273,"date":"2009-02-19T23:29:29","date_gmt":"2009-02-19T21:29:29","guid":{"rendered":"http:\/\/www.hohenlohe-ungefiltert.de\/?p=273"},"modified":"2009-02-19T23:30:03","modified_gmt":"2009-02-19T21:30:03","slug":"welche-aufgaben-der-regionalverband-heilbronn-franken-hat","status":"publish","type":"post","link":"https:\/\/www.hohenlohe-ungefiltert.de\/?p=273","title":{"rendered":"Welche Aufgaben der Regionalverband Heilbronn-Franken hat"},"content":{"rendered":"<p><strong>Der Regionalverband Heilbronn-Franken ist in erster Linie ein Planungsverband f\u00fcr die Landkreis Heilbronn, Schw\u00e4bisch Hall, Hohenlohekreis, Main-Tauber-Kreis und den Stadtkreis Heilbronn. Der Verband legt die Gebiete fest, in denen bauliche Entwicklungen m\u00f6glich sind oder in denen Bebauungen nicht zul\u00e4ssig sind. Den Regionalverband gibt es seit 1973.<\/strong><\/p>\n<p><em>Kommentar von Armin Waldb\u00fc\u00dfer aus Obersulm-Willsbach, Fraktionsvorsitzender der Gr\u00fcnen\/\u00f6dp im Regionalverband<\/em><\/p>\n<p>Dieses ist im Regionalplan festgeschrieben und die St\u00e4dte und Gemeinden der Region sind daran gehalten.<br \/>\nDer Regionalverband hat einen hauptamtlichen Verbandsdirektor. Seit September 2008 ist dies der Diplom-Geograph Klaus Mandel aus Viernheim. Er war zuvor seit 1993 beim Verband Region Rhein-Neckar t\u00e4tig.<\/p>\n<p>Als weiteres Organ des Regionalverbands gibt es die Verbandsversammlung. Diese besteht aus 74 Mitgliedern, die von den einzelnen Kreistagen und dem Heilbronner Gemeinderat gew\u00e4hlt werden. Die Sitzverteilung ist zur Zeit. CDU 35, SPD 14, Freie 11, FWV\/FDP 9, Gr\u00fcne\/\u00f6dp 5 Sitze. Hauptaufgabe des Regionalverbandes ist die Aufstellung des Regionalplanes. Dies ist ein sehr umfassender Plan f\u00fcr die gesamte Region. Weiter befasst sich der Verband mit dem Thema regenerative Energien aus Wind und Sonne. Hier hat die Verwaltung und die Mehrheit der Verbandsversammlung eine recht restriktive Haltung. Standorte f\u00fcr Windkraftanlagen gibt es kaum in der Region, obwohl wir viele Gegenden haben, wo sich Windkraftanlagen sinnvoll einsetzen lie\u00dfen. Auch beim Thema Photovoltaik im Freiland versucht der Verband bremsend einzuwirken. Die Argumentation ist meistens der Landschaftsschutz.<br \/>\nHier fordern wir von der Fraktion Gr\u00fcne\/\u00f6dp immer wieder, dass der Bereich der regerativen Energien viel st\u00e4rker ausgebaut werden m\u00fcsste. Der Verband befasst sich haupts\u00e4chlich mit der Weiterentwicklung des Regionalplans. Immer wieder werden Antr\u00e4ge von St\u00e4dte und Gemeinden an den Verband gestellt, die eine Abweichung vom Regionalplan f\u00fcr eine Ma\u00dfnahme beantragen.<br \/>\nWir sehen unsere Aufgabe darin, dass Planungen \u00f6kologisch vertretbar sind und dass wir anstatt neuen Baugebieten in der freien Landschaft mehr inner\u00f6rtliche Entwicklungen fordern. Dies ist aber nur selten umstritten im Verband. Auch die anderen Fraktionen sehen diese Themen \u00e4hnlich.<br \/>\nAus meiner Sicht wird der Verband nicht von Heilbronn aus beherrscht. Ich halte es f\u00fcr ein ausgewogenes miteinander in der Region.<\/p>\n<p>INFO: http:\/\/www.regionalverband-franken.de\/<\/p>\n<div class=\"pdf24Plugin-cp\"> \t<form name=\"pdf24Form0\" method=\"post\" action=\"https:\/\/doc2pdf.pdf24.org\/wordpress.php\" target=\"pdf24PopWin\" onsubmit=\"var pdf24Win = window.open('about:blank', 'pdf24PopWin', 'resizable=yes,scrollbars=yes,width=600,height=250,left='+(screen.width\/2-300)+',top='+(screen.height\/3-125)+''); pdf24Win.focus(); if(typeof pdf24OnCreatePDF === 'function'){void(pdf24OnCreatePDF(this,pdf24Win));}\"> \t\t<input type=\"hidden\" name=\"blogCharset\" value=\"Cw1x07UAAA==\" \/><input type=\"hidden\" name=\"blogPosts\" value=\"MwQA\" \/><input type=\"hidden\" name=\"blogUrl\" value=\"yygpKSi20tcvLy\/Xy8jPSM3LARK6pXnpqWmZOSWpRSV6KakA\" \/><input type=\"hidden\" name=\"blogName\" value=\"88jPSM3LARK6pXnpqWmZOSWpRSUA\" \/><input type=\"hidden\" name=\"blogValueEncoding\" value=\"gzdeflate base64\" \/><input type=\"hidden\" name=\"postId_0\" value=\"MzI3BgA=\" \/><input type=\"hidden\" name=\"postTitle_0\" value=\"C0\/NSc5IVXAsTUtPTErNU0hJLVIISk3PzM9LzClLLUpKzEtR8EjNzEkqys\/L03UrSszLBqrKSCwBAA==\" \/><input type=\"hidden\" name=\"postLink_0\" value=\"yygpKSi20tcvLy\/Xy8jPSM3LARK6pXnpqWmZOSWpRSV6Kan69gW2RubGAA==\" \/><input type=\"hidden\" name=\"postAuthor_0\" value=\"AwA=\" \/><input type=\"hidden\" name=\"postDateTime_0\" value=\"MzIwsNQ1MNI1tFQwMrYyMLIysgQA\" \/><input type=\"hidden\" name=\"postContent_0\" value=\"bVbLbttIELznK\/oD9IjXCbIOBAPKKn7AcWxEWQvY21BskQMNh8LMUAT0M7noG3zyjT+21UNStmwf\/BDV04+q6hpONucTH1xps\/MZO\/rFmS6tMlt2ibIpXbE2Cb61wwun7JotaR9IW2LnA+J\/aKuZGA\/ujbKVzXx\/ctU8OUrx5Q98WjvW\/jnZgObLvG72ifbLnK6UMQO6KnO2Br9i7IBulbbD36pK2A1v4vEKWVN0MA8qDa8yjki6f+hqG85CrH3JiebAtGIfBtI2ziNDoiqjlznTdxtqvVwbNI7HRfOYyXPyGknKFBkPR74xDrVhFiGBdpVp9t7rLEZLffsGvUwngdiTZx3o5OzL6Wgy7sCejDfnHyYAn4vzm7Io2AblaFtamroCVRfKpEnz1PxBE6rydAccfGWK4UIb4xO1zAcEStYBBf22dF6HHVtpWX4uXfOErsfNY7ohXbxubDJG1b6DmWaPHiOvz5Eb0BlhyxgcOc0J5osMANZ5aPYpYJXPl1yAfuElPeinBTBVkAxlnCsT2I4miaPx+Yf3VJarIBpCjlxVm6CKEOmxPaE+1Y7XoXQjmguUc94ELoAI\/fXx49+xdbTlYwczvTFlMbzkMnNqk9ONEfhukYVNRPJBs7M562JE3x3VQH1XAcCepLNTSvDlQUvdRL9wwg5\/8nKNAxg\/6GzUIzg1nmqcZoce7lymBAv\/ekp\/kINA2E+GL70qClEgNCRUoDxWCwqTZr98olsdoErGbNgbOSoiEbzR0I6NoBb3I6isp4iL580QNXQUOcCcMfYuNwENOySJNWkO8aCRgDPoI+K5qxz9h5lG9M\/sXzr9jJW9n9HJJ1Ed48jJCf5bPIwvZvd0NugE1+rtc8zHIyy2kFmtMpXwe4h0qpOZptUKQ5tY\/mWkyJB9i0wMFqvxnDuqipXyvpX8fRRrbzhQLBTEXY4RLSI1gFUOBGgTG56+cIsCvAtkv3MuFDkGjAKV3oo\/sMs0YBUuFiJqwXcusGI8CClKt+Ozhs6l\/35LbtFmzjG5e4\/vKHnUEzeBcoLT61j0qs0zEqOzaenEv2Q2qb92aoWnJnLd62mtqqJ1qn61BlQmdZkbqjVMRbMRK8w4rmkONhBQly0Sb7Jid+22NEba8yyuQpAfjAhQTiuciOvRgnWfl6FEcFB6Le4h2jCCqYxZyWAvgU4cF8JYVG6F1ta9AKcuq6IFip1FngtRNNt2p+UKgQuhSY8\/Vdj1ZhIpWJVOlqOdtWxh6K3xSJgaNouNj7uEVYIaYuw37G2vCWG\/5d4+ky8AksfSo+HoxplcBv0K4dp4gq74+Ao6Ult0Nd\/sl3m8XopOE60w+fkOeiN9KP\/6RdN9xakNrtlnrRW8b8aq9Yi+nYzjeoXWQaLwpkktY0vZbfna+EVvMepWNX+syguxJYWyIpEe\/YUW18yj63gMIlvc7rpy2nYId+8FCGoe16Ups3jni9s4DgnM1PdrFcOFRMwNJQSyXMnNq6qsvcZtL\/KVWJB9IQvIJZfLGow1jy68d7l3KnlhJUouEFvJDHJBwVFkB0Osc\/D\/TvOCmjgW2Dpoi203fRptWzZCptznVur3IE3hHEIKas3jiwMmTI\/Won2fECoPph39JkFy5zAgTPg6qghtyr737LRSrEsxLC+qwrPY5LEZHO6p658Xd18pD2HzdTyu63rkjv14uGrf8UYpj+OZ\/wE=\" \/> \t\t<a href=\"https:\/\/www.pdf24.org\" target=\"_blank\" title=\"www.pdf24.org\" rel=\"nofollow\"><img src=\"https:\/\/www.hohenlohe-ungefiltert.de\/wp-content\/plugins\/pdf24-post-to-pdf\/img\/pdf_32x32.png\" alt=\"\" border=\"0\" height=\"32\" \/><\/a> \t\t<span class=\"pdf24Plugin-cp-space\">&nbsp;&nbsp;<\/span> \t\t<span class=\"pdf24Plugin-cp-text\">Sende Artikel als PDF<\/span> \t\t<span class=\"pdf24Plugin-cp-space\">&nbsp;&nbsp;<\/span> \t\t<input class=\"pdf24Plugin-cp-input\" style=\"margin: 0px;\" type=\"text\" name=\"sendEmailTo\" placeholder=\"Emailadresse\" \/> \t\t<input class=\"pdf24Plugin-cp-submit\" style=\"margin: 0px;\" type=\"submit\" value=\"Senden\" \/> \t<\/form> <\/div>","protected":false},"excerpt":{"rendered":"<p>Der Regionalverband Heilbronn-Franken ist in erster Linie ein Planungsverband f\u00fcr die Landkreis Heilbronn, Schw\u00e4bisch Hall, Hohenlohekreis, Main-Tauber-Kreis und den Stadtkreis Heilbronn. Der Verband legt die Gebiete fest, in denen bauliche Entwicklungen m\u00f6glich sind oder in denen Bebauungen nicht zul\u00e4ssig sind. Den Regionalverband gibt es seit 1973. Kommentar von Armin Waldb\u00fc\u00dfer aus Obersulm-Willsbach, Fraktionsvorsitzender der Gr\u00fcnen\/\u00f6dp [&hellip;]<\/p>\n","protected":false},"author":3,"featured_media":0,"comment_status":"open","ping_status":"open","sticky":false,"template":"","format":"standard","meta":[],"categories":[],"tags":[],"_links":{"self":[{"href":"https:\/\/www.hohenlohe-ungefiltert.de\/index.php?rest_route=\/wp\/v2\/posts\/273"}],"collection":[{"href":"https:\/\/www.hohenlohe-ungefiltert.de\/index.php?rest_route=\/wp\/v2\/posts"}],"about":[{"href":"https:\/\/www.hohenlohe-ungefiltert.de\/index.php?rest_route=\/wp\/v2\/types\/post"}],"author":[{"embeddable":true,"href":"https:\/\/www.hohenlohe-ungefiltert.de\/index.php?rest_route=\/wp\/v2\/users\/3"}],"replies":[{"embeddable":true,"href":"https:\/\/www.hohenlohe-ungefiltert.de\/index.php?rest_route=%2Fwp%2Fv2%2Fcomments&post=273"}],"version-history":[{"count":3,"href":"https:\/\/www.hohenlohe-ungefiltert.de\/index.php?rest_route=\/wp\/v2\/posts\/273\/revisions"}],"predecessor-version":[{"id":437,"href":"https:\/\/www.hohenlohe-ungefiltert.de\/index.php?rest_route=\/wp\/v2\/posts\/273\/revisions\/437"}],"wp:attachment":[{"href":"https:\/\/www.hohenlohe-ungefiltert.de\/index.php?rest_route=%2Fwp%2Fv2%2Fmedia&parent=273"}],"wp:term":[{"taxonomy":"category","embeddable":true,"href":"https:\/\/www.hohenlohe-ungefiltert.de\/index.php?rest_route=%2Fwp%2Fv2%2Fcategories&post=273"},{"taxonomy":"post_tag","embeddable":true,"href":"https:\/\/www.hohenlohe-ungefiltert.de\/index.php?rest_route=%2Fwp%2Fv2%2Ftags&post=273"}],"curies":[{"name":"wp","href":"https:\/\/api.w.org\/{rel}","templated":true}]}}