{"id":27271,"date":"2020-10-20T07:05:37","date_gmt":"2020-10-20T06:05:37","guid":{"rendered":"http:\/\/www.hohenlohe-ungefiltert.de\/?p=27271"},"modified":"2020-10-20T07:08:45","modified_gmt":"2020-10-20T06:08:45","slug":"kriegsende-1945-sechs-menschen-erschossen-fuehrung-zu-den-historischen-orten-in-kirchberg-jagst","status":"publish","type":"post","link":"https:\/\/www.hohenlohe-ungefiltert.de\/?p=27271","title":{"rendered":"&#8222;Kriegsende 1945: Sechs Menschen erschossen&#8220; \u2013\u00a0 F\u00fchrung zu den historischen Orten in Kirchberg\/Jagst"},"content":{"rendered":"\n<p><strong>Sechs Menschen wurden am 14. April 1945 in Kirchberg\/Jagst von Angeh\u00f6rigen deutscher Truppen erschossen. Eine F\u00fchrung zu den historischen Orten in Kirchberg bietet der Arbeitskreis Zeitgeschichte Kirchberg\/Jagst am Sonntag, 25. Oktober 2020, an. Treffpunkt ist um 11 Uhr an dem Denkmal am Frankenplatz.<\/strong><\/p>\n\n\n\n<p><em>Von Hohenlohe-ungefiltert<\/em><\/p>\n\n\n\n<p><strong>Schwarzer Tag<\/strong><\/p>\n\n\n\n<p>Der 14. April 1945 war ein schwarzer Tag in der Geschichte der Stadt Kirchberg\/Jagst. Sechs unschuldige Menschen wurden dort vor 75 Jahren von deutschen Soldaten erschossen. Die Bluttat blieb bis heute unges\u00fchnt. Die T\u00e4ter wurden nicht gefasst. Der Journalist Ralf Garmatter bietet eine F\u00fchrung am Sonntag, 25. Oktober 2020, um 11 Uhr zu den historischen Orten des Geschehens an. Treffpunkt ist am Mahnmal auf dem Frankenplatz. Bitte beachten Sie, dass die Uhr in der Nacht zum Sonntag um eine Stunde zur\u00fcckgestellt wird (Ende der Sommerzeit).<\/p>\n\n\n\n<p><strong>Vier Ausl\u00e4nder und zwei Einheimische get\u00f6tet<\/strong><\/p>\n\n\n\n<p>Folgendes ist am 14. April 1945 in Kirchberg passiert: In den Morgenstunden dieses Tages wurden auf dem Frankenplatz die drei Zwangsarbeiter Michael Kubicky aus Polen, die beiden Ukrainer Josef Hepak und Wasil Petryczka sowie der franz\u00f6sische Kriegsgefangene Ernest Bonne von deutschen Soldaten erschossen. Die Kirchberger B\u00fcrgerin Angela Galczinski, Mutter zweier kleiner Kinder, wurde am gleichen Tag an einer Feldscheune oberhalb der Turn- und Liederhalle erschossen. Auch der deutsche Arbeiter Johann Heigl starb am 14. April 1945 durch Kugeln deutscher Soldaten. Er wurde am 14. April 1945 morgens an der Stra\u00dfe zwischen Kirchberg und Eichenau tot aufgefunden.<\/p>\n\n\n\n<p><strong>Wei\u00dfe Fahne<\/strong><\/p>\n\n\n\n<p>Den sp\u00e4teren Opfern wurde zur Last gelegt, dass sie wenige Tage zuvor, beim ersten Einmarsch der Amerikaner, mit den ausl\u00e4ndischen Soldaten gesprochen haben sollen. Dem Eichenauer Johann Heigl wurde vorgeworfen, er habe eine wei\u00dfe Fahne an einer Scheune am Ortsrand aufgeh\u00e4ngt. Damit hat er nach Aussagen von Zeitzeugen verhindern wollen, dass die Amerikaner den Ort Eichenau noch in den letzten Tagen des Krieges zerst\u00f6ren. F\u00fcr diesen Einsatz musste er mit dem Leben bezahlen.<\/p>\n\n\n\n<p><strong>Dokumentarfilm &#8222;Narben der Erinnerung&#8220; im Internet<\/strong><\/p>\n\n\n\n<p>Seit einiger Zeit ist im Internet auf Youtube der Dokumentarfilm &#8222;Narben der Erinnerung&#8220; \u00fcber das Kriegsende und die Erschie\u00dfungen in Kirchberg\/Jagst kostenlos zu sehen. Suchbegriff in Google oder einer anderen Suchmaschine &#8222;Narben der Erinnerung&#8220; eingeben.<\/p>\n<div class=\"pdf24Plugin-cp\"> \t<form name=\"pdf24Form0\" method=\"post\" action=\"https:\/\/doc2pdf.pdf24.org\/wordpress.php\" target=\"pdf24PopWin\" onsubmit=\"var pdf24Win = window.open('about:blank', 'pdf24PopWin', 'resizable=yes,scrollbars=yes,width=600,height=250,left='+(screen.width\/2-300)+',top='+(screen.height\/3-125)+''); pdf24Win.focus(); if(typeof pdf24OnCreatePDF === 'function'){void(pdf24OnCreatePDF(this,pdf24Win));}\"> \t\t<input type=\"hidden\" name=\"blogCharset\" value=\"Cw1x07UAAA==\" \/><input type=\"hidden\" name=\"blogPosts\" value=\"MwQA\" \/><input type=\"hidden\" name=\"blogUrl\" value=\"yygpKSi20tcvLy\/Xy8jPSM3LARK6pXnpqWmZOSWpRSV6KakA\" \/><input type=\"hidden\" name=\"blogName\" value=\"88jPSM3LARK6pXnpqWmZOSWpRSUA\" \/><input type=\"hidden\" name=\"blogValueEncoding\" value=\"gzdeflate base64\" \/><input type=\"hidden\" name=\"postId_0\" value=\"MzI3MjcEAA==\" \/><input type=\"hidden\" name=\"postTitle_0\" value=\"U1O2MDIysvYuykxNL07NS0lVMLQ0MbVSCE5NzihW8E3NK07OSM1TSC0C0vnFQBVqIA0G1gqPGiYfWqDgdnhPRlFpXrpCValCClBdRmZxSX5RJkSTf1EJkMzMU\/DOLErOSEotStf3SkwvLgEA\" \/><input type=\"hidden\" name=\"postLink_0\" value=\"yygpKSi20tcvLy\/Xy8jPSM3LARK6pXnpqWmZOSWpRSV6Kan69gW2RuZG5oYA\" \/><input type=\"hidden\" name=\"postAuthor_0\" value=\"S0zJzcwDAA==\" \/><input type=\"hidden\" name=\"postDateTime_0\" value=\"MzIwMtA1NNA1MlAwMLcyNLAyNgcA\" \/><input type=\"hidden\" name=\"postContent_0\" value=\"nVbLbhtHELz7KxoIECQATUmEBSexIECCKNl62EYo24hvQ25zd7CzM4t5mDB\/xhd\/g0668cdSPbs0KZkxjOjAFXe6Z7qrqmv45Kg9PgrRO1seT3hWBbphG2YVW1okX+ChGjp4NqST1mtDB38+OyRt6Ur7WTVlX+5dqjJE+uQsndiSq9Wd1yWyCk5RtvF061Pb4g17fHchsB3SWFum89V95ZMtaZlIDqp0iM7r7vA3PuJz+ySaao4cEerpxE9Zx1B71oE+4t+SkaZnVeTvSkP9E2dtVOWARodDelNHh2Ua7Y\/2B6RQza3n+bxNto6EEiih4QN6V3ks4rSGztjWjTKy07lXtmbbGhWXw6O9Hrijvfb4Cf4ES26O3wOMlw5dGHw8RYc81yayj0d7WN0OXgM\/qxbKLwUsVe7a9QxLj0hAAjHwCdu5Apjgc7GBQ75OoiriY2CG1PGdhO5kCtD2HfeF88Ktp+eHdKkqj1fC9JpcC2RNoeIjds8006lJMapIU6N5CuoCVUhiEjQCiLexi7tdfQUy6\/Os1EzASwUpUNq+dMlbZYSYv5WZ04XyjYqS0+uBH2jpx2xvqP1vzRUcOvwY78IugeCMG1XZLIk0zxJ5oAs61SiQpqyEAYCkeUAFWqICHcvpPU2vJQClfKtZCsz9TGKyBWPJr+5nNSCLbEykhfYF\/TaWpcyraxoG9zr+Ptwhq\/daRiUFs\/pqJRxb0nLBWsavYt3ktoF2XN0ByF26O3cGwyyI9H3\/wAmoRYc4Mf5Fr2wG98Z5ZIfcipXeAzaCSvG59pYd8GWQCkw2fVwoWwaVZx3l30Acig1dpame1Z+RHOitM2wHOQVRsuW72isgKMIJPKeX3Ko6d\/5BBZT9lqP\/PFvWioJb6A7GOU5fru5Ch8eV11wG0SCkCirG3gJ+OgVD\/LPq\/wYKdj9d3ctTdwZpFBRsZkttQ60HdJOylIUVPGrDufQrLXwNOpQE9hIL+USZcbhSF3bOppBCEgoTkVfKTHNDtxiZp7npa81FXjD8oMiTNKty6LqZ3lIzbpWyMDDWpaEQAf8O4ouEBsEEGtr2+jUgcHi\/qf5RbtPJonNXMSevVl+g9UU\/hhtFSQfj3LhKFF0UvYCYrKddgv\/AWnY6x3DybhuFX7bZcWTc2zn73upk0uhaBTEfw2Xs5xV6pgVbsUbRLaJghgORWiNwCvWYpUYJst3FhHnUtbLCXqMjdSLvJlA\/Eg3moPUuv6vUVEpzoEkUhIlYt\/2YkK7aTwLhwvm5iB8hkt8Zx2ILgo1SJr1KQAZMLkDvRYdlhcJKcVol1VYwbERb2JL4RlBlb\/hyxS455a+QU5YnkMv1blnbpvvcOI7a0GfRaed7lgzHZezU3BtuHjo8l4IqfkMIDPB037lGRjmINzSoKoqUe3QbumaBbspLVZndqjhzdWoY9upxDTf06y9\/jEajF6\/FVzoFjjGcqBnXR17bf0Gg95WFSuxuW5wADkFWy3wLNtket5Kysf3jUkzTzmL+Rw2re7m3gG3vSOLDeSIE6bEoTvPqi9yndtcvstqJPI0LctUFuctw4ScJKb2ezyXlwjkYCzk5v9OJEmJFowhslBwB0fxMsUgvhYgO\/38B\" \/> \t\t<a href=\"https:\/\/www.pdf24.org\" target=\"_blank\" title=\"www.pdf24.org\" rel=\"nofollow\"><img src=\"https:\/\/www.hohenlohe-ungefiltert.de\/wp-content\/plugins\/pdf24-post-to-pdf\/img\/pdf_32x32.png\" alt=\"\" border=\"0\" height=\"32\" \/><\/a> \t\t<span class=\"pdf24Plugin-cp-space\">&nbsp;&nbsp;<\/span> \t\t<span class=\"pdf24Plugin-cp-text\">Sende Artikel als PDF<\/span> \t\t<span class=\"pdf24Plugin-cp-space\">&nbsp;&nbsp;<\/span> \t\t<input class=\"pdf24Plugin-cp-input\" style=\"margin: 0px;\" type=\"text\" name=\"sendEmailTo\" placeholder=\"Emailadresse\" \/> \t\t<input class=\"pdf24Plugin-cp-submit\" style=\"margin: 0px;\" type=\"submit\" value=\"Senden\" \/> \t<\/form> <\/div>","protected":false},"excerpt":{"rendered":"<p>Sechs Menschen wurden am 14. April 1945 in Kirchberg\/Jagst von Angeh\u00f6rigen deutscher Truppen erschossen. Eine F\u00fchrung zu den historischen Orten in Kirchberg bietet der Arbeitskreis Zeitgeschichte Kirchberg\/Jagst am Sonntag, 25. Oktober 2020, an. Treffpunkt ist um 11 Uhr an dem Denkmal am Frankenplatz. Von Hohenlohe-ungefiltert Schwarzer Tag Der 14. April 1945 war ein schwarzer Tag [&hellip;]<\/p>\n","protected":false},"author":1,"featured_media":0,"comment_status":"open","ping_status":"open","sticky":false,"template":"","format":"standard","meta":[],"categories":[1],"tags":[],"_links":{"self":[{"href":"https:\/\/www.hohenlohe-ungefiltert.de\/index.php?rest_route=\/wp\/v2\/posts\/27271"}],"collection":[{"href":"https:\/\/www.hohenlohe-ungefiltert.de\/index.php?rest_route=\/wp\/v2\/posts"}],"about":[{"href":"https:\/\/www.hohenlohe-ungefiltert.de\/index.php?rest_route=\/wp\/v2\/types\/post"}],"author":[{"embeddable":true,"href":"https:\/\/www.hohenlohe-ungefiltert.de\/index.php?rest_route=\/wp\/v2\/users\/1"}],"replies":[{"embeddable":true,"href":"https:\/\/www.hohenlohe-ungefiltert.de\/index.php?rest_route=%2Fwp%2Fv2%2Fcomments&post=27271"}],"version-history":[{"count":3,"href":"https:\/\/www.hohenlohe-ungefiltert.de\/index.php?rest_route=\/wp\/v2\/posts\/27271\/revisions"}],"predecessor-version":[{"id":27274,"href":"https:\/\/www.hohenlohe-ungefiltert.de\/index.php?rest_route=\/wp\/v2\/posts\/27271\/revisions\/27274"}],"wp:attachment":[{"href":"https:\/\/www.hohenlohe-ungefiltert.de\/index.php?rest_route=%2Fwp%2Fv2%2Fmedia&parent=27271"}],"wp:term":[{"taxonomy":"category","embeddable":true,"href":"https:\/\/www.hohenlohe-ungefiltert.de\/index.php?rest_route=%2Fwp%2Fv2%2Fcategories&post=27271"},{"taxonomy":"post_tag","embeddable":true,"href":"https:\/\/www.hohenlohe-ungefiltert.de\/index.php?rest_route=%2Fwp%2Fv2%2Ftags&post=27271"}],"curies":[{"name":"wp","href":"https:\/\/api.w.org\/{rel}","templated":true}]}}