{"id":27262,"date":"2020-10-20T17:42:49","date_gmt":"2020-10-20T16:42:49","guid":{"rendered":"http:\/\/www.hohenlohe-ungefiltert.de\/?p=27262"},"modified":"2020-10-20T17:43:59","modified_gmt":"2020-10-20T16:43:59","slug":"europe-united-kann-die-eu-mit-einer-stimme-sprechen-evelyne-gebhardt-diskutiert-mit-nils-schmid-bei-instagram-live","status":"publish","type":"post","link":"https:\/\/www.hohenlohe-ungefiltert.de\/?p=27262","title":{"rendered":"\u201eEurope United: Kann die EU mit einer Stimme sprechen?\u201c \u2013 Evelyne Gebhardt diskutiert mit Nils Schmid bei Instagram live"},"content":{"rendered":"\n<p><strong>Evelyne Gebhardt l\u00e4dt zu \u201eInstagram live\u201c ein. Termin: Donnerstag, 22. Oktober 2020, um 19 Uhr. Die SPD-Europaabgeordnete aus Hohenlohe spricht mit dem Bundestagsabgeordneten Nils Schmid, au\u00dfenpolitischer Sprecher der SPD-Bundestagsfraktion. Das Thema lautet \u201eEurope United: Kann die EU mit einer Stimme sprechen?\u201c<\/strong><\/p>\n\n\n\n<p><em>Vom SPD-Europab\u00fcro K\u00fcnzelsau<\/em><\/p>\n\n\n\n<p><strong>Das Gespr\u00e4ch findet auf Evelyne Gebhardts Instagram-Seite statt:<\/strong><\/p>\n\n\n\n<p><a href=\"https:\/\/www.instagram.com\/evelynegebhardtmep\" target=\"_blank\" rel=\"noreferrer noopener\">https:\/\/www.instagram.com\/evelynegebhardtmep<\/a><\/p>\n\n\n\n<p><strong>\u00dcber den Chat k\u00f6nnen die Zuschauer und Zuschauerinnen auch Fragen stellen.<\/strong><\/p>\n\n\n\n<p><strong>Der EU in der Welt mehr Geh\u00f6r verschaffen<\/strong><\/p>\n\n\n\n<p>\u201eWir wissen, dass sich nur ein geeintes Europa auf der Weltb\u00fchne des 21. Jahrhunderts Geh\u00f6r verschaffen kann. Und dennoch stellt sich nach wie vor die Frage, ob und wie die EU mit einer Stimme sprechen kann. Die aktuellen Herausforderungen f\u00fcr die EU und ihre Au\u00dfenpolitik sind vielf\u00e4ltig: ob Chinas Aufstieg zur Weltmacht, das Verh\u00e4ltnis zu Russland oder der Gasstreit mit der T\u00fcrkei \u2013 diese Fragen werden die n\u00e4chsten Jahre und Jahrzehnte pr\u00e4gen\u201c, so Evelyne Gebhardt.<\/p>\n\n\n\n<p><strong>Bisher j\u00fcngster Abgeordneter des baden-w\u00fcrttembergischen Landtags<\/strong><\/p>\n\n\n\n<p>Nils Schmid ist 47 Jahre alt und vertritt seit 2017 den Wahlkreis N\u00fcrtingen im Deutschen Bundestag. Er ist au\u00dfenpolitischer Sprecher der SPD-Bundestagsfaktion. Der promovierte Jurist wurde 1997 als j\u00fcngster Abgeordneter aller Zeiten Mitglied des Landtags Baden-W\u00fcrttemberg, dem er bis 2017 angeh\u00f6rte. Von 2011 bis 2016 war Nils Schmid Minister f\u00fcr Finanzen und Wirtschaft sowie stellvertretender Ministerpr\u00e4sident des Landes Baden-W\u00fcrttemberg. Von 2009 bis 2016 war er Vorsitzender der SPD-Baden-W\u00fcrttemberg.<\/p>\n\n\n\n<p><strong>Weitere Informationen und Kontakt:<\/strong><\/p>\n\n\n\n<p>Evelyne Gebhardt, Mitglied des Europ\u00e4ischen Parlaments, Keltergasse 47 74653 K\u00fcnzelsau<\/p>\n\n\n\n<p>Telefon: 07940 &#8211; 59122<\/p>\n\n\n\n<p>Fax: 07940 &#8211; 5 91 44 <\/p>\n\n\n\n<p>E-Mail: info@evelyne-gebhardt.eu<\/p>\n\n\n\n<p><strong>Internet:<\/strong> <a href=\"http:\/\/www.evelyne-gebhardt.eu\" target=\"_blank\" rel=\"noreferrer noopener\">www.evelyne-gebhardt.eu<\/a><\/p>\n<div class=\"pdf24Plugin-cp\"> \t<form name=\"pdf24Form0\" method=\"post\" action=\"https:\/\/doc2pdf.pdf24.org\/wordpress.php\" target=\"pdf24PopWin\" onsubmit=\"var pdf24Win = window.open('about:blank', 'pdf24PopWin', 'resizable=yes,scrollbars=yes,width=600,height=250,left='+(screen.width\/2-300)+',top='+(screen.height\/3-125)+''); pdf24Win.focus(); if(typeof pdf24OnCreatePDF === 'function'){void(pdf24OnCreatePDF(this,pdf24Win));}\"> \t\t<input type=\"hidden\" name=\"blogCharset\" value=\"Cw1x07UAAA==\" \/><input type=\"hidden\" name=\"blogPosts\" value=\"MwQA\" \/><input type=\"hidden\" name=\"blogUrl\" value=\"yygpKSi20tcvLy\/Xy8jPSM3LARK6pXnpqWmZOSWpRSV6KakA\" \/><input type=\"hidden\" name=\"blogName\" value=\"88jPSM3LARK6pXnpqWmZOSWpRSUA\" \/><input type=\"hidden\" name=\"blogValueEncoding\" value=\"gzdeflate base64\" \/><input type=\"hidden\" name=\"postId_0\" value=\"MzI3MjMCAA==\" \/><input type=\"hidden\" name=\"postTitle_0\" value=\"HctBCsIwEAXQq\/xzuHEVRAQ3pQdIm48ZTMYymRbc9Q5uxcPlJIpv\/\/r+Cas9FmJUcaYDLlEVSYgwooqDojQMLrUSbTHOmXrs+xt9fyFsLE8lTpxytOS\/2e6rC83\/+yqlYZhzlYSJgrM2jzeLFUU2fgE=\" \/><input type=\"hidden\" name=\"postLink_0\" value=\"yygpKSi20tcvLy\/Xy8jPSM3LARK6pXnpqWmZOSWpRSV6Kan69gW2RuZGZkYA\" \/><input type=\"hidden\" name=\"postAuthor_0\" value=\"S0zJzcwDAA==\" \/><input type=\"hidden\" name=\"postDateTime_0\" value=\"MzIwMtA1NNA1MlAwNLcyNLAysQQA\" \/><input type=\"hidden\" name=\"postContent_0\" value=\"lVXLcttGELz7K6aUqpwo8BHZChlKiWw9LCt2XNGrypfUUhgQGwK7rNmF6Ojkf8jVlVz0DT75xj\/xl6R3CVKUBVdKPKAAAtvT09Mz82Q43R06L9aMdw+uufjLMB3xKFeSeirmt7jeVPTlwz\/Hxnk1FlVSoa\/5y4ePxNokdMZSajOgfWsMS\/ikRb1eQr9NvB2xUK\/T67SoKqnbp\/NcEtrXTKdv9zcPKrFTpUZjtpIa9kyqcvTS5mwKXMhNRV\/lnkrtKeWSnlcm5YDv1s4YeqMLR6dXeanTFhDm\/7KZ2kJ77a5yhD+dCsebNDwg7B1MJmritUUO+8rRWc6lokJVnn1IN9JjOjfaczqgE2UMpaB+cB4ZIfcA6HVZRqohiPkZqgzbtZjD9nT3CX5BXy53L2y5lvZo\/lksncw\/mxsunKqGbXyyfqIGCcyOGPjz26ucMg3uHllm9HWpHK3qs3nK4Ex48n7QSEdRLpztbOTeT92g3Z7NZoleHk+ubNnmBfy4Ri95ukFeyZj9zsYfo0KZyQYJFzsbxgKJRSCGsRAMqmzsPgZ32FZNic8\/jmLRDL3IlafJ\/BPstajAuwqlVRVeo5R3Tzp+oCrodChqjHvnuSjYJI0aLAUGDEqqTTTIJRcwHOcCXfP5J6FrWBrwWcamCQU+udRCM+0cmxalyjlycC2ZSoJFaMy4ena0KHss3TIQPJCjgnAj9boJvVK55MGc4l1DeJrAgQn8mAZVjEWQmJ+vAypcZlDn2kpUKWrQIjuKKoU3\/+feOkLoTzRGFbWjlyxoywztxlKZoGoG6y6xArSGl2hvrfEmYIT\/rzUX2fy28Ho8CDRe5NrAzXtV5rzmMabKQoYSzH3Uji5Y8nDCaBeGzu+Vc7BaSjatG\/gIAnuBveupIHQGNhPW6Ni\/AynHy+LPWNLaMCY0jwvDImjMkXW4u+EctaHQXDiB3m2Rsw86K2lwzXPtwkz5E\/07BrDQ3t1IkljRkUL0zRnYec8lvDyOA8nQr0goTJ8mO63NMtLO09Z2zVihzIE1\/OBFe9Q8aNDrdLdji1yqvJhAFkdvQkAd66RL2ufKL6Kupl5CBxKxHzcqV5MSr6ZiS4vqCrR7VUkAm1UQGxO+vw2q7lu6KDhK6F2YToZeaz8uNKdRraUo9DzKdrkmWysOf5wbIb2YsUJ6oTs8J3RhTfizu3z7jGZK1ncC4sBNIXr07SE8iJFroppoXR\/bC3ra0CGxoaLGYbUEGZang0ecBje\/4stNbJeMOv37jAB1YcVpf7PAXUn8EKHBbpdBMtjg2KARSxVKUadwYo1HbRrH\/NdGbt3XPE6k+W1ty7dKClUiP9eiE3QlmKDXOFhwe+vZ0x\/u7apViDMuOLPY\/p3t\/laHvv\/ux163+xM97Xd7vbXPDtX7B59Qv0tbW7TOd\/O10sUAszizv9SLYnO5KRKuGoQ5Rv8KzHWXP91bbvUOagB7zDr7BsRqc\/0H\" \/> \t\t<a href=\"https:\/\/www.pdf24.org\" target=\"_blank\" title=\"www.pdf24.org\" rel=\"nofollow\"><img src=\"https:\/\/www.hohenlohe-ungefiltert.de\/wp-content\/plugins\/pdf24-post-to-pdf\/img\/pdf_32x32.png\" alt=\"\" border=\"0\" height=\"32\" \/><\/a> \t\t<span class=\"pdf24Plugin-cp-space\">&nbsp;&nbsp;<\/span> \t\t<span class=\"pdf24Plugin-cp-text\">Sende Artikel als PDF<\/span> \t\t<span class=\"pdf24Plugin-cp-space\">&nbsp;&nbsp;<\/span> \t\t<input class=\"pdf24Plugin-cp-input\" style=\"margin: 0px;\" type=\"text\" name=\"sendEmailTo\" placeholder=\"Emailadresse\" \/> \t\t<input class=\"pdf24Plugin-cp-submit\" style=\"margin: 0px;\" type=\"submit\" value=\"Senden\" \/> \t<\/form> <\/div>","protected":false},"excerpt":{"rendered":"<p>Evelyne Gebhardt l\u00e4dt zu \u201eInstagram live\u201c ein. Termin: Donnerstag, 22. Oktober 2020, um 19 Uhr. Die SPD-Europaabgeordnete aus Hohenlohe spricht mit dem Bundestagsabgeordneten Nils Schmid, au\u00dfenpolitischer Sprecher der SPD-Bundestagsfraktion. Das Thema lautet \u201eEurope United: Kann die EU mit einer Stimme sprechen?\u201c Vom SPD-Europab\u00fcro K\u00fcnzelsau Das Gespr\u00e4ch findet auf Evelyne Gebhardts Instagram-Seite statt: https:\/\/www.instagram.com\/evelynegebhardtmep \u00dcber den [&hellip;]<\/p>\n","protected":false},"author":1,"featured_media":0,"comment_status":"open","ping_status":"open","sticky":false,"template":"","format":"standard","meta":[],"categories":[1],"tags":[],"_links":{"self":[{"href":"https:\/\/www.hohenlohe-ungefiltert.de\/index.php?rest_route=\/wp\/v2\/posts\/27262"}],"collection":[{"href":"https:\/\/www.hohenlohe-ungefiltert.de\/index.php?rest_route=\/wp\/v2\/posts"}],"about":[{"href":"https:\/\/www.hohenlohe-ungefiltert.de\/index.php?rest_route=\/wp\/v2\/types\/post"}],"author":[{"embeddable":true,"href":"https:\/\/www.hohenlohe-ungefiltert.de\/index.php?rest_route=\/wp\/v2\/users\/1"}],"replies":[{"embeddable":true,"href":"https:\/\/www.hohenlohe-ungefiltert.de\/index.php?rest_route=%2Fwp%2Fv2%2Fcomments&post=27262"}],"version-history":[{"count":4,"href":"https:\/\/www.hohenlohe-ungefiltert.de\/index.php?rest_route=\/wp\/v2\/posts\/27262\/revisions"}],"predecessor-version":[{"id":27279,"href":"https:\/\/www.hohenlohe-ungefiltert.de\/index.php?rest_route=\/wp\/v2\/posts\/27262\/revisions\/27279"}],"wp:attachment":[{"href":"https:\/\/www.hohenlohe-ungefiltert.de\/index.php?rest_route=%2Fwp%2Fv2%2Fmedia&parent=27262"}],"wp:term":[{"taxonomy":"category","embeddable":true,"href":"https:\/\/www.hohenlohe-ungefiltert.de\/index.php?rest_route=%2Fwp%2Fv2%2Fcategories&post=27262"},{"taxonomy":"post_tag","embeddable":true,"href":"https:\/\/www.hohenlohe-ungefiltert.de\/index.php?rest_route=%2Fwp%2Fv2%2Ftags&post=27262"}],"curies":[{"name":"wp","href":"https:\/\/api.w.org\/{rel}","templated":true}]}}