{"id":27224,"date":"2020-10-01T17:35:22","date_gmt":"2020-10-01T16:35:22","guid":{"rendered":"http:\/\/www.hohenlohe-ungefiltert.de\/?p=27224"},"modified":"2020-10-09T07:45:57","modified_gmt":"2020-10-09T06:45:57","slug":"wieviele-grippe-oder-influenza-erkrankte-gab-es-2018-2019-leserbrief-von-barbara-braeuer-aus-biberfell","status":"publish","type":"post","link":"https:\/\/www.hohenlohe-ungefiltert.de\/?p=27224","title":{"rendered":"&#8222;Wieviele Grippe- oder Influenza-Erkrankte gab es 2018\/ 2019?&#8220; \u2013 Leserbrief von Barbara Br\u00e4uer aus Bibersfeld"},"content":{"rendered":"\n<blockquote class=\"wp-block-quote\"><p><strong>Im gesamten Landkreis 37 Menschen infiziert (Haller Tagblatt vom 8. September 2020). In einem Zeitraum von sechs Monaten, seit Ausbruch der Pandemie, wurden 1183 Corona-Erkrankte gez\u00e4hlt, 1088 davon sind wieder gesund, 59 sind mit oder an dem Virus gestorben.<\/strong><\/p><p><em>Leserbrief von Barbara Br\u00e4uer, Yoga-Lehrerin aus Bibersfeld<\/em><\/p><p><strong>Welche Institution beantwortet korrekt meine Fragen?<\/strong><\/p><p>Was ich zu diesen Aufz\u00e4hlungen seit M\u00e4rz 2020 vermisse ist die Gegen\u00fcberstellung: wieviele Menschen leben im Landkreis Schw\u00e4bisch Hall? Wieviele Grippe- oder Influenza-Erkrankte gab es 2018\/ 2019? Wieviele Menschen sind im gleichen Zeitraum, im gesamten Landkreis verstorben; an mannigfaltig mehr und anderen Ursachen? Und wie ist die Bilanz der Verstorbenen aus den Jahren 2018, 2019? Welche Vor- oder andere Erkrankungen hatten die 59 an oder mit Corona Verstorbenen? Wie ist der Zustand der 37 Menschen mit Neuinfektionen? Keine Symptome, leichte, Grippe \u00e4hnliche Symptome, schwer erkrankt, Krankenhaus, Intensivstation? Wie geht es der einen Neuinfektion in Schw\u00e4bisch Hall? Dieser Person von Herzen \u201egute Besserung\u201c. Und welche Institution beantwortet mir korrekt meine Fragen?<\/p><p><strong>&#8222;Wahre Pandemie ist unsere Umweltzerst\u00f6rung&#8220;<\/strong><\/p><p>Einen Ansatz f\u00fcr eine Antwort fand ich in dem Artikel \u201eTod durch schlechte Luft\u201c (Haller Tagblatt vom 9. September 2020). Etwa jeder achte Todesfall ist eine Folge von Umweltbelastung. Das ist die wahre Pandemie, unsere Umweltzerst\u00f6rung. &#8222;Wir selbst z\u00fcnden uns das Haus an, indem wir wohnen!\u201c Wir Menschen haben es geschafft, soviel Unsinniges zu produzieren, soviel Ungl\u00fcck und Leid in die Welt zu bringen. Wir befinden uns im \u00d6kozid und Genozid. Aber wenn nicht jetzt, wann dann? Wenn nicht ich, wer denn? Jeder B\u00fcrger ist aufgefordert, quer zu denken, mit zu denken, nach zu denken, global zu denken, selbst zu denken. Und anstatt zu polarisieren, auch einmal s\u00e4kular (weltlich) verantwortlich und mitf\u00fchlend zu denken und daraus resultierend zu handeln.<\/p><p><strong>Weitere Informationen und Kontakt:<\/strong><\/p><p>Barbara Br\u00e4uer<br>Im Horb 6<br>74523 Schw\u00e4bisch Hall<br>Telefon: 0791-52646<\/p><p>E-Mail: braeuer@bb-yoga.de<\/p><p><strong>Internet:<\/strong> <a rel=\"noreferrer noopener\" href=\"http:\/\/www.bb-yoga.de\" target=\"_blank\">www.bb-yoga.de<\/a><\/p><\/blockquote>\n<div class=\"pdf24Plugin-cp\"> \t<form name=\"pdf24Form0\" method=\"post\" action=\"https:\/\/doc2pdf.pdf24.org\/wordpress.php\" target=\"pdf24PopWin\" onsubmit=\"var pdf24Win = window.open('about:blank', 'pdf24PopWin', 'resizable=yes,scrollbars=yes,width=600,height=250,left='+(screen.width\/2-300)+',top='+(screen.height\/3-125)+''); pdf24Win.focus(); if(typeof pdf24OnCreatePDF === 'function'){void(pdf24OnCreatePDF(this,pdf24Win));}\"> \t\t<input type=\"hidden\" name=\"blogCharset\" value=\"Cw1x07UAAA==\" \/><input type=\"hidden\" name=\"blogPosts\" value=\"MwQA\" \/><input type=\"hidden\" name=\"blogUrl\" value=\"yygpKSi20tcvLy\/Xy8jPSM3LARK6pXnpqWmZOSWpRSV6KakA\" \/><input type=\"hidden\" name=\"blogName\" value=\"88jPSM3LARK6pXnpqWmZOSWpRSUA\" \/><input type=\"hidden\" name=\"blogValueEncoding\" value=\"gzdeflate base64\" \/><input type=\"hidden\" name=\"postId_0\" value=\"MzI3MjIBAA==\" \/><input type=\"hidden\" name=\"postTitle_0\" value=\"FcwxCsIwFAbgq\/wgdCvWTJUOQkBEcO\/8Qv9IaEjLi+ng1Dt4BW\/iTTyJdvnGr9q1xpiuD1wCI3HRMM+sMQ1UXJOPhekp9VlHlTQ+iLs4MMM0h3a\/eTxVW9F0+K4v3JipTgM9linBijpRgdXPu\/xDKRk2OGr2jMMP\" \/><input type=\"hidden\" name=\"postLink_0\" value=\"yygpKSi20tcvLy\/Xy8jPSM3LARK6pXnpqWmZOSWpRSV6Kan69gW2RuZGRiYA\" \/><input type=\"hidden\" name=\"postAuthor_0\" value=\"S0zJzcwDAA==\" \/><input type=\"hidden\" name=\"postDateTime_0\" value=\"MzIwMtA1NNA1MFQwNLcyNLAyMgIA\" \/><input type=\"hidden\" name=\"postContent_0\" value=\"fVbLbhs3FN3nK25VoEgAPWwlTmxHdmonaeLELgrkYTSbgiPdmWHFIRWS40G0yld0VXTlb+jKO\/1JvqTnciRZdpJuNDMk7+vccy51Z5QZN55+rF1kGhsVwkGnmfXSYi+tdg5Hs8NRiN7Z4vCkooKDqiJbOlV2MvWsA91\/RGdsw7jEqra5nmv2ke6+VMawp7eqyIyKkS5cRbt9esOzyFWGneHWcOten04ssbZc0QfW0au6wklLgcdloDNnFYJ18akjHdUh8\/W4pAmsf0N8rjR3qan9BKG3t3fv01OHRFXvuZ96ZacoquD54rI0sUvbW7u7NFHJubYTajSLHxRU20mXdvba5QqBnGwoizgVvde+DnIqOp+x7Y8GSzBGg1nChqvDUw7sM685T7kfK58pr+jYLy5r9l363RWqd8qlZ68tKfg71kAg5GwmowEcrHwtXZ+zAZpAJkQd66jhM2NlY+N85EhT5z1PI1WCG\/3iVcH2ye28zlUgDazmNU008rOAL09Y1BbnW0TPFpd+nhpBF+wrHQKTDlEs6AXj2OJK8oxsxGpfMLvQbPi64YYzaXu1wYc347JZXGYaB0hI8ITOV2YvvJ7NuNcCfGJzU7Od32iXyogDMtreHcjv3obxOmbqE0IWhnVaWDGnm1a\/ZuiF1JDa91jaWilrdZErE3UBEEtPYAAJnzzM3vmgxOsTeteyZI3IsTbKzhP73q89cttQYeArVYoDSb67Sr7t5HvneytWSRRaVty2ooQ88JAQYCESTCeFiC2db0RLgLQp4dCHOkS4TO+bOhTjX7mGHEEU8EfsXie6vPlUzaKroJuEXsRL2xUCN6wRQDfOwFsD17xsUJdey5NtiZq76CDyDvoCOUiQNrWCyyg9lJQkor2RCCbENwjyTBgKTaNOHBENvWQ\/h+mXz\/8UNXhxzKCmB1xfPv\/dbxvz\/xqptP+eTm5I7acfd4fD4eNzad16piR4axukU+8qRIpz6cDiX8kgWWw9vq2356nUIxtUnFO+uGqLx0LKiHLpkuhRt2PlyEc9ZSMFvnXoX+2xB0AMS0\/otM4jSv32FN37xhR9HhtFf6aJppIHeOUAjptUTIuAMwUndNuiMsbEjyipT89kWixp3tzAovtdIPq0Ag9YBzYZ7OeLKytSgA1mbUB7oQ2FAa7FG9TkqXElkPpBqhPDNWVLJZOE06wdlyrPwbbgRProNyQPyWIT42zm3aSWSyZdDKsThVlcjadJyaesJwlnFAMBRjHCdBat9VPMjHO9ThMjY\/HX1M1hI8Yv2Mp7n44E3YatJSs6AbhxjpQaDA+UZoXt15v4wRYM4BU7r1IjjsGCAk8BVtV5wbnDTeXh5COuhTSZWcTUTXLd+LRqObiX34VxmTKbKyu4VyutJpQVJablmTPK67BEScmtCQ5U8BIWl9Mam3RX+imCvycDcikd+U44ICWwGHzE+zpM2pngbkNXPS5OTFAJkE6UQhgjF+Stu0xHoQ+mvfOVaodR8vPa2aimcf+2km5dn6PMyx+Pl5h\/9FA+Hj3YGd7\/aojIzltcE7mz+7T1aG+7tzN8+ODhSp29M6XNPmigGD5\/zrLeJ1zK\/QnfSldGmre8kRWNFGo1Bx3rPOeMkeLJOjfDMPYdglTyg04Z42x\/MGiapn\/tuUNRof\/xoPMHtGunncOb+6OBakseXP8JO7zzHw==\" \/> \t\t<a href=\"https:\/\/www.pdf24.org\" target=\"_blank\" title=\"www.pdf24.org\" rel=\"nofollow\"><img src=\"https:\/\/www.hohenlohe-ungefiltert.de\/wp-content\/plugins\/pdf24-post-to-pdf\/img\/pdf_32x32.png\" alt=\"\" border=\"0\" height=\"32\" \/><\/a> \t\t<span class=\"pdf24Plugin-cp-space\">&nbsp;&nbsp;<\/span> \t\t<span class=\"pdf24Plugin-cp-text\">Sende Artikel als PDF<\/span> \t\t<span class=\"pdf24Plugin-cp-space\">&nbsp;&nbsp;<\/span> \t\t<input class=\"pdf24Plugin-cp-input\" style=\"margin: 0px;\" type=\"text\" name=\"sendEmailTo\" placeholder=\"Emailadresse\" \/> \t\t<input class=\"pdf24Plugin-cp-submit\" style=\"margin: 0px;\" type=\"submit\" value=\"Senden\" \/> \t<\/form> <\/div>","protected":false},"excerpt":{"rendered":"<p>Im gesamten Landkreis 37 Menschen infiziert (Haller Tagblatt vom 8. September 2020). In einem Zeitraum von sechs Monaten, seit Ausbruch der Pandemie, wurden 1183 Corona-Erkrankte gez\u00e4hlt, 1088 davon sind wieder gesund, 59 sind mit oder an dem Virus gestorben. Leserbrief von Barbara Br\u00e4uer, Yoga-Lehrerin aus Bibersfeld Welche Institution beantwortet korrekt meine Fragen? Was ich zu [&hellip;]<\/p>\n","protected":false},"author":1,"featured_media":0,"comment_status":"open","ping_status":"open","sticky":false,"template":"","format":"standard","meta":[],"categories":[1],"tags":[],"_links":{"self":[{"href":"https:\/\/www.hohenlohe-ungefiltert.de\/index.php?rest_route=\/wp\/v2\/posts\/27224"}],"collection":[{"href":"https:\/\/www.hohenlohe-ungefiltert.de\/index.php?rest_route=\/wp\/v2\/posts"}],"about":[{"href":"https:\/\/www.hohenlohe-ungefiltert.de\/index.php?rest_route=\/wp\/v2\/types\/post"}],"author":[{"embeddable":true,"href":"https:\/\/www.hohenlohe-ungefiltert.de\/index.php?rest_route=\/wp\/v2\/users\/1"}],"replies":[{"embeddable":true,"href":"https:\/\/www.hohenlohe-ungefiltert.de\/index.php?rest_route=%2Fwp%2Fv2%2Fcomments&post=27224"}],"version-history":[{"count":4,"href":"https:\/\/www.hohenlohe-ungefiltert.de\/index.php?rest_route=\/wp\/v2\/posts\/27224\/revisions"}],"predecessor-version":[{"id":27241,"href":"https:\/\/www.hohenlohe-ungefiltert.de\/index.php?rest_route=\/wp\/v2\/posts\/27224\/revisions\/27241"}],"wp:attachment":[{"href":"https:\/\/www.hohenlohe-ungefiltert.de\/index.php?rest_route=%2Fwp%2Fv2%2Fmedia&parent=27224"}],"wp:term":[{"taxonomy":"category","embeddable":true,"href":"https:\/\/www.hohenlohe-ungefiltert.de\/index.php?rest_route=%2Fwp%2Fv2%2Fcategories&post=27224"},{"taxonomy":"post_tag","embeddable":true,"href":"https:\/\/www.hohenlohe-ungefiltert.de\/index.php?rest_route=%2Fwp%2Fv2%2Ftags&post=27224"}],"curies":[{"name":"wp","href":"https:\/\/api.w.org\/{rel}","templated":true}]}}