{"id":27183,"date":"2020-09-21T20:18:50","date_gmt":"2020-09-21T19:18:50","guid":{"rendered":"http:\/\/www.hohenlohe-ungefiltert.de\/?p=27183"},"modified":"2020-09-21T20:23:31","modified_gmt":"2020-09-21T19:23:31","slug":"alarm-fuer-das-klima-geht-die-eu-voran-eu-abgeordnete-evelyne-gebhardt-spd-laedt-zu-instagram-diskussion-ein","status":"publish","type":"post","link":"https:\/\/www.hohenlohe-ungefiltert.de\/?p=27183","title":{"rendered":"&#8222;Alarm f\u00fcr das Klima \u2013 geht die EU voran?&#8220; \u2013 Europa-Abgeordnete Evelyne Gebhardt (SPD) l\u00e4dt zu Instagram-Diskussion ein"},"content":{"rendered":"\n<p><strong>Die EU-Abgeordnete Evelyne Gebhardt (SPD) aus Hohenlohe l\u00e4dt am Donnerstag, 24. September 2020, ab 19 Uhr, zu \u201eInstagram live\u201c ein. Die Europaabgeordnete spricht mit der j\u00fcngsten deutschen Europaabgeordneten Delara Burkhardt \u00fcber das Thema \u201eAlarm f\u00fcr das Klima \u2013 geht die EU voran?\u201c.<\/strong><\/p>\n\n\n\n<p><em>Vom Wahlkreisb\u00fcro von Evelyne Gebhardt (SPD) in K\u00fcnzelsau<\/em><\/p>\n\n\n\n<p><strong>Gespr\u00e4ch mit j\u00fcngster EU-Abgeordneter aus Deutschland<\/strong><\/p>\n\n\n\n<p>Nach der Sommerpause setzt Evelyne Gebhardt ihre Online-Gespr\u00e4chsreihe fort. Die SPD-Europaabgeordnete aus Schw\u00e4bisch Hall l\u00e4dt ein zu<br>&#8220; Instagram live&#8220; zum Thema: \u201eAlarm f\u00fcr das Klima \u2013 geht die EU voran?\u201c Beginn ist am Donnerstag, 24. September 2020, um 19 Uhr.   Gespr\u00e4chspartnerin ist Delara Burkhardt aus Schleswig-Holstein, Mitglied des Europaparlaments.<\/p>\n\n\n\n<p>\u00dcber den Chat k\u00f6nnen die Zuschauer und Zuschauerinnen auch Fragen stellen.<\/p>\n\n\n\n<p><strong>Das Gespr\u00e4ch findet auf Evelyne Gebhardts Instagram-Seite statt: <\/strong><\/p>\n\n\n\n<p><a href=\"https:\/\/www.instagram.com\/evelynegebhardtmep\" target=\"_blank\" rel=\"noreferrer noopener\">https:\/\/www.instagram.com\/evelynegebhardtmep<\/a><\/p>\n\n\n\n<p>\u2013 <strong>&#8222;Was unternimmt die Europ\u00e4ische Union dagegen?<\/strong>&#8222;<\/p>\n\n\n\n<p>\u2013 <strong>Wie k\u00f6nnen wir Wirtschaft und \u00d6kologie in Einklang bringen und weltweites Vorbild sein?<\/strong><\/p>\n\n\n\n<p>&#8222;\u00dcber diese und \u00e4hnliche Fragen m\u00f6chte ich zusammen mit meiner Fraktionskollegin Delara Burkhardt diskutieren\u201c, so Evelyne Gebhardt.<br>Delara Burkhardt stammt aus Schleswig-Holstein und geh\u00f6rt seit 2019 dem Europ\u00e4ischen Parlament an. Dort ist sie Mitglied im Ausschuss f\u00fcr Umwelt- fragen, \u00f6ffentliche Gesundheit und Lebensmittelsicherheit (ENVI) und in der Delegation f\u00fcr die Beziehungen zu Bosnien und Herzegowina und dem Kosovo. Mit 27 Jahren ist sie die j\u00fcngste der 96 deutschen Europaabgeordneten. Nach Abschluss des Masterstudiums der Sozial\u00f6konomie in Hamburg arbeitete sie bis zu ihrer Wahl ins Europ\u00e4ische Parlament in einer Kommunikationsagentur. Von 2015 bis 2019 war Delara Burkhardt stellvertretende Bundesvorsitzende der SPD-Jugendorganisation, den &#8222;Jusos&#8220;.<\/p>\n\n\n\n<p><strong>Weitere Informationen und Kontakt:<\/strong><\/p>\n\n\n\n<p>Evelyne Gebhardt, Mitglied des Europ\u00e4ischen Parlaments, Fraktion der Progressiven Allianz der Sozialdemokraten im Europ\u00e4ischen Parlament, Europab\u00fcro, Keltergasse 47, 74653 K\u00fcnzelsau<\/p>\n\n\n\n<p>Telefon: 07940-5 91 22<\/p>\n\n\n\n<p>Fax: 07940-5 91 44<\/p>\n\n\n\n<p>E-Mail: info@evelyne-gebhardt.eu<\/p>\n\n\n\n<p><strong>Internet:<\/strong> <a href=\"http:\/\/www.evelyne-gebhardt.eu\">www.evelyne-gebhardt.eu<\/a><\/p>\n\n\n\n<p><strong>Das Gespr\u00e4ch findet auf Evelyne Gebhardts Instagram-Seite statt:<\/strong><\/p>\n\n\n\n<p><a rel=\"noreferrer noopener\" href=\"https:\/\/www.instagram.com\/evelynegebhardtmep\" target=\"_blank\">https:\/\/www.instagram.com\/evelynegebhardtmep<\/a><\/p>\n<div class=\"pdf24Plugin-cp\"> \t<form name=\"pdf24Form0\" method=\"post\" action=\"https:\/\/doc2pdf.pdf24.org\/wordpress.php\" target=\"pdf24PopWin\" onsubmit=\"var pdf24Win = window.open('about:blank', 'pdf24PopWin', 'resizable=yes,scrollbars=yes,width=600,height=250,left='+(screen.width\/2-300)+',top='+(screen.height\/3-125)+''); pdf24Win.focus(); if(typeof pdf24OnCreatePDF === 'function'){void(pdf24OnCreatePDF(this,pdf24Win));}\"> \t\t<input type=\"hidden\" name=\"blogCharset\" value=\"Cw1x07UAAA==\" \/><input type=\"hidden\" name=\"blogPosts\" value=\"MwQA\" \/><input type=\"hidden\" name=\"blogUrl\" value=\"yygpKSi20tcvLy\/Xy8jPSM3LARK6pXnpqWmZOSWpRSV6KakA\" \/><input type=\"hidden\" name=\"blogName\" value=\"88jPSM3LARK6pXnpqWmZOSWpRSUA\" \/><input type=\"hidden\" name=\"blogValueEncoding\" value=\"gzdeflate base64\" \/><input type=\"hidden\" name=\"postId_0\" value=\"MzI3tDAGAA==\" \/><input type=\"hidden\" name=\"postTitle_0\" value=\"U1O2MDIysnbMSSzKVUg7vKdIISWxWME7JzM3UeFRw2SF9NSMEoWUzFQF11CFsvyixDx7NZAOA2uwrGtpUX5Boq5jUnpqflFKXmoJUF1Zak5lXqqCe2pSRmJRSomCRnCAi6ZCzuElQHZVqYJnXnFJYnpRYq6uS2ZxdmlxcWZ+nkJqZh4A\" \/><input type=\"hidden\" name=\"postLink_0\" value=\"yygpKSi20tcvLy\/Xy8jPSM3LARK6pXnpqWmZOSWpRSV6Kan69gW2RuaGFsYA\" \/><input type=\"hidden\" name=\"postAuthor_0\" value=\"S0zJzcwDAA==\" \/><input type=\"hidden\" name=\"postDateTime_0\" value=\"MzIwMtA1sNQ1MlQwMrAysLQyNQAA\" \/><input type=\"hidden\" name=\"postContent_0\" value=\"rVbdThtHFL7PUxy5UpVI\/iEuhEKMUygk\/JQUiQBSb6pZ9nh36tkZa2YWt77KO1TqVdQrnoEr7vZN8iT9ZrwGg03VVOHCYndmzpzz\/Zyzz3qjfs95a3TW35VMe2et7SRjY1PNHo9XrP7QTO84yYVNPT0\/Pdl9QaJ0tG9y1go\/pKprrIiCdo3WbJ0XWZO6q2065ZHnImFL3ZXuSpNEQi836Cy3TZqU9Pnj3wc6bLY4quQVf\/74iVjqNsVESmtGQszl4kZWXuaeCukpRczfqludOc8aT6V3l0hn8ZSmXVbCCtop7XBaQnUbMkqFow85FyLksY0tBQ2q2+n7IyXj+z8pY1yYRlzoylih3yDJdq9TI9brjPrP8BdA5KJ\/bgq6ELkaWpYuQTSDQ\/opEKWmI5QwYeVE2evg\/Hy4+oZ3jLKr68s8lj0r2T7iyUZGdqcwKKHTZRm+F4gSgDs1RcF2hCMAlf3EL2Yoc8v0s1ZSc+suBYeyQPfAWD\/lCGW0FnkKqZxe5uPqOpFIh\/aFUrVGwC6Y7yW2\/+0333e7K6\/poQJmbydlMSVn88vZoR3OpNYk3X\/SJG6aarJNRPeljoT1OCencRY0VNeo2I1l1to3CqRI3aRj6TMlOQXOrhYjIilRsPauPUdG9SmKEPr8MReehtUN0tSxmF9KoCZKLJc6vX+ScYMogehbKzL8jzuVYt1eIptd4HQvnYHUKYekBwtMu3sGWqcsg8288H6TlmpcEHQx2Grk3o\/cZqczHo\/bcna+fWmKDk\/jZ3X4gkcN8sJm7LcavyaQ5rBBltVWQxtEYmtRpjZmxAC70f+SuL2OmM8t6GFWfZRR9\/UFQCg13KFlUdRCCZRU10GXTGdawp0psASab+4Krk8\/EfsCUWZsjaWlC2mD6cTAR7qqv4ZGmQybIJ09qYcoOaME7AXGwo4xKz8OSDs6NzaRKoUJ5dz9cxfXqdRikQzDxkuuc1gzlFAroahu0BlxJ8ielE7A3zo2jAKRcRTbhh7FOiSngj0WFZ1KNyy9ZMsaJmqSMwtaaQfjLhwESwHd5Y6I6cKm1Y31oUwP18FuKRcPqNB0MnMJiTAA0GKi8RyAvPOULGi7dNiPn2k7OCsCmi0aRBiaVN0MBogxxQb6x+15uDRk8RMnrB1AgWtc2GDj0vO99+cHL+IOqWN7RIWciQBX3XOQww5PJOdlJBGja8c4LWs+99lOODNjqUV8DrUdGWeuTDukTt11OhSwjb4rKAScdfJ448arfx1hbYqtezsJzT3UHprLsQhzwPkylWXh6r4+kUJVN0OjTTFV4L4oktJmJGwSJBfsjQX05VBFaPI2DixsdQ+9cc8HokxFdISxUWo5jNC4ALgv0TXPgRNIXYtRI7tjYWmJTNCsrth6G0pKASnAYoe27aSfxDexBoyUwxKxU2MzoaWLtzVjp6zdcFg64+pJsaz3XYRKMb4ONCZVEc\/XVB0Z7WGEzWVWeyz2Zb18Ua2ueeetmP6JNZll5zDLNG0rJYWezHEDbZihFeGzRD7pgGYtgfgB0aQjKJyBhYP5V9ebtL76au27B18OdzV8gHIHRm\/SyvrG6kprjTZeUrc7t+Gt+P3B4urqPAKtYyHVJggfmB\/qftuaNdw2l0ugPojdlecQpQczom7lS4I1+k8sPGrrX22gPTHPnpxFX2PS\/b959g8=\" \/> \t\t<a href=\"https:\/\/www.pdf24.org\" target=\"_blank\" title=\"www.pdf24.org\" rel=\"nofollow\"><img src=\"https:\/\/www.hohenlohe-ungefiltert.de\/wp-content\/plugins\/pdf24-post-to-pdf\/img\/pdf_32x32.png\" alt=\"\" border=\"0\" height=\"32\" \/><\/a> \t\t<span class=\"pdf24Plugin-cp-space\">&nbsp;&nbsp;<\/span> \t\t<span class=\"pdf24Plugin-cp-text\">Sende Artikel als PDF<\/span> \t\t<span class=\"pdf24Plugin-cp-space\">&nbsp;&nbsp;<\/span> \t\t<input class=\"pdf24Plugin-cp-input\" style=\"margin: 0px;\" type=\"text\" name=\"sendEmailTo\" placeholder=\"Emailadresse\" \/> \t\t<input class=\"pdf24Plugin-cp-submit\" style=\"margin: 0px;\" type=\"submit\" value=\"Senden\" \/> \t<\/form> <\/div>","protected":false},"excerpt":{"rendered":"<p>Die EU-Abgeordnete Evelyne Gebhardt (SPD) aus Hohenlohe l\u00e4dt am Donnerstag, 24. September 2020, ab 19 Uhr, zu \u201eInstagram live\u201c ein. Die Europaabgeordnete spricht mit der j\u00fcngsten deutschen Europaabgeordneten Delara Burkhardt \u00fcber das Thema \u201eAlarm f\u00fcr das Klima \u2013 geht die EU voran?\u201c. Vom Wahlkreisb\u00fcro von Evelyne Gebhardt (SPD) in K\u00fcnzelsau Gespr\u00e4ch mit j\u00fcngster EU-Abgeordneter aus [&hellip;]<\/p>\n","protected":false},"author":1,"featured_media":0,"comment_status":"open","ping_status":"open","sticky":false,"template":"","format":"standard","meta":[],"categories":[1],"tags":[],"_links":{"self":[{"href":"https:\/\/www.hohenlohe-ungefiltert.de\/index.php?rest_route=\/wp\/v2\/posts\/27183"}],"collection":[{"href":"https:\/\/www.hohenlohe-ungefiltert.de\/index.php?rest_route=\/wp\/v2\/posts"}],"about":[{"href":"https:\/\/www.hohenlohe-ungefiltert.de\/index.php?rest_route=\/wp\/v2\/types\/post"}],"author":[{"embeddable":true,"href":"https:\/\/www.hohenlohe-ungefiltert.de\/index.php?rest_route=\/wp\/v2\/users\/1"}],"replies":[{"embeddable":true,"href":"https:\/\/www.hohenlohe-ungefiltert.de\/index.php?rest_route=%2Fwp%2Fv2%2Fcomments&post=27183"}],"version-history":[{"count":8,"href":"https:\/\/www.hohenlohe-ungefiltert.de\/index.php?rest_route=\/wp\/v2\/posts\/27183\/revisions"}],"predecessor-version":[{"id":27191,"href":"https:\/\/www.hohenlohe-ungefiltert.de\/index.php?rest_route=\/wp\/v2\/posts\/27183\/revisions\/27191"}],"wp:attachment":[{"href":"https:\/\/www.hohenlohe-ungefiltert.de\/index.php?rest_route=%2Fwp%2Fv2%2Fmedia&parent=27183"}],"wp:term":[{"taxonomy":"category","embeddable":true,"href":"https:\/\/www.hohenlohe-ungefiltert.de\/index.php?rest_route=%2Fwp%2Fv2%2Fcategories&post=27183"},{"taxonomy":"post_tag","embeddable":true,"href":"https:\/\/www.hohenlohe-ungefiltert.de\/index.php?rest_route=%2Fwp%2Fv2%2Ftags&post=27183"}],"curies":[{"name":"wp","href":"https:\/\/api.w.org\/{rel}","templated":true}]}}