{"id":27124,"date":"2020-09-02T19:56:20","date_gmt":"2020-09-02T18:56:20","guid":{"rendered":"http:\/\/www.hohenlohe-ungefiltert.de\/?p=27124"},"modified":"2020-09-02T19:56:20","modified_gmt":"2020-09-02T18:56:20","slug":"demokratie-ich-bin-dabei-veranstaltung-vor-dem-jugendpavillon-in-oehringen","status":"publish","type":"post","link":"https:\/\/www.hohenlohe-ungefiltert.de\/?p=27124","title":{"rendered":"&#8222;Demokratie \u2013 ich bin dabei!&#8220; \u2013 Veranstaltung vor dem Jugendpavillon in \u00d6hringen"},"content":{"rendered":"\n<p><strong>Tausende junge Menschen engagieren sich in ganz Baden-W\u00fcrttemberg an der landesweiten Kampagne \u201eDemokratie \u2013 ich bin dabei!\u201c. In \u00d6hringen gibt es am Samstag, 19. September 2020, von 11 Uhr bis 13 Uhr eine Aktion zum &#8222;Tag der Demokratie&#8220;. Veranstaltungsort ist das Gel\u00e4nde vor dem Jugendpavillon in \u00d6hringen (Am Cappelrain 32). Der Hohenlohekreis l\u00e4dt zum Mitmachen ein.<\/strong><\/p>\n\n\n\n<p><em>Vom Jugendreferat des Hohenlohekreises <\/em><\/p>\n\n\n\n<p><strong>Menschenrechten und Demokratie<\/strong><\/p>\n\n\n\n<p>Veranstalter ist die regionale Beratungsstelle &#8222;Kompetent vor Ort \u2013 gegen Rechtsextremismus&#8220;  des Demokratiezentrums Baden-W\u00fcrttemberg, die im Kreisjugendreferat des Hohenlohekreises angesiedelt ist. Kooperationspartner sind der Kreisjugendring Hohenlohe e.V., das Jugendpavillon-Team, die Respekt-Coaches des DRK Hohenlohekreis sowie der &#8222;Arbeitskreis f\u00fcr Demokratie \u2013 gegen Faschismus&#8220;. Anlass des Aktionstages ist der Internationale Tag der Demokratie, den die UN 2007 auf den 15. September festgelegt hat. Rund um diesen Gedenktag finden in 20 verschiedenen St\u00e4dten und Gemeinden in Baden-W\u00fcrttemberg Aktionen statt, die Menschen dazu ermuntern sollen, sich aktiv mit Menschenrechten und Demokratie auseinander zu setzen.<\/p>\n\n\n\n<p><strong>F\u00fcr eine weltoffene Gesellschaft<\/strong><\/p>\n\n\n\n<p>Gerade heute ist es mehr denn je vonn\u00f6ten, sich f\u00fcr eine weltoffene Gesellschaft und einen demokratischen Austausch einsetzen. Gemeinsame Werte und ein menschenfreundlicher Umgang stehen im Mittelpunkt. Statt Hass und Hetze werden demokratische Haltung und gegenseitiger Respekt beworben. Seid mit dabei, kommt am Samstag, 19. September 2020 einfach in \u00d6hringen vorbei und werdet Teil des Aktionstages.<\/p>\n\n\n\n<p><strong>Gerne k\u00f6nnt ihr auch vorab online mitmachen \u2013 n\u00e4here Infos dazu findet ihr auf folgender Internetseite:<\/strong><\/p>\n\n\n\n<p><a href=\"http:\/\/www.online.tag-der-demokratie.de\" target=\"_blank\" rel=\"noreferrer noopener\">www.online.tag-der-demokratie.de<\/a><\/p>\n\n\n\n<p>F\u00fcr R\u00fcckfragen und weitere Infos steht das Kreisjugendreferat unter der E-Mail-Adresse jugendreferat@hohenlohekreis.de zur Verf\u00fcgung.<\/p>\n\n\n\n<p><strong>Corona-Informationen: <\/strong>Die Aktion findet unter freiem Himmel und nat\u00fcrlich unter Ber\u00fccksichtigung der Corona-Auflagen statt. Wir bitten alle Teilnehmenden, eine Mund-Nase-Bedeckung mitzubringen. F\u00fcr ausreichend Platz und Desinfektionsmittel vor Ort ist gesorgt. Die Kontaktdaten aller Teilnehmenden werden vor Ort erfasst und 4 Wochen lang im Kreisjugendreferat des Hohenlohekreises gespeichert, um eine R\u00fcckverfolgung und Kontaktaufnahme im Fall einer Infektion erm\u00f6glichen zu k\u00f6nnen.<\/p>\n\n\n\n<p><strong>Informationen f\u00fcr Rollstuhlfahrer*innen:<\/strong> Der Veranstaltungsort und die im Jugendpavillon befindlichen sanit\u00e4ren Anlagen sind barrierefrei zug\u00e4nglich.<\/p>\n\n\n\n<p><strong>Parkm\u00f6glichkeiten:<\/strong> es gibt ausreichend Parkpl\u00e4tze auf dem Schotterparkplatz \u201eParkplatz am Rendelbad\u201c (siehe Anhang). Von diesem Parkplatz f\u00fchrt eine kleine Fu\u00dfg\u00e4ngerbr\u00fccke direkt zum Jugendpavillon. Der Weg vom Parkplatz zum Jugendpavillon ist ebenfalls barrierefrei.<\/p>\n\n\n\n<p><strong>Weitere Informationen und Kontakt:<\/strong><\/p>\n\n\n\n<p>Yasemin Sertt\u00fcrk, Landratsamt Hohenlohekreis, Jugendamt, Jugendhilfeplanung\/Jugendreferat, Allee 16, 74653 K\u00fcnzelsau<\/p>\n\n\n\n<p>Telefon: 07940 18-432<\/p>\n\n\n\n<p>Fax: 07940 18-505<\/p>\n\n\n\n<p>Mobil: 0172\/6420744<\/p>\n\n\n\n<p><strong>E-Mail: <\/strong><\/p>\n\n\n\n<p>serttuerk@hohenlohekreis.de<\/p>\n\n\n\n<p>jugendreferat@hohenlohekreis.de<\/p>\n\n\n\n<p><strong>Internet:<\/strong> <a href=\"http:\/\/www.hohenlohekreis.de\" target=\"_blank\" rel=\"noreferrer noopener\">www.hohenlohekreis.de<\/a><\/p>\n<div class=\"pdf24Plugin-cp\"> \t<form name=\"pdf24Form0\" method=\"post\" action=\"https:\/\/doc2pdf.pdf24.org\/wordpress.php\" target=\"pdf24PopWin\" onsubmit=\"var pdf24Win = window.open('about:blank', 'pdf24PopWin', 'resizable=yes,scrollbars=yes,width=600,height=250,left='+(screen.width\/2-300)+',top='+(screen.height\/3-125)+''); pdf24Win.focus(); if(typeof pdf24OnCreatePDF === 'function'){void(pdf24OnCreatePDF(this,pdf24Win));}\"> \t\t<input type=\"hidden\" name=\"blogCharset\" value=\"Cw1x07UAAA==\" \/><input type=\"hidden\" name=\"blogPosts\" value=\"MwQA\" \/><input type=\"hidden\" name=\"blogUrl\" value=\"yygpKSi20tcvLy\/Xy8jPSM3LARK6pXnpqWmZOSWpRSV6KakA\" \/><input type=\"hidden\" name=\"blogName\" value=\"88jPSM3LARK6pXnpqWmZOSWpRSUA\" \/><input type=\"hidden\" name=\"blogValueEncoding\" value=\"gzdeflate base64\" \/><input type=\"hidden\" name=\"postId_0\" value=\"MzI3NDIBAA==\" \/><input type=\"hidden\" name=\"postTitle_0\" value=\"U1O2MDIysnZJzc3PLkosyUxVeNQwWSEzOUMhKTNPISUxKTVTUQ2kxsAaLBOWWpSYV1ySmFNSmpeuUJZfpJCSmqvgVZqempdSkFiWmZOTn6cA1Hl4WkZRZh5QFAA=\" \/><input type=\"hidden\" name=\"postLink_0\" value=\"yygpKSi20tcvLy\/Xy8jPSM3LARK6pXnpqWmZOSWpRSV6Kan69gW2RuaGRiYA\" \/><input type=\"hidden\" name=\"postAuthor_0\" value=\"S0zJzcwDAA==\" \/><input type=\"hidden\" name=\"postDateTime_0\" value=\"MzIwMtA1sNQ1MFIwtLQysLQyMgAA\" \/><input type=\"hidden\" name=\"postContent_0\" value=\"lVZLbhtHEN3nFBUFCJyAP1GS5Y8shLYjy1HkGJJsIaugKdbMtDndQ3T3SIZWvkOArIJk4zN45R1v4pPkVc+QHEqDCPbCItndVa+qXr2qb\/Zm+3s+uMKm+2eq9GwnTO9KmzIds\/UXGVtim6pUs8NHry8y0pZSZa\/pqZqw7Z7PP7sQ2IzZpaQsTdhRrmDGX7EOeHOkzEyllunLh3+esymmTgUt3\/4ksTaGuYkas\/72y4e\/e\/TS0vyvzGkggBs9DsSelKFTZXxQaYc2H\/bolGeVRxoOhoMOXRaWNjfpTeZgztPmVvzIGk5H06Bxel0a+v67B8Ph8PGZSiPIFZZ4MHjco7fslIWbPCADvnCBtA9A5+kF5\/OPkpvLwuG1oV9KAJzM1KXOc9jXTdj3RoaeqdmMc6dwsDX8oQdvjg4LpDPHf1PHgAmLkxCRHetgVJVrbXt7\/boge\/3Z\/jf4JzVis\/+2WLh1nAApkCE360bxw14fd5tPa2uLejq+yKQupZ00ctDmdJUOgI+ZQN0cp0ioypmeCgZJlA+c43ud36PCzBgOQszVb0iilDplycyJ+Pb8Pjg22pvS16mnGMoKzTWeu9L4Fo51Igpt6EjifXd3PhRq4jVPOI\/l7NFRUczkOsLwM+WCRXReIxvCiqZVVHNljrj3tteJZFivffeMlalQnbCf8TR0nxVSTV8FdXJ0s\/C+uMJl8VanbOTA\/+Cr0wTB0o1GqbJ3oFDAZtp6NLK58pWjiunSJPgSqwUHLy1qZ2OsUrLb3AdwWBbwb16hmwa7pMok\/ra502y0hH1IOec0UKaQxBOhD6iLlxAN9AeeTOGbEmSSY0MMB3TJTiDLIX47DcL4mnov2PDyaouUVOGI5gQVQpXfpSRN1HVJ7EwZw0NCwT\/bqeRJ4eElGR3o\/xlPInfailQ5dCF5DqBdr6VzDqQiUU2uQKIiSRAN8HuwHvZVEtqa5wUoBr3IuAwcy4GqGM5EPayld6Ik1s4\/hSXu5C4vEb9cEJGto6jSMSqRpBKf5biOo06wV4bpnB1A1M+BokpL4hg\/5fCNBLwx0PQUyWYxqKMmoa1nJaoKHkgN6FCoJlYOxQVguslNLLgTxTNei6xFjoNO4aFuDhrzVQG+W2GXnsRCRf3v0LQwJtwh9hJBoqoptFLcS7Goo9OIKtAZ6\/xWW7QVF3VCnqfzTxaKpVEfVcI6DKoxFTaXepilPEsv2vlHJIzRWknhKyZGzi9eJ5QUuQjEsv04SBL4UauwK8ogX082shBmj\/r9q6urXuW2B8hdGOkuE8y9CW9QUC7l8GTjjzHG7HQDgpw\/2bBF1EAHn1bkDZq2sX+Xrb2+akKJND+Zf76YJk6ldb\/EIb6MVuhRDcQW9Y3NGOXl5+6x0nl3hCPvZZ9oXPspWxNDwEDzORm9aIAU1Gkr0rMCf1RXQDijKmF4RMt8PtfLQV+XosIChmvM6kNtDOcxHEghohTO11cwxCRi6UDQVJgrAdT+RmWSx0xEDerRuZYFI4iWKJl4QjLLmZFio41j8x7DTfeV8tx9Ctm7mIpJEOi6HFdc7VHMM9oV4IRUE3qdq3BdqxMGUcIVZU3swOUUFQ0BhwuXAolEfFTYALGbqAUetw5o0aALA8gwGriSkW06LyKjc+n6r5imqXRxlAxoMvQ\/xhxJA60X4i+av0aHfrAKgMTHAUDGB9IYdZSi4vNPaVQhWdOqTmzX4bXyV3p5AuX3oczyRKGN3I9a3q4aLa5dt7c6wVdvETf2uDELgWo0XlmNkSWLr8zZSATZE8bKOdmHhV6AnGIzjAG0YX6t3HQR4DQuxA10kk9ZcdfIgAczrIaisNUohh5eZAW44GbxTMiCXfr18gsU80Qqno\/VBEs03cO6Ayke2QzFxe75trDVnDa0eoT0ZUIKqd80j38Oyvm\/MRh249gVWFK0E82WJXU9U9VGe84p6NU0e\/tmNfwg+AnK79eS15aw84bgrIrdYFSrjP6OhjMYCafgpXT4tEO\/YrKDxhiA4QaNOzVCnCw+ZjpPGBFYUKS\/tmR3aITWYtq836Hd7fs7W3Q0\/2yvOfeqbAA4w26UFBClwe7D7QFtPuhubw2b4qreN852BjuNs+NirHOcbu4O+\/e3h4Pd7e2WxFSi2lC9xh0vYZfsprfVtXHrDh1u7bhqfjU42zawbpn62inVgqUeTf8B\" \/> \t\t<a href=\"https:\/\/www.pdf24.org\" target=\"_blank\" title=\"www.pdf24.org\" rel=\"nofollow\"><img src=\"https:\/\/www.hohenlohe-ungefiltert.de\/wp-content\/plugins\/pdf24-post-to-pdf\/img\/pdf_32x32.png\" alt=\"\" border=\"0\" height=\"32\" \/><\/a> \t\t<span class=\"pdf24Plugin-cp-space\">&nbsp;&nbsp;<\/span> \t\t<span class=\"pdf24Plugin-cp-text\">Sende Artikel als PDF<\/span> \t\t<span class=\"pdf24Plugin-cp-space\">&nbsp;&nbsp;<\/span> \t\t<input class=\"pdf24Plugin-cp-input\" style=\"margin: 0px;\" type=\"text\" name=\"sendEmailTo\" placeholder=\"Emailadresse\" \/> \t\t<input class=\"pdf24Plugin-cp-submit\" style=\"margin: 0px;\" type=\"submit\" value=\"Senden\" \/> \t<\/form> <\/div>","protected":false},"excerpt":{"rendered":"<p>Tausende junge Menschen engagieren sich in ganz Baden-W\u00fcrttemberg an der landesweiten Kampagne \u201eDemokratie \u2013 ich bin dabei!\u201c. In \u00d6hringen gibt es am Samstag, 19. September 2020, von 11 Uhr bis 13 Uhr eine Aktion zum &#8222;Tag der Demokratie&#8220;. Veranstaltungsort ist das Gel\u00e4nde vor dem Jugendpavillon in \u00d6hringen (Am Cappelrain 32). Der Hohenlohekreis l\u00e4dt zum Mitmachen [&hellip;]<\/p>\n","protected":false},"author":1,"featured_media":0,"comment_status":"open","ping_status":"open","sticky":false,"template":"","format":"standard","meta":[],"categories":[1],"tags":[],"_links":{"self":[{"href":"https:\/\/www.hohenlohe-ungefiltert.de\/index.php?rest_route=\/wp\/v2\/posts\/27124"}],"collection":[{"href":"https:\/\/www.hohenlohe-ungefiltert.de\/index.php?rest_route=\/wp\/v2\/posts"}],"about":[{"href":"https:\/\/www.hohenlohe-ungefiltert.de\/index.php?rest_route=\/wp\/v2\/types\/post"}],"author":[{"embeddable":true,"href":"https:\/\/www.hohenlohe-ungefiltert.de\/index.php?rest_route=\/wp\/v2\/users\/1"}],"replies":[{"embeddable":true,"href":"https:\/\/www.hohenlohe-ungefiltert.de\/index.php?rest_route=%2Fwp%2Fv2%2Fcomments&post=27124"}],"version-history":[{"count":2,"href":"https:\/\/www.hohenlohe-ungefiltert.de\/index.php?rest_route=\/wp\/v2\/posts\/27124\/revisions"}],"predecessor-version":[{"id":27126,"href":"https:\/\/www.hohenlohe-ungefiltert.de\/index.php?rest_route=\/wp\/v2\/posts\/27124\/revisions\/27126"}],"wp:attachment":[{"href":"https:\/\/www.hohenlohe-ungefiltert.de\/index.php?rest_route=%2Fwp%2Fv2%2Fmedia&parent=27124"}],"wp:term":[{"taxonomy":"category","embeddable":true,"href":"https:\/\/www.hohenlohe-ungefiltert.de\/index.php?rest_route=%2Fwp%2Fv2%2Fcategories&post=27124"},{"taxonomy":"post_tag","embeddable":true,"href":"https:\/\/www.hohenlohe-ungefiltert.de\/index.php?rest_route=%2Fwp%2Fv2%2Ftags&post=27124"}],"curies":[{"name":"wp","href":"https:\/\/api.w.org\/{rel}","templated":true}]}}