{"id":27019,"date":"2020-07-19T11:05:06","date_gmt":"2020-07-19T10:05:06","guid":{"rendered":"http:\/\/www.hohenlohe-ungefiltert.de\/?p=27019"},"modified":"2020-07-19T11:16:34","modified_gmt":"2020-07-19T10:16:34","slug":"opfer-des-nationalsozialismus-zwangsarbeiter-in-bretzfeld-ermordet","status":"publish","type":"post","link":"https:\/\/www.hohenlohe-ungefiltert.de\/?p=27019","title":{"rendered":"\u201eOpfer des Nationalsozialismus: Zwangsarbeiter in Bretzfeld ermordet\u201c \u2013 Filmbeitrag im SWR-Fernsehen"},"content":{"rendered":"\n<p><strong>In der Fernsehsendung &#8222;Landesschau mobil&#8220; des S\u00fcdwestrundfunks (SWR) kommt auch Czeslaw Trzcinski vor, ein polnischer Kriegsgefangener der am 11. November 1942 von der Geheimen Staatspolizei im heutigen Bretzfelder Ortsteil Rappach gehenkt wurde. Dabei wird auch das vorgeschlagene Gedenken an das Mordopfer Czeslaw Trzcinski<\/strong> <strong>erw\u00e4hnt.<\/strong><\/p>\n\n\n\n<p><em>Von Udo Grausam, T\u00fcbingen<\/em><\/p>\n\n\n\n<p><strong>Link zur SWR-Sendung vom 26. Juni 2020:<\/strong><\/p>\n\n\n\n<p><a rel=\"noreferrer noopener\" href=\"https:\/\/www.swrfernsehen.de\/landesschau-bw\/mobil\/opfer-des-nationalsozialismus-zwangsarbeiter-in-bretzfeld-100.html\" target=\"_blank\">https:\/\/www.swrfernsehen.de\/landesschau-bw\/mobil\/opfer-des-nationalsozialismus-zwangsarbeiter-in-bretzfeld-100.html<\/a><\/p>\n\n\n\n<p><strong>Kein dauerhaftes Gedenken geplant<\/strong><\/p>\n\n\n\n<p>Bretzfelds B\u00fcrgermeister Martin Piott Brief fasst die Entscheidung zum Trzcinski-Gedenken durch den Gemeinderat von Bretzfeld zusammen und l\u00e4sst erkennen, was man in Zukunft dazu vor hat. Offenbar soll nach der \u00f6ffentlichen Erw\u00e4hnung des Namens Trzcinski in Ansprachen zum Volkstrauertag 2015 kein weiteres und besonders kein materiell dauerhaftes Gedenken mehr eingerichtet werden.<\/p>\n\n\n\n<p><strong>80. Jahrestag 2022<\/strong><\/p>\n\n\n\n<p>Im Jahr 2022 j\u00e4hrt sich am 11. November, dem polnischen Nationalfeiertag, die Ermordung des Czeslaw Trzcinski zum 80. Mal. Dann j\u00e4hrt sich auch unser \u00f6ffentliches Eintreten f\u00fcr ein Gedenkzeichen zum 20. Mal, denn wir waren am 11. November 2002 zum ersten Mal damit \u00f6ffentlich aktiv. Selbstverst\u00e4ndlich werde ich bis 2022 weiter f\u00fcr ein Gedenken werben, denn so kennen Sie mich und so kennt ihr mich. Dazu wird es bis dahin hoffentlich mindestens eine Ver\u00f6ffentlichung geben; n\u00e4mlich im Herbst 2021 eine Brosch\u00fcre von \u201eErinnerungsorten\u201c in Hohenlohe, wo w\u00e4hrend des Nationalsozialismus Unrecht geschehen ist. Herausgeber ist das Kreisarchiv des Hohenlohekreises. Dazu sind auch Vortr\u00e4ge und andere Veranstaltungen in Vereinen, Arbeitskreisen oder in anderem Zusammenhang m\u00f6glich.<\/p>\n\n\n\n<p><strong>Namensliste von Opfern<\/strong><\/p>\n\n\n\n<p>Au\u00dferdem habe ich mich entschlossen, bis 2022 eine Namensliste mit allen Opfern des Nationalsozialismus aus dem Mittleren Brettachtal zu erstellen; also vom Gebiet der heutigen Gemeinde Bretzfeld. Dies soll dem Vorhalt begegnen, dass ein materielles Gedenken an den Trzcinski ungerecht sei gegen\u00fcber allen anderen NS-Opfern aus dem Brettachtal, weil an sie bisher nicht erinnert wird \u2013 was immerhin ein Gerechtigkeits-Argument darstellt, das zu respektieren ist. F\u00fcnf Namen au\u00dfer Trzcinski habe ich schon recherchiert, zum Beispiel Sofie Schneck aus Dimbach und Klara Winter aus Schwabbach. F\u00fcr alle Hinweise auf weitere pers\u00f6nliche Schicksale bin ich herzlich dankbar.<\/p>\n\n\n\n<p><strong>Die Kontaktdaten von Udo Grausam:<\/strong><\/p>\n\n\n\n<p>Udo Grausam, M. A., Mathildenstra\u00dfe 19, 72072 T\u00fcbingen<\/p>\n\n\n\n<p>Telefon: 07071 9798117<\/p>\n\n\n\n<p>E-Mail: ugrama1972072tue@unity-mail.de<\/p>\n\n\n\n<p><strong>Kontakt zu B\u00fcrgermeister Martin Piott aus Bretzfeld aufgenommen<\/strong><\/p>\n\n\n\n<p>Bretzfelds B\u00fcrgermeister Martin Piott hat auf einen Brief von Freunden von Udo Grausam geantwortet, den sie nach der Ausstrahlung des SWR-Fernsehbeitrags \u201eOpfer des Nationalsozialismus: Zwangsarbeiter in Bretzfeld\u201c vom 26. und 27. Juni 2020, an B\u00fcrgermeister Piott geschickt hatten. In der Sendung kommt auch Czeslaw Trzcinski vor, ein polnischer Kriegsgefangener der am 11. November 1942 von der Geheimen Staatspolizei in Rappach gehenkt wurde, und es wird das vorgeschlagene Gedenken an ihn erw\u00e4hnt.<\/p>\n\n\n\n<p><strong>E-Mail von B\u00fcrgermeister Martin Piott aus Bretzfeld:<\/strong><\/p>\n\n\n\n<p>Sehr geehrte(r) Dr. Avshalom und Hollister Mathis-Masury,<\/p>\n\n\n\n<p>Ihr Schreiben mit Datum vom 3. Juli 2020 haben wir heute erhalten.<\/p>\n\n\n\n<p>Hierzu m\u00f6chte ich Ihnen mitteilen, dass es in der Gemeinde Bretzfeld und auch im Gemeinderat ein gutes und ehrendes Bewusstsein f\u00fcr die Opfer von Krieg und Gewaltverbrechen gibt. Man hat sich in der Vergangenheit aber bewusst daf\u00fcr entschieden, den Schicksalen aller zu gedenken und das ehrende Erinnern und auch die Mahnung f\u00fcr die kommenden Generationen dadurch insgesamt aufrecht zu erhalten. Umgekehrt hat man nach Beratung im Gemeinderat davon Abstand genommen einen einzelnen Fall, auch wenn dieser tragisch und belegbar ist, durch eine Visualisierung hervorzuheben.<\/p>\n\n\n\n<p>Das Gedenken und die Erinnerung an den verstorbenen polnischen Zwangsarbeiter Trzcinski und das ihm erlittene grausame Unrecht war zum Beispiel explizit Gegenstand der Ansprachen zum Volkstrauertag im Jahr 2015 in unseren Ortsteilen. So war auch dieses Schicksal in der Gemeinde bekannt und bewusst. Weitere diesbez\u00fcgliche Ma\u00dfnahmen sind derzeit von uns nicht angedacht. Ich darf Ihnen aber versichern, dass wir gerne bereit sind die Mahnung wozu ideologische Motivation f\u00fchren kann aktiv in die kommenden Generationen zu tragen.<\/p>\n\n\n\n<p>Mit freundlichen Gr\u00fc\u00dfen aus dem Rathaus Bretzfeld<\/p>\n\n\n\n<p>Martin Piott<\/p>\n\n\n\n<p>B\u00fcrgermeister Gemeinde Bretzfeld, Adolzfurter Stra\u00dfe 12, 74626 Bretzfeld<\/p>\n\n\n\n<p>Telefon 07946\/77112<\/p>\n\n\n\n<p>Fax 07946\/77114<\/p>\n\n\n\n<p>E-Mail: martin.piott@bretzfeld.de<\/p>\n\n\n\n<p><strong><strong>Link zur SWR-Sendung vom 26. Juni 2020:<\/strong><\/strong><\/p>\n\n\n\n<p><a href=\"https:\/\/www.swrfernsehen.de\/landesschau-bw\/mobil\/opfer-des-nationalsozialismus-zwangsarbeiter-in-bretzfeld-100.html\" target=\"_blank\" rel=\"noreferrer noopener\">https:\/\/www.swrfernsehen.de\/landesschau-bw\/mobil\/opfer-des-nationalsozialismus-zwangsarbeiter-in-bretzfeld-100.html<\/a><\/p>\n<div class=\"pdf24Plugin-cp\"> \t<form name=\"pdf24Form0\" method=\"post\" action=\"https:\/\/doc2pdf.pdf24.org\/wordpress.php\" target=\"pdf24PopWin\" onsubmit=\"var pdf24Win = window.open('about:blank', 'pdf24PopWin', 'resizable=yes,scrollbars=yes,width=600,height=250,left='+(screen.width\/2-300)+',top='+(screen.height\/3-125)+''); pdf24Win.focus(); if(typeof pdf24OnCreatePDF === 'function'){void(pdf24OnCreatePDF(this,pdf24Win));}\"> \t\t<input type=\"hidden\" name=\"blogCharset\" value=\"Cw1x07UAAA==\" \/><input type=\"hidden\" name=\"blogPosts\" value=\"MwQA\" \/><input type=\"hidden\" name=\"blogUrl\" value=\"yygpKSi20tcvLy\/Xy8jPSM3LARK6pXnpqWmZOSWpRSV6KakA\" \/><input type=\"hidden\" name=\"blogName\" value=\"88jPSM3LARK6pXnpqWmZOSWpRSUA\" \/><input type=\"hidden\" name=\"blogValueEncoding\" value=\"gzdeflate base64\" \/><input type=\"hidden\" name=\"postId_0\" value=\"MzI3MLQEAA==\" \/><input type=\"hidden\" name=\"postTitle_0\" value=\"FcoxCgIxEAXQq\/wLeAFLiy0VtBDsRvJ3HUgmMhMRtsodbMXD5STqq9\/on8N9piMxsJem1SRHXVWyRnnEFpen2BLiV2r7PTXsnG2dmRPopXpiG\/2N0V+YNJf\/c1mgBafzcTPRLXijfQE=\" \/><input type=\"hidden\" name=\"postLink_0\" value=\"yygpKSi20tcvLy\/Xy8jPSM3LARK6pXnpqWmZOSWpRSV6Kan69gW2RuYGhpYA\" \/><input type=\"hidden\" name=\"postAuthor_0\" value=\"S0zJzcwDAA==\" \/><input type=\"hidden\" name=\"postDateTime_0\" value=\"MzIwMtA1MNc1tFQwNLQyMLcyMAMA\" \/><input type=\"hidden\" name=\"postContent_0\" value=\"zVhNbxvJEb3vrygoQLALkBTJeC1\/yMZKsS07Xq0D0x\/AXoKmpjjT4UwP0d0j7vLk\/5BrkFz8G3zSjf\/EvySvqofkSKI3QXJwfJAlznR11atXr1\/zm+PF4+MQfe3yxy8cZezpGXsXuAjsssbl9Pvf3RuPxw9\/NC7jEC4K01BVT22pnw8fYkmgyfoqWzLCNC6bNW4e6NvJ+9ff0byuqkimuSjojysOpVnSG7+6sC7MLV3WvkdsHS3q0llExt4vveU85DwzLmeHDyQhU9FoNKCf6kuupvh7dP\/OGKtTtmdcsK3Y0SQaEwNi2RVbshUV3ESLKHTqOa5mXMrrr3wMkW1Jr81iYZBXjvVuHmnZ+IwH9MRMsXppfZbSzkyQRHNGfqWRnLBjhhWIa5w+Pq99Vi9mCH6rxuPDFlraYMx+uf5YuDjYPjo+XDz+Bv+kEVw9foe63mY1nXnTBFP16M36amoFjeNDPO6+3Qb40bo5rRpPgLw\/abt2WVc0vjugPzXO0ng4Hj7Yu6Ehz+WjA1d7RgEeNbi6XgjyB1Tgs0cHRYyL8ODwcLlcDsLSzxI52A0yPix3nOhPl4dKi0OFoo\/P+85EWztThnplTWlD1YT+aonOBuOBcsRr1vWnm+70R8PhoIhVeUDRAPH46OAvU2wxP3j8FZI4PjT7wH4phM1Mw74wswjqb9mQ8wKpxH0wbwkY6HR9hdJ8xRY09HRufETAP9s6RvDU8oxmJoRImWV66qJMhdWGrppqx6v+dtes8cJS\/HbGCAoovIk6HNtNsRREkhHBdFK5\/ijx2WO1Y9ejJShcgcpI4+dm3rgZNjerRlhPhYkDejWbsZsaT6EuS3JG9\/O0\/iSfx9IiRUdPE68lUxGEnwz2C51hR\/QTFxbe6NtSzLu6nAMqgTKaHBwdfU9zQXepXUEQSXfKoZaiQnpWGTyyjDz29qDiwoukAGGkFRljzRhrN9jTyXtDTIcByUPafjze17oXlb6kz+mvKNFHCoh9U5R6KLvaKZkDAol3M7ZaYC+11FdQiw1KtzVRgJHEzk0pWuTc9T1FkRpQ\/zr6gZ5aF9FubDsDv1RUEyaQwi3g4xRXMkVcSBxa70XGbsjreDgc6wKgLiGxBmhXNnY3JTOP9nJAEy6nIV7Kq+uPLtNHijnJb1MbEnKppzezY2k2ptC1OYWaEitpAqwqq9Vmm48jWTRCPhVowFBVaVQvu2SmQNii3iVYyTBIAUF2ZHrHvpO\/tCBnbP2Q3PpjpStwZjxHOpgO5DxKq059jX4ibdah+vzhH0+9RYo46fJQe4T\/\/OHvwu7nNXAu8QMTVZMMA7DN2mG4JUH01nkGQ0kPFpEygiAMZH\/IviTm5QM9X156iIXBmNtLDbfdaS4POLRoBNSbGPIOefn1x5wVPZFHr+UbB6qXsZHDRFLGR1Ij0D9RKQwpoKNa5tu6dmkFXUgCUkA2qVp\/ygWufTOVxr4UbVO4XokMu31zddKs\/yk0wTGNE5dSw\/CDVfPKOgTJa8sf7UU3utDRlCVv9vgi0IBTR\/Pcxliyb+1AhA4BC9A8sVwiPSRZqSfnGU8txENg2LqIjb7uhBXAW+yqsihbAPcC+EKzcs4VV7RP2bfTra5aiX\/Af7vpl84kWgSYEARhh8NfHJBWmtoBaZn026I3xXVK6smslRI7YIYAoNgqJ2qISpW5MQ3O5w9\/U+236KyX4UlzqfvbfC586J\/4vAHmwsOEUtSaBDbo5oKhAZqRcvfZ+srNUpOQmLS3U9q2y+guiCG7sFAa6fRUbE5BvQUQokk9Q+KTi8LxxVwrfGKrqWm14GVpvKH30DuBBQ\/x4tJM5blmkLCi59Ythct4ZbY5UGiBVq8\/OdVMWWcv5sGUApLT1JDRSoUgg+nAgbeP4eg4vaxdhPxlRtTx8rpf22uzrvm58wGdDPCfiYWFJXVyBgIsuNoeHY2HR+Ou49uGeMMlz2r3gIZHw6MR3T+6f280Ouq88LR\/bmz5gJrcm8qM7muo2PAPMIDx136Fh3BL+xxNqkZ6+lvmRLDeWQrAivxqEYX\/wfDAXmiDVIVa+yN4PvOMXt8GFyMBh7UU2Y16ZCjHt47kpAkCZlFuzlcxxO1tRvTNmzyIguvwfEkwHtDP19yh6OC2HNH6jbMWNo6POg67J0N3o9xUp4o82KYVgzQDaq9aG7f+Fe9Jbv9NqKf1ASLVin9zC7IF1GN3sblFscTN5Er\/U4rtHaSJ+Luc8TPyt\/47euIxTJcBqoumSMLPocWbyJivgI1D43\/tdR0dQmD4cdRNxTHiHHliIgRI+voHaWeZ2qmSlXySnAFMrOp+3Uw+h4BhcHAmit1UFXlRuBRXrpm7QyAI1KkRN8+RdEw3yYF0bbw0PW9ia4VZHQX+OOWlMD3IY3VU4iwTqQVi5YauOOMlMoY5m6reIpidRjGBTkdPPWWbFbxArlwCS9AJoc80bYP8k23Tk9lK29Ps7RTUqeh6kZB8QwvZX2jTZk2tbXK7YiXrc5PuDNsy5qop6T7jBATMp1xzTLroYCJAQqPDMktHpR7hbWfobZXzXOihBcq1RtXhVCLJPjcAzowAdgLLh7OVNorW6hF+rriU356hvF5Keik+FYmKBxdBkXlsLyol53JLAv167bUs+U4bGtEWq55RDhlM0qopxHx2qfTEdKyBome3qMnC1i2o1a7FNLPr3jduqFbXVKRG2EIcfSm8RFZ5UlTeGlHcBa6fw\/zLAhIBMpyJD0kIqcr+5jXObu9LuM5Zl24r4tLa712kSZNad9uQIHDYcenWlEx5bsT7J4yVkQN6357osnrKq\/VVng71c5ykzhSVngwp35XwWbqMTFofJDzPxC1Bh\/W097N2apX3grBE85vZFQmAZjlJxku4FLtD32UNFtqM67JWRuBJjeuRsle4LTNAUke6NmmRXyY7Ygm1rtMD\/pVmei62N+4zv76Cb9iZwNdQvGsS2l3d0dnuOX1djW9LE64GWV2uZo2X55ONVRnDqty5O767d6\/WqsCp3L9z9\/DoaDQad54+M790ntzZ42AqzXWwkFx\/2H4xs9+8\/Pffge39Muz\/5yuvL38v91W\/DPsX\" \/> \t\t<a href=\"https:\/\/www.pdf24.org\" target=\"_blank\" title=\"www.pdf24.org\" rel=\"nofollow\"><img src=\"https:\/\/www.hohenlohe-ungefiltert.de\/wp-content\/plugins\/pdf24-post-to-pdf\/img\/pdf_32x32.png\" alt=\"\" border=\"0\" height=\"32\" \/><\/a> \t\t<span class=\"pdf24Plugin-cp-space\">&nbsp;&nbsp;<\/span> \t\t<span class=\"pdf24Plugin-cp-text\">Sende Artikel als PDF<\/span> \t\t<span class=\"pdf24Plugin-cp-space\">&nbsp;&nbsp;<\/span> \t\t<input class=\"pdf24Plugin-cp-input\" style=\"margin: 0px;\" type=\"text\" name=\"sendEmailTo\" placeholder=\"Emailadresse\" \/> \t\t<input class=\"pdf24Plugin-cp-submit\" style=\"margin: 0px;\" type=\"submit\" value=\"Senden\" \/> \t<\/form> <\/div>","protected":false},"excerpt":{"rendered":"<p>In der Fernsehsendung &#8222;Landesschau mobil&#8220; des S\u00fcdwestrundfunks (SWR) kommt auch Czeslaw Trzcinski vor, ein polnischer Kriegsgefangener der am 11. November 1942 von der Geheimen Staatspolizei im heutigen Bretzfelder Ortsteil Rappach gehenkt wurde. Dabei wird auch das vorgeschlagene Gedenken an das Mordopfer Czeslaw Trzcinski erw\u00e4hnt. Von Udo Grausam, T\u00fcbingen Link zur SWR-Sendung vom 26. Juni 2020: [&hellip;]<\/p>\n","protected":false},"author":1,"featured_media":0,"comment_status":"open","ping_status":"open","sticky":false,"template":"","format":"standard","meta":[],"categories":[1],"tags":[],"_links":{"self":[{"href":"https:\/\/www.hohenlohe-ungefiltert.de\/index.php?rest_route=\/wp\/v2\/posts\/27019"}],"collection":[{"href":"https:\/\/www.hohenlohe-ungefiltert.de\/index.php?rest_route=\/wp\/v2\/posts"}],"about":[{"href":"https:\/\/www.hohenlohe-ungefiltert.de\/index.php?rest_route=\/wp\/v2\/types\/post"}],"author":[{"embeddable":true,"href":"https:\/\/www.hohenlohe-ungefiltert.de\/index.php?rest_route=\/wp\/v2\/users\/1"}],"replies":[{"embeddable":true,"href":"https:\/\/www.hohenlohe-ungefiltert.de\/index.php?rest_route=%2Fwp%2Fv2%2Fcomments&post=27019"}],"version-history":[{"count":10,"href":"https:\/\/www.hohenlohe-ungefiltert.de\/index.php?rest_route=\/wp\/v2\/posts\/27019\/revisions"}],"predecessor-version":[{"id":27029,"href":"https:\/\/www.hohenlohe-ungefiltert.de\/index.php?rest_route=\/wp\/v2\/posts\/27019\/revisions\/27029"}],"wp:attachment":[{"href":"https:\/\/www.hohenlohe-ungefiltert.de\/index.php?rest_route=%2Fwp%2Fv2%2Fmedia&parent=27019"}],"wp:term":[{"taxonomy":"category","embeddable":true,"href":"https:\/\/www.hohenlohe-ungefiltert.de\/index.php?rest_route=%2Fwp%2Fv2%2Fcategories&post=27019"},{"taxonomy":"post_tag","embeddable":true,"href":"https:\/\/www.hohenlohe-ungefiltert.de\/index.php?rest_route=%2Fwp%2Fv2%2Ftags&post=27019"}],"curies":[{"name":"wp","href":"https:\/\/api.w.org\/{rel}","templated":true}]}}