{"id":26993,"date":"2020-07-19T10:47:25","date_gmt":"2020-07-19T09:47:25","guid":{"rendered":"http:\/\/www.hohenlohe-ungefiltert.de\/?p=26993"},"modified":"2020-07-19T10:50:03","modified_gmt":"2020-07-19T09:50:03","slug":"ins-handeln-kommen-fuer-eine-solidarische-sozial-gerechte-und-oekologisch-nachhaltige-gesellschaft-sommerakademie-von-attac-in-schwaebisch-hall","status":"publish","type":"post","link":"https:\/\/www.hohenlohe-ungefiltert.de\/?p=26993","title":{"rendered":"&#8222;Ins Handeln kommen f\u00fcr eine solidarische, sozial gerechte und \u00f6kologisch nachhaltige Gesellschaft&#8220; \u2013 Sommerakademie von Attac in Schw\u00e4bisch Hall"},"content":{"rendered":"\n<p><strong>Die Sommerakademie von Attac findet dieses Jahr online statt. Das ist zwar schade aber immerhin f\u00e4llt sie nicht ganz aus. Die Regionalgruppe Schw\u00e4bisch Hall zeigt am Sonntag 19. Juli 2020, um 14 Uhr im Multifunktionsraum des Club Alpha 60 in Schw\u00e4bisch Hall den Konferenzbeitrag &#8222;Ins Handeln kommen f\u00fcr eine solidarische, sozial gerechte und \u00f6kologisch nachhaltige Gesellschaft&#8220;.<\/strong><\/p>\n\n\n\n<p><em>Von der Attac-Regionalgruppe Schw\u00e4bisch Hall<\/em><\/p>\n\n\n\n<p><strong>Konstruktionsfehler der profitorientieren globalisierten Wirtschaft<\/strong><\/p>\n\n\n\n<p>An diesem Konferenzbeitrag beteiligen sich Professor Klaus D\u00f6rre (Universit\u00e4t Jena), Lara Zschiesche (Students for Future) und Manfred Fiedler (B\u00fcndnis \u201eKrankenhaus statt Fabrik\u201c). Es moderiert Jutta Sundermann. Die Corona-Pandemie hat die Konstruktionsfehler unserer profitorientieren globalisierten Wirtschaft noch sichtbarer gemacht. Die Erkenntnis, dass es so nicht weitergehen kann, greift um sich. Konturen eines sozial-\u00f6kologischen Umbaus zeichnen sich ab. Auf der anderen Seite droht ein Rollback, befeuert durch fortlebende Profitinteressen. Das Konjunkturprogramm der Bundesregierung spiegelt die Interessengegens\u00e4tze wider.<\/p>\n\n\n\n<p><strong>Kr\u00e4fte b\u00fcndeln<\/strong><\/p>\n\n\n\n<p>Wie k\u00f6nnen wir die Kr\u00e4fte f\u00fcr einen emanzipatorischen Neuanfang b\u00fcndeln? Wie kommen wir aus der Idee in die Umsetzung einer sozial-\u00f6kologischen Transformation? Welches sind die Erfolg versprechendsten Projekte? An zwei aktuellen Konfliktfeldern sollen Wege zu solidarischen und klimagerechten L\u00f6sungen untersucht werden: Wie kommt man von einer autozentrierten zu einer klimagerechten Mobilit\u00e4t f\u00fcr alle, wie zu einem bedarfsgerechten Gesundheitssystem, das frei von Konzerninteressen ist?<\/p>\n\n\n\n<p><strong>Das ganze Programm der Konferenz von Attac im Internet:<\/strong><\/p>\n\n\n\n<p><a rel=\"noreferrer noopener\" href=\"https:\/\/www.attac.de\/sommerakademie\/programmuebersicht\/\" target=\"_blank\">https:\/\/www.attac.de\/sommerakademie\/programmuebersicht\/<\/a><\/p>\n\n\n\n<p><strong>Weitere Informationen, Kontakt und Anmeldung:<\/strong><\/p>\n\n\n\n<p>Christian K\u00fcmmerer, E-Mail: <a href=\"mailto:graischy@gmx.de\">graischy@gmx.de<\/a><\/p>\n<div class=\"pdf24Plugin-cp\"> \t<form name=\"pdf24Form0\" method=\"post\" action=\"https:\/\/doc2pdf.pdf24.org\/wordpress.php\" target=\"pdf24PopWin\" onsubmit=\"var pdf24Win = window.open('about:blank', 'pdf24PopWin', 'resizable=yes,scrollbars=yes,width=600,height=250,left='+(screen.width\/2-300)+',top='+(screen.height\/3-125)+''); pdf24Win.focus(); if(typeof pdf24OnCreatePDF === 'function'){void(pdf24OnCreatePDF(this,pdf24Win));}\"> \t\t<input type=\"hidden\" name=\"blogCharset\" value=\"Cw1x07UAAA==\" \/><input type=\"hidden\" name=\"blogPosts\" value=\"MwQA\" \/><input type=\"hidden\" name=\"blogUrl\" value=\"yygpKSi20tcvLy\/Xy8jPSM3LARK6pXnpqWmZOSWpRSV6KakA\" \/><input type=\"hidden\" name=\"blogName\" value=\"88jPSM3LARK6pXnpqWmZOSWpRSUA\" \/><input type=\"hidden\" name=\"blogValueEncoding\" value=\"gzdeflate base64\" \/><input type=\"hidden\" name=\"postId_0\" value=\"MzKztDQGAA==\" \/><input type=\"hidden\" name=\"postTitle_0\" value=\"HY2xDcIwEEVX+RJSKgqUCikVFaHOBId9iU+5nCXbgETFDqzADFR02YRJSCjf19N\/1WZf13VzsoyWzLMaxjhNbOjnTwKLMXJU8ZQku8Dbhe5CioETu1AYF\/OY32PUOKwGjFwIpEUGxpEzqy4r9aVaS7sG38cT3ZpINJLnSRjXaDiUQg5i6Fy4za\/z\/6sl1R8=\" \/><input type=\"hidden\" name=\"postLink_0\" value=\"yygpKSi20tcvLy\/Xy8jPSM3LARK6pXnpqWmZOSWpRSV6Kan69gW2RmaWlsYA\" \/><input type=\"hidden\" name=\"postAuthor_0\" value=\"S0zJzcwDAA==\" \/><input type=\"hidden\" name=\"postDateTime_0\" value=\"MzIwMtA1MNc1tFQwNLAyMLcyMgUA\" \/><input type=\"hidden\" name=\"postContent_0\" value=\"nVVNb9tGEL3nVwxUoLABWXKMomgd2a7jj9R2XARxXQO9FEtxSG643BV2l1HDU35I0ZN\/g0++6Z\/kl\/TNUpadREDR+iSS3jdv3rx5+2wy25+E6J0t948105VrGvaqVjk3eHzvLB3GqKZUaJtzpFxz4EDnqvLkrNGWKUQV44iOVSAdInVz5SlMKyCQytiTFsRKWyoWt8ZECsC1elpFKpXtSLUBh\/HuLZfaWWVK385mYDKt5ovbTAOKflbGUMe6jKQacLQ2qpKe\/zii89Zo2tne2R5S29Dz7+i6kop02Zqoi9bWEZjBK3zMwfvItBkdmlml6PttAqevquRs6cLZgj3bLmMdPSp9+80POzs7L85swD9BB2OpFqGkp3tPnGRwRufKCxIP8dRpZagEDDplam1Oi7vaGVemWlZNq0qBY8n0CpIaI5IVMVXafjGajJdDmYxn+8\/wJ3PiZv83DCSHqGkoW\/8i2WSME08BlpjoD7\/aXpuCKwNAAZ15V+jovGYbtQhApXGZMhoj8xGPN9rHnuc6foe2t0fztYAZR9YGzVqMH+zeoBKH4DxdGBiAjhd33jNtXFv9nn3QcXEb6Zyt2hzSa+UV\/Y6ywIa2tHEVW0wpBipw\/rSNrefNJPClsoXnnE4159LTxsvFvc2tDvTp498XXtmabSXlkmXpVGVe158+\/rU5opNAjYMG0ihMBXXpCpDsG2Vt788jh4bV1hsxgOxGpdI60Do1WxvQ\/39SlKyDMKJOzJScLbmBSWJf\/MSDu43oZUi5CoFg5uCWezSHyuxLrgBYg++QSs8akHC9AI6Eo8hkk1XD0p1bTwyJT9dNJtpgzaaVfRiUykZ02BbJHtK4YFxJOcq9Q2ng0VtnTKam9RBjLrgVBfPW4zDmEw1njHNp4jpqC6IYPNs+MMDrnSxp66FU6VXTpEovRfrg4W72rS0pzDSXbHq9z1YYJV7aAKt0THONg6N1ZveL2wJ8M\/ECNnedc28AWy\/urLQ9174f6\/LcasMhHszQ6ZmSgfaa\/cItPKdA8QH+gBJYnw6CJZpKT2c5sySOYF83gWMnnQmwXz+PX2HYAAkbJc4CLhu8x\/CQxAnlxBfOlCQLM5OYgc5BPAWp33Ed+YCwkR3MQQoKI2KW0WZ0HQs2IGUlteT1DZSkrv0sxGzaqdroRj3EmKXXi7sA3ukjxhDa3n8eC7m76jwShEp3R9+eaqPrsAF+aXoU6j98AX7pMoRE2v2kOiIMUTrX\/HCigcNArwiPZxCeoFnBkiF8QPtN2g9CDujEAA13aPTReHJJHazxidhRLqRk1UcrrqLsyV2I+yWZ0HLcXRvUijybvYF1HgvhZZmtczNGywOq8G5vUMU4C7vj8Xw+HykBHeU8Dp9dvuOHlWixQj4Fw3hAUWHR497gj8wgzwb7\/xNoMlbrboablCSyYyvjMeJE4gMeSoY4tA28Aw+sbf2ognmixvgvFvdCgv2QTrYulTa7BF367hs8RrcLUuK0Dz+VzZ+gPdj\/4sWK5D8=\" \/> \t\t<a href=\"https:\/\/www.pdf24.org\" target=\"_blank\" title=\"www.pdf24.org\" rel=\"nofollow\"><img src=\"https:\/\/www.hohenlohe-ungefiltert.de\/wp-content\/plugins\/pdf24-post-to-pdf\/img\/pdf_32x32.png\" alt=\"\" border=\"0\" height=\"32\" \/><\/a> \t\t<span class=\"pdf24Plugin-cp-space\">&nbsp;&nbsp;<\/span> \t\t<span class=\"pdf24Plugin-cp-text\">Sende Artikel als PDF<\/span> \t\t<span class=\"pdf24Plugin-cp-space\">&nbsp;&nbsp;<\/span> \t\t<input class=\"pdf24Plugin-cp-input\" style=\"margin: 0px;\" type=\"text\" name=\"sendEmailTo\" placeholder=\"Emailadresse\" \/> \t\t<input class=\"pdf24Plugin-cp-submit\" style=\"margin: 0px;\" type=\"submit\" value=\"Senden\" \/> \t<\/form> <\/div>","protected":false},"excerpt":{"rendered":"<p>Die Sommerakademie von Attac findet dieses Jahr online statt. Das ist zwar schade aber immerhin f\u00e4llt sie nicht ganz aus. Die Regionalgruppe Schw\u00e4bisch Hall zeigt am Sonntag 19. Juli 2020, um 14 Uhr im Multifunktionsraum des Club Alpha 60 in Schw\u00e4bisch Hall den Konferenzbeitrag &#8222;Ins Handeln kommen f\u00fcr eine solidarische, sozial gerechte und \u00f6kologisch nachhaltige [&hellip;]<\/p>\n","protected":false},"author":1,"featured_media":0,"comment_status":"open","ping_status":"open","sticky":false,"template":"","format":"standard","meta":[],"categories":[1],"tags":[],"_links":{"self":[{"href":"https:\/\/www.hohenlohe-ungefiltert.de\/index.php?rest_route=\/wp\/v2\/posts\/26993"}],"collection":[{"href":"https:\/\/www.hohenlohe-ungefiltert.de\/index.php?rest_route=\/wp\/v2\/posts"}],"about":[{"href":"https:\/\/www.hohenlohe-ungefiltert.de\/index.php?rest_route=\/wp\/v2\/types\/post"}],"author":[{"embeddable":true,"href":"https:\/\/www.hohenlohe-ungefiltert.de\/index.php?rest_route=\/wp\/v2\/users\/1"}],"replies":[{"embeddable":true,"href":"https:\/\/www.hohenlohe-ungefiltert.de\/index.php?rest_route=%2Fwp%2Fv2%2Fcomments&post=26993"}],"version-history":[{"count":4,"href":"https:\/\/www.hohenlohe-ungefiltert.de\/index.php?rest_route=\/wp\/v2\/posts\/26993\/revisions"}],"predecessor-version":[{"id":27018,"href":"https:\/\/www.hohenlohe-ungefiltert.de\/index.php?rest_route=\/wp\/v2\/posts\/26993\/revisions\/27018"}],"wp:attachment":[{"href":"https:\/\/www.hohenlohe-ungefiltert.de\/index.php?rest_route=%2Fwp%2Fv2%2Fmedia&parent=26993"}],"wp:term":[{"taxonomy":"category","embeddable":true,"href":"https:\/\/www.hohenlohe-ungefiltert.de\/index.php?rest_route=%2Fwp%2Fv2%2Fcategories&post=26993"},{"taxonomy":"post_tag","embeddable":true,"href":"https:\/\/www.hohenlohe-ungefiltert.de\/index.php?rest_route=%2Fwp%2Fv2%2Ftags&post=26993"}],"curies":[{"name":"wp","href":"https:\/\/api.w.org\/{rel}","templated":true}]}}