{"id":26980,"date":"2020-07-07T07:17:57","date_gmt":"2020-07-07T06:17:57","guid":{"rendered":"http:\/\/www.hohenlohe-ungefiltert.de\/?p=26980"},"modified":"2020-07-07T07:17:57","modified_gmt":"2020-07-07T06:17:57","slug":"die-israelischen-annexionsplaene-stoppen-leserbrief-von-willi-maier-aus-schwaebisch-hall","status":"publish","type":"post","link":"https:\/\/www.hohenlohe-ungefiltert.de\/?p=26980","title":{"rendered":"&#8222;Die israelischen Annexionspl\u00e4ne stoppen&#8220; \u2013 Leserbrief von Willi Maier aus Schw\u00e4bisch Hall"},"content":{"rendered":"\n<p><strong>&#8222;Die israelischen Annexionspl\u00e4ne stoppen&#8220; lautet die \u00dcberschrift des Leserbriefs von Willi Maier aus Schw\u00e4bisch Hall. Er bezieht sich in seinem Text auf einen Artikel im Haller Tagblatt vom 4. Juli 2020. Willi Maier war nach eigenen Angaben selbst &#8222;zwei Wochen lang in Pal\u00e4stina und hat die Zust\u00e4nde mit eigenen Augen und Ohren miterlebt&#8220;.<\/strong><\/p>\n\n\n\n<p><em>Leserbrief von Willi Maier, Schw\u00e4bisch Hall<\/em><\/p>\n\n\n\n<p><strong>V\u00f6lkerrechtswidrige Annexion<\/strong><\/p>\n\n\n\n<p>Im Haller Tagblatt vom 4. Juli 2020 gab es einen kleinen Bildbericht \u00fcber Parolen gegen die geplante Annexion pal\u00e4stinensischer Gebiete durch die israelische Regierung. Tats\u00e4chlich wird in den Medien nur sehr wenig \u00fcber dieses Thema berichtet. Im Wahlkampf hatte der damalige und jetzige israelische Ministerpr\u00e4sident Benjamin Netanjahu die v\u00f6lkerrechtswidrige Annexion weiter Teile des Westjordanlandes ab 1. Juli 2020 angek\u00fcndigt.<br>Die Annexion sieht vor, dass sich Israel 30 Prozent des Westjordanlandes einverleibt \u2013 inklusive des strategisch wichtigen Jordantals an der Grenze zu Jordanien, mit 65.000 Pal\u00e4stinensern und 600.000 Siedlern in mehr als 200 j\u00fcdischen Siedlungen.<\/p>\n\n\n\n<p><strong>Rassistisches Nationalit\u00e4tengesetz<\/strong><\/p>\n\n\n\n<p>Die offizielle rechtliche Annexion w\u00e4re der H\u00f6hepunkt von jahrzehntelanger Vertreibung, Enteignung, Drangsalierung, des Mordens, der Entrechtung der Pal\u00e4stinenser und der Ignoranz aller UN-Resolutionen durch das israelische Regime. 700.000 bis 800.000 Pal\u00e4stinenser leben im Exil. Viele Pal\u00e4stinenser aus dem Westjordanland und aus dem Gaza-Streifen arbeiten als billige, fast rechtlose Arbeitskr\u00e4fte f\u00fcr die israelischen Monopole \u2013 als Landarbeiter oder Bauarbeiter. 20 Prozent der nichtj\u00fcdischen B\u00fcrger Israels sind durch das rassistische Nationalit\u00e4tengesetz B\u00fcrger zweiter Klasse.<\/p>\n\n\n\n<p><strong>&#8222;Israelischer Unterdr\u00fcckerstaat&#8220;<\/strong><\/p>\n\n\n\n<p>R\u00fcckendeckung erh\u00e4lt diese Politik durch den Nahostplan des amerikanischen Pr\u00e4sidenten Donald Trump, der angeblich Frieden bringen soll. Dieser erkl\u00e4rte schon den Ostteil Jerusalems und die besetzten Golan-H\u00f6hen zu israelischem Gebiet. Wie soll Frieden entstehen, wenn der Aggressor den Pal\u00e4stinensern weitere 30 Prozent Land raubt, der vermeintliche Pal\u00e4stinenserstaat eher die Form eines Flickenteppichs als eines zusammenh\u00e4ngenden Staates haben soll, umgeben von israelischem Boden und durchsetzt von israelischen Siedlungen? Die Oberhoheit in allen wichtigen Fragen wie Bewegungsfreiheit, Wasserressourcen und Dienstleistungen liegen eh schon in der Hand des israelischen Unterdr\u00fcckerstaates und ist nicht in der Hand der pal\u00e4stinensischen Autonomiebeh\u00f6rde.<\/p>\n\n\n\n<p><strong>Apartheidpolitik<\/strong><\/p>\n\n\n\n<p>Die Deutsche Pal\u00e4stinensische Gesellschaft fordert die Bundesregierung zu effektiven und drastischen Ma\u00dfnahmen auf, wie die Aussetzung des EU-Assozierungsabkommens und die Anerkennung des Staats Pal\u00e4stina in den Grenzen von 1972. Dutzende pal\u00e4stinensische Organisationen, Berufsverb\u00e4nde, Gewerkschaften und Menschenrechtsgruppen fordern au\u00dferdem in einer Erkl\u00e4rung am 21. Mai 2020 das Verbot des Waffenhandels und der milit\u00e4risch-sicherheitspolitischen Zusammenarbeit, das Verbot des Handels mit illegalen Siedlungsunternehmen und die Bestrafung von Kriegsverbrechern und Verbrechen gegen die Menschlichkeit bei der illegalen Besetzung und Apartheidpolitik.<\/p>\n\n\n\n<p><strong>Nur laue Worte von Au\u00dfenminister Maas<\/strong><\/p>\n\n\n\n<p>Nach internationalem Recht w\u00e4ren alle Staaten verpflichtet, in Zusammenarbeit schwerwiegende V\u00f6lkerrechtsverletzungen, die von einem Staat begangen wurden, durch rechtm\u00e4\u00dfige Gegenma\u00dfnahmen, einschlie\u00dflich Sanktionen, zu beenden.<br>Nur laue Worte h\u00f6rt man von Au\u00dfenminister Heiko Maas (SPD), wie: \u201eMan ist besorgt\u201c, \u201eDie Annexion versto\u00dfe gegen internationales Recht\u201c.<br>Eigentlich wollte die Netanjahu-Regierung am 1. Juli 2020 mit der Annexion beginnen. Angesichts des Widerstands des pal\u00e4stinensischen Volkes, heftigen Kritiken aus Israel und auf Grund internationaler Kritik musste die Regierung das zun\u00e4chst verschieben. Trump steht in den USA so unter Druck, dass er nicht wagte, seine Zustimmung zum unmittelbaren Zuschlagen zu geben. Aber aufgeschoben ist nicht aufgehoben!<\/p>\n\n\n\n<p>Ich war selbst zwei Wochen in Pal\u00e4stina und habe die Zust\u00e4nde mit eigenen Augen und Ohren miterlebt.<\/p>\n\n\n\n<p><\/p>\n<div class=\"pdf24Plugin-cp\"> \t<form name=\"pdf24Form0\" method=\"post\" action=\"https:\/\/doc2pdf.pdf24.org\/wordpress.php\" target=\"pdf24PopWin\" onsubmit=\"var pdf24Win = window.open('about:blank', 'pdf24PopWin', 'resizable=yes,scrollbars=yes,width=600,height=250,left='+(screen.width\/2-300)+',top='+(screen.height\/3-125)+''); pdf24Win.focus(); if(typeof pdf24OnCreatePDF === 'function'){void(pdf24OnCreatePDF(this,pdf24Win));}\"> \t\t<input type=\"hidden\" name=\"blogCharset\" value=\"Cw1x07UAAA==\" \/><input type=\"hidden\" name=\"blogPosts\" value=\"MwQA\" \/><input type=\"hidden\" name=\"blogUrl\" value=\"yygpKSi20tcvLy\/Xy8jPSM3LARK6pXnpqWmZOSWpRSV6KakA\" \/><input type=\"hidden\" name=\"blogName\" value=\"88jPSM3LARK6pXnpqWmZOSWpRSUA\" \/><input type=\"hidden\" name=\"blogValueEncoding\" value=\"gzdeflate base64\" \/><input type=\"hidden\" name=\"postId_0\" value=\"MzKztDAAAA==\" \/><input type=\"hidden\" name=\"postTitle_0\" value=\"U1O2MDIysnbJTFXILC5KTM3JLE7OSM1TcMzLS63IzM8rLsg5vCQvVaG4JL+gIDVPDaTcwFrhUcNkBZ\/U4tSipKLM1DSFsvw8hfDMnJxMBd\/EzNQihcTSYoXg5Izyw0uSQOYpeCTm5AAA\" \/><input type=\"hidden\" name=\"postLink_0\" value=\"yygpKSi20tcvLy\/Xy8jPSM3LARK6pXnpqWmZOSWpRSV6Kan69gW2RmaWFgYA\" \/><input type=\"hidden\" name=\"postAuthor_0\" value=\"S0zJzcwDAA==\" \/><input type=\"hidden\" name=\"postDateTime_0\" value=\"MzIwMtA1MAciBQNzKyAyNQcA\" \/><input type=\"hidden\" name=\"postContent_0\" value=\"nVfLbuPGEt3nKzoIECSArFGce\/M0fCHDHnsmscewZzxAdk2zSPaQbArdTWugVf4h2yCz8TfMyjv+Sb4kp6pbsiQrCXC9MUV2V1edOnWq+pOD2eGBD66z5eHnn323v7\/\/47EhZbzT1Bh\/W5FVU2vpvemsnzXDvSXlQzebkZXlkx9Vo\/tAQeXYNvyekcMmZwq8IK9+Jk8uc4YKr+46q96apjHqXBtySvdeXd9W8+E+44PUmW6asTpxKqOFoSoob\/DWWOXJWGrVa3ofsKlQ\/BNeuWBqapRpZScMvtZl1ugQcFKr\/jNWL3uctT\/Zn4w3zp1rp6yGaTIliSVb6oz4nCbzQSUYFnMy6m0nCDTaluzJpQYCPhirVW9zVekY9i+9D0AmJ9Wa8Gi2x39Z96pyeMI3cg1lIQE3PniWgD94Njv8BH+cC2oPH0Hbxmz0BLCDZ9iwvj+ZvBk+NjU5R7dV8HOTOzi1SuSug1\/8O4wKMCkkNeJfN\/H\/kWlyZB25Cmp4wBNQcl2DLyUxAAxQSTNAGB49ULMlkmS90MypU8oMYU3eOwSXb7JQXVEJAHpbjuFg8MP9bdUwP+bG5ZyaHEedE3ZZZXuHXFbINFlTJqfwxcP31xW1WiV\/KYwV4n6rq6bW7azghLIDvFy3umHMOH\/vKCz4ed2fc2ONR0JnDnEYnB7UEdl3uoUvFxQ0Hqteorj7p1TAR6YFyG0akpJ5Sz6861yuLSDjFwD9q\/UsgItUDw82N2UYH2TukAt2Zc9L6dx14EquvY9F9EIcV19P1KXrFuzrzpOQ0DumqMmC+vPX3wBr3fTe3EXHwBkdkAUvqCMY5rl6KQaCbuCoFehOQfYFqUWfviElIymMb\/47nkwmj0WE1JOLFfLNZCLfrg3lDb8Eii2nkO3u48O74SFPciRrQASy4x3Ev0LQSIys9epCB4CCTKI+A2GPRyp30Z8x7IrCQHlQBEqSxfxaz9Rw7yI5zoaPFc16WwcpUGTaLagCv1kn8P2GXHBAEU6O1Anem9LK87HDAg93hMkjgfUcIAGJkVjGYjkaX+X3JlYCFb9+UdoOphYqVuybi70r8l3Tc7BccrGCtH9SQS2N1bcJa4iI+i49b50DlYIZKOvJewNNvgEotL2G5TuHLG+ySFxcfjrVC713zVAUMKddxly3ktOMRa2kkSo0JDfC3XmgLYt8jaoqUIrF8OC2pQB13tluBokRkrK1n3FyMu9Uxwgd6X75YgwCrfEe4s\/kXSPUEQ7htMUq4ZJhmFcYujVG7SbUysIiVfNPDfbQLnqm5vLiMRykDwxxuRsebiETPmi97BC7iHoly1CutzWThFw13Dchypu67OCYqZfOI7YLXXU+sPoK2XQL5atRkzHyy5V44ccxx5Wr165vZ5GNzOZMVPY5uhGbQ1fiwlMgG3hxzIc6+FCDGQ7pgtUuSvErDyU1jXoJpoPw1PpIXqQyE8z4xNMOfu1JNVnWi7Ukt6kdcOsmOW7lA7yF8FasKhD4qDnTsnTkfefk8G2FiVmhdf1jxiCzfRZiqNC9FvKXan7TgKREURW7iHreuVZ6oFfPsbxm9GYz7PPCxfhlgajbliyyw4CxV9dsBp+qOGwgpJHq21JKjWVkI\/qjLk\/Dg+RSENtetS6F\/+NkqFdobFVXIVwWUBYHuybVz50u5QWhVc2pxEZfoDh5\/QhdEJR1giJOTIfDqPUBHcEHOUZBuvgfVSnXJuJ\/pkWZ\/KZ7T4lNkQYwF6twa797OhfwHBVQ760BUNXwEWK5q66mM+0CAslnsQT+TuOPqQ9+O8WxtE\/By6bBo8bwWrAquzjeHfXcHd1yAGGmUlFQHdAZU46gEWEpTnr4YHXVstD1xUjgZivT3nMWo7J7dfJmbwqoF9Gm11ndMV8ey2RqUVfg93KD0Mevj6Bp6on9NnLoq++\/3Udd9mHBnHuKpnrlSq5+HTvFCERwfeHB\/kwG2BFQmOPciEKK7hy7ObQ4wZSu5+k\/IcRBDh+QZXAW\/jD50cWiILDnulX7mF4wvcbhhQUV7THr0giiAaStePxo\/Kq9tUb01bHLezzAgNXcFWJuI8y\/pAKLKj\/aNnyWTPLcgVZDpW7W6sX3zExLkqUl4EfEE07BXjOUP0FuSkGG414OKjfL3+vjbQSIpaPm0oNDEsbjuUe0TD3b2ObqLj5fYIbFxYpwA2FhZYemDLRt09wJSLXfxfILLbcmji\/1KqTmilMXJ5ioC0mNLAvfrGjiNDziFG4Cy2UOQsyl7MGojXuFDIsSF1NJZt0ucqCN9gFFqUU35j1POaPUmWR7O9wPH3gWPmXb7apsRmxB8KThg3Sfa41RKxEWxZeRCKrMvls4sUAE1Wq7C7EzMnUnuKkvri+Pv5Ta\/AFDxB\/n2oomoTV1rgx\/\/vr7iF9vDNZ3LGEdDKbEb0LsI8TYKW6dsOCGeEGB0IcoAat7wd7qNsMFsjHdM2Gloy3PBYQGz3bM91Tiagg+1g4aN6uqzePvHdJ50yFZGC0rKmILAKn51mxlREu3gjixFdARkeaNsFzaoVqoV4ri0XeuOWSf72IA706u\/izT8FWmCMV9Oix16s31FF1PSelhEu5v63RFWY5kuJmXARIk9325VJu2jYLbYhuQwYSdaRerHwSRdgZClPHMaSZjaQGU0Jtkgl31GXktLz9dv\/RyfrRb3vzXr\/y7bvsZ\/T\/X\/Y3y5se\/AA==\" \/> \t\t<a href=\"https:\/\/www.pdf24.org\" target=\"_blank\" title=\"www.pdf24.org\" rel=\"nofollow\"><img src=\"https:\/\/www.hohenlohe-ungefiltert.de\/wp-content\/plugins\/pdf24-post-to-pdf\/img\/pdf_32x32.png\" alt=\"\" border=\"0\" height=\"32\" \/><\/a> \t\t<span class=\"pdf24Plugin-cp-space\">&nbsp;&nbsp;<\/span> \t\t<span class=\"pdf24Plugin-cp-text\">Sende Artikel als PDF<\/span> \t\t<span class=\"pdf24Plugin-cp-space\">&nbsp;&nbsp;<\/span> \t\t<input class=\"pdf24Plugin-cp-input\" style=\"margin: 0px;\" type=\"text\" name=\"sendEmailTo\" placeholder=\"Emailadresse\" \/> \t\t<input class=\"pdf24Plugin-cp-submit\" style=\"margin: 0px;\" type=\"submit\" value=\"Senden\" \/> \t<\/form> <\/div>","protected":false},"excerpt":{"rendered":"<p>&#8222;Die israelischen Annexionspl\u00e4ne stoppen&#8220; lautet die \u00dcberschrift des Leserbriefs von Willi Maier aus Schw\u00e4bisch Hall. Er bezieht sich in seinem Text auf einen Artikel im Haller Tagblatt vom 4. Juli 2020. Willi Maier war nach eigenen Angaben selbst &#8222;zwei Wochen lang in Pal\u00e4stina und hat die Zust\u00e4nde mit eigenen Augen und Ohren miterlebt&#8220;. Leserbrief von [&hellip;]<\/p>\n","protected":false},"author":1,"featured_media":0,"comment_status":"open","ping_status":"open","sticky":false,"template":"","format":"standard","meta":[],"categories":[1],"tags":[],"_links":{"self":[{"href":"https:\/\/www.hohenlohe-ungefiltert.de\/index.php?rest_route=\/wp\/v2\/posts\/26980"}],"collection":[{"href":"https:\/\/www.hohenlohe-ungefiltert.de\/index.php?rest_route=\/wp\/v2\/posts"}],"about":[{"href":"https:\/\/www.hohenlohe-ungefiltert.de\/index.php?rest_route=\/wp\/v2\/types\/post"}],"author":[{"embeddable":true,"href":"https:\/\/www.hohenlohe-ungefiltert.de\/index.php?rest_route=\/wp\/v2\/users\/1"}],"replies":[{"embeddable":true,"href":"https:\/\/www.hohenlohe-ungefiltert.de\/index.php?rest_route=%2Fwp%2Fv2%2Fcomments&post=26980"}],"version-history":[{"count":7,"href":"https:\/\/www.hohenlohe-ungefiltert.de\/index.php?rest_route=\/wp\/v2\/posts\/26980\/revisions"}],"predecessor-version":[{"id":26987,"href":"https:\/\/www.hohenlohe-ungefiltert.de\/index.php?rest_route=\/wp\/v2\/posts\/26980\/revisions\/26987"}],"wp:attachment":[{"href":"https:\/\/www.hohenlohe-ungefiltert.de\/index.php?rest_route=%2Fwp%2Fv2%2Fmedia&parent=26980"}],"wp:term":[{"taxonomy":"category","embeddable":true,"href":"https:\/\/www.hohenlohe-ungefiltert.de\/index.php?rest_route=%2Fwp%2Fv2%2Fcategories&post=26980"},{"taxonomy":"post_tag","embeddable":true,"href":"https:\/\/www.hohenlohe-ungefiltert.de\/index.php?rest_route=%2Fwp%2Fv2%2Ftags&post=26980"}],"curies":[{"name":"wp","href":"https:\/\/api.w.org\/{rel}","templated":true}]}}