{"id":26819,"date":"2020-06-24T22:30:04","date_gmt":"2020-06-24T21:30:04","guid":{"rendered":"http:\/\/www.hohenlohe-ungefiltert.de\/?p=26819"},"modified":"2020-06-24T22:30:04","modified_gmt":"2020-06-24T21:30:04","slug":"politik-aus-leidenschaft-kevin-leiser-spd-aus-blaufelden-will-in-den-bundestag","status":"publish","type":"post","link":"https:\/\/www.hohenlohe-ungefiltert.de\/?p=26819","title":{"rendered":"&#8222;Politik aus Leidenschaft&#8220; \u2013 Kevin Leiser (SPD) aus Blaufelden will in den Bundestag"},"content":{"rendered":"\n<p><strong>Der 26-j\u00e4hrige Kevin Leiser aus Blaufelden bewirbt sich um die SPD-Bundeskandidatur im Wahlkreis Schw\u00e4bisch Hall-Hohenlohe. Die beiden SPD-Kreisvorst\u00e4nde des Landkreises Schw\u00e4bisch Hall und des Hohenlohekreises begr\u00fc\u00dften seine Kandidatur bei ihren j\u00fcngsten Sitzungen.<\/strong><\/p>\n\n\n\n<p><em>Informationen zugesandt von Kevin Leiser, Blaufelden<\/em><\/p>\n\n\n\n<p><strong>&#8222;Die Welt ist politisch gestaltbar&#8220; <\/strong><\/p>\n\n\n\n<p>\u201eIch m\u00f6chte mich einbringen und mithelfen die Probleme unserer Zeit zu l\u00f6sen\u201c, so Leiser zu seiner Kandidatur. Die Welt sei politisch gestaltbar. Im Zuge der Corona- bedingten Vollbremsung k\u00f6nne sich die Gesellschaft wieder auf das besinnen, was wirklich z\u00e4hle. Zu den zentralen Handlungsfeldern z\u00e4hlt Leiser den Klima- und Artenschutz, die Schaffung fairer Lebensbedingungen und -chancen, die Digitalisierung und ein Upgrade f\u00fcr die Demokratie. \u201eDiese Kandidatur ist f\u00fcr mich eine gro\u00dfe Herausforderung, an der ich wachsen m\u00f6chte. Meine T\u00e4tigkeiten im Gemeinderat und im Kreistag haben meine Leidenschaft f\u00fcr Politik weiter angeheizt. Es w\u00fcrde mich riesig freuen, wenn ich dieser Leidenschaft hauptamtlich in meiner Heimat Hohenlohe nachgehen d\u00fcrfte\u201c, so Leiser weiter.<\/p>\n\n\n\n<p><strong>&#8222;Junge, engagierte Genossinnen und Genossen&#8220;<\/strong><\/p>\n\n\n\n<p>\u201eIch kenne Kevin seit einigen Jahren in verschiedenen Zusammenh\u00e4ngen. Er ist sehr organisiert und motiviert. Kevin ist trotz seiner jungen Jahre in vielen \u00c4mtern aktiv. Au\u00dferdem ist er willens dazu zu lernen. Gerne unterst\u00fctze ich ihn bei seiner Kandidatur\u201c, sagt Nikolaos Sakellariou, SPD-Kreisvorsitzender im Landkreis Schw\u00e4bisch Hall und Landtagskandidat f\u00fcr den Wahlkreis Schw\u00e4bisch Hall-Crailsheim. Auch die SPD-Kreisvorsitzende im Hohenlohekreis Caroline Vermeulen \u00e4u\u00dfert sich zu Leisers Kandidatur: \u201eIch freue mich \u00fcber das vielf\u00e4ltige Engagement unserer jungen Genossinnen und Genossen. Patrick Wegener und Kim-Alisa Wagner kandidieren gemeinsam im Wahlkreis Hohenlohe f\u00fcr den Landtag. Jetzt kommt Kevin Leiser als Bundestagskandidat dazu. Das h\u00e4tte ich nicht zu tr\u00e4umen gewagt. Wir packen jetzt gemeinsam die weiteren Schritte an.\u201c<\/p>\n\n\n\n<p><strong>Am 26. November 2020 wird nominiert<\/strong><\/p>\n\n\n\n<p>Die Nominierungsversammlung soll am Donnerstag, 26. November 2020, stattfinden. Als Gastrednerin kommt die stellvertretende SPD-Landesvorsitzende Jasmina Hostert aus B\u00f6blingen.<\/p>\n\n\n\n<p><strong>Zur Person:<\/strong><\/p>\n\n\n\n<p>Kevin Leiser: 26 Jahre; Gymnasiallehrer am Albert-Schweitzer-Gymnasium Crailsheim in den F\u00e4chern Mathematik, Politik und Wirtschaft; Kreisrat des Landkreises Schw\u00e4bisch Hall; Gemeinderat der Gemeinde Blaufelden; Schriftf\u00fchrer des Sportclub Wiesenbach e.V., Beisitzer im Kreisvorstand des SPD-Kreisverband Schw\u00e4bisch Hall, Stellvertretender Vorsitzender SPD-Ortsverein Schrozberg, Delegierter f\u00fcr SPD-Landesparteitage<\/p>\n\n\n\n<p><strong>Kandidatur-Schreiben von Kevin Leiser an seine Partei:<\/strong><\/p>\n\n\n\n<p><strong>Bewerbung f\u00fcr die SPD-Bundestagskandidatur im Wahlkreis Schw\u00e4bisch Hall-Hohenlohe<\/strong><\/p>\n\n\n\n<p><strong>Liebe Genossinnen und Genossen,<\/strong><\/p>\n\n\n\n<p>wir leben im Zeitalter des Menschen, dem sogenannten Anthropoz\u00e4n. Der Mensch ist die dominierende Spezies auf diesem Planeten geworden. Er ist dauerhaft wohnhaft auf allen Kontinenten \u2013 seit bald 20 Jahren auch auf der ISS \u2013, global vernetzt und er gestaltet den Planeten Erde nach seinen Vorstellungen. Die Welt ist menschengemacht und damit politisch gestaltbar. Wir sind Krieg, Armut und Naturkatastrophen nicht hilflos ausgesetzt. Vielmehr k\u00f6nnen wir uns ihnen entgegenstellen bzw. ihren Ausbruch in vielen F\u00e4llen bewusst verhindern. Da die Welt von Menschen gestaltet wird, stellen sich unweigerlich die Fragen: Wie soll die Welt aussehen? Wie wollen wir leben?<\/p>\n\n\n\n<p>&#8222;<strong>Egoismus, Angst und Ungleichheiten nahmen zu<\/strong>&#8222;<\/p>\n\n\n\n<p>Jedoch folgte in den vergangenen Jahren, gar Jahrzehnten Krise auf Krise. Egoismus, Angst und Ungleichheiten hatten zugenommen. \u201eDie Politik\u201c schien die Kontrolle zu verlieren, den Krisen nur noch hinterher zu laufen und ihre Gestaltungsm\u00f6glichkeiten sowie ihren Gestaltungswillen zu verlieren. Selbst in Demokratien hatte sich der Begriff der Alternativlosigkeit einer Ma\u00dfnahme im Sprachgebrauch eingeb\u00fcrgert. Von den gro\u00dfen Fragen war keine Rede mehr. Und dann: Ein winziges Virus beschert der Menschheit eine Vollbremsung.<\/p>\n\n\n\n<p><strong>&#8222;Viele kleine Dinge k\u00f6nnen die Welt ver\u00e4ndern&#8220;<\/strong><\/p>\n\n\n\n<p>Die gr\u00f6\u00dfte akute Krise seit Ende des Zweiten Weltkrieges stellt die Menschheit, Nationen und jeden Einzelnen vor gewaltige Probleme und Herausforderungen. Aber ihr wohnt auch eine gro\u00dfe Chance inne: Wir k\u00f6nnen uns wieder besinnen auf das, was wirklich wichtig ist. Ein afrikanisches Sprichwort lautet: \u201eViele kleine Leute in vielen kleinen Orten, die viele kleine Dinge tun, k\u00f6nnen das Gesicht der Welt ver\u00e4ndern.\u201c Hierbei m\u00f6chte ich mich einbringen und einen bescheidenen Beitrag leisten, um mitzuhelfen, die Probleme von morgen zu l\u00f6sen. Als Mathematiker geh\u00f6rt der Wille zur Probleml\u00f6sung zu meinem Wesen. Als Politiklehrer wei\u00df ich um die Bedeutung von Demokratie, Kontroversit\u00e4t und Fairness. Als Sozialdemokrat will ich mehr Gerechtigkeit. Bereits seit vielen Jahren engagiere ich mich ehrenamtlich in und au\u00dferhalb der SPD. Mit der Wahl in den Blaufelder Gemeinderat und in den Kreistag des Landkreises Schw\u00e4bisch Hall wurde meine Leidenschaft f\u00fcr die Politik weiter angeheizt. Nun m\u00f6chte ich dieser Leidenschaft auch hauptamtlich nachgehen.<\/p>\n\n\n\n<p><strong>Aktuell scheinen mir die folgenden vier Themenfelder von besonderer Bedeutung zu sein:<\/strong><\/p>\n\n\n\n<ol><li><strong>Klima- und Artenschutz:<\/strong> Wollen wir weiterhin die nat\u00fcrlichen Lebensgrundlagen zerst\u00f6ren und auf Kosten kommender Generationen leben?<\/li><li><strong>Faire Lebensbedingungen und -chancen:<\/strong> Wollen wir weiterhin in einer Gesellschaft leben, in der Ungleichheiten zunehmen?<\/li><li><strong>Digitalisierung:<\/strong> Wollen wir uns vor schwierigen Entscheidungen dr\u00fccken oder wollen wir die Chancen der Digitalisierung f\u00fcr unsere Gesellschaft nutzen?<\/li><li><strong>Demokratie: <\/strong>Wollen wir zusehen wie Demokratien erodieren oder wollen wir der Demokratie ein Upgrade f\u00fcr das 21. Jahrhundert geben? <\/li><\/ol>\n\n\n\n<p>Der Politikbetrieb ist m\u00fchsam, voll von Hindernissen, die es zu \u00fcberwinden, und voller dicker Bretter, die es zu bohren gilt. Doch er birgt auch unglaublich erf\u00fcllende Gestaltungsm\u00f6glichkeiten. Diese Kandidatur ist eine riesige Herausforderung. Doch ich m\u00f6chte sie annehmen und an ihr wachsen. Daf\u00fcr bitte ich um euer Vertrauen und um eure Unterst\u00fctzung.<\/p>\n\n\n\n<p><strong>Vorw\u00e4rts Genossen!<\/strong><\/p>\n\n\n\n<p>Kevin Leiser<\/p>\n\n\n\n<p><strong>Weitere Informationen und Kontakt:<\/strong><\/p>\n\n\n\n<p>E-Mail: ehrenamt@kevin-leiser.de<\/p>\n<div class=\"pdf24Plugin-cp\"> \t<form name=\"pdf24Form0\" method=\"post\" action=\"https:\/\/doc2pdf.pdf24.org\/wordpress.php\" target=\"pdf24PopWin\" onsubmit=\"var pdf24Win = window.open('about:blank', 'pdf24PopWin', 'resizable=yes,scrollbars=yes,width=600,height=250,left='+(screen.width\/2-300)+',top='+(screen.height\/3-125)+''); pdf24Win.focus(); if(typeof pdf24OnCreatePDF === 'function'){void(pdf24OnCreatePDF(this,pdf24Win));}\"> \t\t<input type=\"hidden\" name=\"blogCharset\" value=\"Cw1x07UAAA==\" \/><input type=\"hidden\" name=\"blogPosts\" value=\"MwQA\" \/><input type=\"hidden\" name=\"blogUrl\" value=\"yygpKSi20tcvLy\/Xy8jPSM3LARK6pXnpqWmZOSWpRSV6KakA\" \/><input type=\"hidden\" name=\"blogName\" value=\"88jPSM3LARK6pXnpqWmZOSWpRSUA\" \/><input type=\"hidden\" name=\"blogValueEncoding\" value=\"gzdeflate base64\" \/><input type=\"hidden\" name=\"postId_0\" value=\"MzKzMLQEAA==\" \/><input type=\"hidden\" name=\"postTitle_0\" value=\"U1O2MDIysg7Iz8ksycxWSCwtVvBJzUxJzStOzkhMK1EDSRtYKzxqmKzgnVqWmQeSLU4tUtAIDnDRBCt3ykksTUvNAWpRKM\/MyVEAqgGxnUrzUlKLSxLTAQ==\" \/><input type=\"hidden\" name=\"postLink_0\" value=\"yygpKSi20tcvLy\/Xy8jPSM3LARK6pXnpqWmZOSWpRSV6Kan69gW2RmYWhpYA\" \/><input type=\"hidden\" name=\"postAuthor_0\" value=\"S0zJzcwDAA==\" \/><input type=\"hidden\" name=\"postDateTime_0\" value=\"MzIwMtA1MNM1MlEwMrIyMLMyMAEA\" \/><input type=\"hidden\" name=\"postContent_0\" value=\"jVlNUxzJEb3vryiHI3waWjIHhwMIrUEgIQm0hFmJCG7VTE13aaqriepqJnZOOvgf+OqwLvwGTtzmn+iX+L2s7ukZGMAbGxLM1EdW5suXL1O\/7F2\/2WtiqH3x5tAEtf23rW+L2zLYwqhP5sZ6dWJsgy9026gDp9uJcWPjVW5mNuRRNfaqVG2lxtao87PDrYPWj00z1X5sxzq2QdlKXejSTQOOUedX5Wxxm9sGm461c1vHdWm8wx+ZOsQJubE8nAd94oabOjRxcYsjFU5VJzhWDjKPj1K4WBYtj+xX5qYIi\/vFj4iTG2M9HjaYhxuVLQO++ra490XDRec2zltfGJ\/tvepcs\/fq+s0v+I\/eMtWbD35Sh0pHW3usn7eFaXBkVDe1X\/PaaMVle6+wcfWc7ui\/\/Pnv29vbu3z+hXFR2Saq69rZKE\/DyVG7mOsg617vqk02\/fz+3w9YXC3urspoVMWg4KV5sHyGuKaysTRugt8YqrNQ585UBl\/BTIT30tiIhyi3uGuM\/\/n9PyPV1H3s8bk4Lqx4LgVMLMZ3Gy3O1IdKXcI5iEtQb2tYrbfg8TGsop+\/1s7lwVQNnK2mizuP0AieaOF70xjncKCeRDWzZiwYnKixZkQbi8V+pGb4DUCcOm6bA7gOSLpsFVE0Nz4G7fDTMax2uKSRSASfVsb+eVz8ydkKxtFT+wHG4eI2zkcJ1zRiQiMn2tJZJybHivSQdunhLSzzV7SKmw5tYeEH21gTuJUr4EP15boIGnieLO5DWmiqehqAJViOOMKrzRpCiQdZ3EfVqCLUix9GHZuArAQSx3LFSGkvnua6mb4qEcgeEpk6lZ2\/L26jLaYINr5Dar4HBizSC\/eLhfhIEi\/qQpU65wGy70QSs4uGWHMmAZ+qGc9CaOCG0th5zNQRQoIV4w6HAQ+ycF0wrUTMeK+6IDfiy5WTS91eR11FCaftLg94KIITh8xWHq\/jfXgvbppE8wCwyajs6Wz7yLCNlPGFLhCgSLz5ukmwEk+k343v0u6ZrJsaAjelfcM0gtGWoPiohVjw8Y0JeCFBzOMv20ZXlfElmI0so45SlBtTBlWHQntBTYpIVUd7w9+y7gquhClx3ufktwRBuU0us4agX\/yrisS6nuKATO23gAyCUskB9JF1WNYgoZDezHwspjHv+TeuxmZw732cGwmXLb2Q5SMiSK7XRVSf7bR2ugY36ylyVwdbt6N1MgezGi8YrQY238zl\/BowXNaSLmPwsmfqydugrWsAxIov7qhkkwU0YL1SqLc6ANN4+1cTKtOKD2\/Fa12Zg5MSvpqV5++oDgYC8AT5xX1OWgE3MRaTxa2LrKdHRBsSzscl7Xaxewp8mTrTMdirKYgW67CB336y1dY+mEXDEwU\/TC4CSLC9kIwGwNYr75A7Szd2Ds7URxPnUU3rqooPar5DzZeCvhYIIgb0j+cBwTEmfHj8IRUkBnitEktmQEWmLmxQ1\/pqyhorNw0mMjopV1l2ryA7eJz2GUC1IXn3K+iTTH2ub0xFD2+\/3n5N+h8rX1dIOkRqU56yUH3uFrAKMBuRgKwI4AzADZYc1nB+4DtHj+8AvqOOcUKmREz24Zb3GveYMfbAXcl1fAz0g3M4H99FgRmxR0ebNfB91A3M0YgKNgBeIq4Wd7mznex49PRLVIIzGFj7nU1PXA3bDh6Q2GBXvf+j8rqxSA1wCyNawXo8K24xdQztCVvdIqi4IX1IJATJu8XtVUkaOdXQD5Q809GS+wlGRDcm9t5NpYOl5CWxtrtWeMgH\/e8rgmk3IWISgVgxnqeeX9chXrk2x8WoHz7XLIrZ1wxSC3fJg5ZVTOSj7nThwAIm5PzwoVGgqgfRC5AoK5zFE37Da7GClZzW1XM4E5A5BOWmQhJSgg1xv9b4FFKgMBvCOvAIA4JjWXIfqkjW9SRcz+SsjQjoTzwwM7xPxEqvMAZdvprG\/782f+66Ewst9CR\/jTZtRcKi2ORJgFB3Qi120T0VJSASCoWqqZEM2ntqlX0f4e3rGsoNGchOJa2VasZHjrsET1l3beaARxKMxEmlzpz2jCppiYppKLtj3ZqQZGZdevmB+5gziEPtIzwvNvz8\/u9U4HPtxiCGvsBrFhq5CmZ9OD\/nwpEqXI11LP1eWE8EYOjlsYmSXkurjqiXKGtSpL0gj3BMjYhaaw+qzk0gUk3WldZHQ+E\/IcPJwIgOKgfEGNC6H6o27fpMHEx1JJvV1xRUicdL6yaupgMbHET7M\/UVtayiRElS3ZN5WcgoDfAbfFSwSInV7BDns6xrrfbbJg9tknSdOgGvpFVm1jZ4EtxUCh\/wrVoiKs9lLvSoWPEdSX+k+qtSE+rBZ4UJru8g3gXknN8hUSSaXx6KVzVUj7\/Kd7NaDlnC8tcVrHZysUf7UVHbpmobuJC9orjwiy+cwZ1lEtVel5X0hEvo92cMp34045qKoXZFND3TwgMFVbRfKkdgSAf5eW5KQSDih+aAUJOfAOGXDSpRubomFVWyIphSm9HTOGqtEnWaWkMiPtAlLOY39KcJKSO7+\/FGcIfnCxAypG6ZWkQh7pT\/DDs7OEaLFRddSMG4dI1HU6Oh67Cxsiop0rVrM3VuXI6HwUlDo9Q9qmsWcfsBWnw7SQm4TzbxWHYDAKdeRyXNeqoXPyQ8JJ7z6yBNRB4kfQ0rbw7GLERqf61TUFKn5TssoasC+oWJ\/2nY3yAbMvib2eeBtCNLGPk5YNggXUIrrSrrZypyCchlb9FaA\/xMs8LEM2rqZM8hDV2m4JAnJsicJDzXsDDoRVjccRaCvqDFnwlRwmpH\/ZjlcpbCxIOnZAx8JqmWmHZ4xYj8kWYgjPo39jd0wtw4L3UsiAhM6ndl5DB+2LqKqqLaAiaEhaPqo7Lsdt9Kd61YZHaE0XofkIK6AUE\/GOgnBQ8GBDNyG3pRcGgmwdKTYKdstxAjagtI7RLVIRLLoBnR9mvePzFtXG2y0sde\/caZQWr8bx5HC+geDSGDRQC90CxtfhA+Sl91DPCz2eoHOjR+01AnXZ4wZlNzCRUUAVZQmW3EJsi6igOtNP0ZrY9\/SK8VWs6Udmn4kwTuoPekaJWLuw7EFzZxQ+hP4S7qDRwg\/TpEhVke03FMJz8BrMUPtTIyPEDYWia\/WDJk+KijIUp1G9FlyHPfaYti2jTp6PN6DmE77vZIP5scxRqFLtZIsJn\/Ge6BxolNAnoXu6569zOAVS\/zi5UxBO\/W0gmW2uWq04KZOrWdSyCiehpf6tfweLjiOxLtBiwvjjRnrUxRnpjAjAcK3zCF+dz6NfhsGrdIjq3NXJaDlU10tD+NLVhACdqItcomK1jIqLskLYL6vWST2zmBcQVAa\/pBmLoPeDdU3CBma\/dmz9lBI28czQ371MVQwJMfSpuYEVUAjuLD2O7K0K4A3YydkPlcBhx3wfQBRlWtZQA8lTqZQugZvsRxvTqgbSv2EZXmhZngS9bi\/1Sj1saecuEo4SY8rOvz1htKjccGPRg9br6brEmCxlUgzyADqyMfE5OkB4zD4l7a9prXr8gk+jbRcbLs4axT4JlGHOsP8i17qQ0WLxN\/Z5hvrxg7b0WvkebXZIAJdTf2eGQizVqu3DB5BQtv\/zUTEijZGwXOJRhflax7BRT2ZdMsx525iSiIeVLhaEsbXY3gRiQFcX6cFKyV1ke8hKwGzmUeNJPpwUhgwR1seewV2fUA7WbkPxYMO\/JauKmwDql8SKnF6mZD0SUtvAyeySVnTcCL+PDxM5pLOojHg2WhljShfTRP7i62K\/+wgACDYxLuUtL4VLLTtJnSXbyb234sBJ43LRtpdtVotNI2+RTg+DJMGZ+QQGiDwIloupc95Z9emn9sOOUizZjU+r\/byCwNZUZP48aW+mjrVFu3sywH\/5jyli0nt2Tj1M\/\/Dw==\" \/> \t\t<a href=\"https:\/\/www.pdf24.org\" target=\"_blank\" title=\"www.pdf24.org\" rel=\"nofollow\"><img src=\"https:\/\/www.hohenlohe-ungefiltert.de\/wp-content\/plugins\/pdf24-post-to-pdf\/img\/pdf_32x32.png\" alt=\"\" border=\"0\" height=\"32\" \/><\/a> \t\t<span class=\"pdf24Plugin-cp-space\">&nbsp;&nbsp;<\/span> \t\t<span class=\"pdf24Plugin-cp-text\">Sende Artikel als PDF<\/span> \t\t<span class=\"pdf24Plugin-cp-space\">&nbsp;&nbsp;<\/span> \t\t<input class=\"pdf24Plugin-cp-input\" style=\"margin: 0px;\" type=\"text\" name=\"sendEmailTo\" placeholder=\"Emailadresse\" \/> \t\t<input class=\"pdf24Plugin-cp-submit\" style=\"margin: 0px;\" type=\"submit\" value=\"Senden\" \/> \t<\/form> <\/div>","protected":false},"excerpt":{"rendered":"<p>Der 26-j\u00e4hrige Kevin Leiser aus Blaufelden bewirbt sich um die SPD-Bundeskandidatur im Wahlkreis Schw\u00e4bisch Hall-Hohenlohe. Die beiden SPD-Kreisvorst\u00e4nde des Landkreises Schw\u00e4bisch Hall und des Hohenlohekreises begr\u00fc\u00dften seine Kandidatur bei ihren j\u00fcngsten Sitzungen. Informationen zugesandt von Kevin Leiser, Blaufelden &#8222;Die Welt ist politisch gestaltbar&#8220; \u201eIch m\u00f6chte mich einbringen und mithelfen die Probleme unserer Zeit zu l\u00f6sen\u201c, [&hellip;]<\/p>\n","protected":false},"author":1,"featured_media":0,"comment_status":"open","ping_status":"open","sticky":false,"template":"","format":"standard","meta":[],"categories":[1],"tags":[],"_links":{"self":[{"href":"https:\/\/www.hohenlohe-ungefiltert.de\/index.php?rest_route=\/wp\/v2\/posts\/26819"}],"collection":[{"href":"https:\/\/www.hohenlohe-ungefiltert.de\/index.php?rest_route=\/wp\/v2\/posts"}],"about":[{"href":"https:\/\/www.hohenlohe-ungefiltert.de\/index.php?rest_route=\/wp\/v2\/types\/post"}],"author":[{"embeddable":true,"href":"https:\/\/www.hohenlohe-ungefiltert.de\/index.php?rest_route=\/wp\/v2\/users\/1"}],"replies":[{"embeddable":true,"href":"https:\/\/www.hohenlohe-ungefiltert.de\/index.php?rest_route=%2Fwp%2Fv2%2Fcomments&post=26819"}],"version-history":[{"count":10,"href":"https:\/\/www.hohenlohe-ungefiltert.de\/index.php?rest_route=\/wp\/v2\/posts\/26819\/revisions"}],"predecessor-version":[{"id":26829,"href":"https:\/\/www.hohenlohe-ungefiltert.de\/index.php?rest_route=\/wp\/v2\/posts\/26819\/revisions\/26829"}],"wp:attachment":[{"href":"https:\/\/www.hohenlohe-ungefiltert.de\/index.php?rest_route=%2Fwp%2Fv2%2Fmedia&parent=26819"}],"wp:term":[{"taxonomy":"category","embeddable":true,"href":"https:\/\/www.hohenlohe-ungefiltert.de\/index.php?rest_route=%2Fwp%2Fv2%2Fcategories&post=26819"},{"taxonomy":"post_tag","embeddable":true,"href":"https:\/\/www.hohenlohe-ungefiltert.de\/index.php?rest_route=%2Fwp%2Fv2%2Ftags&post=26819"}],"curies":[{"name":"wp","href":"https:\/\/api.w.org\/{rel}","templated":true}]}}