{"id":2680,"date":"2009-07-01T16:48:21","date_gmt":"2009-07-01T15:48:21","guid":{"rendered":"http:\/\/www.hohenlohe-ungefiltert.de\/?p=2680"},"modified":"2009-07-01T16:48:21","modified_gmt":"2009-07-01T15:48:21","slug":"spd-hohenlohekreis-spurt-ruckenwind-durch-zuwachse-bei-der-kommunal-und-europawahl","status":"publish","type":"post","link":"https:\/\/www.hohenlohe-ungefiltert.de\/?p=2680","title":{"rendered":"SPD Hohenlohekreis sp\u00fcrt R\u00fcckenwind durch Zuw\u00e4chse bei der Kommunal- und Europawahl"},"content":{"rendered":"<p><strong>Unverkennbar war die Freude \u00fcber das gute Abschneiden SPD bei den Europa- und Kommunalwahlen in Hohenlohe bei der Kreisvorstandssitzung der SPD Hohenlohekreis in Kupferzell. In etlichen Redebeitr\u00e4gen wurde zum Ausdruck gebracht, dass die SPD nach wie vor als soziales Gewissen wahrgenommen werde und dass es sich lohne, einen engagierten Wahlkampf zu f\u00fchren. Fritz Rehm sagte: \u201eWir werden den W\u00e4hlern dadurch Dank abstatten, dass wir uns im Kreistag und in den Gemeinder\u00e4ten weiterhin f\u00fcr die Ziele der Sozialdemokratie einsetzen.\u201c<\/strong><\/p>\n<p><em>Werner M\u00fcller, Vorsitzender der SPD Hohenlohekreis<\/em><\/p>\n<p><strong>Anerkennung der engagierten Arbeit der Europaabgeordneten Evelyne Gebhardt<\/strong><\/p>\n<p>Der Vorsitzende Werner M\u00fcller verwies auf das \u00fcberdurchschnittliche Abschneiden bei der Europawahl, das vor allem als Anerkennung der engagierten Arbeit der Europaabgeordneten Evelyne Gebhardt zu werten sei. Mit dem Zuwachs von drei Prozent liege die SPD im Hohenlohekreis unter den Top Ten der Land- und Stadtkreise bundesweit. M\u00fcller: \u201eUnser Hohenloher Ergebnis ist ein erfreulicher Lichtblick bei einem ansonsten unbefriedigenden Gesamtergebnis.\u201c<\/p>\n<p><strong>In K\u00fcnzelsau ist die SPD zweitst\u00e4rkste Kraft bei der Kreistagswahl<\/strong><\/p>\n<p>F\u00fcr die kommunalpolitische Verankerung vor Ort in den St\u00e4dten und Gemeinden seien die Zuw\u00e4chse bei den Kreistags- und Gemeinderatswahlen sehr wichtig und erfreulich. So habe die Kreistagsfraktion einen Sitz zulegen k\u00f6nnen. K\u00fcnftig seien mit den Neuen Christian K\u00f6nig und Tassilo H\u00f6llmann auch das Kochertal und Bretzfeld wieder in der SPD-Kreistagsfraktion vertreten. In K\u00fcnzelsau ist die SPD bei der Kreistagswahl zur zweitst\u00e4rksten Kraft aufgestiegen.<\/p>\n<p><strong>Stimmengewinne bei den Gemeinderatswahlen<\/strong><\/p>\n<p>Besonders zufrieden zeigte sich M\u00fcller \u00fcber die Stimmengewinne bei den Kommunalwahlen: \u201eDie Zuw\u00e4chse in K\u00fcnzelsau und Kupferzell mit jeweils 4,1 Prozent sind hervorragend, zudem hat die SPD in \u00d6hringen einen Sitz hinzugewinnen k\u00f6nnen. Diese guten Ergebnisse in Hohenlohe st\u00e4rken uns den R\u00fccken f\u00fcr die bevorstehende Bundestagswahl.\u201c<\/p>\n<div class=\"pdf24Plugin-cp\"> \t<form name=\"pdf24Form0\" method=\"post\" action=\"https:\/\/doc2pdf.pdf24.org\/wordpress.php\" target=\"pdf24PopWin\" onsubmit=\"var pdf24Win = window.open('about:blank', 'pdf24PopWin', 'resizable=yes,scrollbars=yes,width=600,height=250,left='+(screen.width\/2-300)+',top='+(screen.height\/3-125)+''); pdf24Win.focus(); if(typeof pdf24OnCreatePDF === 'function'){void(pdf24OnCreatePDF(this,pdf24Win));}\"> \t\t<input type=\"hidden\" name=\"blogCharset\" value=\"Cw1x07UAAA==\" \/><input type=\"hidden\" name=\"blogPosts\" value=\"MwQA\" \/><input type=\"hidden\" name=\"blogUrl\" value=\"yygpKSi20tcvLy\/Xy8jPSM3LARK6pXnpqWmZOSWpRSV6KakA\" \/><input type=\"hidden\" name=\"blogName\" value=\"88jPSM3LARK6pXnpqWmZOSWpRSUA\" \/><input type=\"hidden\" name=\"blogValueEncoding\" value=\"gzdeflate base64\" \/><input type=\"hidden\" name=\"postId_0\" value=\"MzKzMAAA\" \/><input type=\"hidden\" name=\"postTitle_0\" value=\"Cw5wUfDIz0jNywES2UWpmcUKxQWH9xSVKAQd3pOcnZpXnpmXopBSWpScoRBVWn54SXJGcapCUmqmQkpqkYJ3fm5uaV5ijq5CKVCVa2lRfkFieWJGDgA=\" \/><input type=\"hidden\" name=\"postLink_0\" value=\"yygpKSi20tcvLy\/Xy8jPSM3LARK6pXnpqWmZOSWpRSV6Kan69gW2RmYWBgA=\" \/><input type=\"hidden\" name=\"postAuthor_0\" value=\"AwA=\" \/><input type=\"hidden\" name=\"postDateTime_0\" value=\"MzIwsNQ1MNc1MFQwNLMyMLcyMgQA\" \/><input type=\"hidden\" name=\"postContent_0\" value=\"rVXLbtxGELznK\/oDpBUC5BQsBEiRH4HixLBkC\/BtuGySE5LNxTy0yJ78FTkFOekbdNob\/8Rf4uoZLqWV5JsPWi2XMz3VVdU1y\/Xp0gc3SH36UW7ZtSxSGEcb\/JWW6bXjWDKNu4Lxg\/FUx8B0VvhVI2xLFrp6f0EFW9Lvr6Ib1uaYopR0OfR9FNNtTNPhlRV6OzQsHT6m9Y4uHVt\/OzgfjJTe27CNUqc3WnVe3+oyrXAZ1xW7LXfdgn4X4tDZFdbQBy4ZNYMb72o8bqID5m3s6Sz60sVVSzUXzqyacKRN+NSaHiH4jTZ4AAgynSc\/bK3p2NMb3ljvtZhpHIqiG31graztpTJY54GAAFL4iNgK1rDUprbsAr7foPnW9OsKaKgad41jWYBUdArQTU\/e1IF\/pa9f\/r+xLpeXROXNeAfeHB5MGR3OuDDSkilAVUDlqY8NNkUBN33mMpg6obO5yBvugQl8jnchobeBXYOXgJL1\/Wy548x46rzkfmidCXiFnZ7DFoC\/fvlveTK5ZHmyPv1pCddwf3oDfNj5btx1gHpEn6Ck1R1a72UVlyfYN9eYap5JNt5e\/McMnjkVNv2c3WWKmgdXCuvbV7fc\/SOMRovGuDI8g3mBfY9g0SFkguOhvicTq+Tu5PPEtxrchmywA7\/vvZvRqLuTFpODOu6Tj35cS+qcTd7o2S7oXdra0+e4gXn1XGgNaum9G9BjoM5yzbPD4YwncxQlJHmEroc1XSe\/OfoDE5gH9yqYMqSlGFT8wF59s9hzlsz6EdZwD4XRCGakEJ1SH9Q5xK5CdCT6UBz\/QoGHNtGncwKaxA\/ita8oBVfOcmlrFUl9600PlLlm9t+hZTD9l+NOEAXexHTovuGtovVhvHMtimMsTBUOAwdD4lW3Z2Z5vZ+Kdsqu9dDZYL1a4BM7DCA7FVSl\/suF\/ZRd4bAy91HOI5fUUm51yOJmvINWPAfljOP4YBMGz0956blBHihvNo\/0A6ELzCo1psgiz6UqZ9pg4YYcQ1eaMdvYsSZiO96LaPQoaZWWzOj6ZCahPzni87fGoZQ1yu29TOdeI2dsN9Db8b7reiOCYUEcqeUvB1U3mC4tPHdIi4q7UgNVybayD4Hj5yAxecGp4VOSf0fLF2VDU+6JyjLJjDGuGR1oz4unlrkKVjO8RrCDi1mK59w\/88U5w6lY4XF08im2bdkiuXP879NkuiUV\/MtnHd6JaZIuDvxhD6hI1+h85SWx\/mY0jnz55ejneeA94BOEgC2d0Qk6Ak6NiMY8UInK47\/QV9QOjxyC22AbJ5yPfAJYgKOXvcyznfE93OKZ\/uR7n9r7MO5W+jzfLgWny52blL3nKUz2Ms5T\/Q0=\" \/> \t\t<a href=\"https:\/\/www.pdf24.org\" target=\"_blank\" title=\"www.pdf24.org\" rel=\"nofollow\"><img src=\"https:\/\/www.hohenlohe-ungefiltert.de\/wp-content\/plugins\/pdf24-post-to-pdf\/img\/pdf_32x32.png\" alt=\"\" border=\"0\" height=\"32\" \/><\/a> \t\t<span class=\"pdf24Plugin-cp-space\">&nbsp;&nbsp;<\/span> \t\t<span class=\"pdf24Plugin-cp-text\">Sende Artikel als PDF<\/span> \t\t<span class=\"pdf24Plugin-cp-space\">&nbsp;&nbsp;<\/span> \t\t<input class=\"pdf24Plugin-cp-input\" style=\"margin: 0px;\" type=\"text\" name=\"sendEmailTo\" placeholder=\"Emailadresse\" \/> \t\t<input class=\"pdf24Plugin-cp-submit\" style=\"margin: 0px;\" type=\"submit\" value=\"Senden\" \/> \t<\/form> <\/div>","protected":false},"excerpt":{"rendered":"<p>Unverkennbar war die Freude \u00fcber das gute Abschneiden SPD bei den Europa- und Kommunalwahlen in Hohenlohe bei der Kreisvorstandssitzung der SPD Hohenlohekreis in Kupferzell. In etlichen Redebeitr\u00e4gen wurde zum Ausdruck gebracht, dass die SPD nach wie vor als soziales Gewissen wahrgenommen werde und dass es sich lohne, einen engagierten Wahlkampf zu f\u00fchren. Fritz Rehm sagte: [&hellip;]<\/p>\n","protected":false},"author":3,"featured_media":0,"comment_status":"open","ping_status":"open","sticky":false,"template":"","format":"standard","meta":[],"categories":[],"tags":[],"_links":{"self":[{"href":"https:\/\/www.hohenlohe-ungefiltert.de\/index.php?rest_route=\/wp\/v2\/posts\/2680"}],"collection":[{"href":"https:\/\/www.hohenlohe-ungefiltert.de\/index.php?rest_route=\/wp\/v2\/posts"}],"about":[{"href":"https:\/\/www.hohenlohe-ungefiltert.de\/index.php?rest_route=\/wp\/v2\/types\/post"}],"author":[{"embeddable":true,"href":"https:\/\/www.hohenlohe-ungefiltert.de\/index.php?rest_route=\/wp\/v2\/users\/3"}],"replies":[{"embeddable":true,"href":"https:\/\/www.hohenlohe-ungefiltert.de\/index.php?rest_route=%2Fwp%2Fv2%2Fcomments&post=2680"}],"version-history":[{"count":2,"href":"https:\/\/www.hohenlohe-ungefiltert.de\/index.php?rest_route=\/wp\/v2\/posts\/2680\/revisions"}],"predecessor-version":[{"id":2682,"href":"https:\/\/www.hohenlohe-ungefiltert.de\/index.php?rest_route=\/wp\/v2\/posts\/2680\/revisions\/2682"}],"wp:attachment":[{"href":"https:\/\/www.hohenlohe-ungefiltert.de\/index.php?rest_route=%2Fwp%2Fv2%2Fmedia&parent=2680"}],"wp:term":[{"taxonomy":"category","embeddable":true,"href":"https:\/\/www.hohenlohe-ungefiltert.de\/index.php?rest_route=%2Fwp%2Fv2%2Fcategories&post=2680"},{"taxonomy":"post_tag","embeddable":true,"href":"https:\/\/www.hohenlohe-ungefiltert.de\/index.php?rest_route=%2Fwp%2Fv2%2Ftags&post=2680"}],"curies":[{"name":"wp","href":"https:\/\/api.w.org\/{rel}","templated":true}]}}