{"id":26794,"date":"2020-06-14T17:31:25","date_gmt":"2020-06-14T16:31:25","guid":{"rendered":"http:\/\/www.hohenlohe-ungefiltert.de\/?p=26794"},"modified":"2020-06-14T17:33:12","modified_gmt":"2020-06-14T16:33:12","slug":"ungarn-und-die-eu-evelyne-gebhardt-diskutiert-auf-facebook-mit-der-vizepraesidentin-des-europaeischen-parlaments","status":"publish","type":"post","link":"https:\/\/www.hohenlohe-ungefiltert.de\/?p=26794","title":{"rendered":"&#8222;Ungarn und die EU&#8220; \u2013 Evelyne Gebhardt diskutiert auf Facebook mit der Vizepr\u00e4sidentin des Europ\u00e4ischen Parlaments"},"content":{"rendered":"\n<p><strong>Die Europa-Abgeordnete Evelyne Gebhardt (SPD) l\u00e4dt am Donnerstag, 18. Juni 2020, um 17.30 Uhr zu \u201eFacebook live\u201c. Sie spricht mit Kl\u00e1ra Dobrev, der Vizepr\u00e4sidentin des Europ\u00e4ischen Parlaments \u00fcber das Thema &#8222;Ungarn und die EU&#8220;.<\/strong> <strong>Das Gespr\u00e4ch findet auf Evelyne Gebhardts Facebook-Profil statt:<\/strong> <a rel=\"noreferrer noopener\" href=\"https:\/\/www.facebook.com\/evelyne.gebhardt.eu\" target=\"_blank\">https:\/\/www.facebook.com\/evelyne.gebhardt.eu<\/a> <strong>\u00dcber den Chat k\u00f6nnen die Zuschauerinnen und Zuschauer auch Fragen an die beiden Abgeordneten stellen.<\/strong><\/p>\n\n\n\n<p><em>Vom Europab\u00fcro in K\u00fcnzelsau der EU-Abgeordneten Evelyne Gebhardt (SPD)<\/em><\/p>\n\n\n\n<p><strong>Europ\u00e4ische Grundwerte mit F\u00fc\u00dfen getreten<\/strong><\/p>\n\n\n\n<p>\u201eWas in Ungarn, wo einst der Eiserne Vorhang fiel, passiert, darf uns Europ\u00e4er und Europ\u00e4erinnen nicht kalt lassen. Seit rund einem Jahrzehnt erleben wir dort, wie die Regierung europ\u00e4ische Grundwerte mit F\u00fc\u00dfen tritt. Dies betrifft die Rechtsstaatlichkeit, die Meinungsfreiheit, den Umgang mit Minderheiten oder Fl\u00fcchtlingen. Im Europ\u00e4ischen Parlament fordern wir deshalb bereits seit Jahren, ein Vertragsverletzungsverfahren gegen die ungarische Regierung einzuleiten\u201d, so Evelyne Gebhardt. Sie ist Mitglied der Fraktion der Progressiven Allianz der Sozialdemokraten im Europ\u00e4ischen Parlament.<\/p>\n\n\n\n<p><strong>Kl\u00e1ra Dobrev ist Vizepr\u00e4sidentin des EU-Parlaments<\/strong><\/p>\n\n\n\n<p>Die Wirtschaftswissenschaftlerin Kl\u00e1ra Dobrev wurde 2019 f\u00fcr die Demokratikus Koal\u00edci\u00f3 (DK, Demokratische Koalition) ins Europ\u00e4ische Parlament gew\u00e4hlt. Dort geh\u00f6rt sie der sozialdemokratischen Fraktion an. Sie ist Vizepr\u00e4sidentin des Europ\u00e4ischen Parlaments und Mitglied des Ausschusses f\u00fcr Besch\u00e4ftigung und soziale Angelegenheiten. Kl\u00e1ra Dobrev ist 48 Jahre alt und mit dem fr\u00fcheren ungarischen Ministerpr\u00e4sidenten Ferenc Gyurcs\u00e1ny verheiratet. Das Paar hat drei gemeinsame Kinder. Sie spricht flie\u00dfend deutsch.<\/p>\n\n\n\n<p><strong>Weitere Informationen und Kontakt:<\/strong><\/p>\n\n\n\n<p>Evelyne Gebhardt, Mitglied des Europ\u00e4ischen Parlaments, Europab\u00fcro, Keltergasse 47, D-74653 K\u00fcnzelsau<\/p>\n\n\n\n<p>Telefon: 07940-5 91 22<\/p>\n\n\n\n<p>Fax: 07940-59144<\/p>\n\n\n\n<p>E-Mail: info@evelyne-gebhardt.eu<\/p>\n\n\n\n<p><strong>Internet:<\/strong> <a rel=\"noreferrer noopener\" href=\"http:\/\/www.evelyne-gebhardt.eu\" target=\"_blank\">www.evelyne-gebhardt.eu<\/a><\/p>\n<div class=\"pdf24Plugin-cp\"> \t<form name=\"pdf24Form0\" method=\"post\" action=\"https:\/\/doc2pdf.pdf24.org\/wordpress.php\" target=\"pdf24PopWin\" onsubmit=\"var pdf24Win = window.open('about:blank', 'pdf24PopWin', 'resizable=yes,scrollbars=yes,width=600,height=250,left='+(screen.width\/2-300)+',top='+(screen.height\/3-125)+''); pdf24Win.focus(); if(typeof pdf24OnCreatePDF === 'function'){void(pdf24OnCreatePDF(this,pdf24Win));}\"> \t\t<input type=\"hidden\" name=\"blogCharset\" value=\"Cw1x07UAAA==\" \/><input type=\"hidden\" name=\"blogPosts\" value=\"MwQA\" \/><input type=\"hidden\" name=\"blogUrl\" value=\"yygpKSi20tcvLy\/Xy8jPSM3LARK6pXnpqWmZOSWpRSV6KakA\" \/><input type=\"hidden\" name=\"blogName\" value=\"88jPSM3LARK6pXnpqWmZOSWpRSUA\" \/><input type=\"hidden\" name=\"blogValueEncoding\" value=\"gzdeflate base64\" \/><input type=\"hidden\" name=\"postId_0\" value=\"MzIztzQBAA==\" \/><input type=\"hidden\" name=\"postTitle_0\" value=\"FcoxDoJAEEbhq\/yJCbXZyoQabW2wH9hRJsAsmd0l0co7eAVuwk08iWv7vlcdTs65utUHmSKrhxdG01b\/fqzxfX\/QrDw9lXHhbiDzqSxxzEnYEijfcaaeuxBGzFKMDTd58WL7FsWzJtESI5psYdk3if3AiivZRHPR+AM=\" \/><input type=\"hidden\" name=\"postLink_0\" value=\"yygpKSi20tcvLy\/Xy8jPSM3LARK6pXnpqWmZOSWpRSV6Kan69gW2RmbmliYA\" \/><input type=\"hidden\" name=\"postAuthor_0\" value=\"S0zJzcwDAA==\" \/><input type=\"hidden\" name=\"postDateTime_0\" value=\"MzIwMtA1MNM1NFEwNLcyMLMyMgUA\" \/><input type=\"hidden\" name=\"postContent_0\" value=\"nZXNTiNHEMfv+xQlIkW7kj\/Ay4aPBRQSFsRaSCisQcolats1My33dFvdPXjxiQfZJFqJa06R9sRt3oQnyb9mvNgORsqGg5npnq6PX\/2r+sXe+GAvRO9senCkmd4V3o1V87CfsvNDyxFL12xuLNMJ9zPlh5FeXpwfvSJT3uFZ5XTkrGUfokobtLHdoveF1dRZ76w3qMhpY6v1ep16madpQQ+3fxyrAfedG5HR1\/xw+6lFF3Abxl4Pski5jtQ15WevYLbv+bpBQ\/Z0qac89uVd0EO2UVsshjrU8k6HQcaWzpU3KsduoPK+jzNDFehDxrmi77\/b7nQ6b3s2Vd5SYYc0lEx71fr629ZeewaAHkng7AkHcTnIKNF2yEi1SJ6wCPQ1n+a5d4k2BA4x7i6YVOTZ7K9Z5zlh7xGZdW7MQLZGGdb217IYx2G33Z5MJq1kZq41cHmba2+tdOatxcUaReVTjvtrv\/WNsqO1g285vddW8yTLTxUmsPs5U5FG5RfU0VZsfi0AVRXsdbUkyB6XwAFMjr1KsaPq7\/sshaEF1ViAYGPYzunutccHL\/AniuP84NLlM7X1y3vvCFXtlvd2yiaooqr6u15zyeJqIe61YWzR9szdojzoxCOHCXvIWSR2XN6Xf8IiQHoxvSpGaPUKMkBYtXAaNHHE2oZYB6cDewRz6XymbAqRsGnQWIWg4QayVT4BuEeZ4ohgfHyrydpK9SNlIhkcBS66YAQo4Yozzum9yvyUMxuJveE+Dk00yubEyQTshf8vnMJrgTD4P2QdvY6xRWj3gMrhLUnizAyiCVCwigaBjRBJo9o4QyiwHhLPOqtXYaeXp5K5mD6TFvGyhXUnfI5NeQ9rRttUsjrNn+tXSlBgoKzT4pAp00dY8ITuCgJDCDD4Iwi6RDaQXrgWGHEqQeExqb5AOdOZgAspWQ1hgY2208JUMT7c\/t6g4J5Iqp5GOkhGMTWah1WxofZR1M5WL2j01DPqfC2SN0YrO602LtxUKzPk3I28EhD62aRbKwS7NPeqGFaPvV5zPutWCVfG+JX2Ufo1iWGiRVf1ixHdLQ9YmhTAj3m9sUMJGrHCdzTLQY+KQF2nTPnXQJd\/08ujbmO+WeGVXS1sXqFVlofyQo1TnpR3mRHVQbh4zcov+B9EvyAXlsjNYD1CV3Zelm+7CaSLFgoZ6LAI+Ag\/eK6y\/YnxXt4lUaciETlQB8N0COUaUVQt6xY9LdDmdi1OkgaWs9ILSIMSX95n7KvZ+VWJVroEp9jPE5A05bMBndwUfhDKz\/aGrqtOEgkJL8ygc6U8yYweoisAL5cxhBSpW7Xd8hWaIFlpc0m4EBGs0tqVpIS4Ty26L1eCeTbnu85GcN9dpax\/d0tjGe5zZWgszvkGddnAdyrjjja3oKfm1uYPb14vTP8Flx9QgsTZXVrf2tlcb76hnQ3qdBY+OFYfHzd3NjY3F8NtniltdqHLxP04uw2bS7fhEy6nKAmm+v+4wGc38Ao3T6\/sZz6U27mK6R8=\" \/> \t\t<a href=\"https:\/\/www.pdf24.org\" target=\"_blank\" title=\"www.pdf24.org\" rel=\"nofollow\"><img src=\"https:\/\/www.hohenlohe-ungefiltert.de\/wp-content\/plugins\/pdf24-post-to-pdf\/img\/pdf_32x32.png\" alt=\"\" border=\"0\" height=\"32\" \/><\/a> \t\t<span class=\"pdf24Plugin-cp-space\">&nbsp;&nbsp;<\/span> \t\t<span class=\"pdf24Plugin-cp-text\">Sende Artikel als PDF<\/span> \t\t<span class=\"pdf24Plugin-cp-space\">&nbsp;&nbsp;<\/span> \t\t<input class=\"pdf24Plugin-cp-input\" style=\"margin: 0px;\" type=\"text\" name=\"sendEmailTo\" placeholder=\"Emailadresse\" \/> \t\t<input class=\"pdf24Plugin-cp-submit\" style=\"margin: 0px;\" type=\"submit\" value=\"Senden\" \/> \t<\/form> <\/div>","protected":false},"excerpt":{"rendered":"<p>Die Europa-Abgeordnete Evelyne Gebhardt (SPD) l\u00e4dt am Donnerstag, 18. Juni 2020, um 17.30 Uhr zu \u201eFacebook live\u201c. Sie spricht mit Kl\u00e1ra Dobrev, der Vizepr\u00e4sidentin des Europ\u00e4ischen Parlaments \u00fcber das Thema &#8222;Ungarn und die EU&#8220;. Das Gespr\u00e4ch findet auf Evelyne Gebhardts Facebook-Profil statt: https:\/\/www.facebook.com\/evelyne.gebhardt.eu \u00dcber den Chat k\u00f6nnen die Zuschauerinnen und Zuschauer auch Fragen an die [&hellip;]<\/p>\n","protected":false},"author":1,"featured_media":0,"comment_status":"open","ping_status":"open","sticky":false,"template":"","format":"standard","meta":[],"categories":[1],"tags":[],"_links":{"self":[{"href":"https:\/\/www.hohenlohe-ungefiltert.de\/index.php?rest_route=\/wp\/v2\/posts\/26794"}],"collection":[{"href":"https:\/\/www.hohenlohe-ungefiltert.de\/index.php?rest_route=\/wp\/v2\/posts"}],"about":[{"href":"https:\/\/www.hohenlohe-ungefiltert.de\/index.php?rest_route=\/wp\/v2\/types\/post"}],"author":[{"embeddable":true,"href":"https:\/\/www.hohenlohe-ungefiltert.de\/index.php?rest_route=\/wp\/v2\/users\/1"}],"replies":[{"embeddable":true,"href":"https:\/\/www.hohenlohe-ungefiltert.de\/index.php?rest_route=%2Fwp%2Fv2%2Fcomments&post=26794"}],"version-history":[{"count":4,"href":"https:\/\/www.hohenlohe-ungefiltert.de\/index.php?rest_route=\/wp\/v2\/posts\/26794\/revisions"}],"predecessor-version":[{"id":26798,"href":"https:\/\/www.hohenlohe-ungefiltert.de\/index.php?rest_route=\/wp\/v2\/posts\/26794\/revisions\/26798"}],"wp:attachment":[{"href":"https:\/\/www.hohenlohe-ungefiltert.de\/index.php?rest_route=%2Fwp%2Fv2%2Fmedia&parent=26794"}],"wp:term":[{"taxonomy":"category","embeddable":true,"href":"https:\/\/www.hohenlohe-ungefiltert.de\/index.php?rest_route=%2Fwp%2Fv2%2Fcategories&post=26794"},{"taxonomy":"post_tag","embeddable":true,"href":"https:\/\/www.hohenlohe-ungefiltert.de\/index.php?rest_route=%2Fwp%2Fv2%2Ftags&post=26794"}],"curies":[{"name":"wp","href":"https:\/\/api.w.org\/{rel}","templated":true}]}}