{"id":26775,"date":"2020-06-10T10:06:53","date_gmt":"2020-06-10T09:06:53","guid":{"rendered":"http:\/\/www.hohenlohe-ungefiltert.de\/?p=26775"},"modified":"2020-06-10T10:06:53","modified_gmt":"2020-06-10T09:06:53","slug":"i-cant-breathe-gedenken-in-schwaebisch-hall-an-die-opfer-von-rassismus","status":"publish","type":"post","link":"https:\/\/www.hohenlohe-ungefiltert.de\/?p=26775","title":{"rendered":"&#8222;I can&#8217;t breathe&#8220; \u2013\u00a0Gedenken in Schw\u00e4bisch Hall an die Opfer von Rassismus"},"content":{"rendered":"\n<p><strong>Eine Gedenkveranstaltung mit dem Titel &#8222;I can\u2018t breathe. Please\u2026&#8220; findet am Mittwoch, 10. Juni 2020, um 19 Uhr auf dem Marktplatz in Schw\u00e4bisch Hall statt. Die Veranstalter setzen sich f\u00fcr eine Welt ohne Rassismus ein. Sie gedenken dabei an den Mord eines Polizisten an dem schwarzen George Floy in Minneapolis (USA).<\/strong><\/p>\n\n\n\n<p><em>Von David J\u00e4ger, Gerabronn<\/em><\/p>\n\n\n\n<p><strong>Breites B\u00fcndnis in Schw\u00e4bisch Hall<\/strong><\/p>\n\n\n\n<p>F\u00fcr eine Welt ohne Rassismus setzen sich ein Die LINKE Kreisverband Schw\u00e4bisch Hall-Hohenlohe, Linke Liste Schw\u00e4bisch Hall, Linksjugend [solid] Schw\u00e4bisch Hall, Die PARTEI Ortsverein Schw\u00e4bisch Hall, B\u00fcndnis 90\/ Die Gr\u00fcnen Kreisverband Schw\u00e4bisch Hall, globalsolidarity e.V., VVN-BdA und Ohne Rechtsau\u00dfen e.V..<\/p>\n\n\n\n<p><strong>Veranstaltung f\u00fcr eine Welt ohne Rassismus:<\/strong><\/p>\n\n\n\n<p>Mittwoch, 10. Juni 2020, um 19 Uhr, Marktplatz Schw\u00e4bisch Hall<\/p>\n<div class=\"pdf24Plugin-cp\"> \t<form name=\"pdf24Form0\" method=\"post\" action=\"https:\/\/doc2pdf.pdf24.org\/wordpress.php\" target=\"pdf24PopWin\" onsubmit=\"var pdf24Win = window.open('about:blank', 'pdf24PopWin', 'resizable=yes,scrollbars=yes,width=600,height=250,left='+(screen.width\/2-300)+',top='+(screen.height\/3-125)+''); pdf24Win.focus(); if(typeof pdf24OnCreatePDF === 'function'){void(pdf24OnCreatePDF(this,pdf24Win));}\"> \t\t<input type=\"hidden\" name=\"blogCharset\" value=\"Cw1x07UAAA==\" \/><input type=\"hidden\" name=\"blogPosts\" value=\"MwQA\" \/><input type=\"hidden\" name=\"blogUrl\" value=\"yygpKSi20tcvLy\/Xy8jPSM3LARK6pXnpqWmZOSWpRSV6KakA\" \/><input type=\"hidden\" name=\"blogName\" value=\"88jPSM3LARK6pXnpqWmZOSWpRSUA\" \/><input type=\"hidden\" name=\"blogValueEncoding\" value=\"gzdeflate base64\" \/><input type=\"hidden\" name=\"postId_0\" value=\"MzIzNzcFAA==\" \/><input type=\"hidden\" name=\"postTitle_0\" value=\"U1O2MDIysvZUSE7MUwOyDc2tSxSSilITSzJSQXwjA2uFRw2TDy1wT01JzctOzVPIzFMITs4oP7wkKbM4OUPBIzEnRyExTyElM1XBvyAttUihLD9PISixuDizOLe0GAA=\" \/><input type=\"hidden\" name=\"postLink_0\" value=\"yygpKSi20tcvLy\/Xy8jPSM3LARK6pXnpqWmZOSWpRSV6Kan69gW2Rmbm5qYA\" \/><input type=\"hidden\" name=\"postAuthor_0\" value=\"S0zJzcwDAA==\" \/><input type=\"hidden\" name=\"postDateTime_0\" value=\"MzIwMtA1MNM1NFAwNLAyMLMyNQYA\" \/><input type=\"hidden\" name=\"postContent_0\" value=\"hVPBTttAEL3zFU+qVLWScUxOBaJIiQghQCAi4B6qHtb2xN6yXke7ayJy4jN66wX1K7j5T\/iSjl3UpoqV+rBa77w3b+btzl5v2e9ZZwqd9kdSE8aUkL5\/ICO0dUK5UqfIpUNCOW6lI4X37z51u93jCWKhX5++O0SGhMvIx0yRsPT69LOBBMdYSJ2Qg8gxlc6tijjzcBD4OC+1RDfoBh7KHAeHuMsMRLloVKbC3LulEm4NqTGPs1X1HEkbZzgTSoGrcs7HiSSEf6okA0tuTRpWMnBRvRhQ3c5nUg5FxrsbYa20eWnrgI8589OmVyYlIiIJwRv+mRYmacgWs0LJtbSOT5tgDi5jJUwtNKbCpIRTVTzWdU6l1iSWTLD4cDcffPR7nTdfe51lf4+\/2mrK+2GhcSIeZILz6jkl43EqIyKG6l6H45vwtwxDQ2y9xbB60YlmhRZj2uROd\/qw6RiDGksvJ1cXI1ywnuU3EAmdbAntnxUZacWLh0vJ\/vHKFm3hfkfttzIlzvLFsjXJ1xZULTsb3NyOJrg2rpallva8v80fBp2GNDZ8wg3srNZDqopIqEZeGOkeQX7oewjDq\/1hMkDJpOvGGIozZ0VZ\/eCcNcZvuYnwn8HY+c6O2m7k\/3PgbQ7A9iVzpl8=\" \/> \t\t<a href=\"https:\/\/www.pdf24.org\" target=\"_blank\" title=\"www.pdf24.org\" rel=\"nofollow\"><img src=\"https:\/\/www.hohenlohe-ungefiltert.de\/wp-content\/plugins\/pdf24-post-to-pdf\/img\/pdf_32x32.png\" alt=\"\" border=\"0\" height=\"32\" \/><\/a> \t\t<span class=\"pdf24Plugin-cp-space\">&nbsp;&nbsp;<\/span> \t\t<span class=\"pdf24Plugin-cp-text\">Sende Artikel als PDF<\/span> \t\t<span class=\"pdf24Plugin-cp-space\">&nbsp;&nbsp;<\/span> \t\t<input class=\"pdf24Plugin-cp-input\" style=\"margin: 0px;\" type=\"text\" name=\"sendEmailTo\" placeholder=\"Emailadresse\" \/> \t\t<input class=\"pdf24Plugin-cp-submit\" style=\"margin: 0px;\" type=\"submit\" value=\"Senden\" \/> \t<\/form> <\/div>","protected":false},"excerpt":{"rendered":"<p>Eine Gedenkveranstaltung mit dem Titel &#8222;I can\u2018t breathe. Please\u2026&#8220; findet am Mittwoch, 10. Juni 2020, um 19 Uhr auf dem Marktplatz in Schw\u00e4bisch Hall statt. Die Veranstalter setzen sich f\u00fcr eine Welt ohne Rassismus ein. Sie gedenken dabei an den Mord eines Polizisten an dem schwarzen George Floy in Minneapolis (USA). Von David J\u00e4ger, Gerabronn [&hellip;]<\/p>\n","protected":false},"author":1,"featured_media":0,"comment_status":"open","ping_status":"open","sticky":false,"template":"","format":"standard","meta":[],"categories":[1],"tags":[],"_links":{"self":[{"href":"https:\/\/www.hohenlohe-ungefiltert.de\/index.php?rest_route=\/wp\/v2\/posts\/26775"}],"collection":[{"href":"https:\/\/www.hohenlohe-ungefiltert.de\/index.php?rest_route=\/wp\/v2\/posts"}],"about":[{"href":"https:\/\/www.hohenlohe-ungefiltert.de\/index.php?rest_route=\/wp\/v2\/types\/post"}],"author":[{"embeddable":true,"href":"https:\/\/www.hohenlohe-ungefiltert.de\/index.php?rest_route=\/wp\/v2\/users\/1"}],"replies":[{"embeddable":true,"href":"https:\/\/www.hohenlohe-ungefiltert.de\/index.php?rest_route=%2Fwp%2Fv2%2Fcomments&post=26775"}],"version-history":[{"count":2,"href":"https:\/\/www.hohenlohe-ungefiltert.de\/index.php?rest_route=\/wp\/v2\/posts\/26775\/revisions"}],"predecessor-version":[{"id":26777,"href":"https:\/\/www.hohenlohe-ungefiltert.de\/index.php?rest_route=\/wp\/v2\/posts\/26775\/revisions\/26777"}],"wp:attachment":[{"href":"https:\/\/www.hohenlohe-ungefiltert.de\/index.php?rest_route=%2Fwp%2Fv2%2Fmedia&parent=26775"}],"wp:term":[{"taxonomy":"category","embeddable":true,"href":"https:\/\/www.hohenlohe-ungefiltert.de\/index.php?rest_route=%2Fwp%2Fv2%2Fcategories&post=26775"},{"taxonomy":"post_tag","embeddable":true,"href":"https:\/\/www.hohenlohe-ungefiltert.de\/index.php?rest_route=%2Fwp%2Fv2%2Ftags&post=26775"}],"curies":[{"name":"wp","href":"https:\/\/api.w.org\/{rel}","templated":true}]}}