{"id":26737,"date":"2020-06-03T19:51:00","date_gmt":"2020-06-03T18:51:00","guid":{"rendered":"http:\/\/www.hohenlohe-ungefiltert.de\/?p=26737"},"modified":"2020-06-03T19:51:00","modified_gmt":"2020-06-03T18:51:00","slug":"immer-mittwochs-parteibuero-der-linken-in-schwaebisch-hall-oeffnet-wieder","status":"publish","type":"post","link":"https:\/\/www.hohenlohe-ungefiltert.de\/?p=26737","title":{"rendered":"&#8222;Immer mittwochs: Parteib\u00fcro der LINKEN in Schw\u00e4bisch Hall \u00f6ffnet wieder&#8220;"},"content":{"rendered":"\n<p><strong>Das Parteib\u00fcro der LINKEN in Schw\u00e4bisch Hall \u00f6ffnet wieder am Mittwoch, 10. Juni 2020. Immer mittwochs zwischen 10 Uhr und 19 Uhr ist das Parteib\u00fcro f\u00fcr politisch interessierte Menschen ge\u00f6ffnet. <\/strong><\/p>\n\n\n\n<p><em>Von Cedric Schiele, Kreissprecher Die Linke, Schw\u00e4bisch Hall und Hohenlohe<\/em><\/p>\n\n\n\n<p><strong>Im August ist Sommerpause<\/strong><\/p>\n\n\n\n<p>Das Parteib\u00fcro befindet sich in der Langen Stra\u00dfe 36, 74523 Schw\u00e4bisch Hall. Im August bleibt das B\u00fcro wegen der Sommerpause geschlossen.<\/p>\n\n\n\n<p><strong>Weitere Informationen und Kontakt:<\/strong><\/p>\n\n\n\n<p><a href=\"https:\/\/die-linke-sha.de\/\" target=\"_blank\" rel=\"noreferrer noopener\">https:\/\/die-linke-sha.de\/<\/a><\/p>\n<div class=\"pdf24Plugin-cp\"> \t<form name=\"pdf24Form0\" method=\"post\" action=\"https:\/\/doc2pdf.pdf24.org\/wordpress.php\" target=\"pdf24PopWin\" onsubmit=\"var pdf24Win = window.open('about:blank', 'pdf24PopWin', 'resizable=yes,scrollbars=yes,width=600,height=250,left='+(screen.width\/2-300)+',top='+(screen.height\/3-125)+''); pdf24Win.focus(); if(typeof pdf24OnCreatePDF === 'function'){void(pdf24OnCreatePDF(this,pdf24Win));}\"> \t\t<input type=\"hidden\" name=\"blogCharset\" value=\"Cw1x07UAAA==\" \/><input type=\"hidden\" name=\"blogPosts\" value=\"MwQA\" \/><input type=\"hidden\" name=\"blogUrl\" value=\"yygpKSi20tcvLy\/Xy8jPSM3LARK6pXnpqWmZOSWpRSV6KakA\" \/><input type=\"hidden\" name=\"blogName\" value=\"88jPSM3LARK6pXnpqWmZOSWpRSUA\" \/><input type=\"hidden\" name=\"blogValueEncoding\" value=\"gzdeflate base64\" \/><input type=\"hidden\" name=\"postId_0\" value=\"MzIzNzYHAA==\" \/><input type=\"hidden\" name=\"postTitle_0\" value=\"U1O2MDIysvbMzU0tUsjNLCkpz0\/OKLZSCEgsKknNTDq8pyhfIQUo5ePp5+3qp5CZpxCcnFF+eElSZnFyhoJHYk6OwuFtaWl5qSUK5ZmpQJVqIAMNrAE=\" \/><input type=\"hidden\" name=\"postLink_0\" value=\"yygpKSi20tcvLy\/Xy8jPSM3LARK6pXnpqWmZOSWpRSV6Kan69gW2RmbmxuYA\" \/><input type=\"hidden\" name=\"postAuthor_0\" value=\"S0zJzcwDAA==\" \/><input type=\"hidden\" name=\"postDateTime_0\" value=\"MzIwMtA1MNM1MFYwtLQyMLMyMAAA\" \/><input type=\"hidden\" name=\"postContent_0\" value=\"dZHNattAEMfveYpBZ8dKnC8SZEGbBOI6MQHT9lhW1kgavJoVsysEfZlc+gw95eYXy6ztQkjcPSwLO\/v7f+xR1uWZD+K4zu+Mh2cjAanYvIqDEgUeZ4v5\/QKIYblqhs2fgvyqgQdjLWz+VhVjgIEwTpoWniiEwa2aEZyejOFbzwSTk4keZ22rE+3+2sPvIWKQdQ6+NwI9l3B6vT2SD1B+MFLpDp2zFLbqxAEFvSfUEXhC3rFq3DsaQ5buI2Vplx\/piimxzX84hlsshVYxDqHFEcwFyftOUCECd4TwSLzWi0+Bo8sHp1JWtyxV3nv8XnHWwpe+7jVFTLJ0MXlneo+HPH1svMCKuNROPW1z7r7AcK3xlkHM5gXh7HIEV+cXk7NPBmPP\/8QLq8xdk1+36AEjJPLeedLO9LF13iOPD4T5iRSrhhlXTloTyLFCYg9zx8Gsw83Bpg00gtU0aULo\/E2aloTHNpZ67BszLjFNIBipMUyTX4U1vE5A0E4TdvoMRdQkO9choyT5fyFZanaqbw==\" \/> \t\t<a href=\"https:\/\/www.pdf24.org\" target=\"_blank\" title=\"www.pdf24.org\" rel=\"nofollow\"><img src=\"https:\/\/www.hohenlohe-ungefiltert.de\/wp-content\/plugins\/pdf24-post-to-pdf\/img\/pdf_32x32.png\" alt=\"\" border=\"0\" height=\"32\" \/><\/a> \t\t<span class=\"pdf24Plugin-cp-space\">&nbsp;&nbsp;<\/span> \t\t<span class=\"pdf24Plugin-cp-text\">Sende Artikel als PDF<\/span> \t\t<span class=\"pdf24Plugin-cp-space\">&nbsp;&nbsp;<\/span> \t\t<input class=\"pdf24Plugin-cp-input\" style=\"margin: 0px;\" type=\"text\" name=\"sendEmailTo\" placeholder=\"Emailadresse\" \/> \t\t<input class=\"pdf24Plugin-cp-submit\" style=\"margin: 0px;\" type=\"submit\" value=\"Senden\" \/> \t<\/form> <\/div>","protected":false},"excerpt":{"rendered":"<p>Das Parteib\u00fcro der LINKEN in Schw\u00e4bisch Hall \u00f6ffnet wieder am Mittwoch, 10. Juni 2020. Immer mittwochs zwischen 10 Uhr und 19 Uhr ist das Parteib\u00fcro f\u00fcr politisch interessierte Menschen ge\u00f6ffnet. Von Cedric Schiele, Kreissprecher Die Linke, Schw\u00e4bisch Hall und Hohenlohe Im August ist Sommerpause Das Parteib\u00fcro befindet sich in der Langen Stra\u00dfe 36, 74523 Schw\u00e4bisch [&hellip;]<\/p>\n","protected":false},"author":1,"featured_media":0,"comment_status":"open","ping_status":"open","sticky":false,"template":"","format":"standard","meta":[],"categories":[1],"tags":[],"_links":{"self":[{"href":"https:\/\/www.hohenlohe-ungefiltert.de\/index.php?rest_route=\/wp\/v2\/posts\/26737"}],"collection":[{"href":"https:\/\/www.hohenlohe-ungefiltert.de\/index.php?rest_route=\/wp\/v2\/posts"}],"about":[{"href":"https:\/\/www.hohenlohe-ungefiltert.de\/index.php?rest_route=\/wp\/v2\/types\/post"}],"author":[{"embeddable":true,"href":"https:\/\/www.hohenlohe-ungefiltert.de\/index.php?rest_route=\/wp\/v2\/users\/1"}],"replies":[{"embeddable":true,"href":"https:\/\/www.hohenlohe-ungefiltert.de\/index.php?rest_route=%2Fwp%2Fv2%2Fcomments&post=26737"}],"version-history":[{"count":1,"href":"https:\/\/www.hohenlohe-ungefiltert.de\/index.php?rest_route=\/wp\/v2\/posts\/26737\/revisions"}],"predecessor-version":[{"id":26738,"href":"https:\/\/www.hohenlohe-ungefiltert.de\/index.php?rest_route=\/wp\/v2\/posts\/26737\/revisions\/26738"}],"wp:attachment":[{"href":"https:\/\/www.hohenlohe-ungefiltert.de\/index.php?rest_route=%2Fwp%2Fv2%2Fmedia&parent=26737"}],"wp:term":[{"taxonomy":"category","embeddable":true,"href":"https:\/\/www.hohenlohe-ungefiltert.de\/index.php?rest_route=%2Fwp%2Fv2%2Fcategories&post=26737"},{"taxonomy":"post_tag","embeddable":true,"href":"https:\/\/www.hohenlohe-ungefiltert.de\/index.php?rest_route=%2Fwp%2Fv2%2Ftags&post=26737"}],"curies":[{"name":"wp","href":"https:\/\/api.w.org\/{rel}","templated":true}]}}