{"id":26671,"date":"2020-05-23T12:02:03","date_gmt":"2020-05-23T11:02:03","guid":{"rendered":"http:\/\/www.hohenlohe-ungefiltert.de\/?p=26671"},"modified":"2020-05-23T12:02:03","modified_gmt":"2020-05-23T11:02:03","slug":"demokratinnen-und-demokraten-fuer-das-grundgesetz-erklaerung-des-landesnetzwerks-politische-bildung-baden-wuerttemberg","status":"publish","type":"post","link":"https:\/\/www.hohenlohe-ungefiltert.de\/?p=26671","title":{"rendered":"&#8222;Demokratinnen und Demokraten f\u00fcr das Grundgesetz&#8220; \u2013\u00a0Erkl\u00e4rung des Landesnetzwerks Politische Bildung Baden-W\u00fcrttemberg"},"content":{"rendered":"\n<p><strong>Eine Erkl\u00e4rung mit dem Titel &#8222;Demokratinnen und Demokraten f\u00fcr das Grundgesetz&#8220; hat das Landesnetzwerk Politische Bildung Baden-W\u00fcrttemberg zum 23. Mai 2020 ver\u00f6ffentlicht \u2013\u00a0zum 71. Jahrestag der Verk\u00fcndung des Grundgesetzes.<\/strong><\/p>\n\n\n\n<p><em>Vom Landesnetzwerk Politische Bildung Baden-W\u00fcrttemberg<\/em><\/p>\n\n\n\n<p><strong>Damals vor 71 Jahren\u2026<\/strong><\/p>\n\n\n\n<p>begr\u00fcndeten die V\u00e4ter und M\u00fctter des Grundgesetzes unsere demokratische Ordnung. Ihr Verfassungswerk markiert die Abkehr von der nationalsozialistischen Herrschaft, einer Herrschaft der Willk\u00fcr, des Terrors und der Gewalt. An seinen Anfang setzten sie daher die Verpflichtung zum Schutz der Menschenw\u00fcrde.<\/p>\n\n\n\n<p><strong>Seit 1949\u2026<\/strong><\/p>\n\n\n\n<p>legt das Grundgesetz mit seinen Grundrechten und anderen Normen eine stabile Basis f\u00fcr unser demokratisches Zusammenleben. Es sch\u00fctzt die Freiheiten der Einzelnen und begr\u00fcndet staatliche Pflichten. Alle Eingriffe in Rechte sind parlamentarischer und gerichtlicher Kontrolle unterworfen.<\/p>\n\n\n\n<p><strong>Heute, 71 Jahre sp\u00e4ter\u2026<\/strong><\/p>\n\n\n\n<p>erleben wir in Corona-Zeiten schwierige Monate einer in der Geschichte der Bundesrepublik einmaligen Einschr\u00e4nkung von Grundrechten. Wir wissen, wie kompliziert und doch wichtig es ist, diese Freiheiten in verantwortungsbewusster und wissenschaftlich fundierter Auseinander- setzung mit der Pandemie St\u00fcck f\u00fcr St\u00fcck sicherzustellen.<\/p>\n\n\n\n<p><strong>Weiterhin gilt,\u2026<\/strong><\/p>\n\n\n\n<p>dass das Grundgesetz unser aller Freiheit verbrieft. Aber es setzt die Freiheit des Einzelnen nicht absolut. Die Freiheit des Einzelnen endet dort, wo sie in die Freiheit und Unversehrtheit anderer eingreift. Dieser Freiheitsbegriff fordert zu st\u00e4ndiger Abw\u00e4gung auf; f\u00fchrt zu parlamentarisch legitimierten Vereinbarungen und Regeln; baut auf Verantwortung und darauf, dass sich alle unter Wahrung der Minderheitenrechte an Mehrheitsentscheidungen halten. Dies ist ein Grundprinzip unserer Demokratie.<\/p>\n\n\n\n<p><strong>Auch jetzt gilt:<\/strong><\/p>\n\n\n\n<p>Gesetzgebung, vollziehende Gewalt und Rechtsprechung der freiheitlichen demokratischen Grundordnung sind durch Grundrechte auf die W\u00fcrde des Menschen verpflichtet. Deshalb gilt auch w\u00e4hrend der Pandemie die im Grundgesetz garantierte Versammlungsfreiheit und der Rechtsweg zur gerichtlichen Pr\u00fcfung der derzeitigen Einschr\u00e4nkung von Freiheitsrechten. Es ist aber nicht akzeptabel, dass die vermeintliche Verteidigung der Verfassung mit L\u00fcge und Hass ausgetragen wird. Ebenso wenig kann hingenommen werden, dass bei Demonstrationen f\u00fcr das Grundgesetz das Grundgesetz durch Worte und Handlungen mit F\u00fc\u00dfen getreten wird.<br>Wer mit extremistischen Kr\u00e4ften Seite an Seite demonstriert, vertieft die Spaltung der Gesellschaft. Wer die Regeln zum Schutz der Gesundheit nicht einh\u00e4lt, gef\u00e4hrdet andere und verh\u00f6hnt den Rechtsstaat. Wer Verschw\u00f6rungsmythen verbreitet, Ressentiments sch\u00fcrt und andere zu S\u00fcndenb\u00f6cken erkl\u00e4rt, hat nicht verstanden, welche Botschaft uns das Grundgesetz vermittelt.<\/p>\n\n\n\n<p><strong>Das Grundgesetz ist eine Botschaft der Menschenw\u00fcrde, der Freiheit und Toleranz!<\/strong><\/p>\n\n\n\n<p><strong>Es vertraut auf die Vernunft und Verantwortung von B\u00fcrgerinnen und B\u00fcrgern, diese Botschaft mit Leben zu f\u00fcllen!<\/strong><\/p>\n\n\n\n<p><strong>Bewahren wir den Geist unserer Verfassung!<\/strong><\/p>\n\n\n\n<p><strong>Weitere Informationen und Kontakt:<\/strong><\/p>\n\n\n\n<p><strong>Aktuelle Online-Dossiers zum Grundgesetz<\/strong><\/p>\n\n\n\n<p>Auf der Homepage der LpB finden Sie umfangreiche Informationen rund um Entstehung, Inhalt und Bedeutung des Grundgesetzes. Hier bieten wir Ihnen auch ein Dossier zum Thema \u201eDas Grundgesetz und die Corona-Pandemie\u201c.<\/p>\n\n\n\n<p><a rel=\"noreferrer noopener\" href=\"https:\/\/www.lpb-bw.de\/verfassungstag-23mai\" target=\"_blank\">https:\/\/www.lpb-bw.de\/verfassungstag-23mai<\/a><\/p>\n\n\n\n<p><a href=\"https:\/\/www.lpb-bw.de\/grundrechte-und-corona\" target=\"_blank\" rel=\"noreferrer noopener\">https:\/\/www.lpb-bw.de\/grundrechte-und-corona<\/a><\/p>\n\n\n\n<p><strong>Landesnetzwerk politische Bildung zum 71. Jahrestag des Grundgesetzes<\/strong><\/p>\n\n\n\n<p>Das Landesnetzwerk politische Bildung Baden-W\u00fcrttemberg hat zum diesj\u00e4hrigen Grundgesetzgeburtstag eine Erkl\u00e4rung ver\u00f6ffentlicht. In dem B\u00fcndnis engagieren sich zahlreiche politische, gesellschaftliche und kirchliche Einrichtungen der politischen Bildung in Baden-W\u00fcrttemberg.<\/p>\n\n\n\n<p><a href=\"https:\/\/www.lpb-bw.de\/demokraten-gg\" target=\"_blank\" rel=\"noreferrer noopener\">https:\/\/www.lpb-bw.de\/demokraten-gg<\/a><\/p>\n\n\n\n<p><strong>WERTSACHEN \u2013 Gespr\u00e4chsreihe der Landtagspr\u00e4sidentin<\/strong><\/p>\n\n\n\n<p>Die j\u00e4hrliche Veranstaltung der Pr\u00e4sidentin des Landtags von Baden-W\u00fcrttemberg, Muhterem Aras, (MdL), zum Grundgesetzgeburtstag kann dieses Jahr wegen der Corona-Pandemie nicht stattfinden. Aber aufgeschoben ist nicht aufgehoben. Anbei finden Sie ein Schreiben der Landtagspr\u00e4sidentin zum 23. Mai und einen Hinweis auf den n\u00e4chsten Termin in der Gespr\u00e4chsreihe WERTSACHEN am 1. Oktober 2020.<\/p>\n\n\n\n<p><a href=\"https:\/\/www.landtag-bw.de\/home\/aktuelles\/wertsachen\/tag-des-grundgesetzes-am-23-mai.html\" target=\"_blank\" rel=\"noreferrer noopener\">https:\/\/www.landtag-bw.de\/home\/aktuelles\/wertsachen\/tag-des-grundgesetzes-am-23-mai.html<\/a><\/p>\n\n\n\n<p><strong>Landeszentrale f\u00fcr politische Bildung Baden-W\u00fcrttemberg (LpB),  Lautenschlagerstra\u00dfe 20, 70173 Stuttgart:<\/strong><\/p>\n\n\n\n<p><strong>Internet:<\/strong> <a href=\"http:\/\/www.lpb-bw.de\/\">www.lpb-bw.de<\/a><\/p>\n<div class=\"pdf24Plugin-cp\"> \t<form name=\"pdf24Form0\" method=\"post\" action=\"https:\/\/doc2pdf.pdf24.org\/wordpress.php\" target=\"pdf24PopWin\" onsubmit=\"var pdf24Win = window.open('about:blank', 'pdf24PopWin', 'resizable=yes,scrollbars=yes,width=600,height=250,left='+(screen.width\/2-300)+',top='+(screen.height\/3-125)+''); pdf24Win.focus(); if(typeof pdf24OnCreatePDF === 'function'){void(pdf24OnCreatePDF(this,pdf24Win));}\"> \t\t<input type=\"hidden\" name=\"blogCharset\" value=\"Cw1x07UAAA==\" \/><input type=\"hidden\" name=\"blogPosts\" value=\"MwQA\" \/><input type=\"hidden\" name=\"blogUrl\" value=\"yygpKSi20tcvLy\/Xy8jPSM3LARK6pXnpqWmZOSWpRSV6KakA\" \/><input type=\"hidden\" name=\"blogName\" value=\"88jPSM3LARK6pXnpqWmZOSWpRSUA\" \/><input type=\"hidden\" name=\"blogValueEncoding\" value=\"gzdeflate base64\" \/><input type=\"hidden\" name=\"postId_0\" value=\"MzIzMzcEAA==\" \/><input type=\"hidden\" name=\"postTitle_0\" value=\"U1O2MDIysnZJzc3PLkosyczLS81TKM1LUYCJALlph\/cUKaQkFiu4FwFl0lOLU0uq1ED6DKwVHjVMPrTAtSg75\/ASoGS6QkpqsYJPYh6QygOqKk8tyi5WCMjPySzJLE7OSFVwysxJASlzSkxJzdMNBxpcUpKam5RalA4A\" \/><input type=\"hidden\" name=\"postLink_0\" value=\"yygpKSi20tcvLy\/Xy8jPSM3LARK6pXnpqWmZOSWpRSV6Kan69gW2RmZm5oYA\" \/><input type=\"hidden\" name=\"postAuthor_0\" value=\"S0zJzcwDAA==\" \/><input type=\"hidden\" name=\"postDateTime_0\" value=\"MzIwMtA1MNU1MlYwNLIyMLUyMAYA\" \/><input type=\"hidden\" name=\"postContent_0\" value=\"rVjNbhzHEb77KToMEDjA\/khUAMUWRYA0aVG2aBEiIwK+BD2cmpn2zvQMunu0yZ70Dr4aSQ5EHkEnnrJvoifJV9W9f9ylojgRIHC2p7t+v\/qqer446A4PfHCtLQ9PjSV16ib1\/Nb1tlSNCSqnRl2ZQLX63W\/\/uL+\/\/+yEmnbidDDWklW9zdViBT+L+Z1TufbqBQTkJXkKMzn36JmqdJBXr7TNyVu8mZKbqIu2NsH4m4rUsalz1nusc7LDa8gKgZqMXKlmfaP2n4zUuTZq\/9H+I\/WO3PxDUZANtbmpgvr4\/ud\/\/YN3PX08Ut\/pypEPuoT5Tr2FmvmdFdHQvG4b+dHBOHl\/MO4Ov8A\/Dgg1h2\/b5leZejDG4XVZSfyJbnTt1bvWwcRoof34\/p+71GdUOjaYOKS5IfV2fhvgCAf7fH4X+HnLEbz15IgTFvMjdr52uYWdI\/WykkAU2nv89uJPo93EkAui4yibEPa8a60EzUJCa2FxOzO6Nj7Ks+qMnMOTLsJAEfDi1lbk4LWpa4TbDcTEK7xsnRfT+e0Lmuo6jNSRVZ6PWzwVGoFkJ9hdD1NyXbGH7Di5rpAEc7A5vZc3VR9mIuucrNg0hbacRjtifklA8OOv\/vDVA4GuqQz34SqoT7bJsiOoT1BnPCBv6ofWNfjDuxRwlpkakNDe+FgBkorNTHj1Y+91g1M1ZWRH6tQrrCObsxj\/bx2ZCvZSjD9qcUb1osRWiGB1WjBP6iKGhqUd1bAAZ0pnUBTKWPVGzEY8cbzTrtZQHbQTYyKUSnJ8XGQ59X1rER8W01sAbNo6FNeuoJ5RH2iwBLHynaDzgRCTE3\/V1Di26psWG\/Twx+gobJkCgKYkdY5lmBshZWwCCzaIh\/LzuOdqdNT1WW0mvBUVhbOWHcdON7+1E8YJY3g9dSOA0sEC78kO8JfUpG262swE\/ALN9qbCC+w2pUKugPcBZ8Vv5AVmgXa0DQgOA9JnNO29X5RmVBBLgYOqCqyyCrw\/6hlSAp+hYH3Fr05d8HoDsy7D\/O5mEjGUnr1kZ9ZDC3KzMyHXbJ2rYF1p6jB4IBGAud\/CegSqhmS3dJR9zJyhgssUjMbxkOrcgKlU9wqkVkhYZ76te5w7eXgnCYpzRBCpaKXejd0UzcH8k4UZHowUZCkWnuOkl9hWRB1+zWzPNQLwq6IFGyCvsx61AkjkgAgSkE3ntyVHXffFMw5xFffcqw0FTgDJN5I3ywQElZnmfphq8Q2V8OSZynQfWBjvWWEiwkk7vBgoiTlnUEIcC0tdo2piKwKFGfYrwiuCFZ6C2CpZA5oCl6vJo\/YK1MloZs8ZohyNmM7OIb6mSz3ALVuy2UmLRz0s+klSyoj5ehdcXghASsqgeoCKqmtUS8XJSxyeYgGbfcemL1wqUj6EVuwmCSZr29iUIjflvYM1a+UqMWU8XAuvC3wWVM\/YTA2BGALkEZNMvMAxruH5LTfWfLOuWJppNpBfak6aZJkTyNRcc0kX6yBkIdHFKXH7cRucadUFSLlYOI7\/Mxx8iJCWOF2S0mlMouYaS\/UzmVGHdkJ1wg4bDpcbJDpx\/lu22ADTC7Wrpi588mp+V5IYf8YCdO9LCk6XkYJzaAUb+1ZNyYLqJtoCVobR1XJvwjJCbpP2jIwgyQIeMg48MOFt\/5acXrcc3GiKzeuIYbbx2\/nd\/O94ZstkxhHLDjIHKnOyg\/6CN81q6vgeoSx4J3d0qZH4kCfrOI8DjlRg3pKwXXYA6SJIjOa6jtSMbpCmi1jJ98cK7IXNgoGYFQS\/mt+CWWFwwfhiAouEJN5BbTX\/UFlmutR3vXTpqInRhT43\/8BV75u\/hoTjzLELkPqGuG+Ac7jc41CQ2lJSApa6lO5vs\/mHmwmTaBzScZin6mgm82XgE9zjqJYptQ1pMgMxbGWJgWUwTGIe2zmvbu5OfLMudHsIG8jaBpFftTXz4+w3Owftxc3DS\/LcglLT7AeWKKKUTY7lejqGQq7G5TUkLdhF417ZKXUhUwgiCQBzI\/2kOcdgOKYRmVo4qS+I3V+w66rkPikl9mVSLy1aUrMoIDaVZy092U28S5KehJ5bvnpta4R9eNJ69EqM0gzXtcTsknHEIeTRvG2oQ+3Lj1fdsSq436B4EN6+4bkbmWKgbJrIwvFenQKPgSrpAC9ttSD9Y8oxAu6+Takz2Kgysyhr3DtYonAzd6vkhThxVVGjcXH728nWVJILAtKwuKDxj+9\/2QCqVo7q53u2dVTgmsEs2rYdYYDcU8he8XyvCqHzX4\/H0+l0VHfZMJuOchq\/W12DcEUc7j9ptNlT6P\/go+d7f85qbSd7h59\/9mCsDzft+pT2ctXphnga3oiTW\/of9u3wv5F737aElXsX2277YrvrKn0v2buQd7J9we8+64LPPMY6uXZ\/YpKVPrqmj0cRF8QSuved4t63AFx2Ze5gRrC5xaWMbKlLIzc3mcZmuqoT8lfWMb2vukTstozEiUEziz\/R1l26jKZr2uq4XXoHmG87OPp8hOTL7ynDsvzfgbEh7gE8XJ++ubo8+ubs9Af+kMItsEPHvam8MHmkD2QVwZcX3uTcsOxOBKBwJYHLeUWjQ6\/14os1AQKqheRI61uRG6jzvmIibdSR036gvjzPX\/1+cJ8H1\/AhU400AS\/4RTtc5OsepaTWiVMhRG5Mdx40oZJvny13Deb+NKDxsizyJwyej9YYlfkNcwRCliVtu2K28SmL8RU\/NZwZO0WTid2PL1QSfmbRK27Tdu1OvJGatczpRqFgX09Cyx7wV7L\/DLpoYEJKhXYx1qnv+DGqN3jN0B7zHqRqWK7X\/1A3IMAhGHBUhab+1Uj9P9rwSbqbIf5Oo6PKDPt5tPQluiawhkz2QSadGu3U8TyMCRYxHqinjx4\/fYLbeh8C7hSf7ukv+QIIYlxtUhtp2ardvcON30v3\/g0=\" \/> \t\t<a href=\"https:\/\/www.pdf24.org\" target=\"_blank\" title=\"www.pdf24.org\" rel=\"nofollow\"><img src=\"https:\/\/www.hohenlohe-ungefiltert.de\/wp-content\/plugins\/pdf24-post-to-pdf\/img\/pdf_32x32.png\" alt=\"\" border=\"0\" height=\"32\" \/><\/a> \t\t<span class=\"pdf24Plugin-cp-space\">&nbsp;&nbsp;<\/span> \t\t<span class=\"pdf24Plugin-cp-text\">Sende Artikel als PDF<\/span> \t\t<span class=\"pdf24Plugin-cp-space\">&nbsp;&nbsp;<\/span> \t\t<input class=\"pdf24Plugin-cp-input\" style=\"margin: 0px;\" type=\"text\" name=\"sendEmailTo\" placeholder=\"Emailadresse\" \/> \t\t<input class=\"pdf24Plugin-cp-submit\" style=\"margin: 0px;\" type=\"submit\" value=\"Senden\" \/> \t<\/form> <\/div>","protected":false},"excerpt":{"rendered":"<p>Eine Erkl\u00e4rung mit dem Titel &#8222;Demokratinnen und Demokraten f\u00fcr das Grundgesetz&#8220; hat das Landesnetzwerk Politische Bildung Baden-W\u00fcrttemberg zum 23. Mai 2020 ver\u00f6ffentlicht \u2013\u00a0zum 71. Jahrestag der Verk\u00fcndung des Grundgesetzes. Vom Landesnetzwerk Politische Bildung Baden-W\u00fcrttemberg Damals vor 71 Jahren\u2026 begr\u00fcndeten die V\u00e4ter und M\u00fctter des Grundgesetzes unsere demokratische Ordnung. Ihr Verfassungswerk markiert die Abkehr von der [&hellip;]<\/p>\n","protected":false},"author":1,"featured_media":0,"comment_status":"open","ping_status":"open","sticky":false,"template":"","format":"standard","meta":[],"categories":[1],"tags":[],"_links":{"self":[{"href":"https:\/\/www.hohenlohe-ungefiltert.de\/index.php?rest_route=\/wp\/v2\/posts\/26671"}],"collection":[{"href":"https:\/\/www.hohenlohe-ungefiltert.de\/index.php?rest_route=\/wp\/v2\/posts"}],"about":[{"href":"https:\/\/www.hohenlohe-ungefiltert.de\/index.php?rest_route=\/wp\/v2\/types\/post"}],"author":[{"embeddable":true,"href":"https:\/\/www.hohenlohe-ungefiltert.de\/index.php?rest_route=\/wp\/v2\/users\/1"}],"replies":[{"embeddable":true,"href":"https:\/\/www.hohenlohe-ungefiltert.de\/index.php?rest_route=%2Fwp%2Fv2%2Fcomments&post=26671"}],"version-history":[{"count":4,"href":"https:\/\/www.hohenlohe-ungefiltert.de\/index.php?rest_route=\/wp\/v2\/posts\/26671\/revisions"}],"predecessor-version":[{"id":26675,"href":"https:\/\/www.hohenlohe-ungefiltert.de\/index.php?rest_route=\/wp\/v2\/posts\/26671\/revisions\/26675"}],"wp:attachment":[{"href":"https:\/\/www.hohenlohe-ungefiltert.de\/index.php?rest_route=%2Fwp%2Fv2%2Fmedia&parent=26671"}],"wp:term":[{"taxonomy":"category","embeddable":true,"href":"https:\/\/www.hohenlohe-ungefiltert.de\/index.php?rest_route=%2Fwp%2Fv2%2Fcategories&post=26671"},{"taxonomy":"post_tag","embeddable":true,"href":"https:\/\/www.hohenlohe-ungefiltert.de\/index.php?rest_route=%2Fwp%2Fv2%2Ftags&post=26671"}],"curies":[{"name":"wp","href":"https:\/\/api.w.org\/{rel}","templated":true}]}}