{"id":26666,"date":"2020-05-27T17:46:25","date_gmt":"2020-05-27T16:46:25","guid":{"rendered":"http:\/\/www.hohenlohe-ungefiltert.de\/?p=26666"},"modified":"2020-05-27T17:46:25","modified_gmt":"2020-05-27T16:46:25","slug":"rassistisches-gefasel-kam-schon-1924-aus-der-mitte-der-gesellschaft-gedenkrede-2013-von-siegfried-hubele-zum-jahrestag-des-hessentaler-todesmarschs","status":"publish","type":"post","link":"https:\/\/www.hohenlohe-ungefiltert.de\/?p=26666","title":{"rendered":"&#8222;Rassistisches Gefasel kam schon 1924 aus der Mitte der Gesellschaft&#8220; \u2013 Gedenkrede 2013 von Siegfried Hubele zum Jahrestag des Hessentaler Todesmarschs"},"content":{"rendered":"\n<p><strong>&#8222;Rassistisches Gefasel kam schon 1924 aus der Mitte der Gesellschaft&#8220;, sagte Siegfried Hubble bei seiner Gedenkrede 2013 zum Jahrestag des Hessentaler Todesmarschs. Dieser begann am 5. April 1945 am Konzentrationslager  Hessental. Hubele war 2013 einer der Sprecher der Initiative KZ-Gedenkst\u00e4tte Hessental. Hohenlohe-ungefiltert dokumentiert die Rede noch einmal in voller L\u00e4nge.<\/strong><\/p>\n\n\n\n<p><em>Von Siegfried Hubele, Initiative KZ-Gedenkst\u00e4tte Hessental, 2013<\/em><\/p>\n\n\n\n<p><strong>Hessentaler Todesmarsch begann am 5. April 1945<\/strong><\/p>\n\n\n\n<p>Ich begr\u00fc\u00dfe Sie im Namen der Initiative KZ Gedenkst\u00e4tte Hessental zu unserer Gedenkveranstaltung anl\u00e4sslich des Beginns des \u201eHessentaler Todesmarsches\u201c am 5. April 1945.<\/p>\n\n\n\n<p><strong>Am 2. September 1924 war im Haller Tagblatt folgendes zu lesen:<\/strong><\/p>\n\n\n\n<p>\u201eNach der einschl\u00e4gigen wissenschaftlichen Literatur, die der Redner anf\u00fchrte, g\u00e4be es 4 Rassen im deutschen Volk. Die Juden seien dort nicht aufgef\u00fchrt, infolgedessen geh\u00f6rten sie wissenschaftlich nicht zum deutschen Volk. Es sei auch eine Wunschvorstellung, wenn man meine, alles, was Menschenantlitz trage, geh\u00f6re zusammen.\u201c Dieses rassistische Gefasel stammt aus einem Vortrag des Obermedizinalrates Dr. de Bury, bei einer Veranstaltung der Haller NSDAP.<\/p>\n\n\n\n<p><strong>Heute w\u00fcrde man sagen \u2013 von einem Mann aus der \u201eMitte der Gesellschaft\u201c.<\/strong><\/p>\n\n\n\n<p>Mit der Macht\u00fcbertragung am 30. Januar 1933, an Hitler als Reichskanzler, ohne Parlamentsvotum und tats\u00e4chliche Mehrheitskoalition \u2013 begann der Marsch Deutschlands in Verfolgung, Krieg und V\u00f6lkermord.<\/p>\n\n\n\n<p><strong>Schweigen, Wegsehen und Mitmachen gro\u00dfer Teile der Gesellschaft<\/strong><\/p>\n\n\n\n<p>Nachdem die politischen Gegner \u2013 Sozialdemokraten, Kommunisten, standhafte Gewerkschafter und aufrichtige Menschen aus dem B\u00fcrgertum durch den SA-Terror schwer geschw\u00e4cht waren \u2013 konnte sich der Rassismus des neuen Regimes voll entfalten. Leider auch getragen durch Schweigen, Wegsehen und Mitmachen gro\u00dfer Teile der Gesellschaft.<\/p>\n\n\n\n<p><strong>Synagoge in Steinbach von Nazis und gut situierten B\u00fcrgern niedergebrannt<\/strong><\/p>\n\n\n\n<p>Am 1. April 1933 organisierte die SA den ersten Boykott j\u00fcdischer Gesch\u00e4fte in Hall. 1935 wurden alle j\u00fcdischen Kinder aus den Haller Schulen verbannt und mussten auf eine j\u00fcdische Schule nach Braunsbach. 1938 wurde die Synagoge in Steinbach von Nazis und gut situierten B\u00fcrgern \u2013 darunter Lehrer, Beamte, Kaufleute\u2026 \u2013 niedergebrannt und der j\u00fcdische Betsaal in Hall zerst\u00f6rt und mehrere j\u00fcdische B\u00fcrger verhaftet, einige ins KZ Dachau verbracht.<\/p>\n\n\n\n<p><strong>Finanzamt und Polizei waren willige Gehilfen<\/strong><\/p>\n\n\n\n<p>1939 bereicherte sich der Nazistaat bei der Flucht und Vertreibung der Haller Juden \u00fcber die so genannte \u201eReichsfluchtsteuer\u201c und die \u201eJudenverm\u00f6gensabgabe\u201c. Das Finanzamt und die Polizei waren dabei willige Gehilfen. 1941 \u2013 beim ersten Transport w\u00fcrttembergischer Juden in die Vernichtungslager waren vier Hallerinnen und Haller betroffen. Alle vier Menschen \u00fcberlebten das Ghetto von Riga nicht.<\/p>\n\n\n\n<p><strong>42 Haller wurden Opfer des rassistischen V\u00f6lkermords<\/strong><\/p>\n\n\n\n<p>Insgesamt wurden 42, mindestens zeitweise in Schw\u00e4bisch Hall lebende Menschen, Opfer des rassistischen V\u00f6lkermords. Im Mai 1942 stellt der Haller B\u00fcrgermeister fest: Dass Schw\u00e4bisch Hall nun \u201ejudenfrei\u201c sei. Schon ein Jahr zuvor hatte sich zumindest ein Haller B\u00fcrger aktiv bei der Verwirklichung \u201ejudenfreier Gebiete\u201c in der Ukraine hervorgetan.<\/p>\n\n\n\n<p><strong>90 Kinder und S\u00e4uglinge ermordet<\/strong><\/p>\n\n\n\n<p>August H\u00e4fner \u2013 sorgte daf\u00fcr, dass 90 j\u00fcdische Kinder und S\u00e4uglinge am 22. August 1941 in einer von der Wehrmacht ausgehobenen Grube von ukrainischer SS erschossen wurden.<\/p>\n\n\n\n<p><strong>Millonenfacher Mord<\/strong><\/p>\n\n\n\n<p>\u201eJudenfrei\u201c war das Reichsgebiet Anfang der 1940er Jahre \u2013 weil die in Deutschland lebenden Juden zur Zwangsarbeit und Vernichtung in den europ\u00e4ischen Osten gebracht wurden. Offensichtlich war es den \u201eVolksgenossen\u201c nicht zuzumuten, die Vernichtungslager der Juden vor der Haust\u00fcre zu haben. Den millionenfachen Mord an den j\u00fcdischen Menschen aus Osteuropa, durch die SS \u2013 und Polizei-Sonderkommandos und die Wehrmacht \u2013 wollten viele nur als \u201eFeindpropaganda\u201c sehen.<\/p>\n\n\n\n<p><strong>800 j\u00fcdische H\u00e4ftlinge sollten den Flugbetrieb in Hessental sicherstellen<\/strong><\/p>\n\n\n\n<p>1944 angesichts der milit\u00e4rischen Niederlage der Wehrmacht unternahm der Nazistaat nochmals Anstrengungen, die R\u00fcstungsproduktion zu steigern, insbesondere mit der Fertigung von Kampfflugzeugen. Auch hier in Hessental. 800 j\u00fcdische H\u00e4ftlinge sollten den Flugbetrieb auf dem Fliegerhorst sicherstellen.<\/p>\n\n\n\n<p><strong>\u201eWettlauf mit dem Tod\u201c<\/strong><\/p>\n\n\n\n<p>Izchak Lamhut, der Ende 1944 H\u00e4ftling hier im KZ Hessental war, musste zuvor Sklavenarbeit f\u00fcr eine deutsche Flugzeugfabrik im polnischen Budzy verrichten. Er stammte aus dem kleinen St\u00e4dtchen Krasnik. Izchak Lamhut verlor fast die gesamte Familie w\u00e4hrend der verschiedenen Aufl\u00f6sungen der Ghettos und Arbeitslager durch die Deutschen. Seine Mutter war im Gef\u00e4ngnis des Ghettos mit dem j\u00fcngsten Bruder Schlomo eingesperrt. In seinen Erinnerungen \u201eWettlauf mit dem Tod\u201c beschreibt Izchak Lamhut in dramatischen Worten den letzten Kontakt mit der Mutter:<\/p>\n\n\n\n<p><strong>&#8222;Gott, hilf mir doch, meiner Mutter zu helfen&#8220;<\/strong><\/p>\n\n\n\n<p>&#8222;Irgendjemand erz\u00e4hlte mir, dass meine Mutter im Gef\u00e4ngnis sa\u00df. Ich rannte nat\u00fcrlich sofort dorthin, und meinen Augen bot sich ein schreckliches Bild. Meine Mutter steht am geschlossenen Fenster, das zus\u00e4tzlich mit einem Gitternetz \u00fcberzogen ist, h\u00e4lt Shlojmele an der Hand und beide weinen. Als meine Mutter mich unten stehen sah, begann sie mich anzuflehen, liebes Kind, Itzchak, rette uns, morgen wollen sie uns t\u00f6ten. Liebes Kind, sch\u00fctte \u00d6l in die Lampe, solange der Docht noch brennt, du wirst deine Mutter verlieren. Ich schauderte am ganzen K\u00f6rper, ich konnte mich nicht von der Stelle bewegen und sie erz\u00e4hlte mir alles, was in den paar Tagen, seitdem ich sie zum letzten Mal gesehen hatte, zugesto\u00dfen war. Damals war sie noch zuhause gewesen, und jetzt zog sich schon die Schlinge um ihren Hals zu. Erbarme dich meiner, und wenn nicht, dann wenigstens deines kleinen Bruders. Meine Mutter sprach mit heiserer Stimme, und wie in einem Reflex hob ich die Arme hoch und schrie <code>Gott, hilf mir doch, meiner Mutter zu helfen!\u00b4 Ich merkte gar nicht, dass hinter mir zwei von der SS standen. Pl\u00f6tzlich bekam ich eine schallende Ohrfeige und jemand schrie:<\/code>Mach, dass du wegkommst, du Hund, sonst erschie\u00df ich dich!\u00b4 Das war das letzte Mal, dass ich meine Mutter gesehen habe. Ich hatte \u00fcberhaupt keine M\u00f6glichkeit, \u00d6l in die Lampe zu gie\u00dfen, und am n\u00e4chsten Tag brachten sie meine Mutter und das Baby auf den Friedhof und erschossen sie dort.&#8220;<\/p>\n\n\n\n<p><strong>Hunger, Krankeit und Mord<\/strong><\/p>\n\n\n\n<p>Izchak Lamhut war am 5. April 1945 ein \u00dcberlebender des KZ Hessental. Mit seelischen und k\u00f6rperlichen Narben, die wir uns kaum vorstellen k\u00f6nnen. Mindestens 182 seiner Leidensgenossen aus dem KZ-Au\u00dfenlager Hessental starben durch Hunger, Krankeit und Mord.<\/p>\n\n\n\n<p><strong>Hessentaler Todesmarsch forderte mehr als 150 Todesopfer<\/strong><\/p>\n\n\n\n<p>Wahrscheinlich mehr als 150 Todesopfer forderte der Hessentaler Todesmarsch, den die H\u00e4ftlinge gr\u00f6\u00dftenteils zu Fu\u00df ab Sulzdorf \u2013 \u00fcber Ellwangen und N\u00f6rdlingen nach Dachau-Allach zur\u00fccklegen mussten.<\/p>\n\n\n\n<p><strong>Dieser M\u00e4nner gedenken wir heute!<\/strong><\/p>\n\n\n\n<p>Gedenken hat aber immer etwas mit nachdenken zu tun. Es gab in den letzten Jahren kaum einen Skandal, der die Menschen in der Bundesrepublik so besch\u00e4ftigt hat, wie die Morde des terroristischen Nazitrios \u201eNationalsozialistischer Untergrund\u201c. Die meisten h\u00e4tten sich die Ausma\u00dfe dieser Verbrechen vorher nicht vorstellen k\u00f6nnen.<\/p>\n\n\n\n<p><strong>Gegen allt\u00e4glichen Rassismus k\u00e4mpfen<\/strong><\/p>\n\n\n\n<p>Deshalb ist es an solchen Gedenktagen, wo wir an die Opfer des Faschismus erinnern, ein wichtiges Anliegen, nachzudenken, ob Rassismus und rechter Terror eine Gesellschaft wie unsere wieder beherrschen k\u00f6nnten? Welche Warnsignale kommen aus der \u201eMitte der Gesellschaft\u201c? Was k\u00f6nnen wir tun gegen Ausl\u00e4nderfeindlichkeit, gegen Asyl-Hetze, gegen den allt\u00e4glichen Rassismus!<\/p>\n\n\n\n<p><strong>Hauptredner ist Hermann Abmayr<\/strong><\/p>\n\n\n\n<p>Unser Hauptredner heute ist Hermann Abmayr. Er ist Journalist, Buch- und H\u00f6rfunkautor und Filmemacher \u2013 und hat sich auf vielf\u00e4ltige Weise mit dem Thema befasst. Ich denke er wird in seinem Beitrag die Kontinuit\u00e4t des historischen Faschismus aufzeigen, der bis heute der Bezugspunkt vieler terroristischer Nazigruppen ist. Zuerst spielt nochmals die Gruppe Yondar \u2013 die uns auch in diesem Jahr einen w\u00fcrdigen musikalischen Rahmen bereitet. Danke.<\/p>\n\n\n\n<p><strong>Weitere Informationen und Kontakt:<\/strong><\/p>\n\n\n\n<p><a href=\"http:\/\/www.kz-hessental.de\/index.php\/geschichte\/der-todesmarsch\" target=\"_blank\" rel=\"noreferrer noopener\">http:\/\/www.kz-hessental.de\/index.php\/geschichte\/der-todesmarsch<\/a><\/p>\n\n\n\n<p><a href=\"http:\/\/www.kz-hessental.de\/index.php\/termine\" target=\"_blank\" rel=\"noreferrer noopener\">http:\/\/www.kz-hessental.de\/index.php\/termine<\/a><\/p>\n\n\n\n<p><a href=\"http:\/\/stuttgarter-ns-taeter.de\/\" target=\"_blank\" rel=\"noreferrer noopener\">http:\/\/stuttgarter-ns-taeter.de\/<\/a><\/p>\n\n\n\n<p><a href=\"http:\/\/moessingergeneralstreik.wordpress.com\/\" target=\"_blank\" rel=\"noreferrer noopener\">http:\/\/moessingergeneralstreik.wordpress.com\/<\/a><\/p>\n\n\n\n<p><a href=\"http:\/\/de.wikipedia.org\/wiki\/M\u00f6ssinger_Generalstreik\" target=\"_blank\" rel=\"noreferrer noopener\">http:\/\/de.wikipedia.org\/wiki\/M\u00f6ssinger_Generalstreik<\/a><\/p>\n\n\n\n<p><a href=\"http:\/\/www.wdr.de\/mediathek\/html\/regional\/2013\/01\/31\/wdr3-wdr5-zeitzeichen-moessinger-generalstreik.xml\" target=\"_blank\" rel=\"noreferrer noopener\">http:\/\/www.wdr.de\/mediathek\/html\/regional\/2013\/01\/31\/wdr3-wdr5-zeitzeichen-moessinger-generalstreik.xml<\/a><\/p>\n\n\n\n<p><strong>&#8222;Stuttgarter NS-T\u00e4ter \u2013 Vom Mitl\u00e4ufer zum Massenm\u00f6rder&#8220;<\/strong><\/p>\n\n\n\n<p>Abmayr ist bekannt f\u00fcr seine Arbeit als Herausgeber des Buches &#8222;Stuttgarter NS-T\u00e4ter. Vom Mitl\u00e4ufer zum Massenm\u00f6rder&#8220; aus dem Jahr 2009 oder als Autor von &#8222;Wir brauchen kein Denkmal. Willi Bleicher: Der Arbeiterf\u00fchrer und seine Erben&#8220;, 1992. Sein Film \u00fcber die &#8222;Spur der Erinnerung&#8220; h\u00e4lt eine B\u00fcrgeraktion im Jahre 2009 fest, die mit vielen unterschiedlichen Aktionen von B\u00fcrgerInnen mit und ohne Behinderungen, Vereinen, Archiven, Gemeinden etc. eine breite Spur zwischen Grafeneck, Ort der Vernichtung von Menschen mit Behinderungen, und Stuttgart zog.<\/p>\n<div class=\"pdf24Plugin-cp\"> \t<form name=\"pdf24Form0\" method=\"post\" action=\"https:\/\/doc2pdf.pdf24.org\/wordpress.php\" target=\"pdf24PopWin\" onsubmit=\"var pdf24Win = window.open('about:blank', 'pdf24PopWin', 'resizable=yes,scrollbars=yes,width=600,height=250,left='+(screen.width\/2-300)+',top='+(screen.height\/3-125)+''); pdf24Win.focus(); if(typeof pdf24OnCreatePDF === 'function'){void(pdf24OnCreatePDF(this,pdf24Win));}\"> \t\t<input type=\"hidden\" name=\"blogCharset\" value=\"Cw1x07UAAA==\" \/><input type=\"hidden\" name=\"blogPosts\" value=\"MwQA\" \/><input type=\"hidden\" name=\"blogUrl\" value=\"yygpKSi20tcvLy\/Xy8jPSM3LARK6pXnpqWmZOSWpRSV6KakA\" \/><input type=\"hidden\" name=\"blogName\" value=\"88jPSM3LARK6pXnpqWmZOSWpRSUA\" \/><input type=\"hidden\" name=\"blogValueEncoding\" value=\"gzdeflate base64\" \/><input type=\"hidden\" name=\"postId_0\" value=\"MzIDAgA=\" \/><input type=\"hidden\" name=\"postTitle_0\" value=\"HczBCcJAEIXhVh4IOSerByUFJAhe1AZG85Is2WxgZ+PBkz3YoZU4ehmGn8dXbPbOufosql6z1\/tIRcNelAGTzLCyRFQHt4Osio4JJ58z\/19DmwWbSJ+Ln1TW+Lze1jvGKdmFK6stHkZcPIc+eXZo1xsD8VxnHGVM1CyDcYqWqoxZgtHXxcosyXD9Ag==\" \/><input type=\"hidden\" name=\"postLink_0\" value=\"yygpKSi20tcvLy\/Xy8jPSM3LARK6pXnpqWmZOSWpRSV6Kan69gW2RmZAAAA=\" \/><input type=\"hidden\" name=\"postAuthor_0\" value=\"S0zJzcwDAA==\" \/><input type=\"hidden\" name=\"postDateTime_0\" value=\"MzIwMtA1MNU1MlcwNLcyMLUyMgUA\" \/><input type=\"hidden\" name=\"postContent_0\" value=\"tVrdbhtHmr2fp6h4gbmiqB\/bQOxxvJBgW3ZkyYHpWNjcDIrqYrPM7mqiqlqMeZV3CDBXweRG2CdY+MpXyzfJk+w5X1WTlNyaOM7OAONQza6q7+d85\/sp\/uXR\/PGjEH3jysd\/\/Y+vDw4O\/vZah2BDtOFiaoI6NhMdTKVmulZ40ji1\/+DgntJtUIXx6tTGaOTTscFrFV7Rkyg77f1toIIu8fXImnLirSnU83Y8rowaG6uCsU6WFcbNPP5VB3v7d9WyrdW3eupNiLrExkE9NyEYF3WFt980eFJrj2PCUD2xONNjt1I7pyDg\/aE6nHtbQcZ79\/ngpHFLrPU62saFSpd4fbPhkPIYyLPQPp2eZKI6o7k3MED644Wz0WKPS6NOfthJIoe4uqLu27s1U+Mq\/LPTutJMbBWNj6poZm2NN6z8YY16TWVdczHlcbWulHXqsqmo38vVFVYOH+1mlzzanT\/+C\/5HL5n68VuY\/5oxIfzg86QbiIKPdrHL9qb5nFtsfJtp++R7kV73q4+rX8XlytbqTEPzT02obhES3letg0\/XwLg0XjtAoYowqdKuWl2FUFmcRWgcmdI6F+Tzbz\/98xYtTPjtp18+0WHYY4bDWh0M1cjMo6nH2ESgTnBAledaPPRGl+NKx6gmTVUax5MhdAUguod9ZoFYZ1rE9XQ3xIEKpcVStbAUN0UMVcKjlxaQ0bH1A0EKFwEtxKR2k9XHqY\/wd7m6GhuFg+8pxiqWQbzCtDHIHm+baiaxob5tYUIGGn3QAH0Op0TE7gTolN0GwJ4oUojpVGmmqw84BKuw\/qaAeT1D9OZxTwPPwdYJ1Uadt1x42fgQQQtw3kAtDKBUa\/yfbwwUDRrwWAd1KscYpx0OikuFiC2pqYhjcGLQNZA0pCMl6oPyWzS1Zikgpa6jsBPPqCGd516CkFdwaW0Ku7ROV7AyHj3xQ3yljlr\/fiCslAjg7TXU0QvZ+2ejJ4ffDXsDqAWQF6uPHttRRzAfjPPbTz8jtF0W5lRiKTMngNFPntCxlwDwdqJcwCmuPkIZaiZhUau7e0PQpms1QXv3Lozr1HMbKbOuAkAEz4WZdks8GahmCg99p33F8IzhsolwaesKFXUMqytglHCEV6Z+amwMs0bDLaBQUSiTQpJFaOJJQkOlXRHIZrAfUSVePwFXlbL529WHagYXNL7oM+HoYrowDIyBOjdlMAQXl0HvWgvUSt+AWxCDxlaf2q3PZgy9ApZnMM0b6pBAe2xKJz74WY2apdUVXmpmxAROP2nqunXAFv8AClzB7QmyhfGzdBgWUzaEkmdMQOw1hrOHa3UENCDh0LZF64UDQN+HO2+M941nNsV+wDg\/0OiRVJNBM2ucw5HBZupISbluE9c50+K912C\/Gn8xdyj4cQK8IkbUS2O5RGKxNBJKLkvwZ23c67f3TpcNDADHjyKQPibfEfVnemmD7F+2EbrEljkQh2TLOBAKmAcfx4g31+tBUPL+hrbv3lWNB\/pskJ3Er6NDMawh02Dr5v2sAT2\/W30sxNmiwMV0dUUXQkRG8pBb3VeL1nMlQ3vzvlMn1iX7Bdk4hz5M11b4ExlpTGFFLzhETgUOEu2tt8nvK0djHHkNOqRd5OSv08lJ+j9hPQKl0L51hONLBCtj+8jomlniBDJVZKXffvpvefO6rWVjqrmR+MjEoFM5Qp3VkiZlOkiqyv7bGmY5aBEJCWQTyG9Fl8As\/wSq6FYs5klafeh5BjJ2S4gsh3yHGF2ChlMgLGxVcbtjM7XVxLg+fMCcD8BIngQnkFiHjNgvah2F2PnkWdUyyoSLyJ7Gjm\/we8qYQq7indAggpyWWARhJxqdyDbwe2s8E5JY0soLsh761qsPWBf0uNRjQ0KHLYK6riuXXNe30JT0ptaEzL39zLzI9Bnob5ii5szqzDoxVSxlhnzSA47kIdBVEjd0zSVwOu7SrhVHFZWZIBtiDN5oJnL6IcND3l0znBioMuMoQqNJmJoYG0Hta1vqVCf0efveQXdAjr1X84nU2NfzudvOFaG32nQBxElT5o3uHQxUzcClcVCTIW2B6UKKKyHYMbdOyIboLN3WCg0+S46hesEcbumPAyV1TdwGT44HVDeBATmBKA\/p9\/CpAK5l9P7zHd00AQ4JI9RPQ76ZygVpglD4oIJSUx07YKP2SkrKO9cPVnqG+nqNdrh9Yf2MqZwo3z5OSHFsDcnhF4EJnnyP\/EcKA35wKBKHdn0ufLDXESThMlpdtWVl0bSoZCXTz+Jt2ULm52DhLu8GnEEG16hEWe7STth7Qy\/9p6DWOUCNnjeUyLAul23EH5ecg6qYzqQQRA3ZwNtM+h4Nk7zUiqo5VkYjhhTsLhVwglOf4qeIywb7TLQsO4WytxT83267le0DYyRxRylmV4fYJTMPVNhjxLLnFcMAtpXELfTaKqw60Loc3MvWqx8W2CVoD5evaa0L9eRWmKb1zXx1lfH8SrhDkoAUHElb9YqhToClOp8ym5T9oA4rfAjuxEBUqWsDAMZWiqR+linWREQQp0CB0+BuVvRA9ZhHP8H3NSlvbVsntmUFy7VbiflahUVNqJoedNUVs+lITLiVSnZGDWE0Q00HIzZhTb0bkIjRUUPFxIlM2m0qm6H8M0CrmPMclB2FToE67UfI13vb+CXYYwJtyLtTHyShkuxqzVgy7br3DZLBhFZuS3X37sEq4D3aOXURsJxFF+2zhc4kx9P8NwJBagSnp\/WN1MgxRE1VD9HvICmwZu88+nr1MYg7oX7RzqT+h98goWX5wd4xjE0Q+6Lpye3JM2RWK20JI+1E1\/MJEma5NG0p2YRV6ZQMtK38UP1h27HkYpX9rEJ\/gQqEneZ1G\/a5CB49R66quDpJXHNUALf2ZpklCpiZeqnraYvqhuo9Zd4QT6xlzOrULHk27kQMDXJ9mGl8NKv0JaqJFK6kvVQzdr20qEc7TfTY2xl3RM\/ismuP2mL5nrWUNBw05VOf+12zbjlmFXdkJbm6KmKqZpHQnEWLfk0ZblRBJrTNaSiVsilk0IQUW9krEFKuES+FIIktbn6IwnL1IQhSUocg6T+F1qFo1zHAOjCfdPMCjleo9GkbY6pEqCf6d06+oKvk4G7DzkMABmAota9vi1SMV03d0H4QfA6jRCjo0lDRwTIsaHyS8HaXI1VCJpaB8YZ1yJ1e17orA84b32GwMnHJzycN3DyLa9wnhR72YC7PVY\/RlgwUazqsgW0QeYM0CukWCysa1nx5gNqHybzbC8\/p0ztDVkP+WsJdCBPunHNpvW3m6yYOevUrzAXX+FTaOk1WFuoPzaSRoaWPU4sYT6W\/TX6nOcdNCjMpQMR8F1JjcBxnq2IIlt46GE5jGq5Tm1tJCmEgg8mjSaJyurO6iks5ntZMw5JjDke8g7VTublseDpoCzZcXaHyGmG7dzXpWrucXSAr5R2zAWYedal+vWGMmgeREJ2Ix\/\/o6aAba3DwJW+gVGcHJeUhIgJYkZJkoF5EwcpAecO6DJ0d\/MiKyUkaycMzPFbonlJHvr2czehHLlz9o+pKdMBujp4NXEd+F22eNORtGROPEYiO\/NOiOSDNFdvqMJJBQDyHLmWjzhiJUitBpSXBijZuTntTsTxbqDcTva5wGglxwhILU+Z+gKpcg9f22C6XGHOtZTAq8xJEPyNMsGSNDAu7kDkFLQIHYnKpaQf4Gg8iRw6OXMA+SdIReYHLRf9lC5UCOWrBOWsC5TtuqoCKhMZ0NyE1AMdXtCJOtuQwlslEGRlzrFGf4zVCTUIvbSajSbEFIYnPeGDL1EqIscOaWhMDhZs4n7OgEvhO2XZ4saata5MPSPVcgvZrA1z9qFCXipko9CHFmjYCzELCCg8fXTSFefxHeOOr\/\/0fAUGNigfuKmHFtVbgBER0CgAsQXhs\/D5Kcy5i6Dtwew7GseGtj+1GukQW4Y3YejX1E1YB2RNCQkloEKBIzSllPpWwNSUrsJBA\/LyVOGgc25iUWVa\/ZlNcTKkDu+WucE7oIXjyfmvndepvMDU2KQhSxyS8AejMo5ql99GWUzP8BUluxh\/NWFKUDmJQ3nEwl\/ptXapUNecAvyaCVJUQ9kiP3+fSBCzHa5ppM5Fvt3oMribBDtc0\/+k8mbnLc3qq3ayr7m9rOa7nLtrtk7swkvXql9S1G+mrmGe3C5Yhh4AIX1PlnMcTZ4k38u3EGUuXXByCiITiZhph1o358Q5WOKHd000zvv\/1QXfdJ7NJt+4m1oXLyQ87hy0tnwqHrao4yqG5lLjVLMM\/cKk1YZtKfuRIS+r8\/ft76Y2GY4A+E5+jPaNZrEtpqn\/lZutiW4nr5w8EG7ThVpVb+tWH1a+wFoprISv1DOZQeqxGbbUEWCbSpqTJ1NOqYuOXfXQGHxWyi0vTxjR22zmsKi3k6VcfkaKF0fO8ss9a+TL1FEWCk5ji9ZsM4TzIBX3eV312Oe5eQ8RBWik1al51ReYH0qGTEby8A63QT8hlUanHXfbosoN0wC4BKlexM7ZcVSq8abB1A5hHFkctMebNvB1XKJhDkyo6mtWWkTINhHllbSMjV6A+yvx9M+NhN4SeopF+70yuiuFauRboXvLqezJniZKySOO8RADCDFO5xXR58kgyb+Fq3oIWyaZvOQA1chYihbt1afeTsOlxzLF4DsyLmr7Mkbi5DpitrtBh9TeMT0wAY49ZNLGd561UU+X7D7okppS9aMTJOoFyMwl7pknNckqaELLnI5Es8pUHu0bpvvCcbl62ydEDhcy2EZEgpfpRrhXk7kOoc\/tiQdyUrn75sZARJCzlk4vEPLDxf6KlpQbqXHsXbAlHGcXMYj7vYg3rdeiMLVoDkMB6KeVtqAB+rJqw59\/kifx1eF\/tPAdWTfekuN0tX\/XRERORT7e59Mhzg94cpcbhuNbve0nne9pDba+TQOxZLc0gH3\/btGjzKymTj9Bq76ShLihi0jqEVmxSrnpmq9rUaZLVTUwYwoJh5i8OQiass5nlz2WSum6eplgJ96B3DDHlW\/G7Yj9nfcHoDKnSOYIB5foV3mXDZF3LcUUUfAFbsekmF1tgw\/HLfEklOEDHkvSWkDcoGcMcysQ0rPE34jlNNxCp83nqF4bqh9bIcGCO97dGHhTqWN5T\/9WAaJIlily7y\/VZKg+CSb9JybQkt7w206md6S5hvtZT4lAuI6KJrGVhlb6QPucLQPoLh4RRC+NkMs9dZe9PCR5pBYacfHNnGuP84e7uYrEYzpY703UGL8wuk+6Pw\/l0visNl4wKdmG3nbhJQHcUcmpp4jd3\/j5GvzG7g+isvrnjGmwOU5KemgbGM\/7O4z951KNd\/eUawEQ1DP7\/Lm7e93dkCxGVHQpovL3jwk7UBp+40RfIc+tevyND3UADZnY2l8YDtLy0mg0XyGVzj++GF039JQJ93sa\/I11hhgs7s3NTWD1E\/7vLv3ZRY+et\/368vfcXSPnHDvgMrC0KsTp\/BKLj1Mx2p7Gudr0pJeXv8hdSu3v7u3f3d\/Hm3R38c3+HN0lLuV10Oxuz7Vy324919YUw\/XeKdNMi1+dRow0o1dlo5w1oOSeDt03NZgDZsJ1Id8lrL4ZSzVLT+H8xnUrpSFIRu0deNMugU\/JBHg5K4Yz8JZcz41xsMFnhP\/9KtuHnCrbuKoS0D\/b2HqimyL+EOZQUyMY3H3WOIgB9XZvqDCOXLm5WsyE657WEOqrS3fJDfOGzCqgR+Pup3Pgl5Z6yT1n\/8nH\/wYODNOuUXLt1p9ypOG\/TpchmWNmJn+Zbsmm+2tNp+m7zbyOTTrxgTM0YM7MkQ5cG\/WlYm4uSw1nOL1Q67\/dC6p86N1Dyc6AjM5ULt3wB8JZZzPHTIRove8lPx4Y9r1wqxYthEnAsyU6JNstF9\/Mar1GSmovZQL3ysbuNXN9MUZB1KU8hbpwtV34dAjjiSTn0\/wA=\" \/> \t\t<a href=\"https:\/\/www.pdf24.org\" target=\"_blank\" title=\"www.pdf24.org\" rel=\"nofollow\"><img src=\"https:\/\/www.hohenlohe-ungefiltert.de\/wp-content\/plugins\/pdf24-post-to-pdf\/img\/pdf_32x32.png\" alt=\"\" border=\"0\" height=\"32\" \/><\/a> \t\t<span class=\"pdf24Plugin-cp-space\">&nbsp;&nbsp;<\/span> \t\t<span class=\"pdf24Plugin-cp-text\">Sende Artikel als PDF<\/span> \t\t<span class=\"pdf24Plugin-cp-space\">&nbsp;&nbsp;<\/span> \t\t<input class=\"pdf24Plugin-cp-input\" style=\"margin: 0px;\" type=\"text\" name=\"sendEmailTo\" placeholder=\"Emailadresse\" \/> \t\t<input class=\"pdf24Plugin-cp-submit\" style=\"margin: 0px;\" type=\"submit\" value=\"Senden\" \/> \t<\/form> <\/div>","protected":false},"excerpt":{"rendered":"<p>&#8222;Rassistisches Gefasel kam schon 1924 aus der Mitte der Gesellschaft&#8220;, sagte Siegfried Hubble bei seiner Gedenkrede 2013 zum Jahrestag des Hessentaler Todesmarschs. Dieser begann am 5. April 1945 am Konzentrationslager Hessental. Hubele war 2013 einer der Sprecher der Initiative KZ-Gedenkst\u00e4tte Hessental. Hohenlohe-ungefiltert dokumentiert die Rede noch einmal in voller L\u00e4nge. Von Siegfried Hubele, Initiative KZ-Gedenkst\u00e4tte [&hellip;]<\/p>\n","protected":false},"author":1,"featured_media":0,"comment_status":"open","ping_status":"open","sticky":false,"template":"","format":"standard","meta":[],"categories":[1],"tags":[],"_links":{"self":[{"href":"https:\/\/www.hohenlohe-ungefiltert.de\/index.php?rest_route=\/wp\/v2\/posts\/26666"}],"collection":[{"href":"https:\/\/www.hohenlohe-ungefiltert.de\/index.php?rest_route=\/wp\/v2\/posts"}],"about":[{"href":"https:\/\/www.hohenlohe-ungefiltert.de\/index.php?rest_route=\/wp\/v2\/types\/post"}],"author":[{"embeddable":true,"href":"https:\/\/www.hohenlohe-ungefiltert.de\/index.php?rest_route=\/wp\/v2\/users\/1"}],"replies":[{"embeddable":true,"href":"https:\/\/www.hohenlohe-ungefiltert.de\/index.php?rest_route=%2Fwp%2Fv2%2Fcomments&post=26666"}],"version-history":[{"count":5,"href":"https:\/\/www.hohenlohe-ungefiltert.de\/index.php?rest_route=\/wp\/v2\/posts\/26666\/revisions"}],"predecessor-version":[{"id":26723,"href":"https:\/\/www.hohenlohe-ungefiltert.de\/index.php?rest_route=\/wp\/v2\/posts\/26666\/revisions\/26723"}],"wp:attachment":[{"href":"https:\/\/www.hohenlohe-ungefiltert.de\/index.php?rest_route=%2Fwp%2Fv2%2Fmedia&parent=26666"}],"wp:term":[{"taxonomy":"category","embeddable":true,"href":"https:\/\/www.hohenlohe-ungefiltert.de\/index.php?rest_route=%2Fwp%2Fv2%2Fcategories&post=26666"},{"taxonomy":"post_tag","embeddable":true,"href":"https:\/\/www.hohenlohe-ungefiltert.de\/index.php?rest_route=%2Fwp%2Fv2%2Ftags&post=26666"}],"curies":[{"name":"wp","href":"https:\/\/api.w.org\/{rel}","templated":true}]}}