{"id":26664,"date":"2020-05-24T21:07:10","date_gmt":"2020-05-24T20:07:10","guid":{"rendered":"http:\/\/www.hohenlohe-ungefiltert.de\/?p=26664"},"modified":"2020-07-15T17:57:50","modified_gmt":"2020-07-15T16:57:50","slug":"narben-der-erinnerung-sechs-unschuldige-menschen-wurden-erschossen-dokumentarfilm-ueber-das-kriegsende-in-kirchberg-jagst-jetzt-kostenlos-im-internet","status":"publish","type":"post","link":"https:\/\/www.hohenlohe-ungefiltert.de\/?p=26664","title":{"rendered":"\u201eNarben der Erinnerung \u2013 Sechs unschuldige Menschen wurden erschossen\u201c \u2013 Dokumentarfilm \u00fcber das Kriegsende in Kirchberg\/Jagst jetzt kostenlos im Internet"},"content":{"rendered":"\n<p><strong>\u00dcber das Kriegsende 1945 in Kirchberg\/Jagst hat der Journalist Ralf Garmatter zahlreiche Interviews mit Zeitzeugen gef\u00fchrt. Einige dieser Interviews wurden in dem Dokumentarfilm \u201eNarben der Erinnerung\u201c verwendet. Der 40 Minuten lange Film ist seit einigen Tagen auf der Youtube-Internetseite ver\u00f6ffentlicht. Er kann dort kostenlos angeschaut werden.<\/strong><\/p>\n\n\n\n<p><em>Informationen von Hohenlohe-ungefiltert<\/em><\/p>\n\n\n\n<p><strong>Bisher im Kino und in Schulen gezeigt<\/strong><\/p>\n\n\n\n<p>Entstanden ist der Film in den Jahren zwischen 1999 und 2004. Bisher wurde die Dokumentation &#8222;Narben der Erinnerung&#8220; nur im Kino und in Schulen der Region Hohenlohe gezeigt. Erstmals wird der Film jetzt einer breiten \u00d6ffentlichkeit im Internet vorgestellt.<\/p>\n\n\n\n<p><strong>Link zum Film &#8222;Narben der Erinnerung&#8220; von Ralf Garmatter:<\/strong><\/p>\n\n\n\n<figure class=\"wp-block-embed-youtube wp-block-embed is-type-video is-provider-youtube wp-embed-aspect-16-9 wp-has-aspect-ratio\"><div class=\"wp-block-embed__wrapper\">\n<iframe loading=\"lazy\"  id=\"_ytid_57837\"  width=\"612\" height=\"344\"  data-origwidth=\"612\" data-origheight=\"344\"  data-relstop=\"1\"  src=\"https:\/\/www.youtube.com\/embed\/m0x94139h1s?enablejsapi=1&#038;autoplay=0&#038;cc_load_policy=0&#038;cc_lang_pref=&#038;iv_load_policy=1&#038;loop=0&#038;modestbranding=1&#038;rel=0&#038;fs=1&#038;playsinline=0&#038;autohide=2&#038;theme=dark&#038;color=red&#038;controls=1&#038;\" class=\"__youtube_prefs__  epyt-is-override  no-lazyload\" title=\"YouTube player\"  allow=\"autoplay; encrypted-media\" allowfullscreen data-no-lazy=\"1\" data-skipgform_ajax_framebjll=\"\"><\/iframe>\n<\/div><figcaption>Film \u00fcber das Kriegsende 1945 in Kirchberg an der Jagst<\/figcaption><\/figure>\n\n\n\n<p><strong>Zum Inhalt des Films:<\/strong><\/p>\n\n\n\n<p>Der Zweite Weltkrieg war am 14. April 1945, milit\u00e4risch gesehen, schon verloren. Die Menschen sehnten den Frieden herbei. Angeh\u00f6rige deutscher Milit\u00e4rtruppen richteten aber am 14. April 1945 im heutigen Stadtgebiet von Kirchberg\/Jagst sechs Menschen hin. Sechs Menschen, die sich beim ersten Einmarsch der Amerikaner, wenige Tage zuvor, \u00fcber das bevorstehende Kriegsende gefreut hatten. Den Frieden erlebten sie nicht mehr.<\/p>\n\n\n\n<p><strong>Ohne Gerichtsverfahren<\/strong><\/p>\n\n\n\n<p>Wegen der schweren K\u00e4mpfe um Crailsheim mussten die Amerikaner noch einmal aus Kirchberg abziehen. Zusammengew\u00fcrfelte Einheiten, bestehend aus SS, Feldgendarmerie und Wehrmachtssoldaten r\u00fcckten in Kirchberg ein. Ohne vorheriges Gerichtsverfahren erschossen sie am 14. April 1945 den franz\u00f6sischen Kriegsgefangenen Ernest Bonne, die Zwangsarbeiter Michael Kubicky (Polen), Josef Hepak, Wasyl Petryczka (beide Ukraine) sowie die einheimischen Bewohner Angela Galczinski (Kirchberg) und Johann Heigl (Eichenau).<\/p>\n\n\n\n<p><strong>Mahnmal auf dem Frankenplatz<\/strong><\/p>\n\n\n\n<p>Auf dem heutigen Frankenplatz erinnert seit dem Jahr 2003 ein Mahnmal an die sechs Erschie\u00dfungsopfer. Die T\u00e4ter der Erschie\u00dfungen wurden bisher, trotz kriminalpolizeilicher Ermittlungen 1946\/1947 sowie Ende der 1990er Jahre nicht mehr ermittelt. Die Angeh\u00f6rigen der Opfer haben vom deutschen Staat bisher keine Entsch\u00e4digung erhalten.<\/p>\n\n\n\n<p><strong>Einige Gr\u00e4ber bestehen noch<\/strong><\/p>\n\n\n\n<p>Die Gr\u00e4ber der Erschie\u00dfungsopfer Wasyl Petryczka, Josef Hepak und Michael Kubicky befinden sich auf dem Ehrenfriedhof in Crailsheim. Der Leichnam von Ernest Bonne wurde kurz nach dem Krieg nach Frankreich \u00fcbergef\u00fchrt. Das Grab von Angela Galczinski besteht noch auf dem alten Friedhof in Kirchberg. Johann Heigls Grab auf dem Friedhof in Lendsiedel wurde bereits vor Jahren abger\u00e4umt.<\/p>\n\n\n\n<p><strong>Link zum Film &#8222;Narben der Erinnerung&#8220; von Ralf Garmatter:<\/strong><\/p>\n\n\n\n<p><a rel=\"noreferrer noopener\" href=\"https:\/\/www.youtube.com\/watch?v=m0x94139h1s&amp;t=544s\" target=\"_blank\">https:\/\/www.youtube.com\/watch?v=m0x94139h1s&amp;t=544s<\/a><\/p>\n\n\n\n<p><strong>Weitere Informationen im Internet zum Thema &#8222;Nationalsozialismus in Kirchberg an der Jagst&#8220;:<\/strong><\/p>\n\n\n\n<p><a href=\"https:\/\/www.hohenlohe-ungefiltert.de\/?p=22109\" target=\"_blank\" rel=\"noreferrer noopener\">https:\/\/www.hohenlohe-ungefiltert.de\/?p=22109<\/a><\/p>\n<div class=\"pdf24Plugin-cp\"> \t<form name=\"pdf24Form0\" method=\"post\" action=\"https:\/\/doc2pdf.pdf24.org\/wordpress.php\" target=\"pdf24PopWin\" onsubmit=\"var pdf24Win = window.open('about:blank', 'pdf24PopWin', 'resizable=yes,scrollbars=yes,width=600,height=250,left='+(screen.width\/2-300)+',top='+(screen.height\/3-125)+''); pdf24Win.focus(); if(typeof pdf24OnCreatePDF === 'function'){void(pdf24OnCreatePDF(this,pdf24Win));}\"> \t\t<input type=\"hidden\" name=\"blogCharset\" value=\"Cw1x07UAAA==\" \/><input type=\"hidden\" name=\"blogPosts\" value=\"MwQA\" \/><input type=\"hidden\" name=\"blogUrl\" value=\"yygpKSi20tcvLy\/Xy8jPSM3LARK6pXnpqWmZOSWpRSV6KakA\" \/><input type=\"hidden\" name=\"blogName\" value=\"88jPSM3LARK6pXnpqWmZOSWpRSUA\" \/><input type=\"hidden\" name=\"blogValueEncoding\" value=\"gzdeflate base64\" \/><input type=\"hidden\" name=\"postId_0\" value=\"MzIzMzMBAA==\" \/><input type=\"hidden\" name=\"postTitle_0\" value=\"HYzBDcIwEARbuQ5oAh4QwYcKnHixjyRn6e4sJF7pgS+iEn50kkowvFajnd11eZ2C9hCKUNopi0CrJFqXB50xZKMqNuQ6RU6gI37Q7FvV2ALasJhB1uX532zLWGeIB73wNNPn3bffGIw6ZaQmRhALdaxDblXaHEIypyv87jQWc8hUjHimvThU4F8=\" \/><input type=\"hidden\" name=\"postLink_0\" value=\"yygpKSi20tcvLy\/Xy8jPSM3LARK6pXnpqWmZOSWpRSV6Kan69gW2RmZmZiYA\" \/><input type=\"hidden\" name=\"postAuthor_0\" value=\"S0zJzcwDAA==\" \/><input type=\"hidden\" name=\"postDateTime_0\" value=\"MzIwMtA1MNU1MlEwMrQyMLUyNAAA\" \/><input type=\"hidden\" name=\"postContent_0\" value=\"vVfNbttIEr7nKRocIEgAybIc58exqSDZOMnkZ2cwzsJYX4QmWRQ7ajaJ7qY50mmeYk6D3YufIafc9CbzJPtVk7LkWAZm97A5JGGru7rqq6qvvr53Uk9OnLeVmU1WfyRkRSad+GAVzRyZjMT46PCxUEZ8UDYt8Pts9F7OnBeF9CLD9vdVY43UCku\/SJ2Lt9KW0nv8spSFtqTSgsSPBguXilonSuXFBSm\/pGZGRswoX30rrN8Tp8qoGYlMkcPhrRNtYzPshA8ZleJ1NW9KMl7aXOlS\/Pnbv\/4ubUImOHNqlTFkGzP787c\/xCXZlmOA8df48XBffFKm8dirpcFVb9gAO+7gj6BwvxGfJf8tmzxY\/GfV+CahYfDHkOetxJZXX\/McbmjEx85bMZcGTlTWi3nlcImunOBrXFrIxouWOIq9k1EP9smontzDH8afysmPJq8YOFUZ3H5ZGfGuKthIQUOEQwgWDviTEfZuH+2tvVKugLeqRJ5MJRqTMV5nadHoAPKS1MzvuvvUeOelCQC7LqMdLAyoEe9lYfHPslUIA\/8ZHx0dBesH+\/uHe6K\/NmSIM7fJDgci7v\/w7ODg4HhngsJv+8fCNHe6zQd+oZnaBmMdC0PufCk16kPZbOP4F\/LLkEwsJJazZcTq9+tczTnVuG+dT0BtkSNPWvu9HcB+VGYulk3ZGf8rAXHubnbC89vA52rWWBKpls7FUVsPE12l8yGVCWXDRVdz4uYy8jP0i5qGlyqjir9qW\/H\/7faBzoJ0NaV+OH4yPOLFQrr1kuXMRJOTTF3uvn06ba2sa7LR5N6Jyq0sSehKZsrM4kjL5SISQmVxNF14lU0fP3326ClWWpX5Io6ejA8iUSA\/hY+jR4eH+CWTXg4rq2bbW64Xd+y1pJ2v6jgaY8XZNI4K72v3fDRq23avD3UvrcpR8HdU7v96dDh+dFSM3QsyMtH0xclaxeP7P+w\/enaM3qtqLRfxfvedplMOZ1pXKIcbq2jWaW0pj7sldXljY29OV3CtP1RWGSonsWgfRqffAf\/XG3K3XmQPnDIaZbn+kR0rkL74oPv2BZUUZ9LOe5cqXdnYUrb+NKghfW0xWqdvOu0xCc676VQIqhd+iAKpwFMWVwhhqiHnjgOKhFdeUxyB2j5z1bBvSLcQUuuqjaM1YseCTGoXtUdBlZQpGXU78kZrl1riDuCE9bZDwsKCm6t6xnQ2lV\/kr9NQQ8kXreMIhTfqagrFNUINTrgTUlkzXUxCi62+\/ZUhBGbtpg\/PopPRlpHwgd76vpEvGm76QmomORfa2T3fxYg8Ki7aQPPnpP2cvRCttEKWYgzOe1lbpYNHAwwzrfzqyjI7gpkcgaUGAh\/gAGCPBILyxWsQ4ycyHYNij\/HUsesb2OZ\/waEJKZgG0RerrzbMQWo8n7AYWt0l3jboSyMsjxxiG5KhuuUW01uB02GanXmZ+RklKlDd7THuKC3cxrtCwd+zG2uDQOwOlwo4WQqyPN14XJfSctych5clWYUJSHaASRcGOc9RMCf4dbCV1ISwAANFyOtWijHiLJxmXeEDaFv4AElK+FIHTwyHL0oq7C6+\/qkwJN5SwMghBXkYYLvyfE6znsMRBKYzPj6srso6J4FS+ZuVSmO4IeCycSFihmETJ1oKsROjoKEW3HZtJkvFAe6Ji8bJEvNwRu3qm81RTsTAFWEsDQBGj0QwcHY2EG9IZ3ALLMAXUZiI5wi1lByPqzQajEtg9S2d+04Ube4lTl4AABijcpAFdxsLTiAK1Lkez9v1w5CjSc1y9dX1c79LFHLEioYVyimGJ8rnVYXp11XIRYvfHE9G5UPVQveQFh+aRKXzhXjwc4WZ\/nAAwegoF++olvOBOJduocXP5O0iXc6leIDTKIZ\/zAG\/oYfCVa3qlAUF2Mren1fUVgVngVtGS8xanS6VAfOIB9eAPAzwva8KVmbvMGm0eHDKetTI5uGu4vkkiz6dedCabwDCnAzI0C93ldDLft91t20fAM5BGvTykvexmmLl9IijEde3daXVdeIpJ0fR6t9QFK5CMdqOPz6vrhjVTnJstuDOXh4nQYoNBJzE3WCtUkGW8\/CCXmLlE05CfXvdnUOqn4zw19Me5FPuQrYPjbcfqBXVstVtiIdPo4Y7j7bIqmujn9hb9G8SBGx5zWCBhPBa6DwUc9ZmgnVnWqyuMpC1QelaZuagj29lpX8YvLWrK2aRddOEBtxJ4Gqz+Xu8Oki\/L7sbRRmK5vvqTSDAg0gOPLiuj1Pup5xJqqhy7sUNa3RPjo\/8\/DHoMKbe7ZbpJfO8sUthZCDRsmuy7jMUUng8ddy5eSa9Bom+tTIJJm9Xf4eO79hp7WeAtmPT3tHrHtm70R+96U39b058BCs5pmPd+47TqGvHXLN+JshkhofRVVP+P6U0LpCCRVdkMG6RXRvIucKoZFVTsKK7U0K20qfFi8t4S0Tel2V97OPHh4cOUkkCeujTaQJ5OI8m\/5udk5Hc9Wg7D0zJr+Ptt9\/244TR+gxdKDdw8S68eqql4kc3ZtPduqiH8S7MbiNT7Hpy7mU0elHHBwfj\/aNbgNwN\/OS\/MnyN0H8A\" \/> \t\t<a href=\"https:\/\/www.pdf24.org\" target=\"_blank\" title=\"www.pdf24.org\" rel=\"nofollow\"><img src=\"https:\/\/www.hohenlohe-ungefiltert.de\/wp-content\/plugins\/pdf24-post-to-pdf\/img\/pdf_32x32.png\" alt=\"\" border=\"0\" height=\"32\" \/><\/a> \t\t<span class=\"pdf24Plugin-cp-space\">&nbsp;&nbsp;<\/span> \t\t<span class=\"pdf24Plugin-cp-text\">Sende Artikel als PDF<\/span> \t\t<span class=\"pdf24Plugin-cp-space\">&nbsp;&nbsp;<\/span> \t\t<input class=\"pdf24Plugin-cp-input\" style=\"margin: 0px;\" type=\"text\" name=\"sendEmailTo\" placeholder=\"Emailadresse\" \/> \t\t<input class=\"pdf24Plugin-cp-submit\" style=\"margin: 0px;\" type=\"submit\" value=\"Senden\" \/> \t<\/form> <\/div>","protected":false},"excerpt":{"rendered":"<p>\u00dcber das Kriegsende 1945 in Kirchberg\/Jagst hat der Journalist Ralf Garmatter zahlreiche Interviews mit Zeitzeugen gef\u00fchrt. Einige dieser Interviews wurden in dem Dokumentarfilm \u201eNarben der Erinnerung\u201c verwendet. Der 40 Minuten lange Film ist seit einigen Tagen auf der Youtube-Internetseite ver\u00f6ffentlicht. Er kann dort kostenlos angeschaut werden. Informationen von Hohenlohe-ungefiltert Bisher im Kino und in Schulen [&hellip;]<\/p>\n","protected":false},"author":1,"featured_media":0,"comment_status":"open","ping_status":"open","sticky":false,"template":"","format":"standard","meta":[],"categories":[1],"tags":[],"_links":{"self":[{"href":"https:\/\/www.hohenlohe-ungefiltert.de\/index.php?rest_route=\/wp\/v2\/posts\/26664"}],"collection":[{"href":"https:\/\/www.hohenlohe-ungefiltert.de\/index.php?rest_route=\/wp\/v2\/posts"}],"about":[{"href":"https:\/\/www.hohenlohe-ungefiltert.de\/index.php?rest_route=\/wp\/v2\/types\/post"}],"author":[{"embeddable":true,"href":"https:\/\/www.hohenlohe-ungefiltert.de\/index.php?rest_route=\/wp\/v2\/users\/1"}],"replies":[{"embeddable":true,"href":"https:\/\/www.hohenlohe-ungefiltert.de\/index.php?rest_route=%2Fwp%2Fv2%2Fcomments&post=26664"}],"version-history":[{"count":11,"href":"https:\/\/www.hohenlohe-ungefiltert.de\/index.php?rest_route=\/wp\/v2\/posts\/26664\/revisions"}],"predecessor-version":[{"id":27013,"href":"https:\/\/www.hohenlohe-ungefiltert.de\/index.php?rest_route=\/wp\/v2\/posts\/26664\/revisions\/27013"}],"wp:attachment":[{"href":"https:\/\/www.hohenlohe-ungefiltert.de\/index.php?rest_route=%2Fwp%2Fv2%2Fmedia&parent=26664"}],"wp:term":[{"taxonomy":"category","embeddable":true,"href":"https:\/\/www.hohenlohe-ungefiltert.de\/index.php?rest_route=%2Fwp%2Fv2%2Fcategories&post=26664"},{"taxonomy":"post_tag","embeddable":true,"href":"https:\/\/www.hohenlohe-ungefiltert.de\/index.php?rest_route=%2Fwp%2Fv2%2Ftags&post=26664"}],"curies":[{"name":"wp","href":"https:\/\/api.w.org\/{rel}","templated":true}]}}