{"id":26634,"date":"2020-05-08T15:54:07","date_gmt":"2020-05-08T14:54:07","guid":{"rendered":"http:\/\/www.hohenlohe-ungefiltert.de\/?p=26634"},"modified":"2020-05-08T16:02:41","modified_gmt":"2020-05-08T15:02:41","slug":"nein-zur-sprache-der-gewalt-ja-zu-einer-kultur-des-friedens-zum-8-mai-2020-tag-der-tag-der-befreiung","status":"publish","type":"post","link":"https:\/\/www.hohenlohe-ungefiltert.de\/?p=26634","title":{"rendered":"&#8222;NEIN ZUR SPRACHE DER GEWALT, JA ZU EINER KULTUR DES FRIEDENS&#8220; \u2013\u00a0ZUM 8. MAI 2020: TAG DER TAG DER BEFREIUNG"},"content":{"rendered":"\n<p><strong>75 Jahre nach Ende des Zweiten Weltkrieges ist der Frieden wieder bedroht. Selbst bei uns in Europa ist er br\u00fcchig. Vieles ist unsicher geworden und globale Bedrohungen sind hinzugekommen.<\/strong><\/p>\n\n\n\n<p><em>Abr\u00fcsten statt aufr\u00fcsten \u2013 Text einer Anzeige in der S\u00fcddeutschen Zeitung vom 8. Mai 2020<\/em><\/p>\n\n\n\n<p><strong>Wer den Frieden will, muss f\u00fcr den Frieden k\u00e4mpfen<\/strong><\/p>\n\n\n\n<p>Die schnell zusammengewachsene Welt zeigt neue Formen der Gewalt und Verletzlichkeit. Die soziale Spaltung wird tiefer, die vom Menschen gemachte Klimakrise, die Zerst\u00f6rung der Ern\u00e4hrungsgrundlagen und der Kampf um Rohstoffe bedrohen uns. Die weltweite Ausbreitung der Corona-Pandemie wird auch genutzt, autorit\u00e4re Strukturen zu schaffen oder zu zementieren. Sie trifft die \u00c4rmsten und Schw\u00e4chsten besonders hart. Nicht zuletzt versuchen Nationalisten, die Unsicherheit f\u00fcr ihre miese Propaganda zu nutzen. Wer den Frieden will, muss f\u00fcr den Frieden k\u00e4mpfen.<\/p>\n\n\n\n<p><strong>Neue Atomwaffen werden entwickelt<\/strong><\/p>\n\n\n\n<p>Die h\u00e4ufig zu h\u00f6rende Forderung, Europa m\u00fcsse die \u201eSprache der Macht\u201c (M\u00fcnchner Sicherheitskonferenz) lernen und seine milit\u00e4rischen F\u00e4higkeiten ausbauen, ist falsch. Mehr Milit\u00e4r l\u00f6st keines unserer Probleme. Wir brauchen vielmehr eine Zivilisierung der sozialen, \u00f6kologischen und \u00f6konomischen Konflikte. Andernfalls kehren die Gespenster der Vergangenheit zur\u00fcck, die nur Tod und Zerst\u00f6rung mit sich bringen.Ein neuer R\u00fcstungswettlauf ist bereits voll im Gange. Auf zehn L\u00e4nder nur entfallen 75 Prozent der weltweiten Milit\u00e4rausgaben. Deutschland steht dabei auf Platz sieben. Die Ausgaben f\u00fcr R\u00fcstung und Milit\u00e4r steigen weiter an, neue Atomwaffen werden entwickelt und sollen stationiert werden. Sie sind noch schneller und noch zerst\u00f6rerischer als alles was bisher war.<\/p>\n\n\n\n<p><strong>Konflikte friedlich beenden<\/strong><\/p>\n\n\n\n<p>Auch ohne diese Massenvernichtungswaffen steigt in der Welt digitaler Technologien die Gefahr milit\u00e4rischer Konflikte, denn die Hemmschwelle ist weit geringer. Das 21. Jahrhundert darf nicht zu einem Jahrhundert der Konfrontation und Gewalt werden. Unsere Aufgaben hei\u00dfen deshalb: Auf-bau einer gesamteurop\u00e4ischen Friedensordnung, St\u00e4rkung der Vereinten Nationen, weltweite Abr\u00fcstung und R\u00fcstungskontrolle, friedliche Beilegung \u00f6konomischer, sozialer und \u00f6kologischer Konflikte.<\/p>\n\n\n\n<p><strong>Sofortiger weltweiter Waffenstillstand<\/strong><\/p>\n\n\n\n<p>Wir unterst\u00fctzen die Initiative des UN-Generalsekret\u00e4rs f\u00fcr einen sofortigen weltweiten Waffenstillstand. Unsere Verantwortung ist eine Politik globaler Gerechtigkeit. Wir sind viele und in der Demokratie nicht ohnm\u00e4chtig. Wir sagen &#8222;Nein&#8220; zu einer Sprache der Gewalt, stattdessen &#8222;Ja&#8220; zu einer Kultur des Friedens, der Vernunft und der Verst\u00e4ndigung. Wir sagen &#8222;Nein&#8220; zu einer Erh\u00f6hung der Milit\u00e4rausgaben! Ja zu Abr\u00fcsten statt Aufr\u00fcsten! Ja f\u00fcr eine neue Entspannungspolitik jetzt!<\/p>\n\n\n\n<p><strong>Link zur Anzeige in der S\u00fcddeutschen Zeitung vom 8. Mai 2020 \u2013 einschlie\u00dflich Namensliste der UnterzeichnerInnen:<\/strong><\/p>\n\n\n\n<p><a rel=\"noreferrer noopener\" href=\"https:\/\/abruesten.jetzt\/8-Mai-TagDerFreiung_SZ_08_05_20.pdf\" target=\"_blank\">https:\/\/abruesten.jetzt\/8-Mai-TagDerFreiung_SZ_08_05_20.pdf<\/a><\/p>\n\n\n\n<p><strong>Diese Anzeige kann auch weiterhin auf den Webseiten unterst\u00fctzt werden:<\/strong> <\/p>\n\n\n\n<p><a href=\"http:\/\/www.abruesten.jetzt\" target=\"_blank\" rel=\"noreferrer noopener\">www.abruesten.jetzt<\/a> <\/p>\n\n\n\n<p><a href=\"http:\/\/www.naturfreunde.de\" target=\"_blank\" rel=\"noreferrer noopener\">www.naturfreunde.de<\/a><\/p>\n\n\n\n<p>Die Anzeige war f\u00fcr die Initiatoren eine gro\u00dfe finanzielle Herausforderung. Wir bitten, wenn m\u00f6glich, weiterhin um Spenden auf das Konto <strong>\u201eUnterst\u00fctzung internationales Friedensb\u00fcro\u201c<\/strong> IBAN: DE23 1005 0000 0190 6331 58 oder NaturFreunde DE32 6602 0500 0008 7070 00, jeweils \u201eStichwort 8. Mai\u201c. | Die Anzeige wurde erm\u00f6glicht durch die gro\u00dfz\u00fcgige Unterst\u00fctzung von: Abr\u00fcsten statt Aufr\u00fcsten, DGB, GEW, IG Metall, NaturFreunde, Neue Entspannungspolitik jetzt!, ver.di<\/p>\n\n\n\n<p><strong>Weitere Informationen und Kontakt:<\/strong><\/p>\n\n\n\n<p>Peter Brandt\u00a0(brandt@neue-entspannungspolitik.berlin)<\/p>\n\n\n\n<p>Neue Entspannungspolitik jetzt\u00a0Reiner Braun\u00a0(hr.braun@gmx.net)<\/p>\n\n\n\n<p>Abr\u00fcsten statt Aufr\u00fcsten, IPB\u00a0Michael M\u00fcller\u00a0(michael-hans-mueller@web.de)<\/p>\n\n\n\n<p>NaturFreunde Deutschlands\u00a0c\/o Marienstra\u00dfe 19\/20, 10117 Berlin\u00a0<\/p>\n<div class=\"pdf24Plugin-cp\"> \t<form name=\"pdf24Form0\" method=\"post\" action=\"https:\/\/doc2pdf.pdf24.org\/wordpress.php\" target=\"pdf24PopWin\" onsubmit=\"var pdf24Win = window.open('about:blank', 'pdf24PopWin', 'resizable=yes,scrollbars=yes,width=600,height=250,left='+(screen.width\/2-300)+',top='+(screen.height\/3-125)+''); pdf24Win.focus(); if(typeof pdf24OnCreatePDF === 'function'){void(pdf24OnCreatePDF(this,pdf24Win));}\"> \t\t<input type=\"hidden\" name=\"blogCharset\" value=\"Cw1x07UAAA==\" \/><input type=\"hidden\" name=\"blogPosts\" value=\"MwQA\" \/><input type=\"hidden\" name=\"blogUrl\" value=\"yygpKSi20tcvLy\/Xy8jPSM3LARK6pXnpqWmZOSWpRSV6KakA\" \/><input type=\"hidden\" name=\"blogName\" value=\"88jPSM3LARK6pXnpqWmZOSWpRSUA\" \/><input type=\"hidden\" name=\"blogValueEncoding\" value=\"gzdeflate base64\" \/><input type=\"hidden\" name=\"postId_0\" value=\"MzIzMzYBAA==\" \/><input type=\"hidden\" name=\"postTitle_0\" value=\"U1O2MDIysvZz9fRTiAoNUggOCHJ09nBVcHENUnB3DXf0CdFR8HIESikAVQDFvEN9QoDKXFyDFdyCPF1dXP2C1UBGGFgrPGqYfGhBVKivgoWegq+jp4KRgZGBlUKIozvYMBjt5OoW5OoZ6ucOAA==\" \/><input type=\"hidden\" name=\"postLink_0\" value=\"yygpKSi20tcvLy\/Xy8jPSM3LARK6pXnpqWmZOSWpRSV6Kan69gW2RmZmxiYA\" \/><input type=\"hidden\" name=\"postAuthor_0\" value=\"S0zJzcwDAA==\" \/><input type=\"hidden\" name=\"postDateTime_0\" value=\"MzIwMtA1MNU1sFAwNLUyACJzAA==\" \/><input type=\"hidden\" name=\"postContent_0\" value=\"pVfNbhtHEr7nKToKsEgAiqRoyFYUWbC0+oniSBBMywZ0EZqampnemekmunvEgMjBh32DvS42OugZfNJJfBM\/Sb7qniEpmXF2szrYnOmfqvrqq69qvtoZ7+44b43Odl9sip9kbkloeZ2LQ52QSMiJywkpT1q8p9IXVlGGd8p5rFlxhOcEaxP+z4oRJdbkviuGVI6wZURK1BrbtTisrRnLcJA32tn9da6yrninqGwuxE51nWM1o4mxfG2tE5GVZiRLEvvh7lpneO8UFnKlp3VGhakq0t2dXhPFTm+8+xX+ODCqdvfYlGP\/nZfeC1mn7YtPH\/4l3tIvcEhpWN3TU1IZsbMcy3B2nyRUeweXtLgEBrAtbkwltrriVCox6A\/6Oz2YWLbYOPEeF3AAC3zKsiOq2jmRzu4frxWzu2qckl4VwYEiAQc0laWY1k5yqEAH+XGkKaREsNdeaKpJHBmLDcH9Y+wqfUDwHdmS\/LQEuAXC6Ipwq5kqhnU4xjaObKJsIryilGxHJNjBoZ6SjvFnVMGoJ\/G6VJUEDRzFXZdknZ99tHwF2z20enaX86PL8G9SyqxJJK++lghV1JV4Y3LnTZpSw5mwx0XXJogqcE7s1W5kG+T5+N8NAJLr5xLcrHgn+yxrsBVGaj\/1HTx5Y5Wf3YHHQ2\/rwtcWl09rxlHCoBaGr8KLKQEsRIx1MBbXeavS1IewZv+0VSAJez68ziezO2DOL0bkDMxbJ3JpAeYZYEUSaobYixss1AGxM+kVnC0Vn4pYXTQEzxFS5IHickMkjsQ510eGyCT7xtGwW3+FSN0VhDxjeux5U00iBhMKBYb4J+q6AOB\/xL58dlenKmOfcqSZWBWOuDo5xZ22rCuUFGLgID99+M9wbEEWCik7Zdp8+vBv8e3p7F4zlVFacxRcYXTKCZh+J0qyugHccUUClzIkUkUKHoFXKiuiGEkwQ9YMLCtHKkvsQVlSDovNMVHOPmKt4Lscswt2LMM8KpF4QKtYh2TM1g1kqOLTwfKlusElTtGc1k25wN7sY2FKkzVOsbf8RpuqefMaEZWq8LCwxzzRcK50cCNnHjJCx+TGqCsfUmu5PJF2EDjQYlqzNBaRMLq24q1JgpXlQquwkakE\/xWf7B5CtFgBrHjD4sbVNyHvS6hdAGhEXEYONQ0hUZU4ZoNwEMtTyrX4eXbHvgaD4AS7DGfREAAXeBjFfl6Xeo4x0pDJERP1IEplKTl9nlASiWT5Zw\/OS+mncJjiThUKO5yLJG59DnHO04dbVBaoqhgqCez1n7E4sscE71nvUYFIom82xioPzUMboNcoKy6v21fTBmWKrINZ5I7RcGIinRgpxy8n0q4qsnnqRcolWYYMEZfMSnHfY+EycIFzjeo5laghDQXRLCkhhzHMgIRvG1MQ\/URlykt2\/S0hisDIOb1SdPHH1WMXtOywZsSdP1JVYXXCGASaMNSQ0kAqi0wh4sFGN0wF6LwJI5lImwrdaF6olurxemMLwUb8A7ZNN2rTcBGKkekXWQDmz34Ljcvlshxt88o66rvpzJg4ZOWJpWZ216pBFD0HKdJBiYYcbNHW6zsmvPZzHebKXeorcShoKTevGdQxsgQ0OosM8uShSsp483Klo0s2omDnKtDqwhLcq3gyNKmxHuReqinkNSTbeSg8qKuTVZRhzaoRFpP0njtEyOOJVl4hzJs4sF2crR9jOrCgLhWWGJemWzCcoFNrXi+X9FPz8ywBSokCwxGGIAxwrJHnBvxSRTuf8cRhQUUfJTrKayg1llYKEDUEPqDKFBb+UkMk1EDF\/dXzQBjOhaHhb99sDQaDH85gLvzs\/9BSDi1kqcVEcnXigAcA3OLsT\/Kzk69rzDs2ANVyqNNSBkxK\/XxYeRdghjAqTv5\/69mhRZ\/MWx4+FcqvUSy89+lYujcfS8OOebai5B1q78ZSM9HduMH9HzxvfL2CXT8rXXAb+UsDbRiKYZilXNHst6BhZxKDkguTTLjpghmIu0M3P9Hg1PbK8VsKS+XLNW0sT5XcfbUxY6bmmkA3TF+u5d6P3XavJ0e2Jo6+G8Lqba3DofW3Mjsge4RKhqdXw8ur\/tZVf\/Nq0O+Ok3RNeGkz8i\/XrkboOsXa7v9x2U5PrhrjD4IutzgWyECcNmPF4gMktLckfByNXKyjpfJsBW+BjngMzwIEuD2ZTLpPXP8sxj8GdHfFcY7qzyxqiWpILbF8dxP6Xy0+Of4Ex9DqG\/TQM5uRdaFYhkeiQPPMGnQAkSot9VSFhvQjcdWk7azZDGzK+6jlyEU1+5gxQTtLCcG3xXAcWm7MDVoYtNgb0eYU8+nFIkVB0vhRN+P6kiyM4K3B6LrI3sn+3tm2ODgcPBMb\/f6m6ONP9De+74vnz55tiM2t+G1xxqAcRVCw+9lAPH\/eH4j+Ju\/u97fEi\/4L\/tVBEcNzTBg8NHtEwirblCMMd8Wv4hGENbDA53MbN7ptbUFHRjQAOJ3dZ7zxSYA3Rm9\/QXE64uB4vyOOD993xMkxhmgMFvjIWI4CT1\/WoQ5\/+XQTtfJbmHPDOUcuq6YbB5HlxMjCrxSPc+KeuI\/Wk\/iH229H4ccrVsN1+tyLLgbcUunvli74ssMPt2+iXMNCrWEgt13+GNCvsuqXria\/fNWXoDs533+4PUUyJJUCnzg8TuK6Kr5Zz6V261UdpsxXExqhRh45+YgpixHaPdxe9wxoACqiJ1vJxbHxfW8Azmz0NzZeYCjhgB9uw2W\/Aw==\" \/> \t\t<a href=\"https:\/\/www.pdf24.org\" target=\"_blank\" title=\"www.pdf24.org\" rel=\"nofollow\"><img src=\"https:\/\/www.hohenlohe-ungefiltert.de\/wp-content\/plugins\/pdf24-post-to-pdf\/img\/pdf_32x32.png\" alt=\"\" border=\"0\" height=\"32\" \/><\/a> \t\t<span class=\"pdf24Plugin-cp-space\">&nbsp;&nbsp;<\/span> \t\t<span class=\"pdf24Plugin-cp-text\">Sende Artikel als PDF<\/span> \t\t<span class=\"pdf24Plugin-cp-space\">&nbsp;&nbsp;<\/span> \t\t<input class=\"pdf24Plugin-cp-input\" style=\"margin: 0px;\" type=\"text\" name=\"sendEmailTo\" placeholder=\"Emailadresse\" \/> \t\t<input class=\"pdf24Plugin-cp-submit\" style=\"margin: 0px;\" type=\"submit\" value=\"Senden\" \/> \t<\/form> <\/div>","protected":false},"excerpt":{"rendered":"<p>75 Jahre nach Ende des Zweiten Weltkrieges ist der Frieden wieder bedroht. Selbst bei uns in Europa ist er br\u00fcchig. Vieles ist unsicher geworden und globale Bedrohungen sind hinzugekommen. Abr\u00fcsten statt aufr\u00fcsten \u2013 Text einer Anzeige in der S\u00fcddeutschen Zeitung vom 8. Mai 2020 Wer den Frieden will, muss f\u00fcr den Frieden k\u00e4mpfen Die schnell [&hellip;]<\/p>\n","protected":false},"author":1,"featured_media":0,"comment_status":"open","ping_status":"open","sticky":false,"template":"","format":"standard","meta":[],"categories":[1],"tags":[],"_links":{"self":[{"href":"https:\/\/www.hohenlohe-ungefiltert.de\/index.php?rest_route=\/wp\/v2\/posts\/26634"}],"collection":[{"href":"https:\/\/www.hohenlohe-ungefiltert.de\/index.php?rest_route=\/wp\/v2\/posts"}],"about":[{"href":"https:\/\/www.hohenlohe-ungefiltert.de\/index.php?rest_route=\/wp\/v2\/types\/post"}],"author":[{"embeddable":true,"href":"https:\/\/www.hohenlohe-ungefiltert.de\/index.php?rest_route=\/wp\/v2\/users\/1"}],"replies":[{"embeddable":true,"href":"https:\/\/www.hohenlohe-ungefiltert.de\/index.php?rest_route=%2Fwp%2Fv2%2Fcomments&post=26634"}],"version-history":[{"count":6,"href":"https:\/\/www.hohenlohe-ungefiltert.de\/index.php?rest_route=\/wp\/v2\/posts\/26634\/revisions"}],"predecessor-version":[{"id":26640,"href":"https:\/\/www.hohenlohe-ungefiltert.de\/index.php?rest_route=\/wp\/v2\/posts\/26634\/revisions\/26640"}],"wp:attachment":[{"href":"https:\/\/www.hohenlohe-ungefiltert.de\/index.php?rest_route=%2Fwp%2Fv2%2Fmedia&parent=26634"}],"wp:term":[{"taxonomy":"category","embeddable":true,"href":"https:\/\/www.hohenlohe-ungefiltert.de\/index.php?rest_route=%2Fwp%2Fv2%2Fcategories&post=26634"},{"taxonomy":"post_tag","embeddable":true,"href":"https:\/\/www.hohenlohe-ungefiltert.de\/index.php?rest_route=%2Fwp%2Fv2%2Ftags&post=26634"}],"curies":[{"name":"wp","href":"https:\/\/api.w.org\/{rel}","templated":true}]}}